{"id":176895,"date":"2026-01-27T14:00:00","date_gmt":"2026-01-27T17:00:00","guid":{"rendered":"https:\/\/portaltela.pt\/noticias\/2026\/01\/27\/apoios-e-recuos-da-direita-na-segunda-volta-das-presidenciais\/"},"modified":"2026-01-27T14:00:00","modified_gmt":"2026-01-27T17:00:00","slug":"apoios-e-recuos-da-direita-na-segunda-volta-das-presidenciais","status":"publish","type":"post","link":"https:\/\/portaltela.pt\/noticias\/politica\/2026\/01\/27\/apoios-e-recuos-da-direita-na-segunda-volta-das-presidenciais\/","title":{"rendered":"Apoios e recuos da direita na segunda volta das presidenciais"},"content":{"rendered":"<p>O CDS viveu uma express\u00e3o de polariza\u00e7\u00e3o interna na corrida \u00e0 segunda volta da presidenciais, com apoios distintos entre figuras hist\u00f3ricas do partido. Portas mostrou apoio expl\u00edcito ao candidato do PS, Ant\u00f3nio Jos\u00e9 Seguro, enquanto N\u00fancio optou por manter a absten\u00e7\u00e3o de apoio a qualquer dos candidatos. As posi\u00e7\u00f5es foram analisadas por Cec\u00edlia Meireles e Miguel Prata Roque.<\/p>\n<p>A leitura do tema indica que as escolhas de Portas podem sinalizar uma linha pr\u00f3-PS no seio do CDS, enquanto N\u00fancio refor\u00e7ou a neutralidade estrat\u00e9gica. Ambos s\u00e3o nomes de peso dentro do partido, associados a linhas diferentes de atua\u00e7\u00e3o pol\u00edtica. A consequ\u00eancia prov\u00e1vel \u00e9 uma leitura dividida entre eleitorado e milit\u00e2ncia.<\/p>\n<p>A an\u00e1lise completa foi apresentada no podcast Linhas Vermelhas, da SIC Not\u00edcias, com a edi\u00e7\u00e3o de 26 de janeiro. O formato apresenta uma discuss\u00e3o entre Meireles e Roque sobre as implica\u00e7\u00f5es destas manifesta\u00e7\u00f5es de apoio para o desempenho na segunda volta.<\/p>\n<h3>Linhas Vermelhas: contexto e leitura da segunda volta<\/h3>\n<p>A dupla discute o impacto de posicionamentos p\u00fablicos de figuras influentes do CDS na campanha subsequente, incluindo repercuss\u00f5es em alian\u00e7as locais e na mobiliza\u00e7\u00e3o de eleitores. O epis\u00f3dio est\u00e1 dispon\u00edvel na vers\u00e3o em \u00e1udio do programa.<\/p>\n","protected":false},"excerpt":{"rendered":"<ul>\n<li>O CDS-PP mostra duas faces na segunda volta: Paulo Portas apoia claramente Ant\u00f3nio Jos\u00e9 Seguro, enquanto Paulo N\u00fancio abst\u00e9m-se de apoiar qualquer candidato.<\/li>\n<li>A an\u00e1lise foi apresentada na vers\u00e3o podcast do Linhas Vermelhas, da SIC Not\u00edcias, emitida a 26 de janeiro.<\/li>\n<li>O programa \u00e9 conduzido por Cec\u00edlia Meireles e Miguel Prata Roque, que discutem temas nacionais e internacionais.<\/li>\n<li>A not\u00edcia levanta quest\u00f5es sobre as consequ\u00eancias dessas posi\u00e7\u00f5es para a candidatura vencedora da primeira volta.<\/li>\n<li>O epis\u00f3dio convida os ouvintes a ouvir outros cap\u00edtulos do Linhas Vermelhas.<\/li>\n<\/ul>\n","protected":false},"author":2,"featured_media":176910,"comment_status":"closed","ping_status":"closed","sticky":false,"template":"","format":"standard","meta":{"footnotes":""},"categories":[1,5],"tags":[2478,68,3676,2832,4341,2144],"class_list":["post-176895","post","type-post","status-publish","format-standard","has-post-thumbnail","hentry","category-noticias","category-politica","tag-cds","tag-eleicoes","tag-partido-socialista","tag-politica","tag-portas","tag-ps"],"yoast_head":"<!-- This site is optimized with the Yoast SEO plugin v27.2 - https:\/\/yoast.com\/product\/yoast-seo-wordpress\/ -->\n<title>Apoios e recuos da direita na segunda volta das presidenciais - Portal Tela Portugal<\/title>\n<meta name=\"robots\" content=\"index, follow, max-snippet:-1, max-image-preview:large, max-video-preview:-1\" \/>\n<meta property=\"og:locale\" content=\"pt_PT\" \/>\n<meta property=\"og:type\" content=\"article\" \/>\n<meta property=\"og:title\" content=\"Apoios e recuos da direita na segunda volta das presidenciais - Portal Tela Portugal\" \/>\n<meta property=\"og:description\" content=\"O CDS-PP mostra duas faces na segunda volta: Paulo Portas apoia claramente Ant\u00f3nio Jos\u00e9 Seguro, enquanto Paulo N\u00fancio abst\u00e9m-se de apoiar qualquer candidato. A an\u00e1lise foi apresentada na vers\u00e3o podcast do Linhas Vermelhas, da SIC Not\u00edcias, emitida a 26 de janeiro. O programa \u00e9 conduzido por Cec\u00edlia Meireles e Miguel Prata Roque, que discutem temas nacionais e internacionais. A not\u00edcia levanta quest\u00f5es sobre as consequ\u00eancias dessas posi\u00e7\u00f5es para a candidatura vencedora da primeira volta. O epis\u00f3dio convida os ouvintes a ouvir outros cap\u00edtulos do Linhas Vermelhas.\" \/>\n<meta property=\"og:url\" content=\"https:\/\/portaltela.pt\/noticias\/2026\/01\/27\/apoios-e-recuos-da-direita-na-segunda-volta-das-presidenciais\/\" \/>\n<meta property=\"og:site_name\" content=\"Portal Tela Portugal\" \/>\n<meta property=\"article:published_time\" content=\"2026-01-27T17:00:00+00:00\" \/>\n<meta name=\"author\" content=\"Telinha\" \/>\n<meta name=\"twitter:card\" content=\"summary_large_image\" \/>\n<meta name=\"twitter:label1\" content=\"Escrito por\" \/>\n\t<meta name=\"twitter:data1\" content=\"Telinha\" \/>\n\t<meta name=\"twitter:label2\" content=\"Tempo estimado de leitura\" \/>\n\t<meta name=\"twitter:data2\" content=\"1 minuto\" \/>\n<script type=\"application\/ld+json\" class=\"yoast-schema-graph\">{\"@context\":\"https:\/\/schema.org\",\"@graph\":[{\"@type\":\"Article\",\"@id\":\"https:\/\/portaltela.pt\/noticias\/2026\/01\/27\/apoios-e-recuos-da-direita-na-segunda-volta-das-presidenciais\/#article\",\"isPartOf\":{\"@id\":\"https:\/\/portaltela.pt\/noticias\/2026\/01\/27\/apoios-e-recuos-da-direita-na-segunda-volta-das-presidenciais\/\"},\"author\":{\"name\":\"Telinha\",\"@id\":\"https:\/\/portaltela.pt\/#\/schema\/person\/c4278d4a6028830caff9ee44b42d32ed\"},\"headline\":\"Apoios e recuos da direita na segunda volta das presidenciais\",\"datePublished\":\"2026-01-27T17:00:00+00:00\",\"mainEntityOfPage\":{\"@id\":\"https:\/\/portaltela.pt\/noticias\/2026\/01\/27\/apoios-e-recuos-da-direita-na-segunda-volta-das-presidenciais\/\"},\"wordCount\":233,\"image\":{\"@id\":\"https:\/\/portaltela.pt\/noticias\/2026\/01\/27\/apoios-e-recuos-da-direita-na-segunda-volta-das-presidenciais\/#primaryimage\"},\"thumbnailUrl\":\"https:\/\/portaltela.pt\/s.01k8rhncp4jt1\/2026\/01\/unnamed-file-5532.jpg\",\"keywords\":[\"CDS\",\"elei\u00e7\u00f5es\",\"Partido Socialista\",\"pol\u00edtica\",\"Portas\",\"PS\"],\"articleSection\":[\"Not\u00edcias\",\"Pol\u00edtica\"],\"inLanguage\":\"pt-PT\"},{\"@type\":\"WebPage\",\"@id\":\"https:\/\/portaltela.pt\/noticias\/2026\/01\/27\/apoios-e-recuos-da-direita-na-segunda-volta-das-presidenciais\/\",\"url\":\"https:\/\/portaltela.pt\/noticias\/2026\/01\/27\/apoios-e-recuos-da-direita-na-segunda-volta-das-presidenciais\/\",\"name\":\"Apoios e recuos da direita na segunda volta das presidenciais - Portal Tela Portugal\",\"isPartOf\":{\"@id\":\"https:\/\/portaltela.pt\/#website\"},\"primaryImageOfPage\":{\"@id\":\"https:\/\/portaltela.pt\/noticias\/2026\/01\/27\/apoios-e-recuos-da-direita-na-segunda-volta-das-presidenciais\/#primaryimage\"},\"image\":{\"@id\":\"https:\/\/portaltela.pt\/noticias\/2026\/01\/27\/apoios-e-recuos-da-direita-na-segunda-volta-das-presidenciais\/#primaryimage\"},\"thumbnailUrl\":\"https:\/\/portaltela.pt\/s.01k8rhncp4jt1\/2026\/01\/unnamed-file-5532.jpg\",\"datePublished\":\"2026-01-27T17:00:00+00:00\",\"author\":{\"@id\":\"https:\/\/portaltela.pt\/#\/schema\/person\/c4278d4a6028830caff9ee44b42d32ed\"},\"breadcrumb\":{\"@id\":\"https:\/\/portaltela.pt\/noticias\/2026\/01\/27\/apoios-e-recuos-da-direita-na-segunda-volta-das-presidenciais\/#breadcrumb\"},\"inLanguage\":\"pt-PT\",\"potentialAction\":[{\"@type\":\"ReadAction\",\"target\":[\"https:\/\/portaltela.pt\/noticias\/2026\/01\/27\/apoios-e-recuos-da-direita-na-segunda-volta-das-presidenciais\/\"]}]},{\"@type\":\"ImageObject\",\"inLanguage\":\"pt-PT\",\"@id\":\"https:\/\/portaltela.pt\/noticias\/2026\/01\/27\/apoios-e-recuos-da-direita-na-segunda-volta-das-presidenciais\/#primaryimage\",\"url\":\"https:\/\/portaltela.pt\/s.01k8rhncp4jt1\/2026\/01\/unnamed-file-5532.jpg\",\"contentUrl\":\"https:\/\/portaltela.pt\/s.01k8rhncp4jt1\/2026\/01\/unnamed-file-5532.jpg\",\"width\":796,\"height\":448,\"caption\":\"De Portas a N\u00fancio: os apoios e n\u00e3o-apoios da direita na segunda volta das presidenciais\"},{\"@type\":\"BreadcrumbList\",\"@id\":\"https:\/\/portaltela.pt\/noticias\/2026\/01\/27\/apoios-e-recuos-da-direita-na-segunda-volta-das-presidenciais\/#breadcrumb\",\"itemListElement\":[{\"@type\":\"ListItem\",\"position\":1,\"name\":\"In\u00edcio\",\"item\":\"https:\/\/portaltela.pt\/\"},{\"@type\":\"ListItem\",\"position\":2,\"name\":\"Apoios e recuos da direita na segunda volta das presidenciais\"}]},{\"@type\":\"WebSite\",\"@id\":\"https:\/\/portaltela.pt\/#website\",\"url\":\"https:\/\/portaltela.pt\/\",\"name\":\"Portal Tela Portugal\",\"description\":\"\",\"potentialAction\":[{\"@type\":\"SearchAction\",\"target\":{\"@type\":\"EntryPoint\",\"urlTemplate\":\"https:\/\/portaltela.pt\/?s={search_term_string}\"},\"query-input\":{\"@type\":\"PropertyValueSpecification\",\"valueRequired\":true,\"valueName\":\"search_term_string\"}}],\"inLanguage\":\"pt-PT\"},{\"@type\":\"Person\",\"@id\":\"https:\/\/portaltela.pt\/#\/schema\/person\/c4278d4a6028830caff9ee44b42d32ed\",\"name\":\"Telinha\",\"image\":{\"@type\":\"ImageObject\",\"inLanguage\":\"pt-PT\",\"@id\":\"https:\/\/portaltela.pt\/s.01k8rhncp4jt1\/2025\/11\/talking-bot-125x125.png\",\"url\":\"https:\/\/portaltela.pt\/s.01k8rhncp4jt1\/2025\/11\/talking-bot-125x125.png\",\"contentUrl\":\"https:\/\/portaltela.pt\/s.01k8rhncp4jt1\/2025\/11\/talking-bot-125x125.png\",\"caption\":\"Telinha\"},\"sameAs\":[\"https:\/\/portaltela.pt\/\"],\"url\":\"https:\/\/portaltela.pt\/por\/367410592786\/\"}]}<\/script>\n<!-- \/ Yoast SEO plugin. -->","yoast_head_json":{"title":"Apoios e recuos da direita na segunda volta das presidenciais - Portal Tela Portugal","robots":{"index":"index","follow":"follow","max-snippet":"max-snippet:-1","max-image-preview":"max-image-preview:large","max-video-preview":"max-video-preview:-1"},"og_locale":"pt_PT","og_type":"article","og_title":"Apoios e recuos da direita na segunda volta das presidenciais - Portal Tela Portugal","og_description":"O CDS-PP mostra duas faces na segunda volta: Paulo Portas apoia claramente Ant\u00f3nio Jos\u00e9 Seguro, enquanto Paulo N\u00fancio abst\u00e9m-se de apoiar qualquer candidato. A an\u00e1lise foi apresentada na vers\u00e3o podcast do Linhas Vermelhas, da SIC Not\u00edcias, emitida a 26 de janeiro. O programa \u00e9 conduzido por Cec\u00edlia Meireles e Miguel Prata Roque, que discutem temas nacionais e internacionais. A not\u00edcia levanta quest\u00f5es sobre as consequ\u00eancias dessas posi\u00e7\u00f5es para a candidatura vencedora da primeira volta. O epis\u00f3dio convida os ouvintes a ouvir outros cap\u00edtulos do Linhas Vermelhas.","og_url":"https:\/\/portaltela.pt\/noticias\/2026\/01\/27\/apoios-e-recuos-da-direita-na-segunda-volta-das-presidenciais\/","og_site_name":"Portal Tela Portugal","article_published_time":"2026-01-27T17:00:00+00:00","author":"Telinha","twitter_card":"summary_large_image","twitter_misc":{"Escrito por":"Telinha","Tempo estimado de leitura":"1 minuto"},"schema":{"@context":"https:\/\/schema.org","@graph":[{"@type":"Article","@id":"https:\/\/portaltela.pt\/noticias\/2026\/01\/27\/apoios-e-recuos-da-direita-na-segunda-volta-das-presidenciais\/#article","isPartOf":{"@id":"https:\/\/portaltela.pt\/noticias\/2026\/01\/27\/apoios-e-recuos-da-direita-na-segunda-volta-das-presidenciais\/"},"author":{"name":"Telinha","@id":"https:\/\/portaltela.pt\/#\/schema\/person\/c4278d4a6028830caff9ee44b42d32ed"},"headline":"Apoios e recuos da direita na segunda volta das presidenciais","datePublished":"2026-01-27T17:00:00+00:00","mainEntityOfPage":{"@id":"https:\/\/portaltela.pt\/noticias\/2026\/01\/27\/apoios-e-recuos-da-direita-na-segunda-volta-das-presidenciais\/"},"wordCount":233,"image":{"@id":"https:\/\/portaltela.pt\/noticias\/2026\/01\/27\/apoios-e-recuos-da-direita-na-segunda-volta-das-presidenciais\/#primaryimage"},"thumbnailUrl":"https:\/\/portaltela.pt\/s.01k8rhncp4jt1\/2026\/01\/unnamed-file-5532.jpg","keywords":["CDS","elei\u00e7\u00f5es","Partido Socialista","pol\u00edtica","Portas","PS"],"articleSection":["Not\u00edcias","Pol\u00edtica"],"inLanguage":"pt-PT"},{"@type":"WebPage","@id":"https:\/\/portaltela.pt\/noticias\/2026\/01\/27\/apoios-e-recuos-da-direita-na-segunda-volta-das-presidenciais\/","url":"https:\/\/portaltela.pt\/noticias\/2026\/01\/27\/apoios-e-recuos-da-direita-na-segunda-volta-das-presidenciais\/","name":"Apoios e recuos da direita na segunda volta das presidenciais - Portal Tela Portugal","isPartOf":{"@id":"https:\/\/portaltela.pt\/#website"},"primaryImageOfPage":{"@id":"https:\/\/portaltela.pt\/noticias\/2026\/01\/27\/apoios-e-recuos-da-direita-na-segunda-volta-das-presidenciais\/#primaryimage"},"image":{"@id":"https:\/\/portaltela.pt\/noticias\/2026\/01\/27\/apoios-e-recuos-da-direita-na-segunda-volta-das-presidenciais\/#primaryimage"},"thumbnailUrl":"https:\/\/portaltela.pt\/s.01k8rhncp4jt1\/2026\/01\/unnamed-file-5532.jpg","datePublished":"2026-01-27T17:00:00+00:00","author":{"@id":"https:\/\/portaltela.pt\/#\/schema\/person\/c4278d4a6028830caff9ee44b42d32ed"},"breadcrumb":{"@id":"https:\/\/portaltela.pt\/noticias\/2026\/01\/27\/apoios-e-recuos-da-direita-na-segunda-volta-das-presidenciais\/#breadcrumb"},"inLanguage":"pt-PT","potentialAction":[{"@type":"ReadAction","target":["https:\/\/portaltela.pt\/noticias\/2026\/01\/27\/apoios-e-recuos-da-direita-na-segunda-volta-das-presidenciais\/"]}]},{"@type":"ImageObject","inLanguage":"pt-PT","@id":"https:\/\/portaltela.pt\/noticias\/2026\/01\/27\/apoios-e-recuos-da-direita-na-segunda-volta-das-presidenciais\/#primaryimage","url":"https:\/\/portaltela.pt\/s.01k8rhncp4jt1\/2026\/01\/unnamed-file-5532.jpg","contentUrl":"https:\/\/portaltela.pt\/s.01k8rhncp4jt1\/2026\/01\/unnamed-file-5532.jpg","width":796,"height":448,"caption":"De Portas a N\u00fancio: os apoios e n\u00e3o-apoios da direita na segunda volta das presidenciais"},{"@type":"BreadcrumbList","@id":"https:\/\/portaltela.pt\/noticias\/2026\/01\/27\/apoios-e-recuos-da-direita-na-segunda-volta-das-presidenciais\/#breadcrumb","itemListElement":[{"@type":"ListItem","position":1,"name":"In\u00edcio","item":"https:\/\/portaltela.pt\/"},{"@type":"ListItem","position":2,"name":"Apoios e recuos da direita na segunda volta das presidenciais"}]},{"@type":"WebSite","@id":"https:\/\/portaltela.pt\/#website","url":"https:\/\/portaltela.pt\/","name":"Portal Tela Portugal","description":"","potentialAction":[{"@type":"SearchAction","target":{"@type":"EntryPoint","urlTemplate":"https:\/\/portaltela.pt\/?s={search_term_string}"},"query-input":{"@type":"PropertyValueSpecification","valueRequired":true,"valueName":"search_term_string"}}],"inLanguage":"pt-PT"},{"@type":"Person","@id":"https:\/\/portaltela.pt\/#\/schema\/person\/c4278d4a6028830caff9ee44b42d32ed","name":"Telinha","image":{"@type":"ImageObject","inLanguage":"pt-PT","@id":"https:\/\/portaltela.pt\/s.01k8rhncp4jt1\/2025\/11\/talking-bot-125x125.png","url":"https:\/\/portaltela.pt\/s.01k8rhncp4jt1\/2025\/11\/talking-bot-125x125.png","contentUrl":"https:\/\/portaltela.pt\/s.01k8rhncp4jt1\/2025\/11\/talking-bot-125x125.png","caption":"Telinha"},"sameAs":["https:\/\/portaltela.pt\/"],"url":"https:\/\/portaltela.pt\/por\/367410592786\/"}]}},"_links":{"self":[{"href":"https:\/\/portaltela.pt\/api\/wp\/v2\/posts\/176895","targetHints":{"allow":["GET"]}}],"collection":[{"href":"https:\/\/portaltela.pt\/api\/wp\/v2\/posts"}],"about":[{"href":"https:\/\/portaltela.pt\/api\/wp\/v2\/types\/post"}],"author":[{"embeddable":true,"href":"https:\/\/portaltela.pt\/api\/wp\/v2\/users\/2"}],"replies":[{"embeddable":true,"href":"https:\/\/portaltela.pt\/api\/wp\/v2\/comments?post=176895"}],"version-history":[{"count":0,"href":"https:\/\/portaltela.pt\/api\/wp\/v2\/posts\/176895\/revisions"}],"wp:featuredmedia":[{"embeddable":true,"href":"https:\/\/portaltela.pt\/api\/wp\/v2\/media\/176910"}],"wp:attachment":[{"href":"https:\/\/portaltela.pt\/api\/wp\/v2\/media?parent=176895"}],"wp:term":[{"taxonomy":"category","embeddable":true,"href":"https:\/\/portaltela.pt\/api\/wp\/v2\/categories?post=176895"},{"taxonomy":"post_tag","embeddable":true,"href":"https:\/\/portaltela.pt\/api\/wp\/v2\/tags?post=176895"}],"curies":[{"name":"wp","href":"https:\/\/api.w.org\/{rel}","templated":true}]}}