{"id":176885,"date":"2026-01-27T14:10:16","date_gmt":"2026-01-27T17:10:16","guid":{"rendered":"https:\/\/portaltela.pt\/noticias\/2026\/01\/27\/dois-projetos-portugueses-recebem-bolsas-europeias\/"},"modified":"2026-01-27T14:10:16","modified_gmt":"2026-01-27T17:10:16","slug":"dois-projetos-portugueses-recebem-bolsas-europeias","status":"publish","type":"post","link":"https:\/\/portaltela.pt\/noticias\/2026\/01\/27\/dois-projetos-portugueses-recebem-bolsas-europeias\/","title":{"rendered":"Dois projetos portugueses recebem bolsas europeias"},"content":{"rendered":"<p>Dois projetos apresentados por Portugal foram premiados com Bolsas de Prova de Conceito do Conselho Europeu de Investiga\u00e7\u00e3o (ERC). Cada projeto recebe 150 mil euros para testar aplica\u00e7\u00f5es pr\u00e1ticas dos resultados j\u00e1 financiados pelo ERC. As bolsas foram atribu\u00eddas na segunda fase do concurso.<\/p>\n<p>Marco Piccardo, do INESC\u2011MN e Cl\u00e1udia Santos, da Universidade Nova de Lisboa, s\u00e3o os investigadores vencedores. Piccardo trabalha no desenvolvimento de metasuperf\u00edcies para controlar lasers de elevada intensidade e estudar intera\u00e7\u00f5es laser-mat\u00e9ria. O objetivo \u00e9 testar o envio de energia a grandes dist\u00e2ncias, com cen\u00e1rios como recarregar drones remotamente e estabelecer comunica\u00e7\u00f5es \u00f3ticas entre sat\u00e9lites.<\/p>\n<p>Cl\u00e1udia Santos apresenta o projeto ReMAP-PD, uma plataforma microfisiol\u00f3gica baseada nos 3Rs para a doen\u00e7a de Parkinson. O estudo pretende testar um modelo de mini\u2011c\u00e9rebro com compostos j\u00e1 avaliados para observar efeitos em humanos sem usar animais nos testes iniciais. Se bem\u2011sucedido, a iniciativa pode acelerar a aplica\u00e7\u00e3o cl\u00ednica e industrial.<\/p>\n<h3>Detalhes do financiamento e impactos<\/h3>\n<p>Na primeira fase, quatro projetos portugueses foram selecionados: Joana Gon\u00e7alves-S\u00e1, Michael Orger, Catarina Homem e Paulo Rocha. Nas duas rondas de 2025, foram atribu\u00eddas 300 Bolsas de Prova de Conceito, num total de 45 milh\u00f5es de euros. O programa \u00e9 financiado pelo Horizonte Europa.<\/p>\n<p>O ERC avaliou 879 propostas em todo o projeto. Os 300 benefici\u00e1rios v\u00e3o atuar em 23 Estados\u2011Membros da UE e pa\u00edses associados. O maior n\u00famero de bolsas ocorrer\u00e1 na Alemanha (51), Espanha (42), It\u00e1lia (33) e Reino Unido (31).<\/p>\n<p>O ERC \u00e9 a principal fonte europeia de financiamento para investiga\u00e7\u00e3o de excel\u00eancia, funcionando dentro do programa Horizonte Europa. Al\u00e9m das Bolsas de Prova de Conceito, existem outras modalidades: Starting, Consolidator, Advanced e Synergy Grants.<\/p>\n","protected":false},"excerpt":{"rendered":"<ul>\n<li>Dois projetos portugueses receberam bolsas europeias de Prova de Conceito, cada uma no valor de 150 mil euros, no quadro do Conselho Europeu de Investiga\u00e7\u00e3o (ERC).<\/li>\n<li>Marco Piccardo, INESC-MN, e Cl\u00e1udia Santos, Universidade Nova de Lisboa, v\u00e3o explorar a aplica\u00e7\u00e3o pr\u00e1tica dos seus resultados de investiga\u00e7\u00e3o.<\/li>\n<li>O projeto de Piccardo foca\u2011se no uso de metasuperf\u00edcies para controlar lasers de elevada intensidade, com cen\u00e1rios como recarregar drones a dist\u00e2ncia e comunica\u00e7\u00f5es \u00f3ticas entre sat\u00e9lites.<\/li>\n<li>O projeto ReMAP-PD, de Cl\u00e1udia Santos, pretende reduzir o uso de animais nos testes iniciais, testando um modelo de \u201cmini\u2011c\u00e9rebro\u201d em doen\u00e7as como a Parkinson, com compostos j\u00e1 avaliados.<\/li>\n<li>No total, em 2025, foram atribu\u00eddas 300 Bolsas de Prova de Conceito, com um or\u00e7amento de 45 milh\u00f5es de euros, em Portugal e outros pa\u00edses da UE.<\/li>\n<\/ul>\n","protected":false},"author":2,"featured_media":176914,"comment_status":"closed","ping_status":"closed","sticky":false,"template":"","format":"standard","meta":{"footnotes":""},"categories":[1],"tags":[2035,2417,4439,215,1014,58],"class_list":["post-176885","post","type-post","status-publish","format-standard","has-post-thumbnail","hentry","category-noticias","tag-bolsas","tag-financiamento","tag-horizonte-europe","tag-investigacao","tag-portugal","tag-universidades"],"yoast_head":"<!-- This site is optimized with the Yoast SEO plugin v27.2 - https:\/\/yoast.com\/product\/yoast-seo-wordpress\/ -->\n<title>Dois projetos portugueses recebem bolsas europeias - Portal Tela Portugal<\/title>\n<meta name=\"robots\" content=\"index, follow, max-snippet:-1, max-image-preview:large, max-video-preview:-1\" \/>\n<meta property=\"og:locale\" content=\"pt_PT\" \/>\n<meta property=\"og:type\" content=\"article\" \/>\n<meta property=\"og:title\" content=\"Dois projetos portugueses recebem bolsas europeias - Portal Tela Portugal\" \/>\n<meta property=\"og:description\" content=\"Dois projetos portugueses receberam bolsas europeias de Prova de Conceito, cada uma no valor de 150 mil euros, no quadro do Conselho Europeu de Investiga\u00e7\u00e3o (ERC). Marco Piccardo, INESC-MN, e Cl\u00e1udia Santos, Universidade Nova de Lisboa, v\u00e3o explorar a aplica\u00e7\u00e3o pr\u00e1tica dos seus resultados de investiga\u00e7\u00e3o. O projeto de Piccardo foca\u2011se no uso de metasuperf\u00edcies para controlar lasers de elevada intensidade, com cen\u00e1rios como recarregar drones a dist\u00e2ncia e comunica\u00e7\u00f5es \u00f3ticas entre sat\u00e9lites. O projeto ReMAP-PD, de Cl\u00e1udia Santos, pretende reduzir o uso de animais nos testes iniciais, testando um modelo de \u201cmini\u2011c\u00e9rebro\u201d em doen\u00e7as como a Parkinson, com compostos j\u00e1 avaliados. No total, em 2025, foram atribu\u00eddas 300 Bolsas de Prova de Conceito, com um or\u00e7amento de 45 milh\u00f5es de euros, em Portugal e outros pa\u00edses da UE.\" \/>\n<meta property=\"og:url\" content=\"https:\/\/portaltela.pt\/noticias\/2026\/01\/27\/dois-projetos-portugueses-recebem-bolsas-europeias\/\" \/>\n<meta property=\"og:site_name\" content=\"Portal Tela Portugal\" \/>\n<meta property=\"article:published_time\" content=\"2026-01-27T17:10:16+00:00\" \/>\n<meta name=\"author\" content=\"Telinha\" \/>\n<meta name=\"twitter:card\" content=\"summary_large_image\" \/>\n<meta name=\"twitter:label1\" content=\"Escrito por\" \/>\n\t<meta name=\"twitter:data1\" content=\"Telinha\" \/>\n\t<meta name=\"twitter:label2\" content=\"Tempo estimado de leitura\" \/>\n\t<meta name=\"twitter:data2\" content=\"1 minuto\" \/>\n<script type=\"application\/ld+json\" class=\"yoast-schema-graph\">{\"@context\":\"https:\/\/schema.org\",\"@graph\":[{\"@type\":\"Article\",\"@id\":\"https:\/\/portaltela.pt\/noticias\/2026\/01\/27\/dois-projetos-portugueses-recebem-bolsas-europeias\/#article\",\"isPartOf\":{\"@id\":\"https:\/\/portaltela.pt\/noticias\/2026\/01\/27\/dois-projetos-portugueses-recebem-bolsas-europeias\/\"},\"author\":{\"name\":\"Telinha\",\"@id\":\"https:\/\/portaltela.pt\/#\/schema\/person\/c4278d4a6028830caff9ee44b42d32ed\"},\"headline\":\"Dois projetos portugueses recebem bolsas europeias\",\"datePublished\":\"2026-01-27T17:10:16+00:00\",\"mainEntityOfPage\":{\"@id\":\"https:\/\/portaltela.pt\/noticias\/2026\/01\/27\/dois-projetos-portugueses-recebem-bolsas-europeias\/\"},\"wordCount\":299,\"image\":{\"@id\":\"https:\/\/portaltela.pt\/noticias\/2026\/01\/27\/dois-projetos-portugueses-recebem-bolsas-europeias\/#primaryimage\"},\"thumbnailUrl\":\"https:\/\/portaltela.pt\/s.01k8rhncp4jt1\/2026\/01\/unnamed-file-5533.jpg\",\"keywords\":[\"bolsas\",\"financiamento\",\"Horizonte Europe\",\"investiga\u00e7\u00e3o\",\"Portugal\",\"universidades\"],\"articleSection\":[\"Not\u00edcias\"],\"inLanguage\":\"pt-PT\"},{\"@type\":\"WebPage\",\"@id\":\"https:\/\/portaltela.pt\/noticias\/2026\/01\/27\/dois-projetos-portugueses-recebem-bolsas-europeias\/\",\"url\":\"https:\/\/portaltela.pt\/noticias\/2026\/01\/27\/dois-projetos-portugueses-recebem-bolsas-europeias\/\",\"name\":\"Dois projetos portugueses recebem bolsas europeias - Portal Tela Portugal\",\"isPartOf\":{\"@id\":\"https:\/\/portaltela.pt\/#website\"},\"primaryImageOfPage\":{\"@id\":\"https:\/\/portaltela.pt\/noticias\/2026\/01\/27\/dois-projetos-portugueses-recebem-bolsas-europeias\/#primaryimage\"},\"image\":{\"@id\":\"https:\/\/portaltela.pt\/noticias\/2026\/01\/27\/dois-projetos-portugueses-recebem-bolsas-europeias\/#primaryimage\"},\"thumbnailUrl\":\"https:\/\/portaltela.pt\/s.01k8rhncp4jt1\/2026\/01\/unnamed-file-5533.jpg\",\"datePublished\":\"2026-01-27T17:10:16+00:00\",\"author\":{\"@id\":\"https:\/\/portaltela.pt\/#\/schema\/person\/c4278d4a6028830caff9ee44b42d32ed\"},\"breadcrumb\":{\"@id\":\"https:\/\/portaltela.pt\/noticias\/2026\/01\/27\/dois-projetos-portugueses-recebem-bolsas-europeias\/#breadcrumb\"},\"inLanguage\":\"pt-PT\",\"potentialAction\":[{\"@type\":\"ReadAction\",\"target\":[\"https:\/\/portaltela.pt\/noticias\/2026\/01\/27\/dois-projetos-portugueses-recebem-bolsas-europeias\/\"]}]},{\"@type\":\"ImageObject\",\"inLanguage\":\"pt-PT\",\"@id\":\"https:\/\/portaltela.pt\/noticias\/2026\/01\/27\/dois-projetos-portugueses-recebem-bolsas-europeias\/#primaryimage\",\"url\":\"https:\/\/portaltela.pt\/s.01k8rhncp4jt1\/2026\/01\/unnamed-file-5533.jpg\",\"contentUrl\":\"https:\/\/portaltela.pt\/s.01k8rhncp4jt1\/2026\/01\/unnamed-file-5533.jpg\",\"width\":796,\"height\":448,\"caption\":\"Dois projetos portugueses ganham bolsas europeias\"},{\"@type\":\"BreadcrumbList\",\"@id\":\"https:\/\/portaltela.pt\/noticias\/2026\/01\/27\/dois-projetos-portugueses-recebem-bolsas-europeias\/#breadcrumb\",\"itemListElement\":[{\"@type\":\"ListItem\",\"position\":1,\"name\":\"In\u00edcio\",\"item\":\"https:\/\/portaltela.pt\/\"},{\"@type\":\"ListItem\",\"position\":2,\"name\":\"Dois projetos portugueses recebem bolsas europeias\"}]},{\"@type\":\"WebSite\",\"@id\":\"https:\/\/portaltela.pt\/#website\",\"url\":\"https:\/\/portaltela.pt\/\",\"name\":\"Portal Tela Portugal\",\"description\":\"\",\"potentialAction\":[{\"@type\":\"SearchAction\",\"target\":{\"@type\":\"EntryPoint\",\"urlTemplate\":\"https:\/\/portaltela.pt\/?s={search_term_string}\"},\"query-input\":{\"@type\":\"PropertyValueSpecification\",\"valueRequired\":true,\"valueName\":\"search_term_string\"}}],\"inLanguage\":\"pt-PT\"},{\"@type\":\"Person\",\"@id\":\"https:\/\/portaltela.pt\/#\/schema\/person\/c4278d4a6028830caff9ee44b42d32ed\",\"name\":\"Telinha\",\"image\":{\"@type\":\"ImageObject\",\"inLanguage\":\"pt-PT\",\"@id\":\"https:\/\/portaltela.pt\/s.01k8rhncp4jt1\/2025\/11\/talking-bot-125x125.png\",\"url\":\"https:\/\/portaltela.pt\/s.01k8rhncp4jt1\/2025\/11\/talking-bot-125x125.png\",\"contentUrl\":\"https:\/\/portaltela.pt\/s.01k8rhncp4jt1\/2025\/11\/talking-bot-125x125.png\",\"caption\":\"Telinha\"},\"sameAs\":[\"https:\/\/portaltela.pt\/\"],\"url\":\"https:\/\/portaltela.pt\/por\/367410592786\/\"}]}<\/script>\n<!-- \/ Yoast SEO plugin. -->","yoast_head_json":{"title":"Dois projetos portugueses recebem bolsas europeias - Portal Tela Portugal","robots":{"index":"index","follow":"follow","max-snippet":"max-snippet:-1","max-image-preview":"max-image-preview:large","max-video-preview":"max-video-preview:-1"},"og_locale":"pt_PT","og_type":"article","og_title":"Dois projetos portugueses recebem bolsas europeias - Portal Tela Portugal","og_description":"Dois projetos portugueses receberam bolsas europeias de Prova de Conceito, cada uma no valor de 150 mil euros, no quadro do Conselho Europeu de Investiga\u00e7\u00e3o (ERC). Marco Piccardo, INESC-MN, e Cl\u00e1udia Santos, Universidade Nova de Lisboa, v\u00e3o explorar a aplica\u00e7\u00e3o pr\u00e1tica dos seus resultados de investiga\u00e7\u00e3o. O projeto de Piccardo foca\u2011se no uso de metasuperf\u00edcies para controlar lasers de elevada intensidade, com cen\u00e1rios como recarregar drones a dist\u00e2ncia e comunica\u00e7\u00f5es \u00f3ticas entre sat\u00e9lites. O projeto ReMAP-PD, de Cl\u00e1udia Santos, pretende reduzir o uso de animais nos testes iniciais, testando um modelo de \u201cmini\u2011c\u00e9rebro\u201d em doen\u00e7as como a Parkinson, com compostos j\u00e1 avaliados. No total, em 2025, foram atribu\u00eddas 300 Bolsas de Prova de Conceito, com um or\u00e7amento de 45 milh\u00f5es de euros, em Portugal e outros pa\u00edses da UE.","og_url":"https:\/\/portaltela.pt\/noticias\/2026\/01\/27\/dois-projetos-portugueses-recebem-bolsas-europeias\/","og_site_name":"Portal Tela Portugal","article_published_time":"2026-01-27T17:10:16+00:00","author":"Telinha","twitter_card":"summary_large_image","twitter_misc":{"Escrito por":"Telinha","Tempo estimado de leitura":"1 minuto"},"schema":{"@context":"https:\/\/schema.org","@graph":[{"@type":"Article","@id":"https:\/\/portaltela.pt\/noticias\/2026\/01\/27\/dois-projetos-portugueses-recebem-bolsas-europeias\/#article","isPartOf":{"@id":"https:\/\/portaltela.pt\/noticias\/2026\/01\/27\/dois-projetos-portugueses-recebem-bolsas-europeias\/"},"author":{"name":"Telinha","@id":"https:\/\/portaltela.pt\/#\/schema\/person\/c4278d4a6028830caff9ee44b42d32ed"},"headline":"Dois projetos portugueses recebem bolsas europeias","datePublished":"2026-01-27T17:10:16+00:00","mainEntityOfPage":{"@id":"https:\/\/portaltela.pt\/noticias\/2026\/01\/27\/dois-projetos-portugueses-recebem-bolsas-europeias\/"},"wordCount":299,"image":{"@id":"https:\/\/portaltela.pt\/noticias\/2026\/01\/27\/dois-projetos-portugueses-recebem-bolsas-europeias\/#primaryimage"},"thumbnailUrl":"https:\/\/portaltela.pt\/s.01k8rhncp4jt1\/2026\/01\/unnamed-file-5533.jpg","keywords":["bolsas","financiamento","Horizonte Europe","investiga\u00e7\u00e3o","Portugal","universidades"],"articleSection":["Not\u00edcias"],"inLanguage":"pt-PT"},{"@type":"WebPage","@id":"https:\/\/portaltela.pt\/noticias\/2026\/01\/27\/dois-projetos-portugueses-recebem-bolsas-europeias\/","url":"https:\/\/portaltela.pt\/noticias\/2026\/01\/27\/dois-projetos-portugueses-recebem-bolsas-europeias\/","name":"Dois projetos portugueses recebem bolsas europeias - Portal Tela Portugal","isPartOf":{"@id":"https:\/\/portaltela.pt\/#website"},"primaryImageOfPage":{"@id":"https:\/\/portaltela.pt\/noticias\/2026\/01\/27\/dois-projetos-portugueses-recebem-bolsas-europeias\/#primaryimage"},"image":{"@id":"https:\/\/portaltela.pt\/noticias\/2026\/01\/27\/dois-projetos-portugueses-recebem-bolsas-europeias\/#primaryimage"},"thumbnailUrl":"https:\/\/portaltela.pt\/s.01k8rhncp4jt1\/2026\/01\/unnamed-file-5533.jpg","datePublished":"2026-01-27T17:10:16+00:00","author":{"@id":"https:\/\/portaltela.pt\/#\/schema\/person\/c4278d4a6028830caff9ee44b42d32ed"},"breadcrumb":{"@id":"https:\/\/portaltela.pt\/noticias\/2026\/01\/27\/dois-projetos-portugueses-recebem-bolsas-europeias\/#breadcrumb"},"inLanguage":"pt-PT","potentialAction":[{"@type":"ReadAction","target":["https:\/\/portaltela.pt\/noticias\/2026\/01\/27\/dois-projetos-portugueses-recebem-bolsas-europeias\/"]}]},{"@type":"ImageObject","inLanguage":"pt-PT","@id":"https:\/\/portaltela.pt\/noticias\/2026\/01\/27\/dois-projetos-portugueses-recebem-bolsas-europeias\/#primaryimage","url":"https:\/\/portaltela.pt\/s.01k8rhncp4jt1\/2026\/01\/unnamed-file-5533.jpg","contentUrl":"https:\/\/portaltela.pt\/s.01k8rhncp4jt1\/2026\/01\/unnamed-file-5533.jpg","width":796,"height":448,"caption":"Dois projetos portugueses ganham bolsas europeias"},{"@type":"BreadcrumbList","@id":"https:\/\/portaltela.pt\/noticias\/2026\/01\/27\/dois-projetos-portugueses-recebem-bolsas-europeias\/#breadcrumb","itemListElement":[{"@type":"ListItem","position":1,"name":"In\u00edcio","item":"https:\/\/portaltela.pt\/"},{"@type":"ListItem","position":2,"name":"Dois projetos portugueses recebem bolsas europeias"}]},{"@type":"WebSite","@id":"https:\/\/portaltela.pt\/#website","url":"https:\/\/portaltela.pt\/","name":"Portal Tela Portugal","description":"","potentialAction":[{"@type":"SearchAction","target":{"@type":"EntryPoint","urlTemplate":"https:\/\/portaltela.pt\/?s={search_term_string}"},"query-input":{"@type":"PropertyValueSpecification","valueRequired":true,"valueName":"search_term_string"}}],"inLanguage":"pt-PT"},{"@type":"Person","@id":"https:\/\/portaltela.pt\/#\/schema\/person\/c4278d4a6028830caff9ee44b42d32ed","name":"Telinha","image":{"@type":"ImageObject","inLanguage":"pt-PT","@id":"https:\/\/portaltela.pt\/s.01k8rhncp4jt1\/2025\/11\/talking-bot-125x125.png","url":"https:\/\/portaltela.pt\/s.01k8rhncp4jt1\/2025\/11\/talking-bot-125x125.png","contentUrl":"https:\/\/portaltela.pt\/s.01k8rhncp4jt1\/2025\/11\/talking-bot-125x125.png","caption":"Telinha"},"sameAs":["https:\/\/portaltela.pt\/"],"url":"https:\/\/portaltela.pt\/por\/367410592786\/"}]}},"_links":{"self":[{"href":"https:\/\/portaltela.pt\/api\/wp\/v2\/posts\/176885","targetHints":{"allow":["GET"]}}],"collection":[{"href":"https:\/\/portaltela.pt\/api\/wp\/v2\/posts"}],"about":[{"href":"https:\/\/portaltela.pt\/api\/wp\/v2\/types\/post"}],"author":[{"embeddable":true,"href":"https:\/\/portaltela.pt\/api\/wp\/v2\/users\/2"}],"replies":[{"embeddable":true,"href":"https:\/\/portaltela.pt\/api\/wp\/v2\/comments?post=176885"}],"version-history":[{"count":0,"href":"https:\/\/portaltela.pt\/api\/wp\/v2\/posts\/176885\/revisions"}],"wp:featuredmedia":[{"embeddable":true,"href":"https:\/\/portaltela.pt\/api\/wp\/v2\/media\/176914"}],"wp:attachment":[{"href":"https:\/\/portaltela.pt\/api\/wp\/v2\/media?parent=176885"}],"wp:term":[{"taxonomy":"category","embeddable":true,"href":"https:\/\/portaltela.pt\/api\/wp\/v2\/categories?post=176885"},{"taxonomy":"post_tag","embeddable":true,"href":"https:\/\/portaltela.pt\/api\/wp\/v2\/tags?post=176885"}],"curies":[{"name":"wp","href":"https:\/\/api.w.org\/{rel}","templated":true}]}}