{"id":176877,"date":"2026-01-27T14:04:00","date_gmt":"2026-01-27T17:04:00","guid":{"rendered":"https:\/\/portaltela.pt\/noticias\/2026\/01\/27\/azambuja-renova-protocolo-bata-branca-com-cercisaude\/"},"modified":"2026-01-27T14:04:00","modified_gmt":"2026-01-27T17:04:00","slug":"azambuja-renova-protocolo-bata-branca-com-cercisaude","status":"publish","type":"post","link":"https:\/\/portaltela.pt\/noticias\/2026\/01\/27\/azambuja-renova-protocolo-bata-branca-com-cercisaude\/","title":{"rendered":"Azambuja renova protocolo Bata Branca com CerciSa\u00fade"},"content":{"rendered":"<p>A C\u00e2mara de Azambuja renovou o protocolo com a Cerci-Flor da Vida no \u00e2mbito do programa de consultas m\u00e9dicas Bata Branca, assegurando o funcionamento do projeto at\u00e9 ao final do ano.<\/p>\n<p>A delibera\u00e7\u00e3o foi tomada na \u00faltima reuni\u00e3o do executivo. Houve aumento da comparticipa\u00e7\u00e3o hor\u00e1ria aos m\u00e9dicos de 13 para 15 euros e refor\u00e7o do apoio mensal \u00e0 Cerci, de 250 para 500 euros para despesas administrativas.<\/p>\n<p>O Bata Branca permite acesso a consultas de cl\u00ednica geral a mun\u00edcipes sem m\u00e9dico de fam\u00edlia atribu\u00edd o, inscritos nas unidades de sa\u00fade do concelho.<\/p>\n<p>Na mesma reuni\u00e3o, o executivo aprovou outras decis\u00f5es sobre empreitadas municipais, recursos humanos e or\u00e7amento participativo, e ratificou o encarregado da prote\u00e7\u00e3o de dados, bem como apoios indiretos a institui\u00e7\u00f5es do concelho.<\/p>\n","protected":false},"excerpt":{"rendered":"<ul>\n<li>C\u00e2mara de Azambuja aprovou a renova\u00e7\u00e3o do protocolo com a Cerci-Flor da Vida para o programa de consultas m\u00e9dicas \u201cBata Branca\u201d at\u00e9 ao final do ano.<\/li>\n<li>Houve aumento da comparticipa\u00e7\u00e3o hor\u00e1ria aos m\u00e9dicos de 13 para 15 euros.<\/li>\n<li>O apoio mensal \u00e0 Cerci passou de 250 para 500 euros para despesas administrativas.<\/li>\n<li>O projeto permite o acesso a consultas de cl\u00ednica geral para mun\u00edcipes sem m\u00e9dico de fam\u00edlia atribu\u00eddo.<\/li>\n<li>Na mesma reuni\u00e3o, foram aprovadas decis\u00f5es sobre empreitadas municipais, recursos humanos, or\u00e7amento participativo, designa\u00e7\u00e3o do encarregado da prote\u00e7\u00e3o de dados e apoios indiretos a institui\u00e7\u00f5es.<\/li>\n<\/ul>\n","protected":false},"author":2,"featured_media":176898,"comment_status":"closed","ping_status":"closed","sticky":false,"template":"","format":"standard","meta":{"footnotes":""},"categories":[1],"tags":[168,2172,1133,2093,4477,271],"class_list":["post-176877","post","type-post","status-publish","format-standard","has-post-thumbnail","hentry","category-noticias","tag-administracao-publica","tag-assistencia-social","tag-azambuja","tag-municipios","tag-orcamento-participativo","tag-saude-publica"],"yoast_head":"<!-- This site is optimized with the Yoast SEO plugin v27.2 - https:\/\/yoast.com\/product\/yoast-seo-wordpress\/ -->\n<title>Azambuja renova protocolo Bata Branca com CerciSa\u00fade - Portal Tela Portugal<\/title>\n<meta name=\"robots\" content=\"index, follow, max-snippet:-1, max-image-preview:large, max-video-preview:-1\" \/>\n<meta property=\"og:locale\" content=\"pt_PT\" \/>\n<meta property=\"og:type\" content=\"article\" \/>\n<meta property=\"og:title\" content=\"Azambuja renova protocolo Bata Branca com CerciSa\u00fade - Portal Tela Portugal\" \/>\n<meta property=\"og:description\" content=\"C\u00e2mara de Azambuja aprovou a renova\u00e7\u00e3o do protocolo com a Cerci-Flor da Vida para o programa de consultas m\u00e9dicas \u201cBata Branca\u201d at\u00e9 ao final do ano. Houve aumento da comparticipa\u00e7\u00e3o hor\u00e1ria aos m\u00e9dicos de 13 para 15 euros. O apoio mensal \u00e0 Cerci passou de 250 para 500 euros para despesas administrativas. O projeto permite o acesso a consultas de cl\u00ednica geral para mun\u00edcipes sem m\u00e9dico de fam\u00edlia atribu\u00eddo. Na mesma reuni\u00e3o, foram aprovadas decis\u00f5es sobre empreitadas municipais, recursos humanos, or\u00e7amento participativo, designa\u00e7\u00e3o do encarregado da prote\u00e7\u00e3o de dados e apoios indiretos a institui\u00e7\u00f5es.\" \/>\n<meta property=\"og:url\" content=\"https:\/\/portaltela.pt\/noticias\/2026\/01\/27\/azambuja-renova-protocolo-bata-branca-com-cercisaude\/\" \/>\n<meta property=\"og:site_name\" content=\"Portal Tela Portugal\" \/>\n<meta property=\"article:published_time\" content=\"2026-01-27T17:04:00+00:00\" \/>\n<meta name=\"author\" content=\"Telinha\" \/>\n<meta name=\"twitter:card\" content=\"summary_large_image\" \/>\n<meta name=\"twitter:label1\" content=\"Escrito por\" \/>\n\t<meta name=\"twitter:data1\" content=\"Telinha\" \/>\n\t<meta name=\"twitter:label2\" content=\"Tempo estimado de leitura\" \/>\n\t<meta name=\"twitter:data2\" content=\"1 minuto\" \/>\n<script type=\"application\/ld+json\" class=\"yoast-schema-graph\">{\"@context\":\"https:\/\/schema.org\",\"@graph\":[{\"@type\":\"Article\",\"@id\":\"https:\/\/portaltela.pt\/noticias\/2026\/01\/27\/azambuja-renova-protocolo-bata-branca-com-cercisaude\/#article\",\"isPartOf\":{\"@id\":\"https:\/\/portaltela.pt\/noticias\/2026\/01\/27\/azambuja-renova-protocolo-bata-branca-com-cercisaude\/\"},\"author\":{\"name\":\"Telinha\",\"@id\":\"https:\/\/portaltela.pt\/#\/schema\/person\/c4278d4a6028830caff9ee44b42d32ed\"},\"headline\":\"Azambuja renova protocolo Bata Branca com CerciSa\u00fade\",\"datePublished\":\"2026-01-27T17:04:00+00:00\",\"mainEntityOfPage\":{\"@id\":\"https:\/\/portaltela.pt\/noticias\/2026\/01\/27\/azambuja-renova-protocolo-bata-branca-com-cercisaude\/\"},\"wordCount\":146,\"image\":{\"@id\":\"https:\/\/portaltela.pt\/noticias\/2026\/01\/27\/azambuja-renova-protocolo-bata-branca-com-cercisaude\/#primaryimage\"},\"thumbnailUrl\":\"https:\/\/portaltela.pt\/s.01k8rhncp4jt1\/2026\/01\/Medico.jpg\",\"keywords\":[\"administra\u00e7\u00e3o p\u00fablica\",\"assist\u00eancia social\",\"Azambuja\",\"munic\u00edpios\",\"Or\u00e7amento Participativo\",\"sa\u00fade p\u00fablica\"],\"articleSection\":[\"Not\u00edcias\"],\"inLanguage\":\"pt-PT\"},{\"@type\":\"WebPage\",\"@id\":\"https:\/\/portaltela.pt\/noticias\/2026\/01\/27\/azambuja-renova-protocolo-bata-branca-com-cercisaude\/\",\"url\":\"https:\/\/portaltela.pt\/noticias\/2026\/01\/27\/azambuja-renova-protocolo-bata-branca-com-cercisaude\/\",\"name\":\"Azambuja renova protocolo Bata Branca com CerciSa\u00fade - Portal Tela Portugal\",\"isPartOf\":{\"@id\":\"https:\/\/portaltela.pt\/#website\"},\"primaryImageOfPage\":{\"@id\":\"https:\/\/portaltela.pt\/noticias\/2026\/01\/27\/azambuja-renova-protocolo-bata-branca-com-cercisaude\/#primaryimage\"},\"image\":{\"@id\":\"https:\/\/portaltela.pt\/noticias\/2026\/01\/27\/azambuja-renova-protocolo-bata-branca-com-cercisaude\/#primaryimage\"},\"thumbnailUrl\":\"https:\/\/portaltela.pt\/s.01k8rhncp4jt1\/2026\/01\/Medico.jpg\",\"datePublished\":\"2026-01-27T17:04:00+00:00\",\"author\":{\"@id\":\"https:\/\/portaltela.pt\/#\/schema\/person\/c4278d4a6028830caff9ee44b42d32ed\"},\"breadcrumb\":{\"@id\":\"https:\/\/portaltela.pt\/noticias\/2026\/01\/27\/azambuja-renova-protocolo-bata-branca-com-cercisaude\/#breadcrumb\"},\"inLanguage\":\"pt-PT\",\"potentialAction\":[{\"@type\":\"ReadAction\",\"target\":[\"https:\/\/portaltela.pt\/noticias\/2026\/01\/27\/azambuja-renova-protocolo-bata-branca-com-cercisaude\/\"]}]},{\"@type\":\"ImageObject\",\"inLanguage\":\"pt-PT\",\"@id\":\"https:\/\/portaltela.pt\/noticias\/2026\/01\/27\/azambuja-renova-protocolo-bata-branca-com-cercisaude\/#primaryimage\",\"url\":\"https:\/\/portaltela.pt\/s.01k8rhncp4jt1\/2026\/01\/Medico.jpg\",\"contentUrl\":\"https:\/\/portaltela.pt\/s.01k8rhncp4jt1\/2026\/01\/Medico.jpg\",\"width\":796,\"height\":448,\"caption\":\"ULS Estu\u00e1rio do Tejo refor\u00e7a equipa com oito novos m\u00e9dicos de fam\u00edlia e mais especialistas hospitalares\"},{\"@type\":\"BreadcrumbList\",\"@id\":\"https:\/\/portaltela.pt\/noticias\/2026\/01\/27\/azambuja-renova-protocolo-bata-branca-com-cercisaude\/#breadcrumb\",\"itemListElement\":[{\"@type\":\"ListItem\",\"position\":1,\"name\":\"In\u00edcio\",\"item\":\"https:\/\/portaltela.pt\/\"},{\"@type\":\"ListItem\",\"position\":2,\"name\":\"Azambuja renova protocolo Bata Branca com CerciSa\u00fade\"}]},{\"@type\":\"WebSite\",\"@id\":\"https:\/\/portaltela.pt\/#website\",\"url\":\"https:\/\/portaltela.pt\/\",\"name\":\"Portal Tela Portugal\",\"description\":\"\",\"potentialAction\":[{\"@type\":\"SearchAction\",\"target\":{\"@type\":\"EntryPoint\",\"urlTemplate\":\"https:\/\/portaltela.pt\/?s={search_term_string}\"},\"query-input\":{\"@type\":\"PropertyValueSpecification\",\"valueRequired\":true,\"valueName\":\"search_term_string\"}}],\"inLanguage\":\"pt-PT\"},{\"@type\":\"Person\",\"@id\":\"https:\/\/portaltela.pt\/#\/schema\/person\/c4278d4a6028830caff9ee44b42d32ed\",\"name\":\"Telinha\",\"image\":{\"@type\":\"ImageObject\",\"inLanguage\":\"pt-PT\",\"@id\":\"https:\/\/portaltela.pt\/s.01k8rhncp4jt1\/2025\/11\/talking-bot-125x125.png\",\"url\":\"https:\/\/portaltela.pt\/s.01k8rhncp4jt1\/2025\/11\/talking-bot-125x125.png\",\"contentUrl\":\"https:\/\/portaltela.pt\/s.01k8rhncp4jt1\/2025\/11\/talking-bot-125x125.png\",\"caption\":\"Telinha\"},\"sameAs\":[\"https:\/\/portaltela.pt\/\"],\"url\":\"https:\/\/portaltela.pt\/por\/367410592786\/\"}]}<\/script>\n<!-- \/ Yoast SEO plugin. -->","yoast_head_json":{"title":"Azambuja renova protocolo Bata Branca com CerciSa\u00fade - Portal Tela Portugal","robots":{"index":"index","follow":"follow","max-snippet":"max-snippet:-1","max-image-preview":"max-image-preview:large","max-video-preview":"max-video-preview:-1"},"og_locale":"pt_PT","og_type":"article","og_title":"Azambuja renova protocolo Bata Branca com CerciSa\u00fade - Portal Tela Portugal","og_description":"C\u00e2mara de Azambuja aprovou a renova\u00e7\u00e3o do protocolo com a Cerci-Flor da Vida para o programa de consultas m\u00e9dicas \u201cBata Branca\u201d at\u00e9 ao final do ano. Houve aumento da comparticipa\u00e7\u00e3o hor\u00e1ria aos m\u00e9dicos de 13 para 15 euros. O apoio mensal \u00e0 Cerci passou de 250 para 500 euros para despesas administrativas. O projeto permite o acesso a consultas de cl\u00ednica geral para mun\u00edcipes sem m\u00e9dico de fam\u00edlia atribu\u00eddo. Na mesma reuni\u00e3o, foram aprovadas decis\u00f5es sobre empreitadas municipais, recursos humanos, or\u00e7amento participativo, designa\u00e7\u00e3o do encarregado da prote\u00e7\u00e3o de dados e apoios indiretos a institui\u00e7\u00f5es.","og_url":"https:\/\/portaltela.pt\/noticias\/2026\/01\/27\/azambuja-renova-protocolo-bata-branca-com-cercisaude\/","og_site_name":"Portal Tela Portugal","article_published_time":"2026-01-27T17:04:00+00:00","author":"Telinha","twitter_card":"summary_large_image","twitter_misc":{"Escrito por":"Telinha","Tempo estimado de leitura":"1 minuto"},"schema":{"@context":"https:\/\/schema.org","@graph":[{"@type":"Article","@id":"https:\/\/portaltela.pt\/noticias\/2026\/01\/27\/azambuja-renova-protocolo-bata-branca-com-cercisaude\/#article","isPartOf":{"@id":"https:\/\/portaltela.pt\/noticias\/2026\/01\/27\/azambuja-renova-protocolo-bata-branca-com-cercisaude\/"},"author":{"name":"Telinha","@id":"https:\/\/portaltela.pt\/#\/schema\/person\/c4278d4a6028830caff9ee44b42d32ed"},"headline":"Azambuja renova protocolo Bata Branca com CerciSa\u00fade","datePublished":"2026-01-27T17:04:00+00:00","mainEntityOfPage":{"@id":"https:\/\/portaltela.pt\/noticias\/2026\/01\/27\/azambuja-renova-protocolo-bata-branca-com-cercisaude\/"},"wordCount":146,"image":{"@id":"https:\/\/portaltela.pt\/noticias\/2026\/01\/27\/azambuja-renova-protocolo-bata-branca-com-cercisaude\/#primaryimage"},"thumbnailUrl":"https:\/\/portaltela.pt\/s.01k8rhncp4jt1\/2026\/01\/Medico.jpg","keywords":["administra\u00e7\u00e3o p\u00fablica","assist\u00eancia social","Azambuja","munic\u00edpios","Or\u00e7amento Participativo","sa\u00fade p\u00fablica"],"articleSection":["Not\u00edcias"],"inLanguage":"pt-PT"},{"@type":"WebPage","@id":"https:\/\/portaltela.pt\/noticias\/2026\/01\/27\/azambuja-renova-protocolo-bata-branca-com-cercisaude\/","url":"https:\/\/portaltela.pt\/noticias\/2026\/01\/27\/azambuja-renova-protocolo-bata-branca-com-cercisaude\/","name":"Azambuja renova protocolo Bata Branca com CerciSa\u00fade - Portal Tela Portugal","isPartOf":{"@id":"https:\/\/portaltela.pt\/#website"},"primaryImageOfPage":{"@id":"https:\/\/portaltela.pt\/noticias\/2026\/01\/27\/azambuja-renova-protocolo-bata-branca-com-cercisaude\/#primaryimage"},"image":{"@id":"https:\/\/portaltela.pt\/noticias\/2026\/01\/27\/azambuja-renova-protocolo-bata-branca-com-cercisaude\/#primaryimage"},"thumbnailUrl":"https:\/\/portaltela.pt\/s.01k8rhncp4jt1\/2026\/01\/Medico.jpg","datePublished":"2026-01-27T17:04:00+00:00","author":{"@id":"https:\/\/portaltela.pt\/#\/schema\/person\/c4278d4a6028830caff9ee44b42d32ed"},"breadcrumb":{"@id":"https:\/\/portaltela.pt\/noticias\/2026\/01\/27\/azambuja-renova-protocolo-bata-branca-com-cercisaude\/#breadcrumb"},"inLanguage":"pt-PT","potentialAction":[{"@type":"ReadAction","target":["https:\/\/portaltela.pt\/noticias\/2026\/01\/27\/azambuja-renova-protocolo-bata-branca-com-cercisaude\/"]}]},{"@type":"ImageObject","inLanguage":"pt-PT","@id":"https:\/\/portaltela.pt\/noticias\/2026\/01\/27\/azambuja-renova-protocolo-bata-branca-com-cercisaude\/#primaryimage","url":"https:\/\/portaltela.pt\/s.01k8rhncp4jt1\/2026\/01\/Medico.jpg","contentUrl":"https:\/\/portaltela.pt\/s.01k8rhncp4jt1\/2026\/01\/Medico.jpg","width":796,"height":448,"caption":"ULS Estu\u00e1rio do Tejo refor\u00e7a equipa com oito novos m\u00e9dicos de fam\u00edlia e mais especialistas hospitalares"},{"@type":"BreadcrumbList","@id":"https:\/\/portaltela.pt\/noticias\/2026\/01\/27\/azambuja-renova-protocolo-bata-branca-com-cercisaude\/#breadcrumb","itemListElement":[{"@type":"ListItem","position":1,"name":"In\u00edcio","item":"https:\/\/portaltela.pt\/"},{"@type":"ListItem","position":2,"name":"Azambuja renova protocolo Bata Branca com CerciSa\u00fade"}]},{"@type":"WebSite","@id":"https:\/\/portaltela.pt\/#website","url":"https:\/\/portaltela.pt\/","name":"Portal Tela Portugal","description":"","potentialAction":[{"@type":"SearchAction","target":{"@type":"EntryPoint","urlTemplate":"https:\/\/portaltela.pt\/?s={search_term_string}"},"query-input":{"@type":"PropertyValueSpecification","valueRequired":true,"valueName":"search_term_string"}}],"inLanguage":"pt-PT"},{"@type":"Person","@id":"https:\/\/portaltela.pt\/#\/schema\/person\/c4278d4a6028830caff9ee44b42d32ed","name":"Telinha","image":{"@type":"ImageObject","inLanguage":"pt-PT","@id":"https:\/\/portaltela.pt\/s.01k8rhncp4jt1\/2025\/11\/talking-bot-125x125.png","url":"https:\/\/portaltela.pt\/s.01k8rhncp4jt1\/2025\/11\/talking-bot-125x125.png","contentUrl":"https:\/\/portaltela.pt\/s.01k8rhncp4jt1\/2025\/11\/talking-bot-125x125.png","caption":"Telinha"},"sameAs":["https:\/\/portaltela.pt\/"],"url":"https:\/\/portaltela.pt\/por\/367410592786\/"}]}},"_links":{"self":[{"href":"https:\/\/portaltela.pt\/api\/wp\/v2\/posts\/176877","targetHints":{"allow":["GET"]}}],"collection":[{"href":"https:\/\/portaltela.pt\/api\/wp\/v2\/posts"}],"about":[{"href":"https:\/\/portaltela.pt\/api\/wp\/v2\/types\/post"}],"author":[{"embeddable":true,"href":"https:\/\/portaltela.pt\/api\/wp\/v2\/users\/2"}],"replies":[{"embeddable":true,"href":"https:\/\/portaltela.pt\/api\/wp\/v2\/comments?post=176877"}],"version-history":[{"count":0,"href":"https:\/\/portaltela.pt\/api\/wp\/v2\/posts\/176877\/revisions"}],"wp:featuredmedia":[{"embeddable":true,"href":"https:\/\/portaltela.pt\/api\/wp\/v2\/media\/176898"}],"wp:attachment":[{"href":"https:\/\/portaltela.pt\/api\/wp\/v2\/media?parent=176877"}],"wp:term":[{"taxonomy":"category","embeddable":true,"href":"https:\/\/portaltela.pt\/api\/wp\/v2\/categories?post=176877"},{"taxonomy":"post_tag","embeddable":true,"href":"https:\/\/portaltela.pt\/api\/wp\/v2\/tags?post=176877"}],"curies":[{"name":"wp","href":"https:\/\/api.w.org\/{rel}","templated":true}]}}