{"id":176860,"date":"2026-01-27T14:27:00","date_gmt":"2026-01-27T17:27:00","guid":{"rendered":"https:\/\/portaltela.pt\/noticias\/2026\/01\/27\/jessica-antunes-comenta-sobre-apartamento-de-jose-castelo-branco-em-nova-iorque\/"},"modified":"2026-01-27T14:27:00","modified_gmt":"2026-01-27T17:27:00","slug":"jessica-antunes-comenta-sobre-apartamento-de-jose-castelo-branco-em-nova-iorque","status":"publish","type":"post","link":"https:\/\/portaltela.pt\/noticias\/2026\/01\/27\/jessica-antunes-comenta-sobre-apartamento-de-jose-castelo-branco-em-nova-iorque\/","title":{"rendered":"J\u00e9ssica Antunes comenta sobre apartamento de Jos\u00e9 Castelo Branco em Nova Iorque"},"content":{"rendered":"<p>O tema envolve Jos\u00e9 Castelo Branco e um apartamento em Nova Iorque, gerando aten\u00e7\u00e3o medi\u00e1tica em Portugal. O caso envolve quest\u00f5es de habita\u00e7\u00e3o e aquisi\u00e7\u00e3o no mercado imobili\u00e1rio da cidade norte-americana.<\/p>\n<p>J\u00e9ssica Antunes, comentadora do programa da tarde Tarde das Estrelas, destacou a pol\u00e9mica em torno do im\u00f3vel. Segundo a analista, o socialite tem mostrado determina\u00e7\u00e3o para permanecer na habita\u00e7\u00e3o, independentemente das condi\u00e7\u00f5es do mercado.<\/p>\n<p>A discuss\u00e3o centra-se no pre\u00e7o da casa e na possibilidade de encontrar uma alternativa com valor semelhante. A quest\u00e3o mantem-se sob escrut\u00ednio medi\u00e1tico, com diferentes leituras sobre o neg\u00f3cio imobili\u00e1rio.<\/p>\n<h3>Declara\u00e7\u00e3o da comentadora<\/h3>\n<p>J\u00e9ssica Antunes afirma que n\u00e3o h\u00e1 garantias de que seja poss\u00edvel conseguir outra casa pelo mesmo pre\u00e7o, o que alimenta o debate sobre o custo de propriedades em Nova Iorque e as estrat\u00e9gias do socialite. A defesa do neg\u00f3cio continua em an\u00e1lise p\u00fablica.<\/p>\n","protected":false},"excerpt":{"rendered":"<ul>\n<li>A not\u00edcia envolve Jos\u00e9 Castelo Branco e um apartamento em Nova Iorque.<\/li>\n<li>J\u00e9ssica Antunes, comentadora do programa Tarde das Estrelas, afirma que o socialite faz tudo para ficar com a casa.<\/li>\n<li>Ela tamb\u00e9m diz que n\u00e3o vai conseguir encontrar outra casa ao pre\u00e7o desta.<\/li>\n<li>O coment\u00e1rio faz parte da cobertura do tema pela apresentadora.<\/li>\n<li>N\u00e3o h\u00e1 informa\u00e7\u00f5es adicionais sobre data ou valores no texto apresentado.<\/li>\n<\/ul>\n","protected":false},"author":2,"featured_media":176863,"comment_status":"closed","ping_status":"closed","sticky":false,"template":"","format":"standard","meta":{"footnotes":""},"categories":[1],"tags":[150,228,2569,1014],"class_list":["post-176860","post","type-post","status-publish","format-standard","has-post-thumbnail","hentry","category-noticias","tag-habitacao","tag-imobiliario","tag-jose-castelo-branco","tag-portugal"],"yoast_head":"<!-- This site is optimized with the Yoast SEO plugin v27.2 - https:\/\/yoast.com\/product\/yoast-seo-wordpress\/ -->\n<title>J\u00e9ssica Antunes comenta sobre apartamento de Jos\u00e9 Castelo Branco em Nova Iorque - Portal Tela Portugal<\/title>\n<meta name=\"robots\" content=\"index, follow, max-snippet:-1, max-image-preview:large, max-video-preview:-1\" \/>\n<meta property=\"og:locale\" content=\"pt_PT\" \/>\n<meta property=\"og:type\" content=\"article\" \/>\n<meta property=\"og:title\" content=\"J\u00e9ssica Antunes comenta sobre apartamento de Jos\u00e9 Castelo Branco em Nova Iorque - Portal Tela Portugal\" \/>\n<meta property=\"og:description\" content=\"A not\u00edcia envolve Jos\u00e9 Castelo Branco e um apartamento em Nova Iorque. J\u00e9ssica Antunes, comentadora do programa Tarde das Estrelas, afirma que o socialite faz tudo para ficar com a casa. Ela tamb\u00e9m diz que n\u00e3o vai conseguir encontrar outra casa ao pre\u00e7o desta. O coment\u00e1rio faz parte da cobertura do tema pela apresentadora. N\u00e3o h\u00e1 informa\u00e7\u00f5es adicionais sobre data ou valores no texto apresentado.\" \/>\n<meta property=\"og:url\" content=\"https:\/\/portaltela.pt\/noticias\/2026\/01\/27\/jessica-antunes-comenta-sobre-apartamento-de-jose-castelo-branco-em-nova-iorque\/\" \/>\n<meta property=\"og:site_name\" content=\"Portal Tela Portugal\" \/>\n<meta property=\"article:published_time\" content=\"2026-01-27T17:27:00+00:00\" \/>\n<meta name=\"author\" content=\"Telinha\" \/>\n<meta name=\"twitter:card\" content=\"summary_large_image\" \/>\n<meta name=\"twitter:label1\" content=\"Escrito por\" \/>\n\t<meta name=\"twitter:data1\" content=\"Telinha\" \/>\n\t<meta name=\"twitter:label2\" content=\"Tempo estimado de leitura\" \/>\n\t<meta name=\"twitter:data2\" content=\"1 minuto\" \/>\n<script type=\"application\/ld+json\" class=\"yoast-schema-graph\">{\"@context\":\"https:\/\/schema.org\",\"@graph\":[{\"@type\":\"Article\",\"@id\":\"https:\/\/portaltela.pt\/noticias\/2026\/01\/27\/jessica-antunes-comenta-sobre-apartamento-de-jose-castelo-branco-em-nova-iorque\/#article\",\"isPartOf\":{\"@id\":\"https:\/\/portaltela.pt\/noticias\/2026\/01\/27\/jessica-antunes-comenta-sobre-apartamento-de-jose-castelo-branco-em-nova-iorque\/\"},\"author\":{\"name\":\"Telinha\",\"@id\":\"https:\/\/portaltela.pt\/#\/schema\/person\/c4278d4a6028830caff9ee44b42d32ed\"},\"headline\":\"J\u00e9ssica Antunes comenta sobre apartamento de Jos\u00e9 Castelo Branco em Nova Iorque\",\"datePublished\":\"2026-01-27T17:27:00+00:00\",\"mainEntityOfPage\":{\"@id\":\"https:\/\/portaltela.pt\/noticias\/2026\/01\/27\/jessica-antunes-comenta-sobre-apartamento-de-jose-castelo-branco-em-nova-iorque\/\"},\"wordCount\":182,\"image\":{\"@id\":\"https:\/\/portaltela.pt\/noticias\/2026\/01\/27\/jessica-antunes-comenta-sobre-apartamento-de-jose-castelo-branco-em-nova-iorque\/#primaryimage\"},\"thumbnailUrl\":\"https:\/\/portaltela.pt\/s.01k8rhncp4jt1\/2026\/01\/img_1280x722uu2026-01-27-17-23-10-2262901.jpg\",\"keywords\":[\"habita\u00e7\u00e3o\",\"imobili\u00e1rio\",\"Jos\u00e9 Castelo Branco\",\"Portugal\"],\"articleSection\":[\"Not\u00edcias\"],\"inLanguage\":\"pt-PT\"},{\"@type\":\"WebPage\",\"@id\":\"https:\/\/portaltela.pt\/noticias\/2026\/01\/27\/jessica-antunes-comenta-sobre-apartamento-de-jose-castelo-branco-em-nova-iorque\/\",\"url\":\"https:\/\/portaltela.pt\/noticias\/2026\/01\/27\/jessica-antunes-comenta-sobre-apartamento-de-jose-castelo-branco-em-nova-iorque\/\",\"name\":\"J\u00e9ssica Antunes comenta sobre apartamento de Jos\u00e9 Castelo Branco em Nova Iorque - Portal Tela Portugal\",\"isPartOf\":{\"@id\":\"https:\/\/portaltela.pt\/#website\"},\"primaryImageOfPage\":{\"@id\":\"https:\/\/portaltela.pt\/noticias\/2026\/01\/27\/jessica-antunes-comenta-sobre-apartamento-de-jose-castelo-branco-em-nova-iorque\/#primaryimage\"},\"image\":{\"@id\":\"https:\/\/portaltela.pt\/noticias\/2026\/01\/27\/jessica-antunes-comenta-sobre-apartamento-de-jose-castelo-branco-em-nova-iorque\/#primaryimage\"},\"thumbnailUrl\":\"https:\/\/portaltela.pt\/s.01k8rhncp4jt1\/2026\/01\/img_1280x722uu2026-01-27-17-23-10-2262901.jpg\",\"datePublished\":\"2026-01-27T17:27:00+00:00\",\"author\":{\"@id\":\"https:\/\/portaltela.pt\/#\/schema\/person\/c4278d4a6028830caff9ee44b42d32ed\"},\"breadcrumb\":{\"@id\":\"https:\/\/portaltela.pt\/noticias\/2026\/01\/27\/jessica-antunes-comenta-sobre-apartamento-de-jose-castelo-branco-em-nova-iorque\/#breadcrumb\"},\"inLanguage\":\"pt-PT\",\"potentialAction\":[{\"@type\":\"ReadAction\",\"target\":[\"https:\/\/portaltela.pt\/noticias\/2026\/01\/27\/jessica-antunes-comenta-sobre-apartamento-de-jose-castelo-branco-em-nova-iorque\/\"]}]},{\"@type\":\"ImageObject\",\"inLanguage\":\"pt-PT\",\"@id\":\"https:\/\/portaltela.pt\/noticias\/2026\/01\/27\/jessica-antunes-comenta-sobre-apartamento-de-jose-castelo-branco-em-nova-iorque\/#primaryimage\",\"url\":\"https:\/\/portaltela.pt\/s.01k8rhncp4jt1\/2026\/01\/img_1280x722uu2026-01-27-17-23-10-2262901.jpg\",\"contentUrl\":\"https:\/\/portaltela.pt\/s.01k8rhncp4jt1\/2026\/01\/img_1280x722uu2026-01-27-17-23-10-2262901.jpg\",\"width\":796,\"height\":448,\"caption\":\"Photo\"},{\"@type\":\"BreadcrumbList\",\"@id\":\"https:\/\/portaltela.pt\/noticias\/2026\/01\/27\/jessica-antunes-comenta-sobre-apartamento-de-jose-castelo-branco-em-nova-iorque\/#breadcrumb\",\"itemListElement\":[{\"@type\":\"ListItem\",\"position\":1,\"name\":\"In\u00edcio\",\"item\":\"https:\/\/portaltela.pt\/\"},{\"@type\":\"ListItem\",\"position\":2,\"name\":\"J\u00e9ssica Antunes comenta sobre apartamento de Jos\u00e9 Castelo Branco em Nova Iorque\"}]},{\"@type\":\"WebSite\",\"@id\":\"https:\/\/portaltela.pt\/#website\",\"url\":\"https:\/\/portaltela.pt\/\",\"name\":\"Portal Tela Portugal\",\"description\":\"\",\"potentialAction\":[{\"@type\":\"SearchAction\",\"target\":{\"@type\":\"EntryPoint\",\"urlTemplate\":\"https:\/\/portaltela.pt\/?s={search_term_string}\"},\"query-input\":{\"@type\":\"PropertyValueSpecification\",\"valueRequired\":true,\"valueName\":\"search_term_string\"}}],\"inLanguage\":\"pt-PT\"},{\"@type\":\"Person\",\"@id\":\"https:\/\/portaltela.pt\/#\/schema\/person\/c4278d4a6028830caff9ee44b42d32ed\",\"name\":\"Telinha\",\"image\":{\"@type\":\"ImageObject\",\"inLanguage\":\"pt-PT\",\"@id\":\"https:\/\/portaltela.pt\/s.01k8rhncp4jt1\/2025\/11\/talking-bot-125x125.png\",\"url\":\"https:\/\/portaltela.pt\/s.01k8rhncp4jt1\/2025\/11\/talking-bot-125x125.png\",\"contentUrl\":\"https:\/\/portaltela.pt\/s.01k8rhncp4jt1\/2025\/11\/talking-bot-125x125.png\",\"caption\":\"Telinha\"},\"sameAs\":[\"https:\/\/portaltela.pt\/\"],\"url\":\"https:\/\/portaltela.pt\/por\/367410592786\/\"}]}<\/script>\n<!-- \/ Yoast SEO plugin. -->","yoast_head_json":{"title":"J\u00e9ssica Antunes comenta sobre apartamento de Jos\u00e9 Castelo Branco em Nova Iorque - Portal Tela Portugal","robots":{"index":"index","follow":"follow","max-snippet":"max-snippet:-1","max-image-preview":"max-image-preview:large","max-video-preview":"max-video-preview:-1"},"og_locale":"pt_PT","og_type":"article","og_title":"J\u00e9ssica Antunes comenta sobre apartamento de Jos\u00e9 Castelo Branco em Nova Iorque - Portal Tela Portugal","og_description":"A not\u00edcia envolve Jos\u00e9 Castelo Branco e um apartamento em Nova Iorque. J\u00e9ssica Antunes, comentadora do programa Tarde das Estrelas, afirma que o socialite faz tudo para ficar com a casa. Ela tamb\u00e9m diz que n\u00e3o vai conseguir encontrar outra casa ao pre\u00e7o desta. O coment\u00e1rio faz parte da cobertura do tema pela apresentadora. N\u00e3o h\u00e1 informa\u00e7\u00f5es adicionais sobre data ou valores no texto apresentado.","og_url":"https:\/\/portaltela.pt\/noticias\/2026\/01\/27\/jessica-antunes-comenta-sobre-apartamento-de-jose-castelo-branco-em-nova-iorque\/","og_site_name":"Portal Tela Portugal","article_published_time":"2026-01-27T17:27:00+00:00","author":"Telinha","twitter_card":"summary_large_image","twitter_misc":{"Escrito por":"Telinha","Tempo estimado de leitura":"1 minuto"},"schema":{"@context":"https:\/\/schema.org","@graph":[{"@type":"Article","@id":"https:\/\/portaltela.pt\/noticias\/2026\/01\/27\/jessica-antunes-comenta-sobre-apartamento-de-jose-castelo-branco-em-nova-iorque\/#article","isPartOf":{"@id":"https:\/\/portaltela.pt\/noticias\/2026\/01\/27\/jessica-antunes-comenta-sobre-apartamento-de-jose-castelo-branco-em-nova-iorque\/"},"author":{"name":"Telinha","@id":"https:\/\/portaltela.pt\/#\/schema\/person\/c4278d4a6028830caff9ee44b42d32ed"},"headline":"J\u00e9ssica Antunes comenta sobre apartamento de Jos\u00e9 Castelo Branco em Nova Iorque","datePublished":"2026-01-27T17:27:00+00:00","mainEntityOfPage":{"@id":"https:\/\/portaltela.pt\/noticias\/2026\/01\/27\/jessica-antunes-comenta-sobre-apartamento-de-jose-castelo-branco-em-nova-iorque\/"},"wordCount":182,"image":{"@id":"https:\/\/portaltela.pt\/noticias\/2026\/01\/27\/jessica-antunes-comenta-sobre-apartamento-de-jose-castelo-branco-em-nova-iorque\/#primaryimage"},"thumbnailUrl":"https:\/\/portaltela.pt\/s.01k8rhncp4jt1\/2026\/01\/img_1280x722uu2026-01-27-17-23-10-2262901.jpg","keywords":["habita\u00e7\u00e3o","imobili\u00e1rio","Jos\u00e9 Castelo Branco","Portugal"],"articleSection":["Not\u00edcias"],"inLanguage":"pt-PT"},{"@type":"WebPage","@id":"https:\/\/portaltela.pt\/noticias\/2026\/01\/27\/jessica-antunes-comenta-sobre-apartamento-de-jose-castelo-branco-em-nova-iorque\/","url":"https:\/\/portaltela.pt\/noticias\/2026\/01\/27\/jessica-antunes-comenta-sobre-apartamento-de-jose-castelo-branco-em-nova-iorque\/","name":"J\u00e9ssica Antunes comenta sobre apartamento de Jos\u00e9 Castelo Branco em Nova Iorque - Portal Tela Portugal","isPartOf":{"@id":"https:\/\/portaltela.pt\/#website"},"primaryImageOfPage":{"@id":"https:\/\/portaltela.pt\/noticias\/2026\/01\/27\/jessica-antunes-comenta-sobre-apartamento-de-jose-castelo-branco-em-nova-iorque\/#primaryimage"},"image":{"@id":"https:\/\/portaltela.pt\/noticias\/2026\/01\/27\/jessica-antunes-comenta-sobre-apartamento-de-jose-castelo-branco-em-nova-iorque\/#primaryimage"},"thumbnailUrl":"https:\/\/portaltela.pt\/s.01k8rhncp4jt1\/2026\/01\/img_1280x722uu2026-01-27-17-23-10-2262901.jpg","datePublished":"2026-01-27T17:27:00+00:00","author":{"@id":"https:\/\/portaltela.pt\/#\/schema\/person\/c4278d4a6028830caff9ee44b42d32ed"},"breadcrumb":{"@id":"https:\/\/portaltela.pt\/noticias\/2026\/01\/27\/jessica-antunes-comenta-sobre-apartamento-de-jose-castelo-branco-em-nova-iorque\/#breadcrumb"},"inLanguage":"pt-PT","potentialAction":[{"@type":"ReadAction","target":["https:\/\/portaltela.pt\/noticias\/2026\/01\/27\/jessica-antunes-comenta-sobre-apartamento-de-jose-castelo-branco-em-nova-iorque\/"]}]},{"@type":"ImageObject","inLanguage":"pt-PT","@id":"https:\/\/portaltela.pt\/noticias\/2026\/01\/27\/jessica-antunes-comenta-sobre-apartamento-de-jose-castelo-branco-em-nova-iorque\/#primaryimage","url":"https:\/\/portaltela.pt\/s.01k8rhncp4jt1\/2026\/01\/img_1280x722uu2026-01-27-17-23-10-2262901.jpg","contentUrl":"https:\/\/portaltela.pt\/s.01k8rhncp4jt1\/2026\/01\/img_1280x722uu2026-01-27-17-23-10-2262901.jpg","width":796,"height":448,"caption":"Photo"},{"@type":"BreadcrumbList","@id":"https:\/\/portaltela.pt\/noticias\/2026\/01\/27\/jessica-antunes-comenta-sobre-apartamento-de-jose-castelo-branco-em-nova-iorque\/#breadcrumb","itemListElement":[{"@type":"ListItem","position":1,"name":"In\u00edcio","item":"https:\/\/portaltela.pt\/"},{"@type":"ListItem","position":2,"name":"J\u00e9ssica Antunes comenta sobre apartamento de Jos\u00e9 Castelo Branco em Nova Iorque"}]},{"@type":"WebSite","@id":"https:\/\/portaltela.pt\/#website","url":"https:\/\/portaltela.pt\/","name":"Portal Tela Portugal","description":"","potentialAction":[{"@type":"SearchAction","target":{"@type":"EntryPoint","urlTemplate":"https:\/\/portaltela.pt\/?s={search_term_string}"},"query-input":{"@type":"PropertyValueSpecification","valueRequired":true,"valueName":"search_term_string"}}],"inLanguage":"pt-PT"},{"@type":"Person","@id":"https:\/\/portaltela.pt\/#\/schema\/person\/c4278d4a6028830caff9ee44b42d32ed","name":"Telinha","image":{"@type":"ImageObject","inLanguage":"pt-PT","@id":"https:\/\/portaltela.pt\/s.01k8rhncp4jt1\/2025\/11\/talking-bot-125x125.png","url":"https:\/\/portaltela.pt\/s.01k8rhncp4jt1\/2025\/11\/talking-bot-125x125.png","contentUrl":"https:\/\/portaltela.pt\/s.01k8rhncp4jt1\/2025\/11\/talking-bot-125x125.png","caption":"Telinha"},"sameAs":["https:\/\/portaltela.pt\/"],"url":"https:\/\/portaltela.pt\/por\/367410592786\/"}]}},"_links":{"self":[{"href":"https:\/\/portaltela.pt\/api\/wp\/v2\/posts\/176860","targetHints":{"allow":["GET"]}}],"collection":[{"href":"https:\/\/portaltela.pt\/api\/wp\/v2\/posts"}],"about":[{"href":"https:\/\/portaltela.pt\/api\/wp\/v2\/types\/post"}],"author":[{"embeddable":true,"href":"https:\/\/portaltela.pt\/api\/wp\/v2\/users\/2"}],"replies":[{"embeddable":true,"href":"https:\/\/portaltela.pt\/api\/wp\/v2\/comments?post=176860"}],"version-history":[{"count":0,"href":"https:\/\/portaltela.pt\/api\/wp\/v2\/posts\/176860\/revisions"}],"wp:featuredmedia":[{"embeddable":true,"href":"https:\/\/portaltela.pt\/api\/wp\/v2\/media\/176863"}],"wp:attachment":[{"href":"https:\/\/portaltela.pt\/api\/wp\/v2\/media?parent=176860"}],"wp:term":[{"taxonomy":"category","embeddable":true,"href":"https:\/\/portaltela.pt\/api\/wp\/v2\/categories?post=176860"},{"taxonomy":"post_tag","embeddable":true,"href":"https:\/\/portaltela.pt\/api\/wp\/v2\/tags?post=176860"}],"curies":[{"name":"wp","href":"https:\/\/api.w.org\/{rel}","templated":true}]}}