{"id":176791,"date":"2026-01-27T13:31:00","date_gmt":"2026-01-27T16:31:00","guid":{"rendered":"https:\/\/portaltela.pt\/noticias\/2026\/01\/27\/radar-social-de-ovar-quer-ampliar-alcance-para-sinalizar-vulnerabilidades\/"},"modified":"2026-01-27T13:31:00","modified_gmt":"2026-01-27T16:31:00","slug":"radar-social-de-ovar-quer-ampliar-alcance-para-sinalizar-vulnerabilidades","status":"publish","type":"post","link":"https:\/\/portaltela.pt\/noticias\/2026\/01\/27\/radar-social-de-ovar-quer-ampliar-alcance-para-sinalizar-vulnerabilidades\/","title":{"rendered":"Radar Social de Ovar quer ampliar alcance para sinalizar vulnerabilidades"},"content":{"rendered":"<p>O Radar Social do Munic\u00edpio de Ovar percorre todas as freguesias para identificar situa\u00e7\u00f5es de vulnerabilidade social e sinaliz\u00e1-las junto das redes locais de apoio. O projeto, criado pela C\u00e2mara Municipal, funciona em parceria com entidades do territ\u00f3rio para promover um concelho mais inclusivo e coeso.<\/p>\n<p>Entre as fragilidades identificadas est\u00e3o solid\u00e3o, isolamento, aus\u00eancia de cuidador, viol\u00eancia dom\u00e9stica, discrimina\u00e7\u00e3o de diversas naturezas, comportamentos aditivos, depend\u00eancias, problemas de sa\u00fade mental e dificuldades econ\u00f3micas. A sinaliza\u00e7\u00e3o \u00e9 o passo inicial para encaminhar cada caso aos servi\u00e7os competentes.<\/p>\n<p>A implementa\u00e7\u00e3o \u00e9 dinamizada por uma equipa pluridisciplinar, que avalia previamente as situa\u00e7\u00f5es e encaminha para as respostas adequadas. O objetivo \u00e9 garantir respostas r\u00e1pidas, articuladas em rede e com o acompanhamento necess\u00e1rio, preservando a confidencialidade dos dados.<\/p>\n<p>O Radar Social funciona nas oito freguesias do concelho e \u00e9 financiado pelo Plano de Recupera\u00e7\u00e3o e Resili\u00eancia (PRR). Paralelamente, est\u00e1 a trabalhar num sistema de georreferencia\u00e7\u00e3o social para mapear recursos e refor\u00e7ar a articula\u00e7\u00e3o entre entidades locais.<\/p>\n<p>As formas de sinaliza\u00e7\u00e3o incluem atendimento presencial na Divis\u00e3o de Desenvolvimento Social e Sa\u00fade, contacto por telefone, email ou atrav\u00e9s de um formul\u00e1rio online dispon\u00edvel no site do munic\u00edpio. A participa\u00e7\u00e3o da comunidade \u00e9 incentivada para ampliar o alcance do projeto.<\/p>\n","protected":false},"excerpt":{"rendered":"<ul>\n<li>O Radar Social de Ovar est\u00e1 ativo em todas as oito freguesias do concelho, com o objetivo de identificar e sinalizar situa\u00e7\u00f5es de vulnerabilidade social.<\/li>\n<li>O projeto, criado pela C\u00e2mara Municipal de Ovar, funciona em parceria com redes locais de apoio e encaminha casos aos servi\u00e7os competentes para respostas adequadas.<\/li>\n<li>Fragilidades identificadas incluem solid\u00e3o, isolamento, aus\u00eancia de cuidador, viol\u00eancia dom\u00e9stica, discrimina\u00e7\u00e3o, depend\u00eancias, sa\u00fade mental e situa\u00e7\u00f5es econ\u00f3micas prec\u00e1rias.<\/li>\n<li>A sinaliza\u00e7\u00e3o pode ser feita de forma an\u00f3nima e confidencial, presencialmente, por telefone, email ou via formul\u00e1rio online.<\/li>\n<li>O Radar Social \u00e9 um projeto-piloto, financiado pelo Plano de Recupera\u00e7\u00e3o e Resili\u00eancia, que tamb\u00e9m est\u00e1 a implementar um sistema de georreferencia\u00e7\u00e3o social para mapear recursos e melhorar a interven\u00e7\u00e3o.<\/li>\n<\/ul>\n","protected":false},"author":2,"featured_media":176839,"comment_status":"closed","ping_status":"closed","sticky":false,"template":"","format":"standard","meta":{"footnotes":""},"categories":[1],"tags":[2172,1323,1695,4074,2484,214],"class_list":["post-176791","post","type-post","status-publish","format-standard","has-post-thumbnail","hentry","category-noticias","tag-assistencia-social","tag-coesao-social","tag-discriminacao","tag-inclusao-social","tag-radar-social","tag-violencia-domestica"],"yoast_head":"<!-- This site is optimized with the Yoast SEO plugin v27.2 - https:\/\/yoast.com\/product\/yoast-seo-wordpress\/ -->\n<title>Radar Social de Ovar quer ampliar alcance para sinalizar vulnerabilidades - Portal Tela Portugal<\/title>\n<meta name=\"robots\" content=\"index, follow, max-snippet:-1, max-image-preview:large, max-video-preview:-1\" \/>\n<meta property=\"og:locale\" content=\"pt_PT\" \/>\n<meta property=\"og:type\" content=\"article\" \/>\n<meta property=\"og:title\" content=\"Radar Social de Ovar quer ampliar alcance para sinalizar vulnerabilidades - Portal Tela Portugal\" \/>\n<meta property=\"og:description\" content=\"O Radar Social de Ovar est\u00e1 ativo em todas as oito freguesias do concelho, com o objetivo de identificar e sinalizar situa\u00e7\u00f5es de vulnerabilidade social. O projeto, criado pela C\u00e2mara Municipal de Ovar, funciona em parceria com redes locais de apoio e encaminha casos aos servi\u00e7os competentes para respostas adequadas. Fragilidades identificadas incluem solid\u00e3o, isolamento, aus\u00eancia de cuidador, viol\u00eancia dom\u00e9stica, discrimina\u00e7\u00e3o, depend\u00eancias, sa\u00fade mental e situa\u00e7\u00f5es econ\u00f3micas prec\u00e1rias. A sinaliza\u00e7\u00e3o pode ser feita de forma an\u00f3nima e confidencial, presencialmente, por telefone, email ou via formul\u00e1rio online. O Radar Social \u00e9 um projeto-piloto, financiado pelo Plano de Recupera\u00e7\u00e3o e Resili\u00eancia, que tamb\u00e9m est\u00e1 a implementar um sistema de georreferencia\u00e7\u00e3o social para mapear recursos e melhorar a interven\u00e7\u00e3o.\" \/>\n<meta property=\"og:url\" content=\"https:\/\/portaltela.pt\/noticias\/2026\/01\/27\/radar-social-de-ovar-quer-ampliar-alcance-para-sinalizar-vulnerabilidades\/\" \/>\n<meta property=\"og:site_name\" content=\"Portal Tela Portugal\" \/>\n<meta property=\"article:published_time\" content=\"2026-01-27T16:31:00+00:00\" \/>\n<meta name=\"author\" content=\"Telinha\" \/>\n<meta name=\"twitter:card\" content=\"summary_large_image\" \/>\n<meta name=\"twitter:label1\" content=\"Escrito por\" \/>\n\t<meta name=\"twitter:data1\" content=\"Telinha\" \/>\n\t<meta name=\"twitter:label2\" content=\"Tempo estimado de leitura\" \/>\n\t<meta name=\"twitter:data2\" content=\"1 minuto\" \/>\n<script type=\"application\/ld+json\" class=\"yoast-schema-graph\">{\"@context\":\"https:\/\/schema.org\",\"@graph\":[{\"@type\":\"Article\",\"@id\":\"https:\/\/portaltela.pt\/noticias\/2026\/01\/27\/radar-social-de-ovar-quer-ampliar-alcance-para-sinalizar-vulnerabilidades\/#article\",\"isPartOf\":{\"@id\":\"https:\/\/portaltela.pt\/noticias\/2026\/01\/27\/radar-social-de-ovar-quer-ampliar-alcance-para-sinalizar-vulnerabilidades\/\"},\"author\":{\"name\":\"Telinha\",\"@id\":\"https:\/\/portaltela.pt\/#\/schema\/person\/c4278d4a6028830caff9ee44b42d32ed\"},\"headline\":\"Radar Social de Ovar quer ampliar alcance para sinalizar vulnerabilidades\",\"datePublished\":\"2026-01-27T16:31:00+00:00\",\"mainEntityOfPage\":{\"@id\":\"https:\/\/portaltela.pt\/noticias\/2026\/01\/27\/radar-social-de-ovar-quer-ampliar-alcance-para-sinalizar-vulnerabilidades\/\"},\"wordCount\":240,\"image\":{\"@id\":\"https:\/\/portaltela.pt\/noticias\/2026\/01\/27\/radar-social-de-ovar-quer-ampliar-alcance-para-sinalizar-vulnerabilidades\/#primaryimage\"},\"thumbnailUrl\":\"https:\/\/portaltela.pt\/s.01k8rhncp4jt1\/2026\/01\/unnamed-file-5524.jpg\",\"keywords\":[\"assist\u00eancia social\",\"Coes\u00e3o social\",\"discrimina\u00e7\u00e3o\",\"inclus\u00e3o social\",\"Radar Social\",\"viol\u00eancia dom\u00e9stica\"],\"articleSection\":[\"Not\u00edcias\"],\"inLanguage\":\"pt-PT\"},{\"@type\":\"WebPage\",\"@id\":\"https:\/\/portaltela.pt\/noticias\/2026\/01\/27\/radar-social-de-ovar-quer-ampliar-alcance-para-sinalizar-vulnerabilidades\/\",\"url\":\"https:\/\/portaltela.pt\/noticias\/2026\/01\/27\/radar-social-de-ovar-quer-ampliar-alcance-para-sinalizar-vulnerabilidades\/\",\"name\":\"Radar Social de Ovar quer ampliar alcance para sinalizar vulnerabilidades - Portal Tela Portugal\",\"isPartOf\":{\"@id\":\"https:\/\/portaltela.pt\/#website\"},\"primaryImageOfPage\":{\"@id\":\"https:\/\/portaltela.pt\/noticias\/2026\/01\/27\/radar-social-de-ovar-quer-ampliar-alcance-para-sinalizar-vulnerabilidades\/#primaryimage\"},\"image\":{\"@id\":\"https:\/\/portaltela.pt\/noticias\/2026\/01\/27\/radar-social-de-ovar-quer-ampliar-alcance-para-sinalizar-vulnerabilidades\/#primaryimage\"},\"thumbnailUrl\":\"https:\/\/portaltela.pt\/s.01k8rhncp4jt1\/2026\/01\/unnamed-file-5524.jpg\",\"datePublished\":\"2026-01-27T16:31:00+00:00\",\"author\":{\"@id\":\"https:\/\/portaltela.pt\/#\/schema\/person\/c4278d4a6028830caff9ee44b42d32ed\"},\"breadcrumb\":{\"@id\":\"https:\/\/portaltela.pt\/noticias\/2026\/01\/27\/radar-social-de-ovar-quer-ampliar-alcance-para-sinalizar-vulnerabilidades\/#breadcrumb\"},\"inLanguage\":\"pt-PT\",\"potentialAction\":[{\"@type\":\"ReadAction\",\"target\":[\"https:\/\/portaltela.pt\/noticias\/2026\/01\/27\/radar-social-de-ovar-quer-ampliar-alcance-para-sinalizar-vulnerabilidades\/\"]}]},{\"@type\":\"ImageObject\",\"inLanguage\":\"pt-PT\",\"@id\":\"https:\/\/portaltela.pt\/noticias\/2026\/01\/27\/radar-social-de-ovar-quer-ampliar-alcance-para-sinalizar-vulnerabilidades\/#primaryimage\",\"url\":\"https:\/\/portaltela.pt\/s.01k8rhncp4jt1\/2026\/01\/unnamed-file-5524.jpg\",\"contentUrl\":\"https:\/\/portaltela.pt\/s.01k8rhncp4jt1\/2026\/01\/unnamed-file-5524.jpg\",\"width\":796,\"height\":448,\"caption\":\"Radar Social de Ovar quer chegar a mais pessoas e apela \u00e0 sinaliza\u00e7\u00e3o de casos de vulnerabilidade\"},{\"@type\":\"BreadcrumbList\",\"@id\":\"https:\/\/portaltela.pt\/noticias\/2026\/01\/27\/radar-social-de-ovar-quer-ampliar-alcance-para-sinalizar-vulnerabilidades\/#breadcrumb\",\"itemListElement\":[{\"@type\":\"ListItem\",\"position\":1,\"name\":\"In\u00edcio\",\"item\":\"https:\/\/portaltela.pt\/\"},{\"@type\":\"ListItem\",\"position\":2,\"name\":\"Radar Social de Ovar quer ampliar alcance para sinalizar vulnerabilidades\"}]},{\"@type\":\"WebSite\",\"@id\":\"https:\/\/portaltela.pt\/#website\",\"url\":\"https:\/\/portaltela.pt\/\",\"name\":\"Portal Tela Portugal\",\"description\":\"\",\"potentialAction\":[{\"@type\":\"SearchAction\",\"target\":{\"@type\":\"EntryPoint\",\"urlTemplate\":\"https:\/\/portaltela.pt\/?s={search_term_string}\"},\"query-input\":{\"@type\":\"PropertyValueSpecification\",\"valueRequired\":true,\"valueName\":\"search_term_string\"}}],\"inLanguage\":\"pt-PT\"},{\"@type\":\"Person\",\"@id\":\"https:\/\/portaltela.pt\/#\/schema\/person\/c4278d4a6028830caff9ee44b42d32ed\",\"name\":\"Telinha\",\"image\":{\"@type\":\"ImageObject\",\"inLanguage\":\"pt-PT\",\"@id\":\"https:\/\/portaltela.pt\/s.01k8rhncp4jt1\/2025\/11\/talking-bot-125x125.png\",\"url\":\"https:\/\/portaltela.pt\/s.01k8rhncp4jt1\/2025\/11\/talking-bot-125x125.png\",\"contentUrl\":\"https:\/\/portaltela.pt\/s.01k8rhncp4jt1\/2025\/11\/talking-bot-125x125.png\",\"caption\":\"Telinha\"},\"sameAs\":[\"https:\/\/portaltela.pt\/\"],\"url\":\"https:\/\/portaltela.pt\/por\/367410592786\/\"}]}<\/script>\n<!-- \/ Yoast SEO plugin. -->","yoast_head_json":{"title":"Radar Social de Ovar quer ampliar alcance para sinalizar vulnerabilidades - Portal Tela Portugal","robots":{"index":"index","follow":"follow","max-snippet":"max-snippet:-1","max-image-preview":"max-image-preview:large","max-video-preview":"max-video-preview:-1"},"og_locale":"pt_PT","og_type":"article","og_title":"Radar Social de Ovar quer ampliar alcance para sinalizar vulnerabilidades - Portal Tela Portugal","og_description":"O Radar Social de Ovar est\u00e1 ativo em todas as oito freguesias do concelho, com o objetivo de identificar e sinalizar situa\u00e7\u00f5es de vulnerabilidade social. O projeto, criado pela C\u00e2mara Municipal de Ovar, funciona em parceria com redes locais de apoio e encaminha casos aos servi\u00e7os competentes para respostas adequadas. Fragilidades identificadas incluem solid\u00e3o, isolamento, aus\u00eancia de cuidador, viol\u00eancia dom\u00e9stica, discrimina\u00e7\u00e3o, depend\u00eancias, sa\u00fade mental e situa\u00e7\u00f5es econ\u00f3micas prec\u00e1rias. A sinaliza\u00e7\u00e3o pode ser feita de forma an\u00f3nima e confidencial, presencialmente, por telefone, email ou via formul\u00e1rio online. O Radar Social \u00e9 um projeto-piloto, financiado pelo Plano de Recupera\u00e7\u00e3o e Resili\u00eancia, que tamb\u00e9m est\u00e1 a implementar um sistema de georreferencia\u00e7\u00e3o social para mapear recursos e melhorar a interven\u00e7\u00e3o.","og_url":"https:\/\/portaltela.pt\/noticias\/2026\/01\/27\/radar-social-de-ovar-quer-ampliar-alcance-para-sinalizar-vulnerabilidades\/","og_site_name":"Portal Tela Portugal","article_published_time":"2026-01-27T16:31:00+00:00","author":"Telinha","twitter_card":"summary_large_image","twitter_misc":{"Escrito por":"Telinha","Tempo estimado de leitura":"1 minuto"},"schema":{"@context":"https:\/\/schema.org","@graph":[{"@type":"Article","@id":"https:\/\/portaltela.pt\/noticias\/2026\/01\/27\/radar-social-de-ovar-quer-ampliar-alcance-para-sinalizar-vulnerabilidades\/#article","isPartOf":{"@id":"https:\/\/portaltela.pt\/noticias\/2026\/01\/27\/radar-social-de-ovar-quer-ampliar-alcance-para-sinalizar-vulnerabilidades\/"},"author":{"name":"Telinha","@id":"https:\/\/portaltela.pt\/#\/schema\/person\/c4278d4a6028830caff9ee44b42d32ed"},"headline":"Radar Social de Ovar quer ampliar alcance para sinalizar vulnerabilidades","datePublished":"2026-01-27T16:31:00+00:00","mainEntityOfPage":{"@id":"https:\/\/portaltela.pt\/noticias\/2026\/01\/27\/radar-social-de-ovar-quer-ampliar-alcance-para-sinalizar-vulnerabilidades\/"},"wordCount":240,"image":{"@id":"https:\/\/portaltela.pt\/noticias\/2026\/01\/27\/radar-social-de-ovar-quer-ampliar-alcance-para-sinalizar-vulnerabilidades\/#primaryimage"},"thumbnailUrl":"https:\/\/portaltela.pt\/s.01k8rhncp4jt1\/2026\/01\/unnamed-file-5524.jpg","keywords":["assist\u00eancia social","Coes\u00e3o social","discrimina\u00e7\u00e3o","inclus\u00e3o social","Radar Social","viol\u00eancia dom\u00e9stica"],"articleSection":["Not\u00edcias"],"inLanguage":"pt-PT"},{"@type":"WebPage","@id":"https:\/\/portaltela.pt\/noticias\/2026\/01\/27\/radar-social-de-ovar-quer-ampliar-alcance-para-sinalizar-vulnerabilidades\/","url":"https:\/\/portaltela.pt\/noticias\/2026\/01\/27\/radar-social-de-ovar-quer-ampliar-alcance-para-sinalizar-vulnerabilidades\/","name":"Radar Social de Ovar quer ampliar alcance para sinalizar vulnerabilidades - Portal Tela Portugal","isPartOf":{"@id":"https:\/\/portaltela.pt\/#website"},"primaryImageOfPage":{"@id":"https:\/\/portaltela.pt\/noticias\/2026\/01\/27\/radar-social-de-ovar-quer-ampliar-alcance-para-sinalizar-vulnerabilidades\/#primaryimage"},"image":{"@id":"https:\/\/portaltela.pt\/noticias\/2026\/01\/27\/radar-social-de-ovar-quer-ampliar-alcance-para-sinalizar-vulnerabilidades\/#primaryimage"},"thumbnailUrl":"https:\/\/portaltela.pt\/s.01k8rhncp4jt1\/2026\/01\/unnamed-file-5524.jpg","datePublished":"2026-01-27T16:31:00+00:00","author":{"@id":"https:\/\/portaltela.pt\/#\/schema\/person\/c4278d4a6028830caff9ee44b42d32ed"},"breadcrumb":{"@id":"https:\/\/portaltela.pt\/noticias\/2026\/01\/27\/radar-social-de-ovar-quer-ampliar-alcance-para-sinalizar-vulnerabilidades\/#breadcrumb"},"inLanguage":"pt-PT","potentialAction":[{"@type":"ReadAction","target":["https:\/\/portaltela.pt\/noticias\/2026\/01\/27\/radar-social-de-ovar-quer-ampliar-alcance-para-sinalizar-vulnerabilidades\/"]}]},{"@type":"ImageObject","inLanguage":"pt-PT","@id":"https:\/\/portaltela.pt\/noticias\/2026\/01\/27\/radar-social-de-ovar-quer-ampliar-alcance-para-sinalizar-vulnerabilidades\/#primaryimage","url":"https:\/\/portaltela.pt\/s.01k8rhncp4jt1\/2026\/01\/unnamed-file-5524.jpg","contentUrl":"https:\/\/portaltela.pt\/s.01k8rhncp4jt1\/2026\/01\/unnamed-file-5524.jpg","width":796,"height":448,"caption":"Radar Social de Ovar quer chegar a mais pessoas e apela \u00e0 sinaliza\u00e7\u00e3o de casos de vulnerabilidade"},{"@type":"BreadcrumbList","@id":"https:\/\/portaltela.pt\/noticias\/2026\/01\/27\/radar-social-de-ovar-quer-ampliar-alcance-para-sinalizar-vulnerabilidades\/#breadcrumb","itemListElement":[{"@type":"ListItem","position":1,"name":"In\u00edcio","item":"https:\/\/portaltela.pt\/"},{"@type":"ListItem","position":2,"name":"Radar Social de Ovar quer ampliar alcance para sinalizar vulnerabilidades"}]},{"@type":"WebSite","@id":"https:\/\/portaltela.pt\/#website","url":"https:\/\/portaltela.pt\/","name":"Portal Tela Portugal","description":"","potentialAction":[{"@type":"SearchAction","target":{"@type":"EntryPoint","urlTemplate":"https:\/\/portaltela.pt\/?s={search_term_string}"},"query-input":{"@type":"PropertyValueSpecification","valueRequired":true,"valueName":"search_term_string"}}],"inLanguage":"pt-PT"},{"@type":"Person","@id":"https:\/\/portaltela.pt\/#\/schema\/person\/c4278d4a6028830caff9ee44b42d32ed","name":"Telinha","image":{"@type":"ImageObject","inLanguage":"pt-PT","@id":"https:\/\/portaltela.pt\/s.01k8rhncp4jt1\/2025\/11\/talking-bot-125x125.png","url":"https:\/\/portaltela.pt\/s.01k8rhncp4jt1\/2025\/11\/talking-bot-125x125.png","contentUrl":"https:\/\/portaltela.pt\/s.01k8rhncp4jt1\/2025\/11\/talking-bot-125x125.png","caption":"Telinha"},"sameAs":["https:\/\/portaltela.pt\/"],"url":"https:\/\/portaltela.pt\/por\/367410592786\/"}]}},"_links":{"self":[{"href":"https:\/\/portaltela.pt\/api\/wp\/v2\/posts\/176791","targetHints":{"allow":["GET"]}}],"collection":[{"href":"https:\/\/portaltela.pt\/api\/wp\/v2\/posts"}],"about":[{"href":"https:\/\/portaltela.pt\/api\/wp\/v2\/types\/post"}],"author":[{"embeddable":true,"href":"https:\/\/portaltela.pt\/api\/wp\/v2\/users\/2"}],"replies":[{"embeddable":true,"href":"https:\/\/portaltela.pt\/api\/wp\/v2\/comments?post=176791"}],"version-history":[{"count":0,"href":"https:\/\/portaltela.pt\/api\/wp\/v2\/posts\/176791\/revisions"}],"wp:featuredmedia":[{"embeddable":true,"href":"https:\/\/portaltela.pt\/api\/wp\/v2\/media\/176839"}],"wp:attachment":[{"href":"https:\/\/portaltela.pt\/api\/wp\/v2\/media?parent=176791"}],"wp:term":[{"taxonomy":"category","embeddable":true,"href":"https:\/\/portaltela.pt\/api\/wp\/v2\/categories?post=176791"},{"taxonomy":"post_tag","embeddable":true,"href":"https:\/\/portaltela.pt\/api\/wp\/v2\/tags?post=176791"}],"curies":[{"name":"wp","href":"https:\/\/api.w.org\/{rel}","templated":true}]}}