{"id":176776,"date":"2026-01-27T13:30:00","date_gmt":"2026-01-27T16:30:00","guid":{"rendered":"https:\/\/portaltela.pt\/noticias\/2026\/01\/27\/di-maria-admite-que-o-coracao-fica-no-meio-nesta-situacao\/"},"modified":"2026-01-27T13:30:00","modified_gmt":"2026-01-27T16:30:00","slug":"di-maria-admite-que-o-coracao-fica-no-meio-nesta-situacao","status":"publish","type":"post","link":"https:\/\/portaltela.pt\/desporto\/futebol\/2026\/01\/27\/di-maria-admite-que-o-coracao-fica-no-meio-nesta-situacao\/","title":{"rendered":"Di Mar\u00eda admite que o cora\u00e7\u00e3o fica no meio nesta situa\u00e7\u00e3o"},"content":{"rendered":"<p>\u00c1ngel Di Mar\u00eda recorda o in\u00edcio em Portugal e o salto para a Espanha, numa entrevista ao jornal As. O jogador argentino cita o tempo no Benfica e a transfer\u00eancia para o Real Madrid, em 33 milh\u00f5es de euros, como etapas-chave da carreira. Confessa que o cora\u00e7\u00e3o fica a meio caminho entre os dois clubes.<\/p>\n<p>Di Mar\u00eda analisa o per\u00edodo em Madrid, onde afirma ter atingido o topo ao lado de Jos\u00e9 Mourinho. O jogador ressalta o impacto do treinador na sua evolu\u00e7\u00e3o e refor\u00e7a a rela\u00e7\u00e3o de confian\u00e7a que manteve com ele ap\u00f3s o Mundial de 2010, quando o rendimento n\u00e3o foi o esperado.<\/p>\n<p>Paralelamente, Ezequiel Garay descreve o percurso diferente no Real Madrid. O defesa argentino explica que encontrou no Benfica a regularidade necess\u00e1ria para crescer e consolidar-se no futebol portugu\u00eas. Afirma que o cora\u00e7\u00e3o pende mais para o clube encarnado, pelas pessoas e pelos anos vividos.<\/p>\n<h3>Di Mar\u00eda: carreira entre dois gigantes<\/h3>\n<p>O m\u00e9dio\/avan\u00e7ado recorda a explos\u00e3o no terceiro ano em Portugal e as propostas que o levaram ao Real Madrid, considerado um dos maiores do mundo. Refere o privil\u00e9gio de jogar num clube de elei\u00e7\u00e3o e o desafio de chegar ao topo com os merengues.<\/p>\n<h3>Garay: Benfica como decisivo<\/h3>\n<p>Garay enfatiza a necessidade de jogar com ritmo e continuidade para evoluir. O Benfica surge como o destino que lhe proporcionou esse encaixe, destacando o impacto positivo do clube na sua forma\u00e7\u00e3o pessoal e profissional.<\/p>\n<p>Ambos os jogadores citam Mourinho como figura decisiva na sua passagem por Madrid. Di Mar\u00eda e Garay reconhecem a import\u00e2ncia do treinador no desenvolvimento individual e na forma como o Real Madrid percebeu o seu valor.<\/p>\n","protected":false},"excerpt":{"rendered":"<ul>\n<li>\u00c1ngel Di Mar\u00eda chegou ao Benfica em 2007, transferiu-se para o Real Madrid por 33 milh\u00f5es de euros e conquistou a Liga dos Campe\u00f5es, dizendo ter o cora\u00e7\u00e3o dividido entre os dois clubes.<\/li>\n<li>Em entrevista ao jornal As, disse que o Real Madrid est\u00e1 quase qualificado e o Benfica tem a situa\u00e7\u00e3o mais complicada, confessando n\u00e3o conseguir escolher entre os dois.<\/li>\n<li>Contou que, ap\u00f3s o terceiro ano em Portugal, recebeu propostas de grandes clubes europeus e escolheu o Real Madrid, que considerou o maior clube do mundo e um desafio formid\u00e1vel.<\/li>\n<li>Agradeceu a Jos\u00e9 Mourinho, afirmando que o treinador lhe deu tudo e o apoiou para seguir para o Real Madrid ap\u00f3s o Mundial de 2010.<\/li>\n<li>Em rela\u00e7\u00e3o a Ezequiel Garay, explicou que o Benfica lhe deu ritmo e estabilidade; o cora\u00e7\u00e3o pende mais para o Benfica, por ter sido um per\u00edodo importante na sua carreira.<\/li>\n<\/ul>\n","protected":false},"author":2,"featured_media":176780,"comment_status":"closed","ping_status":"closed","sticky":false,"template":"","format":"standard","meta":{"footnotes":""},"categories":[21,24],"tags":[1946,2624,2031,2138,1014,2714],"class_list":["post-176776","post","type-post","status-publish","format-standard","has-post-thumbnail","hentry","category-desporto","category-futebol","tag-benfica","tag-di-maria","tag-espanha","tag-jose-mourinho","tag-portugal","tag-real-madrid"],"yoast_head":"<!-- This site is optimized with the Yoast SEO plugin v27.2 - https:\/\/yoast.com\/product\/yoast-seo-wordpress\/ -->\n<title>Di Mar\u00eda admite que o cora\u00e7\u00e3o fica no meio nesta situa\u00e7\u00e3o - Portal Tela Portugal<\/title>\n<meta name=\"robots\" content=\"index, follow, max-snippet:-1, max-image-preview:large, max-video-preview:-1\" \/>\n<meta property=\"og:locale\" content=\"pt_PT\" \/>\n<meta property=\"og:type\" content=\"article\" \/>\n<meta property=\"og:title\" content=\"Di Mar\u00eda admite que o cora\u00e7\u00e3o fica no meio nesta situa\u00e7\u00e3o - Portal Tela Portugal\" \/>\n<meta property=\"og:description\" content=\"\u00c1ngel Di Mar\u00eda chegou ao Benfica em 2007, transferiu-se para o Real Madrid por 33 milh\u00f5es de euros e conquistou a Liga dos Campe\u00f5es, dizendo ter o cora\u00e7\u00e3o dividido entre os dois clubes. Em entrevista ao jornal As, disse que o Real Madrid est\u00e1 quase qualificado e o Benfica tem a situa\u00e7\u00e3o mais complicada, confessando n\u00e3o conseguir escolher entre os dois. Contou que, ap\u00f3s o terceiro ano em Portugal, recebeu propostas de grandes clubes europeus e escolheu o Real Madrid, que considerou o maior clube do mundo e um desafio formid\u00e1vel. Agradeceu a Jos\u00e9 Mourinho, afirmando que o treinador lhe deu tudo e o apoiou para seguir para o Real Madrid ap\u00f3s o Mundial de 2010. Em rela\u00e7\u00e3o a Ezequiel Garay, explicou que o Benfica lhe deu ritmo e estabilidade; o cora\u00e7\u00e3o pende mais para o Benfica, por ter sido um per\u00edodo importante na sua carreira.\" \/>\n<meta property=\"og:url\" content=\"https:\/\/portaltela.pt\/noticias\/2026\/01\/27\/di-maria-admite-que-o-coracao-fica-no-meio-nesta-situacao\/\" \/>\n<meta property=\"og:site_name\" content=\"Portal Tela Portugal\" \/>\n<meta property=\"article:published_time\" content=\"2026-01-27T16:30:00+00:00\" \/>\n<meta name=\"author\" content=\"Telinha\" \/>\n<meta name=\"twitter:card\" content=\"summary_large_image\" \/>\n<meta name=\"twitter:label1\" content=\"Escrito por\" \/>\n\t<meta name=\"twitter:data1\" content=\"Telinha\" \/>\n\t<meta name=\"twitter:label2\" content=\"Tempo estimado de leitura\" \/>\n\t<meta name=\"twitter:data2\" content=\"1 minuto\" \/>\n<script type=\"application\/ld+json\" class=\"yoast-schema-graph\">{\"@context\":\"https:\/\/schema.org\",\"@graph\":[{\"@type\":\"Article\",\"@id\":\"https:\/\/portaltela.pt\/noticias\/2026\/01\/27\/di-maria-admite-que-o-coracao-fica-no-meio-nesta-situacao\/#article\",\"isPartOf\":{\"@id\":\"https:\/\/portaltela.pt\/noticias\/2026\/01\/27\/di-maria-admite-que-o-coracao-fica-no-meio-nesta-situacao\/\"},\"author\":{\"name\":\"Telinha\",\"@id\":\"https:\/\/portaltela.pt\/#\/schema\/person\/c4278d4a6028830caff9ee44b42d32ed\"},\"headline\":\"Di Mar\u00eda admite que o cora\u00e7\u00e3o fica no meio nesta situa\u00e7\u00e3o\",\"datePublished\":\"2026-01-27T16:30:00+00:00\",\"mainEntityOfPage\":{\"@id\":\"https:\/\/portaltela.pt\/noticias\/2026\/01\/27\/di-maria-admite-que-o-coracao-fica-no-meio-nesta-situacao\/\"},\"wordCount\":312,\"image\":{\"@id\":\"https:\/\/portaltela.pt\/noticias\/2026\/01\/27\/di-maria-admite-que-o-coracao-fica-no-meio-nesta-situacao\/#primaryimage\"},\"thumbnailUrl\":\"https:\/\/portaltela.pt\/s.01k8rhncp4jt1\/2026\/01\/b76bb332-0f79-40d8-a83d-b5c3a9bf4c73_1200x675.jpg\",\"keywords\":[\"Benfica\",\"Di Mar\u00eda\",\"Espanha\",\"Jos\u00e9 Mourinho\",\"Portugal\",\"Real Madrid\"],\"articleSection\":[\"Desporto\",\"Futebol\"],\"inLanguage\":\"pt-PT\"},{\"@type\":\"WebPage\",\"@id\":\"https:\/\/portaltela.pt\/noticias\/2026\/01\/27\/di-maria-admite-que-o-coracao-fica-no-meio-nesta-situacao\/\",\"url\":\"https:\/\/portaltela.pt\/noticias\/2026\/01\/27\/di-maria-admite-que-o-coracao-fica-no-meio-nesta-situacao\/\",\"name\":\"Di Mar\u00eda admite que o cora\u00e7\u00e3o fica no meio nesta situa\u00e7\u00e3o - Portal Tela Portugal\",\"isPartOf\":{\"@id\":\"https:\/\/portaltela.pt\/#website\"},\"primaryImageOfPage\":{\"@id\":\"https:\/\/portaltela.pt\/noticias\/2026\/01\/27\/di-maria-admite-que-o-coracao-fica-no-meio-nesta-situacao\/#primaryimage\"},\"image\":{\"@id\":\"https:\/\/portaltela.pt\/noticias\/2026\/01\/27\/di-maria-admite-que-o-coracao-fica-no-meio-nesta-situacao\/#primaryimage\"},\"thumbnailUrl\":\"https:\/\/portaltela.pt\/s.01k8rhncp4jt1\/2026\/01\/b76bb332-0f79-40d8-a83d-b5c3a9bf4c73_1200x675.jpg\",\"datePublished\":\"2026-01-27T16:30:00+00:00\",\"author\":{\"@id\":\"https:\/\/portaltela.pt\/#\/schema\/person\/c4278d4a6028830caff9ee44b42d32ed\"},\"breadcrumb\":{\"@id\":\"https:\/\/portaltela.pt\/noticias\/2026\/01\/27\/di-maria-admite-que-o-coracao-fica-no-meio-nesta-situacao\/#breadcrumb\"},\"inLanguage\":\"pt-PT\",\"potentialAction\":[{\"@type\":\"ReadAction\",\"target\":[\"https:\/\/portaltela.pt\/noticias\/2026\/01\/27\/di-maria-admite-que-o-coracao-fica-no-meio-nesta-situacao\/\"]}]},{\"@type\":\"ImageObject\",\"inLanguage\":\"pt-PT\",\"@id\":\"https:\/\/portaltela.pt\/noticias\/2026\/01\/27\/di-maria-admite-que-o-coracao-fica-no-meio-nesta-situacao\/#primaryimage\",\"url\":\"https:\/\/portaltela.pt\/s.01k8rhncp4jt1\/2026\/01\/b76bb332-0f79-40d8-a83d-b5c3a9bf4c73_1200x675.jpg\",\"contentUrl\":\"https:\/\/portaltela.pt\/s.01k8rhncp4jt1\/2026\/01\/b76bb332-0f79-40d8-a83d-b5c3a9bf4c73_1200x675.jpg\",\"width\":796,\"height\":448,\"caption\":\"Internacional argentino foi transferido do Benfica para o Real Madrid por 33 milh\u00f5es de euros\"},{\"@type\":\"BreadcrumbList\",\"@id\":\"https:\/\/portaltela.pt\/noticias\/2026\/01\/27\/di-maria-admite-que-o-coracao-fica-no-meio-nesta-situacao\/#breadcrumb\",\"itemListElement\":[{\"@type\":\"ListItem\",\"position\":1,\"name\":\"In\u00edcio\",\"item\":\"https:\/\/portaltela.pt\/\"},{\"@type\":\"ListItem\",\"position\":2,\"name\":\"Di Mar\u00eda admite que o cora\u00e7\u00e3o fica no meio nesta situa\u00e7\u00e3o\"}]},{\"@type\":\"WebSite\",\"@id\":\"https:\/\/portaltela.pt\/#website\",\"url\":\"https:\/\/portaltela.pt\/\",\"name\":\"Portal Tela Portugal\",\"description\":\"\",\"potentialAction\":[{\"@type\":\"SearchAction\",\"target\":{\"@type\":\"EntryPoint\",\"urlTemplate\":\"https:\/\/portaltela.pt\/?s={search_term_string}\"},\"query-input\":{\"@type\":\"PropertyValueSpecification\",\"valueRequired\":true,\"valueName\":\"search_term_string\"}}],\"inLanguage\":\"pt-PT\"},{\"@type\":\"Person\",\"@id\":\"https:\/\/portaltela.pt\/#\/schema\/person\/c4278d4a6028830caff9ee44b42d32ed\",\"name\":\"Telinha\",\"image\":{\"@type\":\"ImageObject\",\"inLanguage\":\"pt-PT\",\"@id\":\"https:\/\/portaltela.pt\/s.01k8rhncp4jt1\/2025\/11\/talking-bot-125x125.png\",\"url\":\"https:\/\/portaltela.pt\/s.01k8rhncp4jt1\/2025\/11\/talking-bot-125x125.png\",\"contentUrl\":\"https:\/\/portaltela.pt\/s.01k8rhncp4jt1\/2025\/11\/talking-bot-125x125.png\",\"caption\":\"Telinha\"},\"sameAs\":[\"https:\/\/portaltela.pt\/\"],\"url\":\"https:\/\/portaltela.pt\/por\/367410592786\/\"}]}<\/script>\n<!-- \/ Yoast SEO plugin. -->","yoast_head_json":{"title":"Di Mar\u00eda admite que o cora\u00e7\u00e3o fica no meio nesta situa\u00e7\u00e3o - Portal Tela Portugal","robots":{"index":"index","follow":"follow","max-snippet":"max-snippet:-1","max-image-preview":"max-image-preview:large","max-video-preview":"max-video-preview:-1"},"og_locale":"pt_PT","og_type":"article","og_title":"Di Mar\u00eda admite que o cora\u00e7\u00e3o fica no meio nesta situa\u00e7\u00e3o - Portal Tela Portugal","og_description":"\u00c1ngel Di Mar\u00eda chegou ao Benfica em 2007, transferiu-se para o Real Madrid por 33 milh\u00f5es de euros e conquistou a Liga dos Campe\u00f5es, dizendo ter o cora\u00e7\u00e3o dividido entre os dois clubes. Em entrevista ao jornal As, disse que o Real Madrid est\u00e1 quase qualificado e o Benfica tem a situa\u00e7\u00e3o mais complicada, confessando n\u00e3o conseguir escolher entre os dois. Contou que, ap\u00f3s o terceiro ano em Portugal, recebeu propostas de grandes clubes europeus e escolheu o Real Madrid, que considerou o maior clube do mundo e um desafio formid\u00e1vel. Agradeceu a Jos\u00e9 Mourinho, afirmando que o treinador lhe deu tudo e o apoiou para seguir para o Real Madrid ap\u00f3s o Mundial de 2010. Em rela\u00e7\u00e3o a Ezequiel Garay, explicou que o Benfica lhe deu ritmo e estabilidade; o cora\u00e7\u00e3o pende mais para o Benfica, por ter sido um per\u00edodo importante na sua carreira.","og_url":"https:\/\/portaltela.pt\/noticias\/2026\/01\/27\/di-maria-admite-que-o-coracao-fica-no-meio-nesta-situacao\/","og_site_name":"Portal Tela Portugal","article_published_time":"2026-01-27T16:30:00+00:00","author":"Telinha","twitter_card":"summary_large_image","twitter_misc":{"Escrito por":"Telinha","Tempo estimado de leitura":"1 minuto"},"schema":{"@context":"https:\/\/schema.org","@graph":[{"@type":"Article","@id":"https:\/\/portaltela.pt\/noticias\/2026\/01\/27\/di-maria-admite-que-o-coracao-fica-no-meio-nesta-situacao\/#article","isPartOf":{"@id":"https:\/\/portaltela.pt\/noticias\/2026\/01\/27\/di-maria-admite-que-o-coracao-fica-no-meio-nesta-situacao\/"},"author":{"name":"Telinha","@id":"https:\/\/portaltela.pt\/#\/schema\/person\/c4278d4a6028830caff9ee44b42d32ed"},"headline":"Di Mar\u00eda admite que o cora\u00e7\u00e3o fica no meio nesta situa\u00e7\u00e3o","datePublished":"2026-01-27T16:30:00+00:00","mainEntityOfPage":{"@id":"https:\/\/portaltela.pt\/noticias\/2026\/01\/27\/di-maria-admite-que-o-coracao-fica-no-meio-nesta-situacao\/"},"wordCount":312,"image":{"@id":"https:\/\/portaltela.pt\/noticias\/2026\/01\/27\/di-maria-admite-que-o-coracao-fica-no-meio-nesta-situacao\/#primaryimage"},"thumbnailUrl":"https:\/\/portaltela.pt\/s.01k8rhncp4jt1\/2026\/01\/b76bb332-0f79-40d8-a83d-b5c3a9bf4c73_1200x675.jpg","keywords":["Benfica","Di Mar\u00eda","Espanha","Jos\u00e9 Mourinho","Portugal","Real Madrid"],"articleSection":["Desporto","Futebol"],"inLanguage":"pt-PT"},{"@type":"WebPage","@id":"https:\/\/portaltela.pt\/noticias\/2026\/01\/27\/di-maria-admite-que-o-coracao-fica-no-meio-nesta-situacao\/","url":"https:\/\/portaltela.pt\/noticias\/2026\/01\/27\/di-maria-admite-que-o-coracao-fica-no-meio-nesta-situacao\/","name":"Di Mar\u00eda admite que o cora\u00e7\u00e3o fica no meio nesta situa\u00e7\u00e3o - Portal Tela Portugal","isPartOf":{"@id":"https:\/\/portaltela.pt\/#website"},"primaryImageOfPage":{"@id":"https:\/\/portaltela.pt\/noticias\/2026\/01\/27\/di-maria-admite-que-o-coracao-fica-no-meio-nesta-situacao\/#primaryimage"},"image":{"@id":"https:\/\/portaltela.pt\/noticias\/2026\/01\/27\/di-maria-admite-que-o-coracao-fica-no-meio-nesta-situacao\/#primaryimage"},"thumbnailUrl":"https:\/\/portaltela.pt\/s.01k8rhncp4jt1\/2026\/01\/b76bb332-0f79-40d8-a83d-b5c3a9bf4c73_1200x675.jpg","datePublished":"2026-01-27T16:30:00+00:00","author":{"@id":"https:\/\/portaltela.pt\/#\/schema\/person\/c4278d4a6028830caff9ee44b42d32ed"},"breadcrumb":{"@id":"https:\/\/portaltela.pt\/noticias\/2026\/01\/27\/di-maria-admite-que-o-coracao-fica-no-meio-nesta-situacao\/#breadcrumb"},"inLanguage":"pt-PT","potentialAction":[{"@type":"ReadAction","target":["https:\/\/portaltela.pt\/noticias\/2026\/01\/27\/di-maria-admite-que-o-coracao-fica-no-meio-nesta-situacao\/"]}]},{"@type":"ImageObject","inLanguage":"pt-PT","@id":"https:\/\/portaltela.pt\/noticias\/2026\/01\/27\/di-maria-admite-que-o-coracao-fica-no-meio-nesta-situacao\/#primaryimage","url":"https:\/\/portaltela.pt\/s.01k8rhncp4jt1\/2026\/01\/b76bb332-0f79-40d8-a83d-b5c3a9bf4c73_1200x675.jpg","contentUrl":"https:\/\/portaltela.pt\/s.01k8rhncp4jt1\/2026\/01\/b76bb332-0f79-40d8-a83d-b5c3a9bf4c73_1200x675.jpg","width":796,"height":448,"caption":"Internacional argentino foi transferido do Benfica para o Real Madrid por 33 milh\u00f5es de euros"},{"@type":"BreadcrumbList","@id":"https:\/\/portaltela.pt\/noticias\/2026\/01\/27\/di-maria-admite-que-o-coracao-fica-no-meio-nesta-situacao\/#breadcrumb","itemListElement":[{"@type":"ListItem","position":1,"name":"In\u00edcio","item":"https:\/\/portaltela.pt\/"},{"@type":"ListItem","position":2,"name":"Di Mar\u00eda admite que o cora\u00e7\u00e3o fica no meio nesta situa\u00e7\u00e3o"}]},{"@type":"WebSite","@id":"https:\/\/portaltela.pt\/#website","url":"https:\/\/portaltela.pt\/","name":"Portal Tela Portugal","description":"","potentialAction":[{"@type":"SearchAction","target":{"@type":"EntryPoint","urlTemplate":"https:\/\/portaltela.pt\/?s={search_term_string}"},"query-input":{"@type":"PropertyValueSpecification","valueRequired":true,"valueName":"search_term_string"}}],"inLanguage":"pt-PT"},{"@type":"Person","@id":"https:\/\/portaltela.pt\/#\/schema\/person\/c4278d4a6028830caff9ee44b42d32ed","name":"Telinha","image":{"@type":"ImageObject","inLanguage":"pt-PT","@id":"https:\/\/portaltela.pt\/s.01k8rhncp4jt1\/2025\/11\/talking-bot-125x125.png","url":"https:\/\/portaltela.pt\/s.01k8rhncp4jt1\/2025\/11\/talking-bot-125x125.png","contentUrl":"https:\/\/portaltela.pt\/s.01k8rhncp4jt1\/2025\/11\/talking-bot-125x125.png","caption":"Telinha"},"sameAs":["https:\/\/portaltela.pt\/"],"url":"https:\/\/portaltela.pt\/por\/367410592786\/"}]}},"_links":{"self":[{"href":"https:\/\/portaltela.pt\/api\/wp\/v2\/posts\/176776","targetHints":{"allow":["GET"]}}],"collection":[{"href":"https:\/\/portaltela.pt\/api\/wp\/v2\/posts"}],"about":[{"href":"https:\/\/portaltela.pt\/api\/wp\/v2\/types\/post"}],"author":[{"embeddable":true,"href":"https:\/\/portaltela.pt\/api\/wp\/v2\/users\/2"}],"replies":[{"embeddable":true,"href":"https:\/\/portaltela.pt\/api\/wp\/v2\/comments?post=176776"}],"version-history":[{"count":0,"href":"https:\/\/portaltela.pt\/api\/wp\/v2\/posts\/176776\/revisions"}],"wp:featuredmedia":[{"embeddable":true,"href":"https:\/\/portaltela.pt\/api\/wp\/v2\/media\/176780"}],"wp:attachment":[{"href":"https:\/\/portaltela.pt\/api\/wp\/v2\/media?parent=176776"}],"wp:term":[{"taxonomy":"category","embeddable":true,"href":"https:\/\/portaltela.pt\/api\/wp\/v2\/categories?post=176776"},{"taxonomy":"post_tag","embeddable":true,"href":"https:\/\/portaltela.pt\/api\/wp\/v2\/tags?post=176776"}],"curies":[{"name":"wp","href":"https:\/\/api.w.org\/{rel}","templated":true}]}}