{"id":176773,"date":"2026-01-27T13:25:00","date_gmt":"2026-01-27T16:25:00","guid":{"rendered":"https:\/\/portaltela.pt\/noticias\/2026\/01\/27\/destilaria-no-bombarral-descarga-ilegal-de-aguas-residuais\/"},"modified":"2026-01-27T13:25:00","modified_gmt":"2026-01-27T16:25:00","slug":"destilaria-no-bombarral-descarga-ilegal-de-aguas-residuais","status":"publish","type":"post","link":"https:\/\/portaltela.pt\/noticias\/2026\/01\/27\/destilaria-no-bombarral-descarga-ilegal-de-aguas-residuais\/","title":{"rendered":"Destilaria no Bombarral descarga ilegal de \u00e1guas residuais"},"content":{"rendered":"<p>Ap\u00f3s uma den\u00fancia, os militares do SEPNA da GNR deslocaram-se ao Bombarral, onde identificaram uma descarga ilegal de \u00e1guas residuais industriais na linha de \u00e1gua do Rio do Corga, afluente do Rio Real, na bacia da Lagoa de \u00d3bidos.<\/p>\n<p>A GNR explicou que a descarga ocorreu sem qualquer mecanismo de depura\u00e7\u00e3o e decorreu devido a uma avaria na bomba da Esta\u00e7\u00e3o de Tratamento de \u00c1guas Residuais Industriais da destilaria.<\/p>\n<h3>Identifica\u00e7\u00e3o e san\u00e7\u00e3o<\/h3>\n<p>A autoridade identificou a ind\u00fastria de produ\u00e7\u00e3o de vinhos, e levantou uma contraordena\u00e7\u00e3o ambiental por rejeitar \u00e1guas residuais industriais diretamente para a linha de \u00e1gua, sem tratamento.<\/p>\n<p>O processo foi remetido \u00e0 Administra\u00e7\u00e3o da Regi\u00e3o Hidrogr\u00e1fica do Tejo e Oeste (ARHT). A infra\u00e7\u00e3o est\u00e1 pun\u00edvel com coima que pode chegar a 144 mil euros.<\/p>\n","protected":false},"excerpt":{"rendered":"<ul>\n<li>Ap\u00f3s uma den\u00fancia, os militares do SEPNA seguiram para o Bombarral e confirmaram a descarga de \u00e1guas residuais industriais na linha de \u00e1gua do Rio do Corga, afluente do Rio Real, inserido na Bacia Hidrogr\u00e1fica da Lagoa de \u00d3bidos.<\/li>\n<li>A descarga provinha de uma destilaria de produ\u00e7\u00e3o de vinhos, sem qualquer mecanismo que garantisse a depura\u00e7\u00e3o.<\/li>\n<li>A avaria na bomba da Esta\u00e7\u00e3o de Tratamento de \u00c1guas Residuais Industriais da destilaria foi identificada como causa do problema.<\/li>\n<li>A GNR levantou uma contraordena\u00e7\u00e3o ambiental por rejeitar \u00e1guas residuais industriais diretamente para a linha de \u00e1gua sem tratamento.<\/li>\n<li>O processo foi remetido \u00e0 Administra\u00e7\u00e3o da Regi\u00e3o Hidrogr\u00e1fica do Tejo e Oeste (ARHT); a infra\u00e7\u00e3o \u00e9 pun\u00edvel com uma coima que pode atingir o valor m\u00e1ximo de 144 mil euros.<\/li>\n<\/ul>\n","protected":false},"author":2,"featured_media":176781,"comment_status":"closed","ping_status":"closed","sticky":false,"template":"","format":"standard","meta":{"footnotes":""},"categories":[1],"tags":[2434,167,646,255,3750],"class_list":["post-176773","post","type-post","status-publish","format-standard","has-post-thumbnail","hentry","category-noticias","tag-aguas","tag-ambiente","tag-fiscalizacao-ambiental","tag-industria","tag-poluicao-ambiental"],"yoast_head":"<!-- This site is optimized with the Yoast SEO plugin v27.2 - https:\/\/yoast.com\/product\/yoast-seo-wordpress\/ -->\n<title>Destilaria no Bombarral descarga ilegal de \u00e1guas residuais - Portal Tela Portugal<\/title>\n<meta name=\"robots\" content=\"index, follow, max-snippet:-1, max-image-preview:large, max-video-preview:-1\" \/>\n<meta property=\"og:locale\" content=\"pt_PT\" \/>\n<meta property=\"og:type\" content=\"article\" \/>\n<meta property=\"og:title\" content=\"Destilaria no Bombarral descarga ilegal de \u00e1guas residuais - Portal Tela Portugal\" \/>\n<meta property=\"og:description\" content=\"Ap\u00f3s uma den\u00fancia, os militares do SEPNA seguiram para o Bombarral e confirmaram a descarga de \u00e1guas residuais industriais na linha de \u00e1gua do Rio do Corga, afluente do Rio Real, inserido na Bacia Hidrogr\u00e1fica da Lagoa de \u00d3bidos. A descarga provinha de uma destilaria de produ\u00e7\u00e3o de vinhos, sem qualquer mecanismo que garantisse a depura\u00e7\u00e3o. A avaria na bomba da Esta\u00e7\u00e3o de Tratamento de \u00c1guas Residuais Industriais da destilaria foi identificada como causa do problema. A GNR levantou uma contraordena\u00e7\u00e3o ambiental por rejeitar \u00e1guas residuais industriais diretamente para a linha de \u00e1gua sem tratamento. O processo foi remetido \u00e0 Administra\u00e7\u00e3o da Regi\u00e3o Hidrogr\u00e1fica do Tejo e Oeste (ARHT); a infra\u00e7\u00e3o \u00e9 pun\u00edvel com uma coima que pode atingir o valor m\u00e1ximo de 144 mil euros.\" \/>\n<meta property=\"og:url\" content=\"https:\/\/portaltela.pt\/noticias\/2026\/01\/27\/destilaria-no-bombarral-descarga-ilegal-de-aguas-residuais\/\" \/>\n<meta property=\"og:site_name\" content=\"Portal Tela Portugal\" \/>\n<meta property=\"article:published_time\" content=\"2026-01-27T16:25:00+00:00\" \/>\n<meta name=\"author\" content=\"Telinha\" \/>\n<meta name=\"twitter:card\" content=\"summary_large_image\" \/>\n<meta name=\"twitter:label1\" content=\"Escrito por\" \/>\n\t<meta name=\"twitter:data1\" content=\"Telinha\" \/>\n\t<meta name=\"twitter:label2\" content=\"Tempo estimado de leitura\" \/>\n\t<meta name=\"twitter:data2\" content=\"1 minuto\" \/>\n<script type=\"application\/ld+json\" class=\"yoast-schema-graph\">{\"@context\":\"https:\/\/schema.org\",\"@graph\":[{\"@type\":\"Article\",\"@id\":\"https:\/\/portaltela.pt\/noticias\/2026\/01\/27\/destilaria-no-bombarral-descarga-ilegal-de-aguas-residuais\/#article\",\"isPartOf\":{\"@id\":\"https:\/\/portaltela.pt\/noticias\/2026\/01\/27\/destilaria-no-bombarral-descarga-ilegal-de-aguas-residuais\/\"},\"author\":{\"name\":\"Telinha\",\"@id\":\"https:\/\/portaltela.pt\/#\/schema\/person\/c4278d4a6028830caff9ee44b42d32ed\"},\"headline\":\"Destilaria no Bombarral descarga ilegal de \u00e1guas residuais\",\"datePublished\":\"2026-01-27T16:25:00+00:00\",\"mainEntityOfPage\":{\"@id\":\"https:\/\/portaltela.pt\/noticias\/2026\/01\/27\/destilaria-no-bombarral-descarga-ilegal-de-aguas-residuais\/\"},\"wordCount\":146,\"image\":{\"@id\":\"https:\/\/portaltela.pt\/noticias\/2026\/01\/27\/destilaria-no-bombarral-descarga-ilegal-de-aguas-residuais\/#primaryimage\"},\"thumbnailUrl\":\"https:\/\/portaltela.pt\/s.01k8rhncp4jt1\/2026\/01\/image-1881.jpg\",\"keywords\":[\"\u00e1guas\",\"ambiente\",\"fiscaliza\u00e7\u00e3o ambiental\",\"ind\u00fastria\",\"polui\u00e7\u00e3o ambiental\"],\"articleSection\":[\"Not\u00edcias\"],\"inLanguage\":\"pt-PT\"},{\"@type\":\"WebPage\",\"@id\":\"https:\/\/portaltela.pt\/noticias\/2026\/01\/27\/destilaria-no-bombarral-descarga-ilegal-de-aguas-residuais\/\",\"url\":\"https:\/\/portaltela.pt\/noticias\/2026\/01\/27\/destilaria-no-bombarral-descarga-ilegal-de-aguas-residuais\/\",\"name\":\"Destilaria no Bombarral descarga ilegal de \u00e1guas residuais - Portal Tela Portugal\",\"isPartOf\":{\"@id\":\"https:\/\/portaltela.pt\/#website\"},\"primaryImageOfPage\":{\"@id\":\"https:\/\/portaltela.pt\/noticias\/2026\/01\/27\/destilaria-no-bombarral-descarga-ilegal-de-aguas-residuais\/#primaryimage\"},\"image\":{\"@id\":\"https:\/\/portaltela.pt\/noticias\/2026\/01\/27\/destilaria-no-bombarral-descarga-ilegal-de-aguas-residuais\/#primaryimage\"},\"thumbnailUrl\":\"https:\/\/portaltela.pt\/s.01k8rhncp4jt1\/2026\/01\/image-1881.jpg\",\"datePublished\":\"2026-01-27T16:25:00+00:00\",\"author\":{\"@id\":\"https:\/\/portaltela.pt\/#\/schema\/person\/c4278d4a6028830caff9ee44b42d32ed\"},\"breadcrumb\":{\"@id\":\"https:\/\/portaltela.pt\/noticias\/2026\/01\/27\/destilaria-no-bombarral-descarga-ilegal-de-aguas-residuais\/#breadcrumb\"},\"inLanguage\":\"pt-PT\",\"potentialAction\":[{\"@type\":\"ReadAction\",\"target\":[\"https:\/\/portaltela.pt\/noticias\/2026\/01\/27\/destilaria-no-bombarral-descarga-ilegal-de-aguas-residuais\/\"]}]},{\"@type\":\"ImageObject\",\"inLanguage\":\"pt-PT\",\"@id\":\"https:\/\/portaltela.pt\/noticias\/2026\/01\/27\/destilaria-no-bombarral-descarga-ilegal-de-aguas-residuais\/#primaryimage\",\"url\":\"https:\/\/portaltela.pt\/s.01k8rhncp4jt1\/2026\/01\/image-1881.jpg\",\"contentUrl\":\"https:\/\/portaltela.pt\/s.01k8rhncp4jt1\/2026\/01\/image-1881.jpg\",\"width\":796,\"height\":448,\"caption\":\"Imagem de contexto do artigo Destilaria causava descarga ilegal de \u00e1guas residuais no Bombarral\"},{\"@type\":\"BreadcrumbList\",\"@id\":\"https:\/\/portaltela.pt\/noticias\/2026\/01\/27\/destilaria-no-bombarral-descarga-ilegal-de-aguas-residuais\/#breadcrumb\",\"itemListElement\":[{\"@type\":\"ListItem\",\"position\":1,\"name\":\"In\u00edcio\",\"item\":\"https:\/\/portaltela.pt\/\"},{\"@type\":\"ListItem\",\"position\":2,\"name\":\"Destilaria no Bombarral descarga ilegal de \u00e1guas residuais\"}]},{\"@type\":\"WebSite\",\"@id\":\"https:\/\/portaltela.pt\/#website\",\"url\":\"https:\/\/portaltela.pt\/\",\"name\":\"Portal Tela Portugal\",\"description\":\"\",\"potentialAction\":[{\"@type\":\"SearchAction\",\"target\":{\"@type\":\"EntryPoint\",\"urlTemplate\":\"https:\/\/portaltela.pt\/?s={search_term_string}\"},\"query-input\":{\"@type\":\"PropertyValueSpecification\",\"valueRequired\":true,\"valueName\":\"search_term_string\"}}],\"inLanguage\":\"pt-PT\"},{\"@type\":\"Person\",\"@id\":\"https:\/\/portaltela.pt\/#\/schema\/person\/c4278d4a6028830caff9ee44b42d32ed\",\"name\":\"Telinha\",\"image\":{\"@type\":\"ImageObject\",\"inLanguage\":\"pt-PT\",\"@id\":\"https:\/\/portaltela.pt\/s.01k8rhncp4jt1\/2025\/11\/talking-bot-125x125.png\",\"url\":\"https:\/\/portaltela.pt\/s.01k8rhncp4jt1\/2025\/11\/talking-bot-125x125.png\",\"contentUrl\":\"https:\/\/portaltela.pt\/s.01k8rhncp4jt1\/2025\/11\/talking-bot-125x125.png\",\"caption\":\"Telinha\"},\"sameAs\":[\"https:\/\/portaltela.pt\/\"],\"url\":\"https:\/\/portaltela.pt\/por\/367410592786\/\"}]}<\/script>\n<!-- \/ Yoast SEO plugin. -->","yoast_head_json":{"title":"Destilaria no Bombarral descarga ilegal de \u00e1guas residuais - Portal Tela Portugal","robots":{"index":"index","follow":"follow","max-snippet":"max-snippet:-1","max-image-preview":"max-image-preview:large","max-video-preview":"max-video-preview:-1"},"og_locale":"pt_PT","og_type":"article","og_title":"Destilaria no Bombarral descarga ilegal de \u00e1guas residuais - Portal Tela Portugal","og_description":"Ap\u00f3s uma den\u00fancia, os militares do SEPNA seguiram para o Bombarral e confirmaram a descarga de \u00e1guas residuais industriais na linha de \u00e1gua do Rio do Corga, afluente do Rio Real, inserido na Bacia Hidrogr\u00e1fica da Lagoa de \u00d3bidos. A descarga provinha de uma destilaria de produ\u00e7\u00e3o de vinhos, sem qualquer mecanismo que garantisse a depura\u00e7\u00e3o. A avaria na bomba da Esta\u00e7\u00e3o de Tratamento de \u00c1guas Residuais Industriais da destilaria foi identificada como causa do problema. A GNR levantou uma contraordena\u00e7\u00e3o ambiental por rejeitar \u00e1guas residuais industriais diretamente para a linha de \u00e1gua sem tratamento. O processo foi remetido \u00e0 Administra\u00e7\u00e3o da Regi\u00e3o Hidrogr\u00e1fica do Tejo e Oeste (ARHT); a infra\u00e7\u00e3o \u00e9 pun\u00edvel com uma coima que pode atingir o valor m\u00e1ximo de 144 mil euros.","og_url":"https:\/\/portaltela.pt\/noticias\/2026\/01\/27\/destilaria-no-bombarral-descarga-ilegal-de-aguas-residuais\/","og_site_name":"Portal Tela Portugal","article_published_time":"2026-01-27T16:25:00+00:00","author":"Telinha","twitter_card":"summary_large_image","twitter_misc":{"Escrito por":"Telinha","Tempo estimado de leitura":"1 minuto"},"schema":{"@context":"https:\/\/schema.org","@graph":[{"@type":"Article","@id":"https:\/\/portaltela.pt\/noticias\/2026\/01\/27\/destilaria-no-bombarral-descarga-ilegal-de-aguas-residuais\/#article","isPartOf":{"@id":"https:\/\/portaltela.pt\/noticias\/2026\/01\/27\/destilaria-no-bombarral-descarga-ilegal-de-aguas-residuais\/"},"author":{"name":"Telinha","@id":"https:\/\/portaltela.pt\/#\/schema\/person\/c4278d4a6028830caff9ee44b42d32ed"},"headline":"Destilaria no Bombarral descarga ilegal de \u00e1guas residuais","datePublished":"2026-01-27T16:25:00+00:00","mainEntityOfPage":{"@id":"https:\/\/portaltela.pt\/noticias\/2026\/01\/27\/destilaria-no-bombarral-descarga-ilegal-de-aguas-residuais\/"},"wordCount":146,"image":{"@id":"https:\/\/portaltela.pt\/noticias\/2026\/01\/27\/destilaria-no-bombarral-descarga-ilegal-de-aguas-residuais\/#primaryimage"},"thumbnailUrl":"https:\/\/portaltela.pt\/s.01k8rhncp4jt1\/2026\/01\/image-1881.jpg","keywords":["\u00e1guas","ambiente","fiscaliza\u00e7\u00e3o ambiental","ind\u00fastria","polui\u00e7\u00e3o ambiental"],"articleSection":["Not\u00edcias"],"inLanguage":"pt-PT"},{"@type":"WebPage","@id":"https:\/\/portaltela.pt\/noticias\/2026\/01\/27\/destilaria-no-bombarral-descarga-ilegal-de-aguas-residuais\/","url":"https:\/\/portaltela.pt\/noticias\/2026\/01\/27\/destilaria-no-bombarral-descarga-ilegal-de-aguas-residuais\/","name":"Destilaria no Bombarral descarga ilegal de \u00e1guas residuais - Portal Tela Portugal","isPartOf":{"@id":"https:\/\/portaltela.pt\/#website"},"primaryImageOfPage":{"@id":"https:\/\/portaltela.pt\/noticias\/2026\/01\/27\/destilaria-no-bombarral-descarga-ilegal-de-aguas-residuais\/#primaryimage"},"image":{"@id":"https:\/\/portaltela.pt\/noticias\/2026\/01\/27\/destilaria-no-bombarral-descarga-ilegal-de-aguas-residuais\/#primaryimage"},"thumbnailUrl":"https:\/\/portaltela.pt\/s.01k8rhncp4jt1\/2026\/01\/image-1881.jpg","datePublished":"2026-01-27T16:25:00+00:00","author":{"@id":"https:\/\/portaltela.pt\/#\/schema\/person\/c4278d4a6028830caff9ee44b42d32ed"},"breadcrumb":{"@id":"https:\/\/portaltela.pt\/noticias\/2026\/01\/27\/destilaria-no-bombarral-descarga-ilegal-de-aguas-residuais\/#breadcrumb"},"inLanguage":"pt-PT","potentialAction":[{"@type":"ReadAction","target":["https:\/\/portaltela.pt\/noticias\/2026\/01\/27\/destilaria-no-bombarral-descarga-ilegal-de-aguas-residuais\/"]}]},{"@type":"ImageObject","inLanguage":"pt-PT","@id":"https:\/\/portaltela.pt\/noticias\/2026\/01\/27\/destilaria-no-bombarral-descarga-ilegal-de-aguas-residuais\/#primaryimage","url":"https:\/\/portaltela.pt\/s.01k8rhncp4jt1\/2026\/01\/image-1881.jpg","contentUrl":"https:\/\/portaltela.pt\/s.01k8rhncp4jt1\/2026\/01\/image-1881.jpg","width":796,"height":448,"caption":"Imagem de contexto do artigo Destilaria causava descarga ilegal de \u00e1guas residuais no Bombarral"},{"@type":"BreadcrumbList","@id":"https:\/\/portaltela.pt\/noticias\/2026\/01\/27\/destilaria-no-bombarral-descarga-ilegal-de-aguas-residuais\/#breadcrumb","itemListElement":[{"@type":"ListItem","position":1,"name":"In\u00edcio","item":"https:\/\/portaltela.pt\/"},{"@type":"ListItem","position":2,"name":"Destilaria no Bombarral descarga ilegal de \u00e1guas residuais"}]},{"@type":"WebSite","@id":"https:\/\/portaltela.pt\/#website","url":"https:\/\/portaltela.pt\/","name":"Portal Tela Portugal","description":"","potentialAction":[{"@type":"SearchAction","target":{"@type":"EntryPoint","urlTemplate":"https:\/\/portaltela.pt\/?s={search_term_string}"},"query-input":{"@type":"PropertyValueSpecification","valueRequired":true,"valueName":"search_term_string"}}],"inLanguage":"pt-PT"},{"@type":"Person","@id":"https:\/\/portaltela.pt\/#\/schema\/person\/c4278d4a6028830caff9ee44b42d32ed","name":"Telinha","image":{"@type":"ImageObject","inLanguage":"pt-PT","@id":"https:\/\/portaltela.pt\/s.01k8rhncp4jt1\/2025\/11\/talking-bot-125x125.png","url":"https:\/\/portaltela.pt\/s.01k8rhncp4jt1\/2025\/11\/talking-bot-125x125.png","contentUrl":"https:\/\/portaltela.pt\/s.01k8rhncp4jt1\/2025\/11\/talking-bot-125x125.png","caption":"Telinha"},"sameAs":["https:\/\/portaltela.pt\/"],"url":"https:\/\/portaltela.pt\/por\/367410592786\/"}]}},"_links":{"self":[{"href":"https:\/\/portaltela.pt\/api\/wp\/v2\/posts\/176773","targetHints":{"allow":["GET"]}}],"collection":[{"href":"https:\/\/portaltela.pt\/api\/wp\/v2\/posts"}],"about":[{"href":"https:\/\/portaltela.pt\/api\/wp\/v2\/types\/post"}],"author":[{"embeddable":true,"href":"https:\/\/portaltela.pt\/api\/wp\/v2\/users\/2"}],"replies":[{"embeddable":true,"href":"https:\/\/portaltela.pt\/api\/wp\/v2\/comments?post=176773"}],"version-history":[{"count":0,"href":"https:\/\/portaltela.pt\/api\/wp\/v2\/posts\/176773\/revisions"}],"wp:featuredmedia":[{"embeddable":true,"href":"https:\/\/portaltela.pt\/api\/wp\/v2\/media\/176781"}],"wp:attachment":[{"href":"https:\/\/portaltela.pt\/api\/wp\/v2\/media?parent=176773"}],"wp:term":[{"taxonomy":"category","embeddable":true,"href":"https:\/\/portaltela.pt\/api\/wp\/v2\/categories?post=176773"},{"taxonomy":"post_tag","embeddable":true,"href":"https:\/\/portaltela.pt\/api\/wp\/v2\/tags?post=176773"}],"curies":[{"name":"wp","href":"https:\/\/api.w.org\/{rel}","templated":true}]}}