{"id":176701,"date":"2026-01-27T12:43:00","date_gmt":"2026-01-27T15:43:00","guid":{"rendered":"https:\/\/portaltela.pt\/noticias\/2026\/01\/27\/maduro-e-transportado-numa-parada-em-nova-iorque\/"},"modified":"2026-01-27T12:43:00","modified_gmt":"2026-01-27T15:43:00","slug":"maduro-e-transportado-numa-parada-em-nova-iorque","status":"publish","type":"post","link":"https:\/\/portaltela.pt\/noticias\/politica\/2026\/01\/27\/maduro-e-transportado-numa-parada-em-nova-iorque\/","title":{"rendered":"Maduro \u00e9 transportado numa parada em Nova Iorque"},"content":{"rendered":"<p>Nicol\u00e1s Maduro foi capturado por for\u00e7as especiais norte-americanas numa opera\u00e7\u00e3o que ocorreu em Caracas e resultou na sua deten\u00e7\u00e3o e traslado para os Estados Unidos. A opera\u00e7\u00e3o durou pouco mais de duas horas e terminou com Maduro e a sua acompanhante sob cust\u00f3dia, a caminho de um tribunal em Nova Iorque.<\/p>\n<p>Segundo a cobertura internacional, Maduro chegou aos EUA de helic\u00f3ptero e foi encaminhado diretamente para o tribunal, onde iniciou o processo de julgamento por alegadas infra\u00e7\u00f5es ligadas ao narcoterrorismo. O trajeto e o protocolo de seguran\u00e7a envolveram dezenas de agentes, incluindo a Drug Enforcement Administration (DEA).<\/p>\n<p>Circulou nas redes sociais a ideia de uma \u201cparada\u201d militar em Nova Iorque, com imagens de um ve\u00edculo de portas abertas a transportar o presidente deposto. N\u00e3o h\u00e1 confirma\u00e7\u00e3o fidedigna dessas imagens por parte de meios de comunica\u00e7\u00e3o relevantes; especialistas apontam para manipula\u00e7\u00e3o de conte\u00fados via IA.<\/p>\n<h3>Veracidade das imagens partilhadas<\/h3>\n<p>Relat\u00f3rios de meios reconhecidos, como CNN e Fox News, descrevem a chegada de Maduro a Nova Iorque sob escolta de agentes, sem registo de ve\u00edculos abertos com o chefe de Estado. V\u00eddeos oficiais mostram Maduro a entrar no ve\u00edculo que o levou ao tribunal, n\u00e3o o suposto cameo numa carrinha.<\/p>\n<p>A an\u00e1lise de dados de fact-checking indica que as imagens partilhadas em redes sociais s\u00e3o inconsistentes com reportagens convergentes de diferentes meios. Conclui-se que certos conte\u00fados s\u00e3o imagens manipuladas e n\u00e3o refletem o que ocorreu no terreno.<\/p>\n<h3>Contexto e desfecho<\/h3>\n<p>As informa\u00e7\u00f5es a partir de fontes cred\u00edveis indicam uma cobertura extensa do caso, incluindo a deten\u00e7\u00e3o e o in\u00edcio do julgado nos EUA. O material de facto exige confirma\u00e7\u00e3o adicional \u00e0 medida que o processo avan\u00e7a, mantendo-se a \u00eanfase na objetividade e no rigor informativo.<\/p>\n","protected":false},"excerpt":{"rendered":"<ul>\n<li>No dia tr\u00eas de janeiro, Nicol\u00e1s Maduro foi capturado por for\u00e7as especiais norte-americanas durante uma opera\u00e7\u00e3o na Venezuela.<\/li>\n<li>Segundo relatos, Maduro e a mulher foram levados para Nova Iorque para enfrentar acusa\u00e7\u00f5es de narcoterrorismo.<\/li>\n<li>Circulam nas redes sociais v\u00eddeos que sugerem uma \u201cparada\u201d policial em Nova Iorque com o presidente deposto; essas imagens n\u00e3o s\u00e3o confirmadas por fontes fi\u00e1veis.<\/li>\n<li>As imagens reais mostram Maduro a entrar num ve\u00edculo cercado por agentes da Drug Enforcement Administration (DEA), n\u00e3o numa carrinha com a porta aberta como nas redes sociais.<\/li>\n<li>O Observador classifica o conte\u00fado das redes sociais como falso; a cobertura medi\u00e1tica internacional mostra todas as etapas, sem qualquer transporte em portas abertas.<\/li>\n<\/ul>\n","protected":false},"author":2,"featured_media":176705,"comment_status":"closed","ping_status":"closed","sticky":false,"template":"","format":"standard","meta":{"footnotes":""},"categories":[1,5],"tags":[147,1600,215,803,2455,52],"class_list":["post-176701","post","type-post","status-publish","format-standard","has-post-thumbnail","hentry","category-noticias","category-politica","tag-crime","tag-estados-unidos","tag-investigacao","tag-justica","tag-narco-terrorismo","tag-tribunal"],"yoast_head":"<!-- This site is optimized with the Yoast SEO plugin v27.2 - https:\/\/yoast.com\/product\/yoast-seo-wordpress\/ -->\n<title>Maduro \u00e9 transportado numa parada em Nova Iorque - Portal Tela Portugal<\/title>\n<meta name=\"robots\" content=\"index, follow, max-snippet:-1, max-image-preview:large, max-video-preview:-1\" \/>\n<meta property=\"og:locale\" content=\"pt_PT\" \/>\n<meta property=\"og:type\" content=\"article\" \/>\n<meta property=\"og:title\" content=\"Maduro \u00e9 transportado numa parada em Nova Iorque - Portal Tela Portugal\" \/>\n<meta property=\"og:description\" content=\"No dia tr\u00eas de janeiro, Nicol\u00e1s Maduro foi capturado por for\u00e7as especiais norte-americanas durante uma opera\u00e7\u00e3o na Venezuela. Segundo relatos, Maduro e a mulher foram levados para Nova Iorque para enfrentar acusa\u00e7\u00f5es de narcoterrorismo. Circulam nas redes sociais v\u00eddeos que sugerem uma \u201cparada\u201d policial em Nova Iorque com o presidente deposto; essas imagens n\u00e3o s\u00e3o confirmadas por fontes fi\u00e1veis. As imagens reais mostram Maduro a entrar num ve\u00edculo cercado por agentes da Drug Enforcement Administration (DEA), n\u00e3o numa carrinha com a porta aberta como nas redes sociais. O Observador classifica o conte\u00fado das redes sociais como falso; a cobertura medi\u00e1tica internacional mostra todas as etapas, sem qualquer transporte em portas abertas.\" \/>\n<meta property=\"og:url\" content=\"https:\/\/portaltela.pt\/noticias\/2026\/01\/27\/maduro-e-transportado-numa-parada-em-nova-iorque\/\" \/>\n<meta property=\"og:site_name\" content=\"Portal Tela Portugal\" \/>\n<meta property=\"article:published_time\" content=\"2026-01-27T15:43:00+00:00\" \/>\n<meta name=\"author\" content=\"Telinha\" \/>\n<meta name=\"twitter:card\" content=\"summary_large_image\" \/>\n<meta name=\"twitter:label1\" content=\"Escrito por\" \/>\n\t<meta name=\"twitter:data1\" content=\"Telinha\" \/>\n\t<meta name=\"twitter:label2\" content=\"Tempo estimado de leitura\" \/>\n\t<meta name=\"twitter:data2\" content=\"2 minutos\" \/>\n<script type=\"application\/ld+json\" class=\"yoast-schema-graph\">{\"@context\":\"https:\/\/schema.org\",\"@graph\":[{\"@type\":\"Article\",\"@id\":\"https:\/\/portaltela.pt\/noticias\/2026\/01\/27\/maduro-e-transportado-numa-parada-em-nova-iorque\/#article\",\"isPartOf\":{\"@id\":\"https:\/\/portaltela.pt\/noticias\/2026\/01\/27\/maduro-e-transportado-numa-parada-em-nova-iorque\/\"},\"author\":{\"name\":\"Telinha\",\"@id\":\"https:\/\/portaltela.pt\/#\/schema\/person\/c4278d4a6028830caff9ee44b42d32ed\"},\"headline\":\"Maduro \u00e9 transportado numa parada em Nova Iorque\",\"datePublished\":\"2026-01-27T15:43:00+00:00\",\"mainEntityOfPage\":{\"@id\":\"https:\/\/portaltela.pt\/noticias\/2026\/01\/27\/maduro-e-transportado-numa-parada-em-nova-iorque\/\"},\"wordCount\":320,\"image\":{\"@id\":\"https:\/\/portaltela.pt\/noticias\/2026\/01\/27\/maduro-e-transportado-numa-parada-em-nova-iorque\/#primaryimage\"},\"thumbnailUrl\":\"https:\/\/portaltela.pt\/s.01k8rhncp4jt1\/2026\/01\/maduro-porta-aberta.jpg\",\"keywords\":[\"crime\",\"Estados Unidos\",\"investiga\u00e7\u00e3o\",\"justi\u00e7a\",\"narco-terrorismo\",\"tribunal\"],\"articleSection\":[\"Not\u00edcias\",\"Pol\u00edtica\"],\"inLanguage\":\"pt-PT\"},{\"@type\":\"WebPage\",\"@id\":\"https:\/\/portaltela.pt\/noticias\/2026\/01\/27\/maduro-e-transportado-numa-parada-em-nova-iorque\/\",\"url\":\"https:\/\/portaltela.pt\/noticias\/2026\/01\/27\/maduro-e-transportado-numa-parada-em-nova-iorque\/\",\"name\":\"Maduro \u00e9 transportado numa parada em Nova Iorque - Portal Tela Portugal\",\"isPartOf\":{\"@id\":\"https:\/\/portaltela.pt\/#website\"},\"primaryImageOfPage\":{\"@id\":\"https:\/\/portaltela.pt\/noticias\/2026\/01\/27\/maduro-e-transportado-numa-parada-em-nova-iorque\/#primaryimage\"},\"image\":{\"@id\":\"https:\/\/portaltela.pt\/noticias\/2026\/01\/27\/maduro-e-transportado-numa-parada-em-nova-iorque\/#primaryimage\"},\"thumbnailUrl\":\"https:\/\/portaltela.pt\/s.01k8rhncp4jt1\/2026\/01\/maduro-porta-aberta.jpg\",\"datePublished\":\"2026-01-27T15:43:00+00:00\",\"author\":{\"@id\":\"https:\/\/portaltela.pt\/#\/schema\/person\/c4278d4a6028830caff9ee44b42d32ed\"},\"breadcrumb\":{\"@id\":\"https:\/\/portaltela.pt\/noticias\/2026\/01\/27\/maduro-e-transportado-numa-parada-em-nova-iorque\/#breadcrumb\"},\"inLanguage\":\"pt-PT\",\"potentialAction\":[{\"@type\":\"ReadAction\",\"target\":[\"https:\/\/portaltela.pt\/noticias\/2026\/01\/27\/maduro-e-transportado-numa-parada-em-nova-iorque\/\"]}]},{\"@type\":\"ImageObject\",\"inLanguage\":\"pt-PT\",\"@id\":\"https:\/\/portaltela.pt\/noticias\/2026\/01\/27\/maduro-e-transportado-numa-parada-em-nova-iorque\/#primaryimage\",\"url\":\"https:\/\/portaltela.pt\/s.01k8rhncp4jt1\/2026\/01\/maduro-porta-aberta.jpg\",\"contentUrl\":\"https:\/\/portaltela.pt\/s.01k8rhncp4jt1\/2026\/01\/maduro-porta-aberta.jpg\",\"width\":796,\"height\":448,\"caption\":\"Photo\"},{\"@type\":\"BreadcrumbList\",\"@id\":\"https:\/\/portaltela.pt\/noticias\/2026\/01\/27\/maduro-e-transportado-numa-parada-em-nova-iorque\/#breadcrumb\",\"itemListElement\":[{\"@type\":\"ListItem\",\"position\":1,\"name\":\"In\u00edcio\",\"item\":\"https:\/\/portaltela.pt\/\"},{\"@type\":\"ListItem\",\"position\":2,\"name\":\"Maduro \u00e9 transportado numa parada em Nova Iorque\"}]},{\"@type\":\"WebSite\",\"@id\":\"https:\/\/portaltela.pt\/#website\",\"url\":\"https:\/\/portaltela.pt\/\",\"name\":\"Portal Tela Portugal\",\"description\":\"\",\"potentialAction\":[{\"@type\":\"SearchAction\",\"target\":{\"@type\":\"EntryPoint\",\"urlTemplate\":\"https:\/\/portaltela.pt\/?s={search_term_string}\"},\"query-input\":{\"@type\":\"PropertyValueSpecification\",\"valueRequired\":true,\"valueName\":\"search_term_string\"}}],\"inLanguage\":\"pt-PT\"},{\"@type\":\"Person\",\"@id\":\"https:\/\/portaltela.pt\/#\/schema\/person\/c4278d4a6028830caff9ee44b42d32ed\",\"name\":\"Telinha\",\"image\":{\"@type\":\"ImageObject\",\"inLanguage\":\"pt-PT\",\"@id\":\"https:\/\/portaltela.pt\/s.01k8rhncp4jt1\/2025\/11\/talking-bot-125x125.png\",\"url\":\"https:\/\/portaltela.pt\/s.01k8rhncp4jt1\/2025\/11\/talking-bot-125x125.png\",\"contentUrl\":\"https:\/\/portaltela.pt\/s.01k8rhncp4jt1\/2025\/11\/talking-bot-125x125.png\",\"caption\":\"Telinha\"},\"sameAs\":[\"https:\/\/portaltela.pt\/\"],\"url\":\"https:\/\/portaltela.pt\/por\/367410592786\/\"}]}<\/script>\n<!-- \/ Yoast SEO plugin. -->","yoast_head_json":{"title":"Maduro \u00e9 transportado numa parada em Nova Iorque - Portal Tela Portugal","robots":{"index":"index","follow":"follow","max-snippet":"max-snippet:-1","max-image-preview":"max-image-preview:large","max-video-preview":"max-video-preview:-1"},"og_locale":"pt_PT","og_type":"article","og_title":"Maduro \u00e9 transportado numa parada em Nova Iorque - Portal Tela Portugal","og_description":"No dia tr\u00eas de janeiro, Nicol\u00e1s Maduro foi capturado por for\u00e7as especiais norte-americanas durante uma opera\u00e7\u00e3o na Venezuela. Segundo relatos, Maduro e a mulher foram levados para Nova Iorque para enfrentar acusa\u00e7\u00f5es de narcoterrorismo. Circulam nas redes sociais v\u00eddeos que sugerem uma \u201cparada\u201d policial em Nova Iorque com o presidente deposto; essas imagens n\u00e3o s\u00e3o confirmadas por fontes fi\u00e1veis. As imagens reais mostram Maduro a entrar num ve\u00edculo cercado por agentes da Drug Enforcement Administration (DEA), n\u00e3o numa carrinha com a porta aberta como nas redes sociais. O Observador classifica o conte\u00fado das redes sociais como falso; a cobertura medi\u00e1tica internacional mostra todas as etapas, sem qualquer transporte em portas abertas.","og_url":"https:\/\/portaltela.pt\/noticias\/2026\/01\/27\/maduro-e-transportado-numa-parada-em-nova-iorque\/","og_site_name":"Portal Tela Portugal","article_published_time":"2026-01-27T15:43:00+00:00","author":"Telinha","twitter_card":"summary_large_image","twitter_misc":{"Escrito por":"Telinha","Tempo estimado de leitura":"2 minutos"},"schema":{"@context":"https:\/\/schema.org","@graph":[{"@type":"Article","@id":"https:\/\/portaltela.pt\/noticias\/2026\/01\/27\/maduro-e-transportado-numa-parada-em-nova-iorque\/#article","isPartOf":{"@id":"https:\/\/portaltela.pt\/noticias\/2026\/01\/27\/maduro-e-transportado-numa-parada-em-nova-iorque\/"},"author":{"name":"Telinha","@id":"https:\/\/portaltela.pt\/#\/schema\/person\/c4278d4a6028830caff9ee44b42d32ed"},"headline":"Maduro \u00e9 transportado numa parada em Nova Iorque","datePublished":"2026-01-27T15:43:00+00:00","mainEntityOfPage":{"@id":"https:\/\/portaltela.pt\/noticias\/2026\/01\/27\/maduro-e-transportado-numa-parada-em-nova-iorque\/"},"wordCount":320,"image":{"@id":"https:\/\/portaltela.pt\/noticias\/2026\/01\/27\/maduro-e-transportado-numa-parada-em-nova-iorque\/#primaryimage"},"thumbnailUrl":"https:\/\/portaltela.pt\/s.01k8rhncp4jt1\/2026\/01\/maduro-porta-aberta.jpg","keywords":["crime","Estados Unidos","investiga\u00e7\u00e3o","justi\u00e7a","narco-terrorismo","tribunal"],"articleSection":["Not\u00edcias","Pol\u00edtica"],"inLanguage":"pt-PT"},{"@type":"WebPage","@id":"https:\/\/portaltela.pt\/noticias\/2026\/01\/27\/maduro-e-transportado-numa-parada-em-nova-iorque\/","url":"https:\/\/portaltela.pt\/noticias\/2026\/01\/27\/maduro-e-transportado-numa-parada-em-nova-iorque\/","name":"Maduro \u00e9 transportado numa parada em Nova Iorque - Portal Tela Portugal","isPartOf":{"@id":"https:\/\/portaltela.pt\/#website"},"primaryImageOfPage":{"@id":"https:\/\/portaltela.pt\/noticias\/2026\/01\/27\/maduro-e-transportado-numa-parada-em-nova-iorque\/#primaryimage"},"image":{"@id":"https:\/\/portaltela.pt\/noticias\/2026\/01\/27\/maduro-e-transportado-numa-parada-em-nova-iorque\/#primaryimage"},"thumbnailUrl":"https:\/\/portaltela.pt\/s.01k8rhncp4jt1\/2026\/01\/maduro-porta-aberta.jpg","datePublished":"2026-01-27T15:43:00+00:00","author":{"@id":"https:\/\/portaltela.pt\/#\/schema\/person\/c4278d4a6028830caff9ee44b42d32ed"},"breadcrumb":{"@id":"https:\/\/portaltela.pt\/noticias\/2026\/01\/27\/maduro-e-transportado-numa-parada-em-nova-iorque\/#breadcrumb"},"inLanguage":"pt-PT","potentialAction":[{"@type":"ReadAction","target":["https:\/\/portaltela.pt\/noticias\/2026\/01\/27\/maduro-e-transportado-numa-parada-em-nova-iorque\/"]}]},{"@type":"ImageObject","inLanguage":"pt-PT","@id":"https:\/\/portaltela.pt\/noticias\/2026\/01\/27\/maduro-e-transportado-numa-parada-em-nova-iorque\/#primaryimage","url":"https:\/\/portaltela.pt\/s.01k8rhncp4jt1\/2026\/01\/maduro-porta-aberta.jpg","contentUrl":"https:\/\/portaltela.pt\/s.01k8rhncp4jt1\/2026\/01\/maduro-porta-aberta.jpg","width":796,"height":448,"caption":"Photo"},{"@type":"BreadcrumbList","@id":"https:\/\/portaltela.pt\/noticias\/2026\/01\/27\/maduro-e-transportado-numa-parada-em-nova-iorque\/#breadcrumb","itemListElement":[{"@type":"ListItem","position":1,"name":"In\u00edcio","item":"https:\/\/portaltela.pt\/"},{"@type":"ListItem","position":2,"name":"Maduro \u00e9 transportado numa parada em Nova Iorque"}]},{"@type":"WebSite","@id":"https:\/\/portaltela.pt\/#website","url":"https:\/\/portaltela.pt\/","name":"Portal Tela Portugal","description":"","potentialAction":[{"@type":"SearchAction","target":{"@type":"EntryPoint","urlTemplate":"https:\/\/portaltela.pt\/?s={search_term_string}"},"query-input":{"@type":"PropertyValueSpecification","valueRequired":true,"valueName":"search_term_string"}}],"inLanguage":"pt-PT"},{"@type":"Person","@id":"https:\/\/portaltela.pt\/#\/schema\/person\/c4278d4a6028830caff9ee44b42d32ed","name":"Telinha","image":{"@type":"ImageObject","inLanguage":"pt-PT","@id":"https:\/\/portaltela.pt\/s.01k8rhncp4jt1\/2025\/11\/talking-bot-125x125.png","url":"https:\/\/portaltela.pt\/s.01k8rhncp4jt1\/2025\/11\/talking-bot-125x125.png","contentUrl":"https:\/\/portaltela.pt\/s.01k8rhncp4jt1\/2025\/11\/talking-bot-125x125.png","caption":"Telinha"},"sameAs":["https:\/\/portaltela.pt\/"],"url":"https:\/\/portaltela.pt\/por\/367410592786\/"}]}},"_links":{"self":[{"href":"https:\/\/portaltela.pt\/api\/wp\/v2\/posts\/176701","targetHints":{"allow":["GET"]}}],"collection":[{"href":"https:\/\/portaltela.pt\/api\/wp\/v2\/posts"}],"about":[{"href":"https:\/\/portaltela.pt\/api\/wp\/v2\/types\/post"}],"author":[{"embeddable":true,"href":"https:\/\/portaltela.pt\/api\/wp\/v2\/users\/2"}],"replies":[{"embeddable":true,"href":"https:\/\/portaltela.pt\/api\/wp\/v2\/comments?post=176701"}],"version-history":[{"count":0,"href":"https:\/\/portaltela.pt\/api\/wp\/v2\/posts\/176701\/revisions"}],"wp:featuredmedia":[{"embeddable":true,"href":"https:\/\/portaltela.pt\/api\/wp\/v2\/media\/176705"}],"wp:attachment":[{"href":"https:\/\/portaltela.pt\/api\/wp\/v2\/media?parent=176701"}],"wp:term":[{"taxonomy":"category","embeddable":true,"href":"https:\/\/portaltela.pt\/api\/wp\/v2\/categories?post=176701"},{"taxonomy":"post_tag","embeddable":true,"href":"https:\/\/portaltela.pt\/api\/wp\/v2\/tags?post=176701"}],"curies":[{"name":"wp","href":"https:\/\/api.w.org\/{rel}","templated":true}]}}