{"id":176677,"date":"2026-01-27T12:21:00","date_gmt":"2026-01-27T15:21:00","guid":{"rendered":"https:\/\/portaltela.pt\/noticias\/2026\/01\/27\/foto-de-mulher-associada-a-maduro-em-tribunal-com-hematomas-levanta-duvidas\/"},"modified":"2026-01-27T12:21:00","modified_gmt":"2026-01-27T15:21:00","slug":"foto-de-mulher-associada-a-maduro-em-tribunal-com-hematomas-levanta-duvidas","status":"publish","type":"post","link":"https:\/\/portaltela.pt\/noticias\/internacional\/2026\/01\/27\/foto-de-mulher-associada-a-maduro-em-tribunal-com-hematomas-levanta-duvidas\/","title":{"rendered":"Foto de mulher associada a Maduro em tribunal com hematomas levanta d\u00favidas"},"content":{"rendered":"<p>Do que se sabe at\u00e9 agora, circula nas redes sociais uma imagem que alegadamente mostra Cilia Flores, esposa do presidente venezuelano deposto, em tribunal em Nova Iorque com hematomas no rosto. A not\u00edcia envolve Flores e Nicol\u00e1s Maduro numa a\u00e7\u00e3o de justi\u00e7a relacionada com narcotr\u00e1fico e terrorismo. A deten\u00e7\u00e3o ocorreu a 3 de janeiro numa opera\u00e7\u00e3o militar norte-americana no territ\u00f3rio venezuelano, com apresenta\u00e7\u00e3o a tribunal de Manhattan a 5 de janeiro. Ambos prosseguem cust\u00f3dia e t\u00eam nova audi\u00eancia marcada para 17 de mar\u00e7o.<\/p>\n<p>Observadores indicam que as imagens originais da audi\u00eancia n\u00e3o mostram sinais de hematomas. Registos de transporte e cobertura medi\u00e1tica durante o julgamento mostram Flores com curativos na regi\u00e3o da testa em alguns momentos, mas sem confirmar ferimentos graves no rosto. As imagens de ilustra\u00e7\u00f5es e de artistas, divulgadas por ag\u00eancias, n\u00e3o correspondem a uma fotografia real da sess\u00e3o.<\/p>\n<p>A imagem viralizada n\u00e3o corresponde \u00e0s imagens captadas durante o transporte nem \u00e0s ilustra\u00e7\u00f5es em tribunal. Em declara\u00e7\u00f5es de defesa, citadas pela imprensa, surge a men\u00e7\u00e3o de ferimentos, mas n\u00e3o h\u00e1 confirma\u00e7\u00e3o de hematomas no rosto pela pr\u00f3pria imagem que circula. O conte\u00fado tem sido alvo de verifica\u00e7\u00f5es por organiza\u00e7\u00f5es independentes.<\/p>\n<h3>Verifica\u00e7\u00e3o de facto<\/h3>\n<p>As autoridades de checagem apontam que o conte\u00fado \u00e9 falso ou impreciso, n\u00e3o refletindo com exatid\u00e3o o momento do julgamento. Em publica\u00e7\u00f5es de refer\u00eancia, n\u00e3o h\u00e1 evid\u00eancias de hematomas vis\u00edveis na foto real da audi\u00eancia. A difus\u00e3o de imagens n\u00e3o ver\u00eddicas pode induzir a confus\u00f5es sobre o estado de sa\u00fade da acusada.<\/p>\n<h3>Contexto e gest\u00e3o de informa\u00e7\u00e3o<\/h3>\n<p>As imagens oficiais e as reportagens utilizadas por meios internacionais indicam que Flores esteve em tribunal em Nova Iorque a 5 de janeiro, sob acusa\u00e7\u00e3o ligada a crimes de narcotr\u00e1fico e terrorismo. A defesa mant\u00e9m a posi\u00e7\u00e3o de inoc\u00eancia, enquanto o caso prossegue com nova audi\u00eancia marcada para mar\u00e7o.<\/p>\n","protected":false},"excerpt":{"rendered":"<ul>\n<li>Circulou nas redes sociais uma imagem que alegadamente mostra Cilia Flores, mulher do Presidente deposto da Venezuela, com hematomas no rosto durante o julgamento em Nova Iorque; autoridades classificaram a imagem como falsa.<\/li>\n<li>Cilia Flores e Nicol\u00e1s Maduro foram detidos a 3 de janeiro numa opera\u00e7\u00e3o norte-americana e trazidos para os Estados Unidos para enfrentar acusa\u00e7\u00f5es relacionadas com narcotr\u00e1fico e terrorismo; o julgamento ocorreu no Tribunal de Manhattan a 5 de janeiro, onde ambos se declararam inocentes.<\/li>\n<li>Ambos permanecem em pris\u00e3o preventiva e t\u00eam nova audi\u00eancia marcada para 17 de mar\u00e7o.<\/li>\n<li>V\u00eddeos de meios de comunica\u00e7\u00e3o e ilustra\u00e7\u00f5es usadas em cobertura indicam que Flores esteve com curativos na testa, mas n\u00e3o aparecem hematomas vis\u00edveis na imagem em circula\u00e7\u00e3o.<\/li>\n<li>O advogado de Flores afirmou que a cliente sofreu ferimentos graves durante o rapto pelas for\u00e7as norte-americanas; a imagem em circula\u00e7\u00e3o n\u00e3o corresponde \u00e0s imagens divulgadas pelos media nem \u00e0s ilustra\u00e7\u00f5es do julgamento.<\/li>\n<\/ul>\n","protected":false},"author":2,"featured_media":176681,"comment_status":"closed","ping_status":"closed","sticky":false,"template":"","format":"standard","meta":{"footnotes":""},"categories":[4,1],"tags":[147,803,2455,2832,2349,2758],"class_list":["post-176677","post","type-post","status-publish","format-standard","has-post-thumbnail","hentry","category-internacional","category-noticias","tag-crime","tag-justica","tag-narco-terrorismo","tag-politica","tag-trafico-de-drogas","tag-venezuela"],"yoast_head":"<!-- This site is optimized with the Yoast SEO plugin v27.2 - https:\/\/yoast.com\/product\/yoast-seo-wordpress\/ -->\n<title>Foto de mulher associada a Maduro em tribunal com hematomas levanta d\u00favidas - Portal Tela Portugal<\/title>\n<meta name=\"robots\" content=\"index, follow, max-snippet:-1, max-image-preview:large, max-video-preview:-1\" \/>\n<meta property=\"og:locale\" content=\"pt_PT\" \/>\n<meta property=\"og:type\" content=\"article\" \/>\n<meta property=\"og:title\" content=\"Foto de mulher associada a Maduro em tribunal com hematomas levanta d\u00favidas - Portal Tela Portugal\" \/>\n<meta property=\"og:description\" content=\"Circulou nas redes sociais uma imagem que alegadamente mostra Cilia Flores, mulher do Presidente deposto da Venezuela, com hematomas no rosto durante o julgamento em Nova Iorque; autoridades classificaram a imagem como falsa. Cilia Flores e Nicol\u00e1s Maduro foram detidos a 3 de janeiro numa opera\u00e7\u00e3o norte-americana e trazidos para os Estados Unidos para enfrentar acusa\u00e7\u00f5es relacionadas com narcotr\u00e1fico e terrorismo; o julgamento ocorreu no Tribunal de Manhattan a 5 de janeiro, onde ambos se declararam inocentes. Ambos permanecem em pris\u00e3o preventiva e t\u00eam nova audi\u00eancia marcada para 17 de mar\u00e7o. V\u00eddeos de meios de comunica\u00e7\u00e3o e ilustra\u00e7\u00f5es usadas em cobertura indicam que Flores esteve com curativos na testa, mas n\u00e3o aparecem hematomas vis\u00edveis na imagem em circula\u00e7\u00e3o. O advogado de Flores afirmou que a cliente sofreu ferimentos graves durante o rapto pelas for\u00e7as norte-americanas; a imagem em circula\u00e7\u00e3o n\u00e3o corresponde \u00e0s imagens divulgadas pelos media nem \u00e0s ilustra\u00e7\u00f5es do julgamento.\" \/>\n<meta property=\"og:url\" content=\"https:\/\/portaltela.pt\/noticias\/2026\/01\/27\/foto-de-mulher-associada-a-maduro-em-tribunal-com-hematomas-levanta-duvidas\/\" \/>\n<meta property=\"og:site_name\" content=\"Portal Tela Portugal\" \/>\n<meta property=\"article:published_time\" content=\"2026-01-27T15:21:00+00:00\" \/>\n<meta name=\"author\" content=\"Telinha\" \/>\n<meta name=\"twitter:card\" content=\"summary_large_image\" \/>\n<meta name=\"twitter:label1\" content=\"Escrito por\" \/>\n\t<meta name=\"twitter:data1\" content=\"Telinha\" \/>\n\t<meta name=\"twitter:label2\" content=\"Tempo estimado de leitura\" \/>\n\t<meta name=\"twitter:data2\" content=\"2 minutos\" \/>\n<script type=\"application\/ld+json\" class=\"yoast-schema-graph\">{\"@context\":\"https:\/\/schema.org\",\"@graph\":[{\"@type\":\"Article\",\"@id\":\"https:\/\/portaltela.pt\/noticias\/2026\/01\/27\/foto-de-mulher-associada-a-maduro-em-tribunal-com-hematomas-levanta-duvidas\/#article\",\"isPartOf\":{\"@id\":\"https:\/\/portaltela.pt\/noticias\/2026\/01\/27\/foto-de-mulher-associada-a-maduro-em-tribunal-com-hematomas-levanta-duvidas\/\"},\"author\":{\"name\":\"Telinha\",\"@id\":\"https:\/\/portaltela.pt\/#\/schema\/person\/c4278d4a6028830caff9ee44b42d32ed\"},\"headline\":\"Foto de mulher associada a Maduro em tribunal com hematomas levanta d\u00favidas\",\"datePublished\":\"2026-01-27T15:21:00+00:00\",\"mainEntityOfPage\":{\"@id\":\"https:\/\/portaltela.pt\/noticias\/2026\/01\/27\/foto-de-mulher-associada-a-maduro-em-tribunal-com-hematomas-levanta-duvidas\/\"},\"wordCount\":364,\"image\":{\"@id\":\"https:\/\/portaltela.pt\/noticias\/2026\/01\/27\/foto-de-mulher-associada-a-maduro-em-tribunal-com-hematomas-levanta-duvidas\/#primaryimage\"},\"thumbnailUrl\":\"https:\/\/portaltela.pt\/s.01k8rhncp4jt1\/2026\/01\/captura-de-ecra-2026-01-27-as-151739.jpg\",\"keywords\":[\"crime\",\"justi\u00e7a\",\"narco-terrorismo\",\"pol\u00edtica\",\"tr\u00e1fico de drogas\",\"Venezuela\"],\"articleSection\":[\"Internacional\",\"Not\u00edcias\"],\"inLanguage\":\"pt-PT\"},{\"@type\":\"WebPage\",\"@id\":\"https:\/\/portaltela.pt\/noticias\/2026\/01\/27\/foto-de-mulher-associada-a-maduro-em-tribunal-com-hematomas-levanta-duvidas\/\",\"url\":\"https:\/\/portaltela.pt\/noticias\/2026\/01\/27\/foto-de-mulher-associada-a-maduro-em-tribunal-com-hematomas-levanta-duvidas\/\",\"name\":\"Foto de mulher associada a Maduro em tribunal com hematomas levanta d\u00favidas - Portal Tela Portugal\",\"isPartOf\":{\"@id\":\"https:\/\/portaltela.pt\/#website\"},\"primaryImageOfPage\":{\"@id\":\"https:\/\/portaltela.pt\/noticias\/2026\/01\/27\/foto-de-mulher-associada-a-maduro-em-tribunal-com-hematomas-levanta-duvidas\/#primaryimage\"},\"image\":{\"@id\":\"https:\/\/portaltela.pt\/noticias\/2026\/01\/27\/foto-de-mulher-associada-a-maduro-em-tribunal-com-hematomas-levanta-duvidas\/#primaryimage\"},\"thumbnailUrl\":\"https:\/\/portaltela.pt\/s.01k8rhncp4jt1\/2026\/01\/captura-de-ecra-2026-01-27-as-151739.jpg\",\"datePublished\":\"2026-01-27T15:21:00+00:00\",\"author\":{\"@id\":\"https:\/\/portaltela.pt\/#\/schema\/person\/c4278d4a6028830caff9ee44b42d32ed\"},\"breadcrumb\":{\"@id\":\"https:\/\/portaltela.pt\/noticias\/2026\/01\/27\/foto-de-mulher-associada-a-maduro-em-tribunal-com-hematomas-levanta-duvidas\/#breadcrumb\"},\"inLanguage\":\"pt-PT\",\"potentialAction\":[{\"@type\":\"ReadAction\",\"target\":[\"https:\/\/portaltela.pt\/noticias\/2026\/01\/27\/foto-de-mulher-associada-a-maduro-em-tribunal-com-hematomas-levanta-duvidas\/\"]}]},{\"@type\":\"ImageObject\",\"inLanguage\":\"pt-PT\",\"@id\":\"https:\/\/portaltela.pt\/noticias\/2026\/01\/27\/foto-de-mulher-associada-a-maduro-em-tribunal-com-hematomas-levanta-duvidas\/#primaryimage\",\"url\":\"https:\/\/portaltela.pt\/s.01k8rhncp4jt1\/2026\/01\/captura-de-ecra-2026-01-27-as-151739.jpg\",\"contentUrl\":\"https:\/\/portaltela.pt\/s.01k8rhncp4jt1\/2026\/01\/captura-de-ecra-2026-01-27-as-151739.jpg\",\"width\":796,\"height\":448,\"caption\":\"Photo\"},{\"@type\":\"BreadcrumbList\",\"@id\":\"https:\/\/portaltela.pt\/noticias\/2026\/01\/27\/foto-de-mulher-associada-a-maduro-em-tribunal-com-hematomas-levanta-duvidas\/#breadcrumb\",\"itemListElement\":[{\"@type\":\"ListItem\",\"position\":1,\"name\":\"In\u00edcio\",\"item\":\"https:\/\/portaltela.pt\/\"},{\"@type\":\"ListItem\",\"position\":2,\"name\":\"Foto de mulher associada a Maduro em tribunal com hematomas levanta d\u00favidas\"}]},{\"@type\":\"WebSite\",\"@id\":\"https:\/\/portaltela.pt\/#website\",\"url\":\"https:\/\/portaltela.pt\/\",\"name\":\"Portal Tela Portugal\",\"description\":\"\",\"potentialAction\":[{\"@type\":\"SearchAction\",\"target\":{\"@type\":\"EntryPoint\",\"urlTemplate\":\"https:\/\/portaltela.pt\/?s={search_term_string}\"},\"query-input\":{\"@type\":\"PropertyValueSpecification\",\"valueRequired\":true,\"valueName\":\"search_term_string\"}}],\"inLanguage\":\"pt-PT\"},{\"@type\":\"Person\",\"@id\":\"https:\/\/portaltela.pt\/#\/schema\/person\/c4278d4a6028830caff9ee44b42d32ed\",\"name\":\"Telinha\",\"image\":{\"@type\":\"ImageObject\",\"inLanguage\":\"pt-PT\",\"@id\":\"https:\/\/portaltela.pt\/s.01k8rhncp4jt1\/2025\/11\/talking-bot-125x125.png\",\"url\":\"https:\/\/portaltela.pt\/s.01k8rhncp4jt1\/2025\/11\/talking-bot-125x125.png\",\"contentUrl\":\"https:\/\/portaltela.pt\/s.01k8rhncp4jt1\/2025\/11\/talking-bot-125x125.png\",\"caption\":\"Telinha\"},\"sameAs\":[\"https:\/\/portaltela.pt\/\"],\"url\":\"https:\/\/portaltela.pt\/por\/367410592786\/\"}]}<\/script>\n<!-- \/ Yoast SEO plugin. -->","yoast_head_json":{"title":"Foto de mulher associada a Maduro em tribunal com hematomas levanta d\u00favidas - Portal Tela Portugal","robots":{"index":"index","follow":"follow","max-snippet":"max-snippet:-1","max-image-preview":"max-image-preview:large","max-video-preview":"max-video-preview:-1"},"og_locale":"pt_PT","og_type":"article","og_title":"Foto de mulher associada a Maduro em tribunal com hematomas levanta d\u00favidas - Portal Tela Portugal","og_description":"Circulou nas redes sociais uma imagem que alegadamente mostra Cilia Flores, mulher do Presidente deposto da Venezuela, com hematomas no rosto durante o julgamento em Nova Iorque; autoridades classificaram a imagem como falsa. Cilia Flores e Nicol\u00e1s Maduro foram detidos a 3 de janeiro numa opera\u00e7\u00e3o norte-americana e trazidos para os Estados Unidos para enfrentar acusa\u00e7\u00f5es relacionadas com narcotr\u00e1fico e terrorismo; o julgamento ocorreu no Tribunal de Manhattan a 5 de janeiro, onde ambos se declararam inocentes. Ambos permanecem em pris\u00e3o preventiva e t\u00eam nova audi\u00eancia marcada para 17 de mar\u00e7o. V\u00eddeos de meios de comunica\u00e7\u00e3o e ilustra\u00e7\u00f5es usadas em cobertura indicam que Flores esteve com curativos na testa, mas n\u00e3o aparecem hematomas vis\u00edveis na imagem em circula\u00e7\u00e3o. O advogado de Flores afirmou que a cliente sofreu ferimentos graves durante o rapto pelas for\u00e7as norte-americanas; a imagem em circula\u00e7\u00e3o n\u00e3o corresponde \u00e0s imagens divulgadas pelos media nem \u00e0s ilustra\u00e7\u00f5es do julgamento.","og_url":"https:\/\/portaltela.pt\/noticias\/2026\/01\/27\/foto-de-mulher-associada-a-maduro-em-tribunal-com-hematomas-levanta-duvidas\/","og_site_name":"Portal Tela Portugal","article_published_time":"2026-01-27T15:21:00+00:00","author":"Telinha","twitter_card":"summary_large_image","twitter_misc":{"Escrito por":"Telinha","Tempo estimado de leitura":"2 minutos"},"schema":{"@context":"https:\/\/schema.org","@graph":[{"@type":"Article","@id":"https:\/\/portaltela.pt\/noticias\/2026\/01\/27\/foto-de-mulher-associada-a-maduro-em-tribunal-com-hematomas-levanta-duvidas\/#article","isPartOf":{"@id":"https:\/\/portaltela.pt\/noticias\/2026\/01\/27\/foto-de-mulher-associada-a-maduro-em-tribunal-com-hematomas-levanta-duvidas\/"},"author":{"name":"Telinha","@id":"https:\/\/portaltela.pt\/#\/schema\/person\/c4278d4a6028830caff9ee44b42d32ed"},"headline":"Foto de mulher associada a Maduro em tribunal com hematomas levanta d\u00favidas","datePublished":"2026-01-27T15:21:00+00:00","mainEntityOfPage":{"@id":"https:\/\/portaltela.pt\/noticias\/2026\/01\/27\/foto-de-mulher-associada-a-maduro-em-tribunal-com-hematomas-levanta-duvidas\/"},"wordCount":364,"image":{"@id":"https:\/\/portaltela.pt\/noticias\/2026\/01\/27\/foto-de-mulher-associada-a-maduro-em-tribunal-com-hematomas-levanta-duvidas\/#primaryimage"},"thumbnailUrl":"https:\/\/portaltela.pt\/s.01k8rhncp4jt1\/2026\/01\/captura-de-ecra-2026-01-27-as-151739.jpg","keywords":["crime","justi\u00e7a","narco-terrorismo","pol\u00edtica","tr\u00e1fico de drogas","Venezuela"],"articleSection":["Internacional","Not\u00edcias"],"inLanguage":"pt-PT"},{"@type":"WebPage","@id":"https:\/\/portaltela.pt\/noticias\/2026\/01\/27\/foto-de-mulher-associada-a-maduro-em-tribunal-com-hematomas-levanta-duvidas\/","url":"https:\/\/portaltela.pt\/noticias\/2026\/01\/27\/foto-de-mulher-associada-a-maduro-em-tribunal-com-hematomas-levanta-duvidas\/","name":"Foto de mulher associada a Maduro em tribunal com hematomas levanta d\u00favidas - Portal Tela Portugal","isPartOf":{"@id":"https:\/\/portaltela.pt\/#website"},"primaryImageOfPage":{"@id":"https:\/\/portaltela.pt\/noticias\/2026\/01\/27\/foto-de-mulher-associada-a-maduro-em-tribunal-com-hematomas-levanta-duvidas\/#primaryimage"},"image":{"@id":"https:\/\/portaltela.pt\/noticias\/2026\/01\/27\/foto-de-mulher-associada-a-maduro-em-tribunal-com-hematomas-levanta-duvidas\/#primaryimage"},"thumbnailUrl":"https:\/\/portaltela.pt\/s.01k8rhncp4jt1\/2026\/01\/captura-de-ecra-2026-01-27-as-151739.jpg","datePublished":"2026-01-27T15:21:00+00:00","author":{"@id":"https:\/\/portaltela.pt\/#\/schema\/person\/c4278d4a6028830caff9ee44b42d32ed"},"breadcrumb":{"@id":"https:\/\/portaltela.pt\/noticias\/2026\/01\/27\/foto-de-mulher-associada-a-maduro-em-tribunal-com-hematomas-levanta-duvidas\/#breadcrumb"},"inLanguage":"pt-PT","potentialAction":[{"@type":"ReadAction","target":["https:\/\/portaltela.pt\/noticias\/2026\/01\/27\/foto-de-mulher-associada-a-maduro-em-tribunal-com-hematomas-levanta-duvidas\/"]}]},{"@type":"ImageObject","inLanguage":"pt-PT","@id":"https:\/\/portaltela.pt\/noticias\/2026\/01\/27\/foto-de-mulher-associada-a-maduro-em-tribunal-com-hematomas-levanta-duvidas\/#primaryimage","url":"https:\/\/portaltela.pt\/s.01k8rhncp4jt1\/2026\/01\/captura-de-ecra-2026-01-27-as-151739.jpg","contentUrl":"https:\/\/portaltela.pt\/s.01k8rhncp4jt1\/2026\/01\/captura-de-ecra-2026-01-27-as-151739.jpg","width":796,"height":448,"caption":"Photo"},{"@type":"BreadcrumbList","@id":"https:\/\/portaltela.pt\/noticias\/2026\/01\/27\/foto-de-mulher-associada-a-maduro-em-tribunal-com-hematomas-levanta-duvidas\/#breadcrumb","itemListElement":[{"@type":"ListItem","position":1,"name":"In\u00edcio","item":"https:\/\/portaltela.pt\/"},{"@type":"ListItem","position":2,"name":"Foto de mulher associada a Maduro em tribunal com hematomas levanta d\u00favidas"}]},{"@type":"WebSite","@id":"https:\/\/portaltela.pt\/#website","url":"https:\/\/portaltela.pt\/","name":"Portal Tela Portugal","description":"","potentialAction":[{"@type":"SearchAction","target":{"@type":"EntryPoint","urlTemplate":"https:\/\/portaltela.pt\/?s={search_term_string}"},"query-input":{"@type":"PropertyValueSpecification","valueRequired":true,"valueName":"search_term_string"}}],"inLanguage":"pt-PT"},{"@type":"Person","@id":"https:\/\/portaltela.pt\/#\/schema\/person\/c4278d4a6028830caff9ee44b42d32ed","name":"Telinha","image":{"@type":"ImageObject","inLanguage":"pt-PT","@id":"https:\/\/portaltela.pt\/s.01k8rhncp4jt1\/2025\/11\/talking-bot-125x125.png","url":"https:\/\/portaltela.pt\/s.01k8rhncp4jt1\/2025\/11\/talking-bot-125x125.png","contentUrl":"https:\/\/portaltela.pt\/s.01k8rhncp4jt1\/2025\/11\/talking-bot-125x125.png","caption":"Telinha"},"sameAs":["https:\/\/portaltela.pt\/"],"url":"https:\/\/portaltela.pt\/por\/367410592786\/"}]}},"_links":{"self":[{"href":"https:\/\/portaltela.pt\/api\/wp\/v2\/posts\/176677","targetHints":{"allow":["GET"]}}],"collection":[{"href":"https:\/\/portaltela.pt\/api\/wp\/v2\/posts"}],"about":[{"href":"https:\/\/portaltela.pt\/api\/wp\/v2\/types\/post"}],"author":[{"embeddable":true,"href":"https:\/\/portaltela.pt\/api\/wp\/v2\/users\/2"}],"replies":[{"embeddable":true,"href":"https:\/\/portaltela.pt\/api\/wp\/v2\/comments?post=176677"}],"version-history":[{"count":0,"href":"https:\/\/portaltela.pt\/api\/wp\/v2\/posts\/176677\/revisions"}],"wp:featuredmedia":[{"embeddable":true,"href":"https:\/\/portaltela.pt\/api\/wp\/v2\/media\/176681"}],"wp:attachment":[{"href":"https:\/\/portaltela.pt\/api\/wp\/v2\/media?parent=176677"}],"wp:term":[{"taxonomy":"category","embeddable":true,"href":"https:\/\/portaltela.pt\/api\/wp\/v2\/categories?post=176677"},{"taxonomy":"post_tag","embeddable":true,"href":"https:\/\/portaltela.pt\/api\/wp\/v2\/tags?post=176677"}],"curies":[{"name":"wp","href":"https:\/\/api.w.org\/{rel}","templated":true}]}}