{"id":176676,"date":"2026-01-27T12:32:29","date_gmt":"2026-01-27T15:32:29","guid":{"rendered":"https:\/\/portaltela.pt\/noticias\/2026\/01\/27\/governo-anuncia-apoio-a-compra-de-paineis-solares\/"},"modified":"2026-01-27T12:32:29","modified_gmt":"2026-01-27T15:32:29","slug":"governo-anuncia-apoio-a-compra-de-paineis-solares","status":"publish","type":"post","link":"https:\/\/portaltela.pt\/noticias\/2026\/01\/27\/governo-anuncia-apoio-a-compra-de-paineis-solares\/","title":{"rendered":"Governo anuncia apoio \u00e0 compra de pain\u00e9is solares"},"content":{"rendered":"<p>O Governo vai lan\u00e7ar um programa de apoio \u00e0 compra de pain\u00e9is solares pelas fam\u00edlias. A proposta foi anunciada na ter\u00e7a-feira pela ministra do Ambiente e Energia, Maria da Gra\u00e7a Carvalho, numa audi\u00e7\u00e3o no parlamento. O objetivo \u00e9 criar vouchers para aquisi\u00e7\u00e3o de equipamentos de gera\u00e7\u00e3o de energia fotovoltaica a n\u00edvel residencial.<\/p>\n<p>Segundo a ministra, o programa ser\u00e1 inspirado no E-Lar, pensado para a substitui\u00e7\u00e3o de fog\u00f5es a g\u00e1s, mas aplicado a sistemas de mini-gera\u00e7\u00e3o fotovoltaica. Os vouchers destinam-se \u00e0 aquisi\u00e7\u00e3o de equipamentos para produzir energia renov\u00e1vel em casa, sem ainda divulgar detalhes adicionais.<\/p>\n<p>No registo inicial da audi\u00e7\u00e3o, foram partilhados dados sobre o E-Lar. A dota\u00e7\u00e3o inicial foi de 30 milh\u00f5es de euros, refor\u00e7ada com 60,8 milh\u00f5es, ambos financiados pelo PRR. Na segunda fase, chegaram 108 mil candidaturas.<\/p>\n<p>At\u00e9 \u00e0 \u00faltima sexta-feira tinham sido recebidas 68 mil candidaturas e emitidos 47 mil vouchers. Ainda \u00e9 poss\u00edvel apresentar candidaturas, at\u00e9 esgotarem as verbas ou terminar a vig\u00eancia do PRR, em agosto.<\/p>\n<h3>Novo foco em ve\u00edculos el\u00e9tricos<\/h3>\n<p>Relativamente aos incentivos de dezembro de 2025 para ve\u00edculos com emiss\u00f5es reduzidas e carregadores, com 17,6 milh\u00f5es de euros no total, o an\u00fancio destacou que, para autom\u00f3veis ligeiros, o stock esgotou ao fim de seis horas para clientes particulares, refletindo o interesse no programa.<\/p>\n<p>Face a estes n\u00fameros, o Governo autorizou, na \u00faltima reuni\u00e3o do Conselho de Ministros, o Fundo Ambiental a abrir um novo concurso para ve\u00edculos el\u00e9tricos ligeiros, com uma dota\u00e7\u00e3o de 20 milh\u00f5es de euros.<\/p>\n","protected":false},"excerpt":{"rendered":"<ul>\n<li>O Governo vai lan\u00e7ar um programa de apoio \u00e0 compra de pain\u00e9is solares pelas fam\u00edlias, com vouchers, semelhante ao programa E-Lar.<\/li>\n<li>A ministra do Ambiente e Energia, Maria da Gra\u00e7a Carvalho, disse que os vouchers s\u00e3o destinados \u00e0 aquisi\u00e7\u00e3o de equipamentos para a produ\u00e7\u00e3o de energias renov\u00e1veis pelas fam\u00edlias.<\/li>\n<li>No E-Lar, a dota\u00e7\u00e3o inicial foi de 30 milh\u00f5es de euros, refor\u00e7ada com 60,8 milh\u00f5es de euros, ambos financiados pelo Plano de Recupera\u00e7\u00e3o e Resili\u00eancia (PRR).<\/li>\n<li>Na segunda fase do E-Lar foram entregues 108 mil candidaturas; at\u00e9 \u00e0 passada sexta-feira tinham sido apresentadas 68 mil candidaturas e emitidos 47 mil vouchers, com candidaturas ainda a depender de verba ou do fim do PRR em agosto.<\/li>\n<li>O Governo autorizou o Fundo Ambiental a abrir um novo concurso para ve\u00edculos el\u00e9tricos ligeiros, com dota\u00e7\u00e3o de 20 milh\u00f5es de euros, ap\u00f3s incentivos de dezembro de 2025 para autom\u00f3veis com emiss\u00f5es reduzidas e carregadores que esgotaram rapidamente.<\/li>\n<\/ul>\n","protected":false},"author":2,"featured_media":176682,"comment_status":"closed","ping_status":"closed","sticky":false,"template":"","format":"standard","meta":{"footnotes":""},"categories":[1],"tags":[2371,755,174,2105,3603,3985],"class_list":["post-176676","post","type-post","status-publish","format-standard","has-post-thumbnail","hentry","category-noticias","tag-automoveis","tag-desenvolvimento-sustentavel","tag-energia","tag-energia-limpa","tag-energias-renovaveis","tag-fundo-ambiental"],"yoast_head":"<!-- This site is optimized with the Yoast SEO plugin v27.2 - https:\/\/yoast.com\/product\/yoast-seo-wordpress\/ -->\n<title>Governo anuncia apoio \u00e0 compra de pain\u00e9is solares - Portal Tela Portugal<\/title>\n<meta name=\"robots\" content=\"index, follow, max-snippet:-1, max-image-preview:large, max-video-preview:-1\" \/>\n<meta property=\"og:locale\" content=\"pt_PT\" \/>\n<meta property=\"og:type\" content=\"article\" \/>\n<meta property=\"og:title\" content=\"Governo anuncia apoio \u00e0 compra de pain\u00e9is solares - Portal Tela Portugal\" \/>\n<meta property=\"og:description\" content=\"O Governo vai lan\u00e7ar um programa de apoio \u00e0 compra de pain\u00e9is solares pelas fam\u00edlias, com vouchers, semelhante ao programa E-Lar. A ministra do Ambiente e Energia, Maria da Gra\u00e7a Carvalho, disse que os vouchers s\u00e3o destinados \u00e0 aquisi\u00e7\u00e3o de equipamentos para a produ\u00e7\u00e3o de energias renov\u00e1veis pelas fam\u00edlias. No E-Lar, a dota\u00e7\u00e3o inicial foi de 30 milh\u00f5es de euros, refor\u00e7ada com 60,8 milh\u00f5es de euros, ambos financiados pelo Plano de Recupera\u00e7\u00e3o e Resili\u00eancia (PRR). Na segunda fase do E-Lar foram entregues 108 mil candidaturas; at\u00e9 \u00e0 passada sexta-feira tinham sido apresentadas 68 mil candidaturas e emitidos 47 mil vouchers, com candidaturas ainda a depender de verba ou do fim do PRR em agosto. O Governo autorizou o Fundo Ambiental a abrir um novo concurso para ve\u00edculos el\u00e9tricos ligeiros, com dota\u00e7\u00e3o de 20 milh\u00f5es de euros, ap\u00f3s incentivos de dezembro de 2025 para autom\u00f3veis com emiss\u00f5es reduzidas e carregadores que esgotaram rapidamente.\" \/>\n<meta property=\"og:url\" content=\"https:\/\/portaltela.pt\/noticias\/2026\/01\/27\/governo-anuncia-apoio-a-compra-de-paineis-solares\/\" \/>\n<meta property=\"og:site_name\" content=\"Portal Tela Portugal\" \/>\n<meta property=\"article:published_time\" content=\"2026-01-27T15:32:29+00:00\" \/>\n<meta name=\"author\" content=\"Telinha\" \/>\n<meta name=\"twitter:card\" content=\"summary_large_image\" \/>\n<meta name=\"twitter:label1\" content=\"Escrito por\" \/>\n\t<meta name=\"twitter:data1\" content=\"Telinha\" \/>\n\t<meta name=\"twitter:label2\" content=\"Tempo estimado de leitura\" \/>\n\t<meta name=\"twitter:data2\" content=\"1 minuto\" \/>\n<script type=\"application\/ld+json\" class=\"yoast-schema-graph\">{\"@context\":\"https:\/\/schema.org\",\"@graph\":[{\"@type\":\"Article\",\"@id\":\"https:\/\/portaltela.pt\/noticias\/2026\/01\/27\/governo-anuncia-apoio-a-compra-de-paineis-solares\/#article\",\"isPartOf\":{\"@id\":\"https:\/\/portaltela.pt\/noticias\/2026\/01\/27\/governo-anuncia-apoio-a-compra-de-paineis-solares\/\"},\"author\":{\"name\":\"Telinha\",\"@id\":\"https:\/\/portaltela.pt\/#\/schema\/person\/c4278d4a6028830caff9ee44b42d32ed\"},\"headline\":\"Governo anuncia apoio \u00e0 compra de pain\u00e9is solares\",\"datePublished\":\"2026-01-27T15:32:29+00:00\",\"mainEntityOfPage\":{\"@id\":\"https:\/\/portaltela.pt\/noticias\/2026\/01\/27\/governo-anuncia-apoio-a-compra-de-paineis-solares\/\"},\"wordCount\":274,\"image\":{\"@id\":\"https:\/\/portaltela.pt\/noticias\/2026\/01\/27\/governo-anuncia-apoio-a-compra-de-paineis-solares\/#primaryimage\"},\"thumbnailUrl\":\"https:\/\/portaltela.pt\/s.01k8rhncp4jt1\/2026\/01\/seguro_outline_cor-182.jpg\",\"keywords\":[\"Autom\u00f3veis\",\"desenvolvimento sustent\u00e1vel\",\"energia\",\"energia limpa\",\"energias renov\u00e1veis\",\"Fundo Ambiental\"],\"articleSection\":[\"Not\u00edcias\"],\"inLanguage\":\"pt-PT\"},{\"@type\":\"WebPage\",\"@id\":\"https:\/\/portaltela.pt\/noticias\/2026\/01\/27\/governo-anuncia-apoio-a-compra-de-paineis-solares\/\",\"url\":\"https:\/\/portaltela.pt\/noticias\/2026\/01\/27\/governo-anuncia-apoio-a-compra-de-paineis-solares\/\",\"name\":\"Governo anuncia apoio \u00e0 compra de pain\u00e9is solares - Portal Tela Portugal\",\"isPartOf\":{\"@id\":\"https:\/\/portaltela.pt\/#website\"},\"primaryImageOfPage\":{\"@id\":\"https:\/\/portaltela.pt\/noticias\/2026\/01\/27\/governo-anuncia-apoio-a-compra-de-paineis-solares\/#primaryimage\"},\"image\":{\"@id\":\"https:\/\/portaltela.pt\/noticias\/2026\/01\/27\/governo-anuncia-apoio-a-compra-de-paineis-solares\/#primaryimage\"},\"thumbnailUrl\":\"https:\/\/portaltela.pt\/s.01k8rhncp4jt1\/2026\/01\/seguro_outline_cor-182.jpg\",\"datePublished\":\"2026-01-27T15:32:29+00:00\",\"author\":{\"@id\":\"https:\/\/portaltela.pt\/#\/schema\/person\/c4278d4a6028830caff9ee44b42d32ed\"},\"breadcrumb\":{\"@id\":\"https:\/\/portaltela.pt\/noticias\/2026\/01\/27\/governo-anuncia-apoio-a-compra-de-paineis-solares\/#breadcrumb\"},\"inLanguage\":\"pt-PT\",\"potentialAction\":[{\"@type\":\"ReadAction\",\"target\":[\"https:\/\/portaltela.pt\/noticias\/2026\/01\/27\/governo-anuncia-apoio-a-compra-de-paineis-solares\/\"]}]},{\"@type\":\"ImageObject\",\"inLanguage\":\"pt-PT\",\"@id\":\"https:\/\/portaltela.pt\/noticias\/2026\/01\/27\/governo-anuncia-apoio-a-compra-de-paineis-solares\/#primaryimage\",\"url\":\"https:\/\/portaltela.pt\/s.01k8rhncp4jt1\/2026\/01\/seguro_outline_cor-182.jpg\",\"contentUrl\":\"https:\/\/portaltela.pt\/s.01k8rhncp4jt1\/2026\/01\/seguro_outline_cor-182.jpg\",\"width\":796,\"height\":448,\"caption\":\"A ministra do Ambiente e Energia, Maria da Gra\u00e7a Carvalho, durante a sua audi\u00e7\u00e3o na Comiss\u00e3o de Ambiente e Energia, na Assembleia da Rep\u00fablica, em Lisboa, 20 de janeiro de 2026. MARCOS BORGA\/LUSA\"},{\"@type\":\"BreadcrumbList\",\"@id\":\"https:\/\/portaltela.pt\/noticias\/2026\/01\/27\/governo-anuncia-apoio-a-compra-de-paineis-solares\/#breadcrumb\",\"itemListElement\":[{\"@type\":\"ListItem\",\"position\":1,\"name\":\"In\u00edcio\",\"item\":\"https:\/\/portaltela.pt\/\"},{\"@type\":\"ListItem\",\"position\":2,\"name\":\"Governo anuncia apoio \u00e0 compra de pain\u00e9is solares\"}]},{\"@type\":\"WebSite\",\"@id\":\"https:\/\/portaltela.pt\/#website\",\"url\":\"https:\/\/portaltela.pt\/\",\"name\":\"Portal Tela Portugal\",\"description\":\"\",\"potentialAction\":[{\"@type\":\"SearchAction\",\"target\":{\"@type\":\"EntryPoint\",\"urlTemplate\":\"https:\/\/portaltela.pt\/?s={search_term_string}\"},\"query-input\":{\"@type\":\"PropertyValueSpecification\",\"valueRequired\":true,\"valueName\":\"search_term_string\"}}],\"inLanguage\":\"pt-PT\"},{\"@type\":\"Person\",\"@id\":\"https:\/\/portaltela.pt\/#\/schema\/person\/c4278d4a6028830caff9ee44b42d32ed\",\"name\":\"Telinha\",\"image\":{\"@type\":\"ImageObject\",\"inLanguage\":\"pt-PT\",\"@id\":\"https:\/\/portaltela.pt\/s.01k8rhncp4jt1\/2025\/11\/talking-bot-125x125.png\",\"url\":\"https:\/\/portaltela.pt\/s.01k8rhncp4jt1\/2025\/11\/talking-bot-125x125.png\",\"contentUrl\":\"https:\/\/portaltela.pt\/s.01k8rhncp4jt1\/2025\/11\/talking-bot-125x125.png\",\"caption\":\"Telinha\"},\"sameAs\":[\"https:\/\/portaltela.pt\/\"],\"url\":\"https:\/\/portaltela.pt\/por\/367410592786\/\"}]}<\/script>\n<!-- \/ Yoast SEO plugin. -->","yoast_head_json":{"title":"Governo anuncia apoio \u00e0 compra de pain\u00e9is solares - Portal Tela Portugal","robots":{"index":"index","follow":"follow","max-snippet":"max-snippet:-1","max-image-preview":"max-image-preview:large","max-video-preview":"max-video-preview:-1"},"og_locale":"pt_PT","og_type":"article","og_title":"Governo anuncia apoio \u00e0 compra de pain\u00e9is solares - Portal Tela Portugal","og_description":"O Governo vai lan\u00e7ar um programa de apoio \u00e0 compra de pain\u00e9is solares pelas fam\u00edlias, com vouchers, semelhante ao programa E-Lar. A ministra do Ambiente e Energia, Maria da Gra\u00e7a Carvalho, disse que os vouchers s\u00e3o destinados \u00e0 aquisi\u00e7\u00e3o de equipamentos para a produ\u00e7\u00e3o de energias renov\u00e1veis pelas fam\u00edlias. No E-Lar, a dota\u00e7\u00e3o inicial foi de 30 milh\u00f5es de euros, refor\u00e7ada com 60,8 milh\u00f5es de euros, ambos financiados pelo Plano de Recupera\u00e7\u00e3o e Resili\u00eancia (PRR). Na segunda fase do E-Lar foram entregues 108 mil candidaturas; at\u00e9 \u00e0 passada sexta-feira tinham sido apresentadas 68 mil candidaturas e emitidos 47 mil vouchers, com candidaturas ainda a depender de verba ou do fim do PRR em agosto. O Governo autorizou o Fundo Ambiental a abrir um novo concurso para ve\u00edculos el\u00e9tricos ligeiros, com dota\u00e7\u00e3o de 20 milh\u00f5es de euros, ap\u00f3s incentivos de dezembro de 2025 para autom\u00f3veis com emiss\u00f5es reduzidas e carregadores que esgotaram rapidamente.","og_url":"https:\/\/portaltela.pt\/noticias\/2026\/01\/27\/governo-anuncia-apoio-a-compra-de-paineis-solares\/","og_site_name":"Portal Tela Portugal","article_published_time":"2026-01-27T15:32:29+00:00","author":"Telinha","twitter_card":"summary_large_image","twitter_misc":{"Escrito por":"Telinha","Tempo estimado de leitura":"1 minuto"},"schema":{"@context":"https:\/\/schema.org","@graph":[{"@type":"Article","@id":"https:\/\/portaltela.pt\/noticias\/2026\/01\/27\/governo-anuncia-apoio-a-compra-de-paineis-solares\/#article","isPartOf":{"@id":"https:\/\/portaltela.pt\/noticias\/2026\/01\/27\/governo-anuncia-apoio-a-compra-de-paineis-solares\/"},"author":{"name":"Telinha","@id":"https:\/\/portaltela.pt\/#\/schema\/person\/c4278d4a6028830caff9ee44b42d32ed"},"headline":"Governo anuncia apoio \u00e0 compra de pain\u00e9is solares","datePublished":"2026-01-27T15:32:29+00:00","mainEntityOfPage":{"@id":"https:\/\/portaltela.pt\/noticias\/2026\/01\/27\/governo-anuncia-apoio-a-compra-de-paineis-solares\/"},"wordCount":274,"image":{"@id":"https:\/\/portaltela.pt\/noticias\/2026\/01\/27\/governo-anuncia-apoio-a-compra-de-paineis-solares\/#primaryimage"},"thumbnailUrl":"https:\/\/portaltela.pt\/s.01k8rhncp4jt1\/2026\/01\/seguro_outline_cor-182.jpg","keywords":["Autom\u00f3veis","desenvolvimento sustent\u00e1vel","energia","energia limpa","energias renov\u00e1veis","Fundo Ambiental"],"articleSection":["Not\u00edcias"],"inLanguage":"pt-PT"},{"@type":"WebPage","@id":"https:\/\/portaltela.pt\/noticias\/2026\/01\/27\/governo-anuncia-apoio-a-compra-de-paineis-solares\/","url":"https:\/\/portaltela.pt\/noticias\/2026\/01\/27\/governo-anuncia-apoio-a-compra-de-paineis-solares\/","name":"Governo anuncia apoio \u00e0 compra de pain\u00e9is solares - Portal Tela Portugal","isPartOf":{"@id":"https:\/\/portaltela.pt\/#website"},"primaryImageOfPage":{"@id":"https:\/\/portaltela.pt\/noticias\/2026\/01\/27\/governo-anuncia-apoio-a-compra-de-paineis-solares\/#primaryimage"},"image":{"@id":"https:\/\/portaltela.pt\/noticias\/2026\/01\/27\/governo-anuncia-apoio-a-compra-de-paineis-solares\/#primaryimage"},"thumbnailUrl":"https:\/\/portaltela.pt\/s.01k8rhncp4jt1\/2026\/01\/seguro_outline_cor-182.jpg","datePublished":"2026-01-27T15:32:29+00:00","author":{"@id":"https:\/\/portaltela.pt\/#\/schema\/person\/c4278d4a6028830caff9ee44b42d32ed"},"breadcrumb":{"@id":"https:\/\/portaltela.pt\/noticias\/2026\/01\/27\/governo-anuncia-apoio-a-compra-de-paineis-solares\/#breadcrumb"},"inLanguage":"pt-PT","potentialAction":[{"@type":"ReadAction","target":["https:\/\/portaltela.pt\/noticias\/2026\/01\/27\/governo-anuncia-apoio-a-compra-de-paineis-solares\/"]}]},{"@type":"ImageObject","inLanguage":"pt-PT","@id":"https:\/\/portaltela.pt\/noticias\/2026\/01\/27\/governo-anuncia-apoio-a-compra-de-paineis-solares\/#primaryimage","url":"https:\/\/portaltela.pt\/s.01k8rhncp4jt1\/2026\/01\/seguro_outline_cor-182.jpg","contentUrl":"https:\/\/portaltela.pt\/s.01k8rhncp4jt1\/2026\/01\/seguro_outline_cor-182.jpg","width":796,"height":448,"caption":"A ministra do Ambiente e Energia, Maria da Gra\u00e7a Carvalho, durante a sua audi\u00e7\u00e3o na Comiss\u00e3o de Ambiente e Energia, na Assembleia da Rep\u00fablica, em Lisboa, 20 de janeiro de 2026. MARCOS BORGA\/LUSA"},{"@type":"BreadcrumbList","@id":"https:\/\/portaltela.pt\/noticias\/2026\/01\/27\/governo-anuncia-apoio-a-compra-de-paineis-solares\/#breadcrumb","itemListElement":[{"@type":"ListItem","position":1,"name":"In\u00edcio","item":"https:\/\/portaltela.pt\/"},{"@type":"ListItem","position":2,"name":"Governo anuncia apoio \u00e0 compra de pain\u00e9is solares"}]},{"@type":"WebSite","@id":"https:\/\/portaltela.pt\/#website","url":"https:\/\/portaltela.pt\/","name":"Portal Tela Portugal","description":"","potentialAction":[{"@type":"SearchAction","target":{"@type":"EntryPoint","urlTemplate":"https:\/\/portaltela.pt\/?s={search_term_string}"},"query-input":{"@type":"PropertyValueSpecification","valueRequired":true,"valueName":"search_term_string"}}],"inLanguage":"pt-PT"},{"@type":"Person","@id":"https:\/\/portaltela.pt\/#\/schema\/person\/c4278d4a6028830caff9ee44b42d32ed","name":"Telinha","image":{"@type":"ImageObject","inLanguage":"pt-PT","@id":"https:\/\/portaltela.pt\/s.01k8rhncp4jt1\/2025\/11\/talking-bot-125x125.png","url":"https:\/\/portaltela.pt\/s.01k8rhncp4jt1\/2025\/11\/talking-bot-125x125.png","contentUrl":"https:\/\/portaltela.pt\/s.01k8rhncp4jt1\/2025\/11\/talking-bot-125x125.png","caption":"Telinha"},"sameAs":["https:\/\/portaltela.pt\/"],"url":"https:\/\/portaltela.pt\/por\/367410592786\/"}]}},"_links":{"self":[{"href":"https:\/\/portaltela.pt\/api\/wp\/v2\/posts\/176676","targetHints":{"allow":["GET"]}}],"collection":[{"href":"https:\/\/portaltela.pt\/api\/wp\/v2\/posts"}],"about":[{"href":"https:\/\/portaltela.pt\/api\/wp\/v2\/types\/post"}],"author":[{"embeddable":true,"href":"https:\/\/portaltela.pt\/api\/wp\/v2\/users\/2"}],"replies":[{"embeddable":true,"href":"https:\/\/portaltela.pt\/api\/wp\/v2\/comments?post=176676"}],"version-history":[{"count":0,"href":"https:\/\/portaltela.pt\/api\/wp\/v2\/posts\/176676\/revisions"}],"wp:featuredmedia":[{"embeddable":true,"href":"https:\/\/portaltela.pt\/api\/wp\/v2\/media\/176682"}],"wp:attachment":[{"href":"https:\/\/portaltela.pt\/api\/wp\/v2\/media?parent=176676"}],"wp:term":[{"taxonomy":"category","embeddable":true,"href":"https:\/\/portaltela.pt\/api\/wp\/v2\/categories?post=176676"},{"taxonomy":"post_tag","embeddable":true,"href":"https:\/\/portaltela.pt\/api\/wp\/v2\/tags?post=176676"}],"curies":[{"name":"wp","href":"https:\/\/api.w.org\/{rel}","templated":true}]}}