{"id":176647,"date":"2026-01-27T11:40:29","date_gmt":"2026-01-27T14:40:29","guid":{"rendered":"https:\/\/portaltela.pt\/noticias\/2026\/01\/27\/candidaturas-abertas-a-gala-do-desporto-do-alentejo-central-ate-15-de-fevereiro\/"},"modified":"2026-01-27T11:40:29","modified_gmt":"2026-01-27T14:40:29","slug":"candidaturas-abertas-a-gala-do-desporto-do-alentejo-central-ate-15-de-fevereiro","status":"publish","type":"post","link":"https:\/\/portaltela.pt\/desporto\/2026\/01\/27\/candidaturas-abertas-a-gala-do-desporto-do-alentejo-central-ate-15-de-fevereiro\/","title":{"rendered":"Candidaturas abertas \u00e0 Gala do Desporto do Alentejo Central at\u00e9 15 de fevereiro"},"content":{"rendered":"<p>A CIMAC \u2014 Comunidade Intermunicipal do Alentejo Central abriu o per\u00edodo de candidaturas \u00e0 19.\u00aa Gala do Desporto do Alentejo Central, dedicada \u00e0 an\u00e1lise da \u00e9poca 2024\/2025. O prazo termina no dia 15 de fevereiro.<\/p>\n<p>A iniciativa visa distinguir atletas, equipas, clubes e agentes desportivos da regi\u00e3o, com atua\u00e7\u00e3o no desporto federado, escolar, universit\u00e1rio e adaptado. A gala reconhece m\u00e9rito ao longo da \u00e9poca desportiva.<\/p>\n<h3>Categorias a concurso<\/h3>\n<p>Podem candidatar-se 11 regimes de homenagem, entre eles Desporto Federado Individual e Coletivo, Desporto Escolar, Desporto Universit\u00e1rio e Desporto Federado Adaptado. Tamb\u00e9m existem Pr\u00e9mios espec\u00edficos.<\/p>\n<p>Est\u00e3o previstos Pr\u00e9mio Carreira, Pr\u00e9mio \u00c9tica Desportiva, Pr\u00e9mio Clube do Ano, Pr\u00e9mio Forma\u00e7\u00e3o Desportiva e Men\u00e7\u00e3o Honrosa. O Pr\u00e9mio Gala ser\u00e1 atribu\u00eddo pela Comiss\u00e3o de Avalia\u00e7\u00e3o a um dos homenageados.<\/p>\n<h3>Quem pode apresentar candidaturas<\/h3>\n<p>Podem submeter propostas federa\u00e7\u00f5es desportivas, associa\u00e7\u00f5es regionais, munic\u00edpios associados da CIMAC, clubes, escolas, universidades, agentes desportivos e, em alguns casos, os pr\u00f3prios atletas ou representantes legais. As candidaturas exigem documenta\u00e7\u00e3o comprovativa.<\/p>\n<p>As propostas devem ser apresentadas atrav\u00e9s dos formul\u00e1rios fornecidos pela CIMAC, com a documenta\u00e7\u00e3o exigida para cada categoria. A avalia\u00e7\u00e3o ficar\u00e1 a cargo de uma Comiss\u00e3o de Avalia\u00e7\u00e3o diversificada.<\/p>\n<h3>Avalia\u00e7\u00e3o e organiza\u00e7\u00e3o<\/h3>\n<p>A an\u00e1lise compete a representantes da CIMAC, dos munic\u00edpios, de entidades desportivas regionais e nacionais, bem como do ensino escolar e universit\u00e1rio. A Gala acontece anualmente num concelho da regi\u00e3o, em data e local a definir.<\/p>\n<p>A CIMAC ressalta que apenas ser\u00e3o consideradas candidaturas entregues dentro do prazo de 15 de fevereiro.<\/p>\n","protected":false},"excerpt":{"rendered":"<ul>\n<li>A CIMAC abriu candidaturas \u00e0 19.\u00aa Gala do Desporto do Alentejo Central, com prazo at\u00e9 15 de fevereiro.<\/li>\n<li>Existem onze categorias em concurso, incluindo Desporto Federado, Desporto Escolar, Desporto Universit\u00e1rio e Desporto Federado Adaptado, com pr\u00e9mios como Carreira, \u00c9tica Desportiva e Clube do Ano.<\/li>\n<li>O Pr\u00e9mio Gala do Desporto do Alentejo Central ser\u00e1 atribu\u00eddo pela Comiss\u00e3o de Avalia\u00e7\u00e3o a um dos homenageados nas categorias principais.<\/li>\n<li>Podem apresentar candidaturas federa\u00e7\u00f5es desportivas, associa\u00e7\u00f5es regionais, munic\u00edpios, clubes, escolas, universidades, agentes desportivos e, em alguns casos, praticantes ou representantes legais.<\/li>\n<li>As candidaturas devem ser submetidas pelos formul\u00e1rios da CIMAC, acompanhadas da documenta\u00e7\u00e3o comprovativa exigida para cada categoria, e avaliadas por uma comiss\u00e3o da CIMAC, munic\u00edpios e entidades educativas e desportivas.<\/li>\n<\/ul>\n","protected":false},"author":2,"featured_media":176667,"comment_status":"closed","ping_status":"closed","sticky":false,"template":"","format":"standard","meta":{"footnotes":""},"categories":[21],"tags":[883,152,236,4458,4456,4457],"class_list":["post-176647","post","type-post","status-publish","format-standard","has-post-thumbnail","hentry","category-desporto","tag-alentejo","tag-desporto","tag-desporto-escolar","tag-desporto-federado-adaptado","tag-desporto-federado-individual-e-coletivo","tag-desporto-universitario"],"yoast_head":"<!-- This site is optimized with the Yoast SEO plugin v27.2 - https:\/\/yoast.com\/product\/yoast-seo-wordpress\/ -->\n<title>Candidaturas abertas \u00e0 Gala do Desporto do Alentejo Central at\u00e9 15 de fevereiro - Portal Tela Portugal<\/title>\n<meta name=\"robots\" content=\"index, follow, max-snippet:-1, max-image-preview:large, max-video-preview:-1\" \/>\n<meta property=\"og:locale\" content=\"pt_PT\" \/>\n<meta property=\"og:type\" content=\"article\" \/>\n<meta property=\"og:title\" content=\"Candidaturas abertas \u00e0 Gala do Desporto do Alentejo Central at\u00e9 15 de fevereiro - Portal Tela Portugal\" \/>\n<meta property=\"og:description\" content=\"A CIMAC abriu candidaturas \u00e0 19.\u00aa Gala do Desporto do Alentejo Central, com prazo at\u00e9 15 de fevereiro. Existem onze categorias em concurso, incluindo Desporto Federado, Desporto Escolar, Desporto Universit\u00e1rio e Desporto Federado Adaptado, com pr\u00e9mios como Carreira, \u00c9tica Desportiva e Clube do Ano. O Pr\u00e9mio Gala do Desporto do Alentejo Central ser\u00e1 atribu\u00eddo pela Comiss\u00e3o de Avalia\u00e7\u00e3o a um dos homenageados nas categorias principais. Podem apresentar candidaturas federa\u00e7\u00f5es desportivas, associa\u00e7\u00f5es regionais, munic\u00edpios, clubes, escolas, universidades, agentes desportivos e, em alguns casos, praticantes ou representantes legais. As candidaturas devem ser submetidas pelos formul\u00e1rios da CIMAC, acompanhadas da documenta\u00e7\u00e3o comprovativa exigida para cada categoria, e avaliadas por uma comiss\u00e3o da CIMAC, munic\u00edpios e entidades educativas e desportivas.\" \/>\n<meta property=\"og:url\" content=\"https:\/\/portaltela.pt\/noticias\/2026\/01\/27\/candidaturas-abertas-a-gala-do-desporto-do-alentejo-central-ate-15-de-fevereiro\/\" \/>\n<meta property=\"og:site_name\" content=\"Portal Tela Portugal\" \/>\n<meta property=\"article:published_time\" content=\"2026-01-27T14:40:29+00:00\" \/>\n<meta name=\"author\" content=\"Telinha\" \/>\n<meta name=\"twitter:card\" content=\"summary_large_image\" \/>\n<meta name=\"twitter:label1\" content=\"Escrito por\" \/>\n\t<meta name=\"twitter:data1\" content=\"Telinha\" \/>\n\t<meta name=\"twitter:label2\" content=\"Tempo estimado de leitura\" \/>\n\t<meta name=\"twitter:data2\" content=\"1 minuto\" \/>\n<script type=\"application\/ld+json\" class=\"yoast-schema-graph\">{\"@context\":\"https:\/\/schema.org\",\"@graph\":[{\"@type\":\"Article\",\"@id\":\"https:\/\/portaltela.pt\/noticias\/2026\/01\/27\/candidaturas-abertas-a-gala-do-desporto-do-alentejo-central-ate-15-de-fevereiro\/#article\",\"isPartOf\":{\"@id\":\"https:\/\/portaltela.pt\/noticias\/2026\/01\/27\/candidaturas-abertas-a-gala-do-desporto-do-alentejo-central-ate-15-de-fevereiro\/\"},\"author\":{\"name\":\"Telinha\",\"@id\":\"https:\/\/portaltela.pt\/#\/schema\/person\/c4278d4a6028830caff9ee44b42d32ed\"},\"headline\":\"Candidaturas abertas \u00e0 Gala do Desporto do Alentejo Central at\u00e9 15 de fevereiro\",\"datePublished\":\"2026-01-27T14:40:29+00:00\",\"mainEntityOfPage\":{\"@id\":\"https:\/\/portaltela.pt\/noticias\/2026\/01\/27\/candidaturas-abertas-a-gala-do-desporto-do-alentejo-central-ate-15-de-fevereiro\/\"},\"wordCount\":284,\"image\":{\"@id\":\"https:\/\/portaltela.pt\/noticias\/2026\/01\/27\/candidaturas-abertas-a-gala-do-desporto-do-alentejo-central-ate-15-de-fevereiro\/#primaryimage\"},\"thumbnailUrl\":\"https:\/\/portaltela.pt\/s.01k8rhncp4jt1\/2026\/01\/unnamed-file-5511.jpg\",\"keywords\":[\"Alentejo\",\"desporto\",\"desporto escolar\",\"Desporto Federado Adaptado\",\"Desporto Federado Individual e Coletivo\",\"Desporto Universit\u00e1rio\"],\"articleSection\":[\"Desporto\"],\"inLanguage\":\"pt-PT\"},{\"@type\":\"WebPage\",\"@id\":\"https:\/\/portaltela.pt\/noticias\/2026\/01\/27\/candidaturas-abertas-a-gala-do-desporto-do-alentejo-central-ate-15-de-fevereiro\/\",\"url\":\"https:\/\/portaltela.pt\/noticias\/2026\/01\/27\/candidaturas-abertas-a-gala-do-desporto-do-alentejo-central-ate-15-de-fevereiro\/\",\"name\":\"Candidaturas abertas \u00e0 Gala do Desporto do Alentejo Central at\u00e9 15 de fevereiro - Portal Tela Portugal\",\"isPartOf\":{\"@id\":\"https:\/\/portaltela.pt\/#website\"},\"primaryImageOfPage\":{\"@id\":\"https:\/\/portaltela.pt\/noticias\/2026\/01\/27\/candidaturas-abertas-a-gala-do-desporto-do-alentejo-central-ate-15-de-fevereiro\/#primaryimage\"},\"image\":{\"@id\":\"https:\/\/portaltela.pt\/noticias\/2026\/01\/27\/candidaturas-abertas-a-gala-do-desporto-do-alentejo-central-ate-15-de-fevereiro\/#primaryimage\"},\"thumbnailUrl\":\"https:\/\/portaltela.pt\/s.01k8rhncp4jt1\/2026\/01\/unnamed-file-5511.jpg\",\"datePublished\":\"2026-01-27T14:40:29+00:00\",\"author\":{\"@id\":\"https:\/\/portaltela.pt\/#\/schema\/person\/c4278d4a6028830caff9ee44b42d32ed\"},\"breadcrumb\":{\"@id\":\"https:\/\/portaltela.pt\/noticias\/2026\/01\/27\/candidaturas-abertas-a-gala-do-desporto-do-alentejo-central-ate-15-de-fevereiro\/#breadcrumb\"},\"inLanguage\":\"pt-PT\",\"potentialAction\":[{\"@type\":\"ReadAction\",\"target\":[\"https:\/\/portaltela.pt\/noticias\/2026\/01\/27\/candidaturas-abertas-a-gala-do-desporto-do-alentejo-central-ate-15-de-fevereiro\/\"]}]},{\"@type\":\"ImageObject\",\"inLanguage\":\"pt-PT\",\"@id\":\"https:\/\/portaltela.pt\/noticias\/2026\/01\/27\/candidaturas-abertas-a-gala-do-desporto-do-alentejo-central-ate-15-de-fevereiro\/#primaryimage\",\"url\":\"https:\/\/portaltela.pt\/s.01k8rhncp4jt1\/2026\/01\/unnamed-file-5511.jpg\",\"contentUrl\":\"https:\/\/portaltela.pt\/s.01k8rhncp4jt1\/2026\/01\/unnamed-file-5511.jpg\",\"width\":796,\"height\":448,\"caption\":\"Gala do Desporto do Alentejo Central recebe candidaturas at\u00e9 15 de fevereiro\"},{\"@type\":\"BreadcrumbList\",\"@id\":\"https:\/\/portaltela.pt\/noticias\/2026\/01\/27\/candidaturas-abertas-a-gala-do-desporto-do-alentejo-central-ate-15-de-fevereiro\/#breadcrumb\",\"itemListElement\":[{\"@type\":\"ListItem\",\"position\":1,\"name\":\"In\u00edcio\",\"item\":\"https:\/\/portaltela.pt\/\"},{\"@type\":\"ListItem\",\"position\":2,\"name\":\"Candidaturas abertas \u00e0 Gala do Desporto do Alentejo Central at\u00e9 15 de fevereiro\"}]},{\"@type\":\"WebSite\",\"@id\":\"https:\/\/portaltela.pt\/#website\",\"url\":\"https:\/\/portaltela.pt\/\",\"name\":\"Portal Tela Portugal\",\"description\":\"\",\"potentialAction\":[{\"@type\":\"SearchAction\",\"target\":{\"@type\":\"EntryPoint\",\"urlTemplate\":\"https:\/\/portaltela.pt\/?s={search_term_string}\"},\"query-input\":{\"@type\":\"PropertyValueSpecification\",\"valueRequired\":true,\"valueName\":\"search_term_string\"}}],\"inLanguage\":\"pt-PT\"},{\"@type\":\"Person\",\"@id\":\"https:\/\/portaltela.pt\/#\/schema\/person\/c4278d4a6028830caff9ee44b42d32ed\",\"name\":\"Telinha\",\"image\":{\"@type\":\"ImageObject\",\"inLanguage\":\"pt-PT\",\"@id\":\"https:\/\/portaltela.pt\/s.01k8rhncp4jt1\/2025\/11\/talking-bot-125x125.png\",\"url\":\"https:\/\/portaltela.pt\/s.01k8rhncp4jt1\/2025\/11\/talking-bot-125x125.png\",\"contentUrl\":\"https:\/\/portaltela.pt\/s.01k8rhncp4jt1\/2025\/11\/talking-bot-125x125.png\",\"caption\":\"Telinha\"},\"sameAs\":[\"https:\/\/portaltela.pt\/\"],\"url\":\"https:\/\/portaltela.pt\/por\/367410592786\/\"}]}<\/script>\n<!-- \/ Yoast SEO plugin. -->","yoast_head_json":{"title":"Candidaturas abertas \u00e0 Gala do Desporto do Alentejo Central at\u00e9 15 de fevereiro - Portal Tela Portugal","robots":{"index":"index","follow":"follow","max-snippet":"max-snippet:-1","max-image-preview":"max-image-preview:large","max-video-preview":"max-video-preview:-1"},"og_locale":"pt_PT","og_type":"article","og_title":"Candidaturas abertas \u00e0 Gala do Desporto do Alentejo Central at\u00e9 15 de fevereiro - Portal Tela Portugal","og_description":"A CIMAC abriu candidaturas \u00e0 19.\u00aa Gala do Desporto do Alentejo Central, com prazo at\u00e9 15 de fevereiro. Existem onze categorias em concurso, incluindo Desporto Federado, Desporto Escolar, Desporto Universit\u00e1rio e Desporto Federado Adaptado, com pr\u00e9mios como Carreira, \u00c9tica Desportiva e Clube do Ano. O Pr\u00e9mio Gala do Desporto do Alentejo Central ser\u00e1 atribu\u00eddo pela Comiss\u00e3o de Avalia\u00e7\u00e3o a um dos homenageados nas categorias principais. Podem apresentar candidaturas federa\u00e7\u00f5es desportivas, associa\u00e7\u00f5es regionais, munic\u00edpios, clubes, escolas, universidades, agentes desportivos e, em alguns casos, praticantes ou representantes legais. As candidaturas devem ser submetidas pelos formul\u00e1rios da CIMAC, acompanhadas da documenta\u00e7\u00e3o comprovativa exigida para cada categoria, e avaliadas por uma comiss\u00e3o da CIMAC, munic\u00edpios e entidades educativas e desportivas.","og_url":"https:\/\/portaltela.pt\/noticias\/2026\/01\/27\/candidaturas-abertas-a-gala-do-desporto-do-alentejo-central-ate-15-de-fevereiro\/","og_site_name":"Portal Tela Portugal","article_published_time":"2026-01-27T14:40:29+00:00","author":"Telinha","twitter_card":"summary_large_image","twitter_misc":{"Escrito por":"Telinha","Tempo estimado de leitura":"1 minuto"},"schema":{"@context":"https:\/\/schema.org","@graph":[{"@type":"Article","@id":"https:\/\/portaltela.pt\/noticias\/2026\/01\/27\/candidaturas-abertas-a-gala-do-desporto-do-alentejo-central-ate-15-de-fevereiro\/#article","isPartOf":{"@id":"https:\/\/portaltela.pt\/noticias\/2026\/01\/27\/candidaturas-abertas-a-gala-do-desporto-do-alentejo-central-ate-15-de-fevereiro\/"},"author":{"name":"Telinha","@id":"https:\/\/portaltela.pt\/#\/schema\/person\/c4278d4a6028830caff9ee44b42d32ed"},"headline":"Candidaturas abertas \u00e0 Gala do Desporto do Alentejo Central at\u00e9 15 de fevereiro","datePublished":"2026-01-27T14:40:29+00:00","mainEntityOfPage":{"@id":"https:\/\/portaltela.pt\/noticias\/2026\/01\/27\/candidaturas-abertas-a-gala-do-desporto-do-alentejo-central-ate-15-de-fevereiro\/"},"wordCount":284,"image":{"@id":"https:\/\/portaltela.pt\/noticias\/2026\/01\/27\/candidaturas-abertas-a-gala-do-desporto-do-alentejo-central-ate-15-de-fevereiro\/#primaryimage"},"thumbnailUrl":"https:\/\/portaltela.pt\/s.01k8rhncp4jt1\/2026\/01\/unnamed-file-5511.jpg","keywords":["Alentejo","desporto","desporto escolar","Desporto Federado Adaptado","Desporto Federado Individual e Coletivo","Desporto Universit\u00e1rio"],"articleSection":["Desporto"],"inLanguage":"pt-PT"},{"@type":"WebPage","@id":"https:\/\/portaltela.pt\/noticias\/2026\/01\/27\/candidaturas-abertas-a-gala-do-desporto-do-alentejo-central-ate-15-de-fevereiro\/","url":"https:\/\/portaltela.pt\/noticias\/2026\/01\/27\/candidaturas-abertas-a-gala-do-desporto-do-alentejo-central-ate-15-de-fevereiro\/","name":"Candidaturas abertas \u00e0 Gala do Desporto do Alentejo Central at\u00e9 15 de fevereiro - Portal Tela Portugal","isPartOf":{"@id":"https:\/\/portaltela.pt\/#website"},"primaryImageOfPage":{"@id":"https:\/\/portaltela.pt\/noticias\/2026\/01\/27\/candidaturas-abertas-a-gala-do-desporto-do-alentejo-central-ate-15-de-fevereiro\/#primaryimage"},"image":{"@id":"https:\/\/portaltela.pt\/noticias\/2026\/01\/27\/candidaturas-abertas-a-gala-do-desporto-do-alentejo-central-ate-15-de-fevereiro\/#primaryimage"},"thumbnailUrl":"https:\/\/portaltela.pt\/s.01k8rhncp4jt1\/2026\/01\/unnamed-file-5511.jpg","datePublished":"2026-01-27T14:40:29+00:00","author":{"@id":"https:\/\/portaltela.pt\/#\/schema\/person\/c4278d4a6028830caff9ee44b42d32ed"},"breadcrumb":{"@id":"https:\/\/portaltela.pt\/noticias\/2026\/01\/27\/candidaturas-abertas-a-gala-do-desporto-do-alentejo-central-ate-15-de-fevereiro\/#breadcrumb"},"inLanguage":"pt-PT","potentialAction":[{"@type":"ReadAction","target":["https:\/\/portaltela.pt\/noticias\/2026\/01\/27\/candidaturas-abertas-a-gala-do-desporto-do-alentejo-central-ate-15-de-fevereiro\/"]}]},{"@type":"ImageObject","inLanguage":"pt-PT","@id":"https:\/\/portaltela.pt\/noticias\/2026\/01\/27\/candidaturas-abertas-a-gala-do-desporto-do-alentejo-central-ate-15-de-fevereiro\/#primaryimage","url":"https:\/\/portaltela.pt\/s.01k8rhncp4jt1\/2026\/01\/unnamed-file-5511.jpg","contentUrl":"https:\/\/portaltela.pt\/s.01k8rhncp4jt1\/2026\/01\/unnamed-file-5511.jpg","width":796,"height":448,"caption":"Gala do Desporto do Alentejo Central recebe candidaturas at\u00e9 15 de fevereiro"},{"@type":"BreadcrumbList","@id":"https:\/\/portaltela.pt\/noticias\/2026\/01\/27\/candidaturas-abertas-a-gala-do-desporto-do-alentejo-central-ate-15-de-fevereiro\/#breadcrumb","itemListElement":[{"@type":"ListItem","position":1,"name":"In\u00edcio","item":"https:\/\/portaltela.pt\/"},{"@type":"ListItem","position":2,"name":"Candidaturas abertas \u00e0 Gala do Desporto do Alentejo Central at\u00e9 15 de fevereiro"}]},{"@type":"WebSite","@id":"https:\/\/portaltela.pt\/#website","url":"https:\/\/portaltela.pt\/","name":"Portal Tela Portugal","description":"","potentialAction":[{"@type":"SearchAction","target":{"@type":"EntryPoint","urlTemplate":"https:\/\/portaltela.pt\/?s={search_term_string}"},"query-input":{"@type":"PropertyValueSpecification","valueRequired":true,"valueName":"search_term_string"}}],"inLanguage":"pt-PT"},{"@type":"Person","@id":"https:\/\/portaltela.pt\/#\/schema\/person\/c4278d4a6028830caff9ee44b42d32ed","name":"Telinha","image":{"@type":"ImageObject","inLanguage":"pt-PT","@id":"https:\/\/portaltela.pt\/s.01k8rhncp4jt1\/2025\/11\/talking-bot-125x125.png","url":"https:\/\/portaltela.pt\/s.01k8rhncp4jt1\/2025\/11\/talking-bot-125x125.png","contentUrl":"https:\/\/portaltela.pt\/s.01k8rhncp4jt1\/2025\/11\/talking-bot-125x125.png","caption":"Telinha"},"sameAs":["https:\/\/portaltela.pt\/"],"url":"https:\/\/portaltela.pt\/por\/367410592786\/"}]}},"_links":{"self":[{"href":"https:\/\/portaltela.pt\/api\/wp\/v2\/posts\/176647","targetHints":{"allow":["GET"]}}],"collection":[{"href":"https:\/\/portaltela.pt\/api\/wp\/v2\/posts"}],"about":[{"href":"https:\/\/portaltela.pt\/api\/wp\/v2\/types\/post"}],"author":[{"embeddable":true,"href":"https:\/\/portaltela.pt\/api\/wp\/v2\/users\/2"}],"replies":[{"embeddable":true,"href":"https:\/\/portaltela.pt\/api\/wp\/v2\/comments?post=176647"}],"version-history":[{"count":0,"href":"https:\/\/portaltela.pt\/api\/wp\/v2\/posts\/176647\/revisions"}],"wp:featuredmedia":[{"embeddable":true,"href":"https:\/\/portaltela.pt\/api\/wp\/v2\/media\/176667"}],"wp:attachment":[{"href":"https:\/\/portaltela.pt\/api\/wp\/v2\/media?parent=176647"}],"wp:term":[{"taxonomy":"category","embeddable":true,"href":"https:\/\/portaltela.pt\/api\/wp\/v2\/categories?post=176647"},{"taxonomy":"post_tag","embeddable":true,"href":"https:\/\/portaltela.pt\/api\/wp\/v2\/tags?post=176647"}],"curies":[{"name":"wp","href":"https:\/\/api.w.org\/{rel}","templated":true}]}}