{"id":176637,"date":"2026-01-27T12:07:00","date_gmt":"2026-01-27T15:07:00","guid":{"rendered":"https:\/\/portaltela.pt\/noticias\/2026\/01\/27\/ue-aprova-obrigatoriedade-de-identificacao-digital\/"},"modified":"2026-01-27T12:07:00","modified_gmt":"2026-01-27T15:07:00","slug":"ue-aprova-obrigatoriedade-de-identificacao-digital","status":"publish","type":"post","link":"https:\/\/portaltela.pt\/noticias\/internacional\/2026\/01\/27\/ue-aprova-obrigatoriedade-de-identificacao-digital\/","title":{"rendered":"UE aprova obrigatoriedade de identifica\u00e7\u00e3o digital"},"content":{"rendered":"<p>O Parlamento Europeu n\u00e3o aprovou uma identifica\u00e7\u00e3o digital obrigat\u00f3ria para cidad\u00e3os da UE. Circulam nas redes sociais informa\u00e7\u00f5es falsas associadas a uma not\u00edcia do Slay News, que \u00e9 reconhecida por difundir desinforma\u00e7\u00e3o. O foco verdadeiro \u00e9 outro.<\/p>\n<p>No dia 26 de novembro de 2025, o Parlamento aprovou uma medida n\u00e3o legislativa sobre a prote\u00e7\u00e3o de menores nas redes sociais. A maioria votou a favor de uma posi\u00e7\u00e3o que defende que as crian\u00e7as devem ter pelo menos 16 anos para aceder a plataformas online. A iniciativa aponta para riscos \u00e0 sa\u00fade mental e manipula\u00e7\u00e3o online.<\/p>\n<p>A nota oficial do Parlamento explica que se trata de uma orienta\u00e7\u00e3o de prote\u00e7\u00e3o aos jovens, n\u00e3o de cria\u00e7\u00e3o de uma identidade digital obrigat\u00f3ria. O regime europeu para a identidade digital mant\u00e9m a carteira digital opcional, com fortes prote\u00e7\u00f5es contra discrimina\u00e7\u00e3o para quem n\u00e3o adota a solu\u00e7\u00e3o.<\/p>\n<h3>Contexto e desfecho<\/h3>\n<p>Foi ainda esclarecido que a medida sobre menores n\u00e3o imp\u00f5e a identifica\u00e7\u00e3o universal nem vincula identidades governamentais a contas online. As fontes oficiais indicam que a ades\u00e3o \u00e0 carteira digital ser\u00e1 volunt\u00e1ria para cidad\u00e3os, residentes e empresas at\u00e9 ao final do ano.<\/p>\n<p>Portanto, a not\u00edcia partilhada em redes sociais \u00e9 incorreta. As autoridades europeias reiteram que o objetivo \u00e9 proteger crian\u00e7as e adolescentes, n\u00e3o impor obriga\u00e7\u00f5es de identifica\u00e7\u00e3o digital obrigat\u00f3ria a toda a popula\u00e7\u00e3o. Fontes oficiais mant\u00eam o conte\u00fado factual como verificado.<\/p>\n","protected":false},"excerpt":{"rendered":"<ul>\n<li>Circula nas redes que o Parlamento Europeu aprovou a identifica\u00e7\u00e3o digital obrigat\u00f3ria para todos os cidad\u00e3os da UE; essa informa\u00e7\u00e3o \u00e9 falsa.<\/li>\n<li>Em 26 de novembro de 2025 foi aprovada uma medida n\u00e3o legislativa para proteger menores no digital, prevendo que as crian\u00e7as devem ter pelo menos 16 anos para aceder \u00e0s redes sociais.<\/li>\n<li>A nota publicada pela UE sobre o tema indica apenas quest\u00f5es de sa\u00fade mental e prote\u00e7\u00e3o de jovens, sem criar uma obriga\u00e7\u00e3o de identifica\u00e7\u00e3o digital para todos os cidad\u00e3os.<\/li>\n<li>Quanto \u00e0 carteira digital da UE, o regulamento estabelece que a ades\u00e3o \u00e9 opcional; os Estados devem disponibilizar a carteira at\u00e9 ao final do ano, com fortes prote\u00e7\u00f5es contra discrimina\u00e7\u00e3o para quem n\u00e3o usar.<\/li>\n<li>O Observador e o Facebook classificaram o conte\u00fado como falso, confirmando que as alega\u00e7\u00f5es sobre a identifica\u00e7\u00e3o digital obrigat\u00f3ria n\u00e3o correspondem \u00e0 realidade.<\/li>\n<\/ul>\n","protected":false},"author":2,"featured_media":176654,"comment_status":"closed","ping_status":"closed","sticky":false,"template":"","format":"standard","meta":{"footnotes":""},"categories":[4,1],"tags":[1469,4167,195,2181,2055],"class_list":["post-176637","post","type-post","status-publish","format-standard","has-post-thumbnail","hentry","category-internacional","category-noticias","tag-desinformacao","tag-identificacao-eletronica","tag-informacao","tag-protecao-de-menores","tag-uniao-europeia"],"yoast_head":"<!-- This site is optimized with the Yoast SEO plugin v27.2 - https:\/\/yoast.com\/product\/yoast-seo-wordpress\/ -->\n<title>UE aprova obrigatoriedade de identifica\u00e7\u00e3o digital - Portal Tela Portugal<\/title>\n<meta name=\"robots\" content=\"index, follow, max-snippet:-1, max-image-preview:large, max-video-preview:-1\" \/>\n<meta property=\"og:locale\" content=\"pt_PT\" \/>\n<meta property=\"og:type\" content=\"article\" \/>\n<meta property=\"og:title\" content=\"UE aprova obrigatoriedade de identifica\u00e7\u00e3o digital - Portal Tela Portugal\" \/>\n<meta property=\"og:description\" content=\"Circula nas redes que o Parlamento Europeu aprovou a identifica\u00e7\u00e3o digital obrigat\u00f3ria para todos os cidad\u00e3os da UE; essa informa\u00e7\u00e3o \u00e9 falsa. Em 26 de novembro de 2025 foi aprovada uma medida n\u00e3o legislativa para proteger menores no digital, prevendo que as crian\u00e7as devem ter pelo menos 16 anos para aceder \u00e0s redes sociais. A nota publicada pela UE sobre o tema indica apenas quest\u00f5es de sa\u00fade mental e prote\u00e7\u00e3o de jovens, sem criar uma obriga\u00e7\u00e3o de identifica\u00e7\u00e3o digital para todos os cidad\u00e3os. Quanto \u00e0 carteira digital da UE, o regulamento estabelece que a ades\u00e3o \u00e9 opcional; os Estados devem disponibilizar a carteira at\u00e9 ao final do ano, com fortes prote\u00e7\u00f5es contra discrimina\u00e7\u00e3o para quem n\u00e3o usar. O Observador e o Facebook classificaram o conte\u00fado como falso, confirmando que as alega\u00e7\u00f5es sobre a identifica\u00e7\u00e3o digital obrigat\u00f3ria n\u00e3o correspondem \u00e0 realidade.\" \/>\n<meta property=\"og:url\" content=\"https:\/\/portaltela.pt\/noticias\/2026\/01\/27\/ue-aprova-obrigatoriedade-de-identificacao-digital\/\" \/>\n<meta property=\"og:site_name\" content=\"Portal Tela Portugal\" \/>\n<meta property=\"article:published_time\" content=\"2026-01-27T15:07:00+00:00\" \/>\n<meta name=\"author\" content=\"Telinha\" \/>\n<meta name=\"twitter:card\" content=\"summary_large_image\" \/>\n<meta name=\"twitter:label1\" content=\"Escrito por\" \/>\n\t<meta name=\"twitter:data1\" content=\"Telinha\" \/>\n\t<meta name=\"twitter:label2\" content=\"Tempo estimado de leitura\" \/>\n\t<meta name=\"twitter:data2\" content=\"1 minuto\" \/>\n<script type=\"application\/ld+json\" class=\"yoast-schema-graph\">{\"@context\":\"https:\/\/schema.org\",\"@graph\":[{\"@type\":\"Article\",\"@id\":\"https:\/\/portaltela.pt\/noticias\/2026\/01\/27\/ue-aprova-obrigatoriedade-de-identificacao-digital\/#article\",\"isPartOf\":{\"@id\":\"https:\/\/portaltela.pt\/noticias\/2026\/01\/27\/ue-aprova-obrigatoriedade-de-identificacao-digital\/\"},\"author\":{\"name\":\"Telinha\",\"@id\":\"https:\/\/portaltela.pt\/#\/schema\/person\/c4278d4a6028830caff9ee44b42d32ed\"},\"headline\":\"UE aprova obrigatoriedade de identifica\u00e7\u00e3o digital\",\"datePublished\":\"2026-01-27T15:07:00+00:00\",\"mainEntityOfPage\":{\"@id\":\"https:\/\/portaltela.pt\/noticias\/2026\/01\/27\/ue-aprova-obrigatoriedade-de-identificacao-digital\/\"},\"wordCount\":262,\"image\":{\"@id\":\"https:\/\/portaltela.pt\/noticias\/2026\/01\/27\/ue-aprova-obrigatoriedade-de-identificacao-digital\/#primaryimage\"},\"thumbnailUrl\":\"https:\/\/portaltela.pt\/s.01k8rhncp4jt1\/2026\/01\/slay.jpg\",\"keywords\":[\"desinforma\u00e7\u00e3o\",\"Identifica\u00e7\u00e3o eletr\u00f3nica\",\"informa\u00e7\u00e3o\",\"prote\u00e7\u00e3o de menores\",\"Uni\u00e3o Europeia\"],\"articleSection\":[\"Internacional\",\"Not\u00edcias\"],\"inLanguage\":\"pt-PT\"},{\"@type\":\"WebPage\",\"@id\":\"https:\/\/portaltela.pt\/noticias\/2026\/01\/27\/ue-aprova-obrigatoriedade-de-identificacao-digital\/\",\"url\":\"https:\/\/portaltela.pt\/noticias\/2026\/01\/27\/ue-aprova-obrigatoriedade-de-identificacao-digital\/\",\"name\":\"UE aprova obrigatoriedade de identifica\u00e7\u00e3o digital - Portal Tela Portugal\",\"isPartOf\":{\"@id\":\"https:\/\/portaltela.pt\/#website\"},\"primaryImageOfPage\":{\"@id\":\"https:\/\/portaltela.pt\/noticias\/2026\/01\/27\/ue-aprova-obrigatoriedade-de-identificacao-digital\/#primaryimage\"},\"image\":{\"@id\":\"https:\/\/portaltela.pt\/noticias\/2026\/01\/27\/ue-aprova-obrigatoriedade-de-identificacao-digital\/#primaryimage\"},\"thumbnailUrl\":\"https:\/\/portaltela.pt\/s.01k8rhncp4jt1\/2026\/01\/slay.jpg\",\"datePublished\":\"2026-01-27T15:07:00+00:00\",\"author\":{\"@id\":\"https:\/\/portaltela.pt\/#\/schema\/person\/c4278d4a6028830caff9ee44b42d32ed\"},\"breadcrumb\":{\"@id\":\"https:\/\/portaltela.pt\/noticias\/2026\/01\/27\/ue-aprova-obrigatoriedade-de-identificacao-digital\/#breadcrumb\"},\"inLanguage\":\"pt-PT\",\"potentialAction\":[{\"@type\":\"ReadAction\",\"target\":[\"https:\/\/portaltela.pt\/noticias\/2026\/01\/27\/ue-aprova-obrigatoriedade-de-identificacao-digital\/\"]}]},{\"@type\":\"ImageObject\",\"inLanguage\":\"pt-PT\",\"@id\":\"https:\/\/portaltela.pt\/noticias\/2026\/01\/27\/ue-aprova-obrigatoriedade-de-identificacao-digital\/#primaryimage\",\"url\":\"https:\/\/portaltela.pt\/s.01k8rhncp4jt1\/2026\/01\/slay.jpg\",\"contentUrl\":\"https:\/\/portaltela.pt\/s.01k8rhncp4jt1\/2026\/01\/slay.jpg\",\"width\":796,\"height\":448,\"caption\":\"Photo\"},{\"@type\":\"BreadcrumbList\",\"@id\":\"https:\/\/portaltela.pt\/noticias\/2026\/01\/27\/ue-aprova-obrigatoriedade-de-identificacao-digital\/#breadcrumb\",\"itemListElement\":[{\"@type\":\"ListItem\",\"position\":1,\"name\":\"In\u00edcio\",\"item\":\"https:\/\/portaltela.pt\/\"},{\"@type\":\"ListItem\",\"position\":2,\"name\":\"UE aprova obrigatoriedade de identifica\u00e7\u00e3o digital\"}]},{\"@type\":\"WebSite\",\"@id\":\"https:\/\/portaltela.pt\/#website\",\"url\":\"https:\/\/portaltela.pt\/\",\"name\":\"Portal Tela Portugal\",\"description\":\"\",\"potentialAction\":[{\"@type\":\"SearchAction\",\"target\":{\"@type\":\"EntryPoint\",\"urlTemplate\":\"https:\/\/portaltela.pt\/?s={search_term_string}\"},\"query-input\":{\"@type\":\"PropertyValueSpecification\",\"valueRequired\":true,\"valueName\":\"search_term_string\"}}],\"inLanguage\":\"pt-PT\"},{\"@type\":\"Person\",\"@id\":\"https:\/\/portaltela.pt\/#\/schema\/person\/c4278d4a6028830caff9ee44b42d32ed\",\"name\":\"Telinha\",\"image\":{\"@type\":\"ImageObject\",\"inLanguage\":\"pt-PT\",\"@id\":\"https:\/\/portaltela.pt\/s.01k8rhncp4jt1\/2025\/11\/talking-bot-125x125.png\",\"url\":\"https:\/\/portaltela.pt\/s.01k8rhncp4jt1\/2025\/11\/talking-bot-125x125.png\",\"contentUrl\":\"https:\/\/portaltela.pt\/s.01k8rhncp4jt1\/2025\/11\/talking-bot-125x125.png\",\"caption\":\"Telinha\"},\"sameAs\":[\"https:\/\/portaltela.pt\/\"],\"url\":\"https:\/\/portaltela.pt\/por\/367410592786\/\"}]}<\/script>\n<!-- \/ Yoast SEO plugin. -->","yoast_head_json":{"title":"UE aprova obrigatoriedade de identifica\u00e7\u00e3o digital - Portal Tela Portugal","robots":{"index":"index","follow":"follow","max-snippet":"max-snippet:-1","max-image-preview":"max-image-preview:large","max-video-preview":"max-video-preview:-1"},"og_locale":"pt_PT","og_type":"article","og_title":"UE aprova obrigatoriedade de identifica\u00e7\u00e3o digital - Portal Tela Portugal","og_description":"Circula nas redes que o Parlamento Europeu aprovou a identifica\u00e7\u00e3o digital obrigat\u00f3ria para todos os cidad\u00e3os da UE; essa informa\u00e7\u00e3o \u00e9 falsa. Em 26 de novembro de 2025 foi aprovada uma medida n\u00e3o legislativa para proteger menores no digital, prevendo que as crian\u00e7as devem ter pelo menos 16 anos para aceder \u00e0s redes sociais. A nota publicada pela UE sobre o tema indica apenas quest\u00f5es de sa\u00fade mental e prote\u00e7\u00e3o de jovens, sem criar uma obriga\u00e7\u00e3o de identifica\u00e7\u00e3o digital para todos os cidad\u00e3os. Quanto \u00e0 carteira digital da UE, o regulamento estabelece que a ades\u00e3o \u00e9 opcional; os Estados devem disponibilizar a carteira at\u00e9 ao final do ano, com fortes prote\u00e7\u00f5es contra discrimina\u00e7\u00e3o para quem n\u00e3o usar. O Observador e o Facebook classificaram o conte\u00fado como falso, confirmando que as alega\u00e7\u00f5es sobre a identifica\u00e7\u00e3o digital obrigat\u00f3ria n\u00e3o correspondem \u00e0 realidade.","og_url":"https:\/\/portaltela.pt\/noticias\/2026\/01\/27\/ue-aprova-obrigatoriedade-de-identificacao-digital\/","og_site_name":"Portal Tela Portugal","article_published_time":"2026-01-27T15:07:00+00:00","author":"Telinha","twitter_card":"summary_large_image","twitter_misc":{"Escrito por":"Telinha","Tempo estimado de leitura":"1 minuto"},"schema":{"@context":"https:\/\/schema.org","@graph":[{"@type":"Article","@id":"https:\/\/portaltela.pt\/noticias\/2026\/01\/27\/ue-aprova-obrigatoriedade-de-identificacao-digital\/#article","isPartOf":{"@id":"https:\/\/portaltela.pt\/noticias\/2026\/01\/27\/ue-aprova-obrigatoriedade-de-identificacao-digital\/"},"author":{"name":"Telinha","@id":"https:\/\/portaltela.pt\/#\/schema\/person\/c4278d4a6028830caff9ee44b42d32ed"},"headline":"UE aprova obrigatoriedade de identifica\u00e7\u00e3o digital","datePublished":"2026-01-27T15:07:00+00:00","mainEntityOfPage":{"@id":"https:\/\/portaltela.pt\/noticias\/2026\/01\/27\/ue-aprova-obrigatoriedade-de-identificacao-digital\/"},"wordCount":262,"image":{"@id":"https:\/\/portaltela.pt\/noticias\/2026\/01\/27\/ue-aprova-obrigatoriedade-de-identificacao-digital\/#primaryimage"},"thumbnailUrl":"https:\/\/portaltela.pt\/s.01k8rhncp4jt1\/2026\/01\/slay.jpg","keywords":["desinforma\u00e7\u00e3o","Identifica\u00e7\u00e3o eletr\u00f3nica","informa\u00e7\u00e3o","prote\u00e7\u00e3o de menores","Uni\u00e3o Europeia"],"articleSection":["Internacional","Not\u00edcias"],"inLanguage":"pt-PT"},{"@type":"WebPage","@id":"https:\/\/portaltela.pt\/noticias\/2026\/01\/27\/ue-aprova-obrigatoriedade-de-identificacao-digital\/","url":"https:\/\/portaltela.pt\/noticias\/2026\/01\/27\/ue-aprova-obrigatoriedade-de-identificacao-digital\/","name":"UE aprova obrigatoriedade de identifica\u00e7\u00e3o digital - Portal Tela Portugal","isPartOf":{"@id":"https:\/\/portaltela.pt\/#website"},"primaryImageOfPage":{"@id":"https:\/\/portaltela.pt\/noticias\/2026\/01\/27\/ue-aprova-obrigatoriedade-de-identificacao-digital\/#primaryimage"},"image":{"@id":"https:\/\/portaltela.pt\/noticias\/2026\/01\/27\/ue-aprova-obrigatoriedade-de-identificacao-digital\/#primaryimage"},"thumbnailUrl":"https:\/\/portaltela.pt\/s.01k8rhncp4jt1\/2026\/01\/slay.jpg","datePublished":"2026-01-27T15:07:00+00:00","author":{"@id":"https:\/\/portaltela.pt\/#\/schema\/person\/c4278d4a6028830caff9ee44b42d32ed"},"breadcrumb":{"@id":"https:\/\/portaltela.pt\/noticias\/2026\/01\/27\/ue-aprova-obrigatoriedade-de-identificacao-digital\/#breadcrumb"},"inLanguage":"pt-PT","potentialAction":[{"@type":"ReadAction","target":["https:\/\/portaltela.pt\/noticias\/2026\/01\/27\/ue-aprova-obrigatoriedade-de-identificacao-digital\/"]}]},{"@type":"ImageObject","inLanguage":"pt-PT","@id":"https:\/\/portaltela.pt\/noticias\/2026\/01\/27\/ue-aprova-obrigatoriedade-de-identificacao-digital\/#primaryimage","url":"https:\/\/portaltela.pt\/s.01k8rhncp4jt1\/2026\/01\/slay.jpg","contentUrl":"https:\/\/portaltela.pt\/s.01k8rhncp4jt1\/2026\/01\/slay.jpg","width":796,"height":448,"caption":"Photo"},{"@type":"BreadcrumbList","@id":"https:\/\/portaltela.pt\/noticias\/2026\/01\/27\/ue-aprova-obrigatoriedade-de-identificacao-digital\/#breadcrumb","itemListElement":[{"@type":"ListItem","position":1,"name":"In\u00edcio","item":"https:\/\/portaltela.pt\/"},{"@type":"ListItem","position":2,"name":"UE aprova obrigatoriedade de identifica\u00e7\u00e3o digital"}]},{"@type":"WebSite","@id":"https:\/\/portaltela.pt\/#website","url":"https:\/\/portaltela.pt\/","name":"Portal Tela Portugal","description":"","potentialAction":[{"@type":"SearchAction","target":{"@type":"EntryPoint","urlTemplate":"https:\/\/portaltela.pt\/?s={search_term_string}"},"query-input":{"@type":"PropertyValueSpecification","valueRequired":true,"valueName":"search_term_string"}}],"inLanguage":"pt-PT"},{"@type":"Person","@id":"https:\/\/portaltela.pt\/#\/schema\/person\/c4278d4a6028830caff9ee44b42d32ed","name":"Telinha","image":{"@type":"ImageObject","inLanguage":"pt-PT","@id":"https:\/\/portaltela.pt\/s.01k8rhncp4jt1\/2025\/11\/talking-bot-125x125.png","url":"https:\/\/portaltela.pt\/s.01k8rhncp4jt1\/2025\/11\/talking-bot-125x125.png","contentUrl":"https:\/\/portaltela.pt\/s.01k8rhncp4jt1\/2025\/11\/talking-bot-125x125.png","caption":"Telinha"},"sameAs":["https:\/\/portaltela.pt\/"],"url":"https:\/\/portaltela.pt\/por\/367410592786\/"}]}},"_links":{"self":[{"href":"https:\/\/portaltela.pt\/api\/wp\/v2\/posts\/176637","targetHints":{"allow":["GET"]}}],"collection":[{"href":"https:\/\/portaltela.pt\/api\/wp\/v2\/posts"}],"about":[{"href":"https:\/\/portaltela.pt\/api\/wp\/v2\/types\/post"}],"author":[{"embeddable":true,"href":"https:\/\/portaltela.pt\/api\/wp\/v2\/users\/2"}],"replies":[{"embeddable":true,"href":"https:\/\/portaltela.pt\/api\/wp\/v2\/comments?post=176637"}],"version-history":[{"count":0,"href":"https:\/\/portaltela.pt\/api\/wp\/v2\/posts\/176637\/revisions"}],"wp:featuredmedia":[{"embeddable":true,"href":"https:\/\/portaltela.pt\/api\/wp\/v2\/media\/176654"}],"wp:attachment":[{"href":"https:\/\/portaltela.pt\/api\/wp\/v2\/media?parent=176637"}],"wp:term":[{"taxonomy":"category","embeddable":true,"href":"https:\/\/portaltela.pt\/api\/wp\/v2\/categories?post=176637"},{"taxonomy":"post_tag","embeddable":true,"href":"https:\/\/portaltela.pt\/api\/wp\/v2\/tags?post=176637"}],"curies":[{"name":"wp","href":"https:\/\/api.w.org\/{rel}","templated":true}]}}