{"id":176625,"date":"2026-01-27T12:03:00","date_gmt":"2026-01-27T15:03:00","guid":{"rendered":"https:\/\/portaltela.pt\/noticias\/2026\/01\/27\/carregamento-rapido-pode-degradar-baterias-revela-estudo\/"},"modified":"2026-01-27T12:03:00","modified_gmt":"2026-01-27T15:03:00","slug":"carregamento-rapido-pode-degradar-baterias-revela-estudo","status":"publish","type":"post","link":"https:\/\/portaltela.pt\/noticias\/2026\/01\/27\/carregamento-rapido-pode-degradar-baterias-revela-estudo\/","title":{"rendered":"Carregamento r\u00e1pido pode degradar baterias, revela estudo"},"content":{"rendered":"<p>Um estudo da Geotab analisa o impacto dos carregamentos r\u00e1pidos na degrada\u00e7\u00e3o das baterias de ve\u00edculos el\u00e9tricos. Revela que a carga r\u00e1pida acelera o desgaste, mas a longevidade geral dos componentes mant\u00e9m-se positiva. A pesquisa atualiza dados de trabalhos anteriores.<\/p>\n<p>A an\u00e1lise abrange mais de 20 mil carros e 21 modelos. Observa-se que quem usa frequentes carregamentos r\u00e1pidos DC acima de 100 kW regista uma degrada\u00e7\u00e3o m\u00e9dia de cerca de 3% ao ano. Em compara\u00e7\u00e3o, carregamentos mais lentos AC apresentam cerca de 1,5% anuais.<\/p>\n<p>A m\u00e9dia global de degrada\u00e7\u00e3o anual, segundo a Geotab, fica em torno de 2,3%. Mesmo com maior stress t\u00e9rmico e el\u00e9trico, as baterias modernas continuam funcionais e com boa capacidade, para al\u00e9m do ciclo de vida \u00fatil previsto para os ve\u00edculos.<\/p>\n<p>A respons\u00e1vel pela \u00e1rea de mobilidade sustent\u00e1vel da Geotab, Charlotte Argue, aponta que as baterias duram muito para al\u00e9m dos ciclos de substitui\u00e7\u00e3o planeados pelas frotas. O estudo tamb\u00e9m ressalva que fatores clim\u00e1ticos influenciam a degrada\u00e7\u00e3o.<\/p>\n<h3>Fatores que influenciam e recomenda\u00e7\u00f5es<\/h3>\n<p>Regi\u00f5es com temperaturas elevadas aceleram a degrada\u00e7\u00e3o, em cerca de 0,4%. Contudo, as tecnologias de gest\u00e3o t\u00e9rmica evolu\u00edram para mitigar esse efeito. A an\u00e1lise sugere privilegiar o carregamento lento sempre que poss\u00edvel.<\/p>\n<p>Para viagens longas ou necessidades urgentes, o carregamento ultra-r\u00e1pido continua a ser vi\u00e1vel. A conclus\u00e3o principal \u00e9 que a tecnologia atual permite usar DC r\u00e1pido sem resultar numa degrada\u00e7\u00e3o acentuada.<\/p>\n","protected":false},"excerpt":{"rendered":"<ul>\n<li>Estudo da Geotab, que analisou mais de vinte mil carros e 21 modelos, mostra que carregar r\u00e1pido com corrente cont\u00ednua acima de 100 kW leva a uma degrada\u00e7\u00e3o de cerca de 3% ao ano.<\/li>\n<li>Em compara\u00e7\u00e3o, carregar devagar (AC) ou com menor pot\u00eancia resulta em perda de cerca de 1,5% ao ano.<\/li>\n<li>A degrada\u00e7\u00e3o m\u00e9dia global apurada \u00e9 de 2,3% ao ano.<\/li>\n<li>Apesar da deprecia\u00e7\u00e3o, as baterias modernas mant\u00eam boa capacidade e funcionam bem muito al\u00e9m do ciclo de vida \u00fatil do ve\u00edculo.<\/li>\n<li>Factores clim\u00e1ticos influenciam a degrada\u00e7\u00e3o, sobretudo em regi\u00f5es muito quentes (aproximadamente 0,4% a mais); a gest\u00e3o t\u00e9rmica tem evolu\u00eddo para mitigar estes efeitos. A recomenda\u00e7\u00e3o \u00e9 privilegiar o carregamento lento sempre que poss\u00edvel e reservar o ultra-r\u00e1pido para viagens longas ou necessidades urgentes.<\/li>\n<\/ul>\n","protected":false},"author":2,"featured_media":176627,"comment_status":"closed","ping_status":"closed","sticky":false,"template":"","format":"standard","meta":{"footnotes":""},"categories":[1],"tags":[2692,755,1022,174,4171,363],"class_list":["post-176625","post","type-post","status-publish","format-standard","has-post-thumbnail","hentry","category-noticias","tag-carregamentos","tag-desenvolvimento-sustentavel","tag-eficiencia-energetica","tag-energia","tag-mobilidade-sustentavel","tag-transportes"],"yoast_head":"<!-- This site is optimized with the Yoast SEO plugin v27.2 - https:\/\/yoast.com\/product\/yoast-seo-wordpress\/ -->\n<title>Carregamento r\u00e1pido pode degradar baterias, revela estudo - Portal Tela Portugal<\/title>\n<meta name=\"robots\" content=\"index, follow, max-snippet:-1, max-image-preview:large, max-video-preview:-1\" \/>\n<meta property=\"og:locale\" content=\"pt_PT\" \/>\n<meta property=\"og:type\" content=\"article\" \/>\n<meta property=\"og:title\" content=\"Carregamento r\u00e1pido pode degradar baterias, revela estudo - Portal Tela Portugal\" \/>\n<meta property=\"og:description\" content=\"Estudo da Geotab, que analisou mais de vinte mil carros e 21 modelos, mostra que carregar r\u00e1pido com corrente cont\u00ednua acima de 100 kW leva a uma degrada\u00e7\u00e3o de cerca de 3% ao ano. Em compara\u00e7\u00e3o, carregar devagar (AC) ou com menor pot\u00eancia resulta em perda de cerca de 1,5% ao ano. A degrada\u00e7\u00e3o m\u00e9dia global apurada \u00e9 de 2,3% ao ano. Apesar da deprecia\u00e7\u00e3o, as baterias modernas mant\u00eam boa capacidade e funcionam bem muito al\u00e9m do ciclo de vida \u00fatil do ve\u00edculo. Factores clim\u00e1ticos influenciam a degrada\u00e7\u00e3o, sobretudo em regi\u00f5es muito quentes (aproximadamente 0,4% a mais); a gest\u00e3o t\u00e9rmica tem evolu\u00eddo para mitigar estes efeitos. A recomenda\u00e7\u00e3o \u00e9 privilegiar o carregamento lento sempre que poss\u00edvel e reservar o ultra-r\u00e1pido para viagens longas ou necessidades urgentes.\" \/>\n<meta property=\"og:url\" content=\"https:\/\/portaltela.pt\/noticias\/2026\/01\/27\/carregamento-rapido-pode-degradar-baterias-revela-estudo\/\" \/>\n<meta property=\"og:site_name\" content=\"Portal Tela Portugal\" \/>\n<meta property=\"article:published_time\" content=\"2026-01-27T15:03:00+00:00\" \/>\n<meta name=\"author\" content=\"Telinha\" \/>\n<meta name=\"twitter:card\" content=\"summary_large_image\" \/>\n<meta name=\"twitter:label1\" content=\"Escrito por\" \/>\n\t<meta name=\"twitter:data1\" content=\"Telinha\" \/>\n\t<meta name=\"twitter:label2\" content=\"Tempo estimado de leitura\" \/>\n\t<meta name=\"twitter:data2\" content=\"1 minuto\" \/>\n<script type=\"application\/ld+json\" class=\"yoast-schema-graph\">{\"@context\":\"https:\/\/schema.org\",\"@graph\":[{\"@type\":\"Article\",\"@id\":\"https:\/\/portaltela.pt\/noticias\/2026\/01\/27\/carregamento-rapido-pode-degradar-baterias-revela-estudo\/#article\",\"isPartOf\":{\"@id\":\"https:\/\/portaltela.pt\/noticias\/2026\/01\/27\/carregamento-rapido-pode-degradar-baterias-revela-estudo\/\"},\"author\":{\"name\":\"Telinha\",\"@id\":\"https:\/\/portaltela.pt\/#\/schema\/person\/c4278d4a6028830caff9ee44b42d32ed\"},\"headline\":\"Carregamento r\u00e1pido pode degradar baterias, revela estudo\",\"datePublished\":\"2026-01-27T15:03:00+00:00\",\"mainEntityOfPage\":{\"@id\":\"https:\/\/portaltela.pt\/noticias\/2026\/01\/27\/carregamento-rapido-pode-degradar-baterias-revela-estudo\/\"},\"wordCount\":265,\"image\":{\"@id\":\"https:\/\/portaltela.pt\/noticias\/2026\/01\/27\/carregamento-rapido-pode-degradar-baterias-revela-estudo\/#primaryimage\"},\"thumbnailUrl\":\"https:\/\/portaltela.pt\/s.01k8rhncp4jt1\/2026\/01\/2062171.jpg\",\"keywords\":[\"carregamentos\",\"desenvolvimento sustent\u00e1vel\",\"Efici\u00eancia Energ\u00e9tica\",\"energia\",\"Mobilidade Sustent\u00e1vel\",\"transportes\"],\"articleSection\":[\"Not\u00edcias\"],\"inLanguage\":\"pt-PT\"},{\"@type\":\"WebPage\",\"@id\":\"https:\/\/portaltela.pt\/noticias\/2026\/01\/27\/carregamento-rapido-pode-degradar-baterias-revela-estudo\/\",\"url\":\"https:\/\/portaltela.pt\/noticias\/2026\/01\/27\/carregamento-rapido-pode-degradar-baterias-revela-estudo\/\",\"name\":\"Carregamento r\u00e1pido pode degradar baterias, revela estudo - Portal Tela Portugal\",\"isPartOf\":{\"@id\":\"https:\/\/portaltela.pt\/#website\"},\"primaryImageOfPage\":{\"@id\":\"https:\/\/portaltela.pt\/noticias\/2026\/01\/27\/carregamento-rapido-pode-degradar-baterias-revela-estudo\/#primaryimage\"},\"image\":{\"@id\":\"https:\/\/portaltela.pt\/noticias\/2026\/01\/27\/carregamento-rapido-pode-degradar-baterias-revela-estudo\/#primaryimage\"},\"thumbnailUrl\":\"https:\/\/portaltela.pt\/s.01k8rhncp4jt1\/2026\/01\/2062171.jpg\",\"datePublished\":\"2026-01-27T15:03:00+00:00\",\"author\":{\"@id\":\"https:\/\/portaltela.pt\/#\/schema\/person\/c4278d4a6028830caff9ee44b42d32ed\"},\"breadcrumb\":{\"@id\":\"https:\/\/portaltela.pt\/noticias\/2026\/01\/27\/carregamento-rapido-pode-degradar-baterias-revela-estudo\/#breadcrumb\"},\"inLanguage\":\"pt-PT\",\"potentialAction\":[{\"@type\":\"ReadAction\",\"target\":[\"https:\/\/portaltela.pt\/noticias\/2026\/01\/27\/carregamento-rapido-pode-degradar-baterias-revela-estudo\/\"]}]},{\"@type\":\"ImageObject\",\"inLanguage\":\"pt-PT\",\"@id\":\"https:\/\/portaltela.pt\/noticias\/2026\/01\/27\/carregamento-rapido-pode-degradar-baterias-revela-estudo\/#primaryimage\",\"url\":\"https:\/\/portaltela.pt\/s.01k8rhncp4jt1\/2026\/01\/2062171.jpg\",\"contentUrl\":\"https:\/\/portaltela.pt\/s.01k8rhncp4jt1\/2026\/01\/2062171.jpg\",\"width\":796,\"height\":448,\"caption\":\"O estudo da Geotab demonstra com n\u00fameros o que j\u00e1 se sabe h\u00e1 muito: os carregamentos a elevada pot\u00eancia tendem a aumentar a degrada\u00e7\u00e3o das baterias\"},{\"@type\":\"BreadcrumbList\",\"@id\":\"https:\/\/portaltela.pt\/noticias\/2026\/01\/27\/carregamento-rapido-pode-degradar-baterias-revela-estudo\/#breadcrumb\",\"itemListElement\":[{\"@type\":\"ListItem\",\"position\":1,\"name\":\"In\u00edcio\",\"item\":\"https:\/\/portaltela.pt\/\"},{\"@type\":\"ListItem\",\"position\":2,\"name\":\"Carregamento r\u00e1pido pode degradar baterias, revela estudo\"}]},{\"@type\":\"WebSite\",\"@id\":\"https:\/\/portaltela.pt\/#website\",\"url\":\"https:\/\/portaltela.pt\/\",\"name\":\"Portal Tela Portugal\",\"description\":\"\",\"potentialAction\":[{\"@type\":\"SearchAction\",\"target\":{\"@type\":\"EntryPoint\",\"urlTemplate\":\"https:\/\/portaltela.pt\/?s={search_term_string}\"},\"query-input\":{\"@type\":\"PropertyValueSpecification\",\"valueRequired\":true,\"valueName\":\"search_term_string\"}}],\"inLanguage\":\"pt-PT\"},{\"@type\":\"Person\",\"@id\":\"https:\/\/portaltela.pt\/#\/schema\/person\/c4278d4a6028830caff9ee44b42d32ed\",\"name\":\"Telinha\",\"image\":{\"@type\":\"ImageObject\",\"inLanguage\":\"pt-PT\",\"@id\":\"https:\/\/portaltela.pt\/s.01k8rhncp4jt1\/2025\/11\/talking-bot-125x125.png\",\"url\":\"https:\/\/portaltela.pt\/s.01k8rhncp4jt1\/2025\/11\/talking-bot-125x125.png\",\"contentUrl\":\"https:\/\/portaltela.pt\/s.01k8rhncp4jt1\/2025\/11\/talking-bot-125x125.png\",\"caption\":\"Telinha\"},\"sameAs\":[\"https:\/\/portaltela.pt\/\"],\"url\":\"https:\/\/portaltela.pt\/por\/367410592786\/\"}]}<\/script>\n<!-- \/ Yoast SEO plugin. -->","yoast_head_json":{"title":"Carregamento r\u00e1pido pode degradar baterias, revela estudo - Portal Tela Portugal","robots":{"index":"index","follow":"follow","max-snippet":"max-snippet:-1","max-image-preview":"max-image-preview:large","max-video-preview":"max-video-preview:-1"},"og_locale":"pt_PT","og_type":"article","og_title":"Carregamento r\u00e1pido pode degradar baterias, revela estudo - Portal Tela Portugal","og_description":"Estudo da Geotab, que analisou mais de vinte mil carros e 21 modelos, mostra que carregar r\u00e1pido com corrente cont\u00ednua acima de 100 kW leva a uma degrada\u00e7\u00e3o de cerca de 3% ao ano. Em compara\u00e7\u00e3o, carregar devagar (AC) ou com menor pot\u00eancia resulta em perda de cerca de 1,5% ao ano. A degrada\u00e7\u00e3o m\u00e9dia global apurada \u00e9 de 2,3% ao ano. Apesar da deprecia\u00e7\u00e3o, as baterias modernas mant\u00eam boa capacidade e funcionam bem muito al\u00e9m do ciclo de vida \u00fatil do ve\u00edculo. Factores clim\u00e1ticos influenciam a degrada\u00e7\u00e3o, sobretudo em regi\u00f5es muito quentes (aproximadamente 0,4% a mais); a gest\u00e3o t\u00e9rmica tem evolu\u00eddo para mitigar estes efeitos. A recomenda\u00e7\u00e3o \u00e9 privilegiar o carregamento lento sempre que poss\u00edvel e reservar o ultra-r\u00e1pido para viagens longas ou necessidades urgentes.","og_url":"https:\/\/portaltela.pt\/noticias\/2026\/01\/27\/carregamento-rapido-pode-degradar-baterias-revela-estudo\/","og_site_name":"Portal Tela Portugal","article_published_time":"2026-01-27T15:03:00+00:00","author":"Telinha","twitter_card":"summary_large_image","twitter_misc":{"Escrito por":"Telinha","Tempo estimado de leitura":"1 minuto"},"schema":{"@context":"https:\/\/schema.org","@graph":[{"@type":"Article","@id":"https:\/\/portaltela.pt\/noticias\/2026\/01\/27\/carregamento-rapido-pode-degradar-baterias-revela-estudo\/#article","isPartOf":{"@id":"https:\/\/portaltela.pt\/noticias\/2026\/01\/27\/carregamento-rapido-pode-degradar-baterias-revela-estudo\/"},"author":{"name":"Telinha","@id":"https:\/\/portaltela.pt\/#\/schema\/person\/c4278d4a6028830caff9ee44b42d32ed"},"headline":"Carregamento r\u00e1pido pode degradar baterias, revela estudo","datePublished":"2026-01-27T15:03:00+00:00","mainEntityOfPage":{"@id":"https:\/\/portaltela.pt\/noticias\/2026\/01\/27\/carregamento-rapido-pode-degradar-baterias-revela-estudo\/"},"wordCount":265,"image":{"@id":"https:\/\/portaltela.pt\/noticias\/2026\/01\/27\/carregamento-rapido-pode-degradar-baterias-revela-estudo\/#primaryimage"},"thumbnailUrl":"https:\/\/portaltela.pt\/s.01k8rhncp4jt1\/2026\/01\/2062171.jpg","keywords":["carregamentos","desenvolvimento sustent\u00e1vel","Efici\u00eancia Energ\u00e9tica","energia","Mobilidade Sustent\u00e1vel","transportes"],"articleSection":["Not\u00edcias"],"inLanguage":"pt-PT"},{"@type":"WebPage","@id":"https:\/\/portaltela.pt\/noticias\/2026\/01\/27\/carregamento-rapido-pode-degradar-baterias-revela-estudo\/","url":"https:\/\/portaltela.pt\/noticias\/2026\/01\/27\/carregamento-rapido-pode-degradar-baterias-revela-estudo\/","name":"Carregamento r\u00e1pido pode degradar baterias, revela estudo - Portal Tela Portugal","isPartOf":{"@id":"https:\/\/portaltela.pt\/#website"},"primaryImageOfPage":{"@id":"https:\/\/portaltela.pt\/noticias\/2026\/01\/27\/carregamento-rapido-pode-degradar-baterias-revela-estudo\/#primaryimage"},"image":{"@id":"https:\/\/portaltela.pt\/noticias\/2026\/01\/27\/carregamento-rapido-pode-degradar-baterias-revela-estudo\/#primaryimage"},"thumbnailUrl":"https:\/\/portaltela.pt\/s.01k8rhncp4jt1\/2026\/01\/2062171.jpg","datePublished":"2026-01-27T15:03:00+00:00","author":{"@id":"https:\/\/portaltela.pt\/#\/schema\/person\/c4278d4a6028830caff9ee44b42d32ed"},"breadcrumb":{"@id":"https:\/\/portaltela.pt\/noticias\/2026\/01\/27\/carregamento-rapido-pode-degradar-baterias-revela-estudo\/#breadcrumb"},"inLanguage":"pt-PT","potentialAction":[{"@type":"ReadAction","target":["https:\/\/portaltela.pt\/noticias\/2026\/01\/27\/carregamento-rapido-pode-degradar-baterias-revela-estudo\/"]}]},{"@type":"ImageObject","inLanguage":"pt-PT","@id":"https:\/\/portaltela.pt\/noticias\/2026\/01\/27\/carregamento-rapido-pode-degradar-baterias-revela-estudo\/#primaryimage","url":"https:\/\/portaltela.pt\/s.01k8rhncp4jt1\/2026\/01\/2062171.jpg","contentUrl":"https:\/\/portaltela.pt\/s.01k8rhncp4jt1\/2026\/01\/2062171.jpg","width":796,"height":448,"caption":"O estudo da Geotab demonstra com n\u00fameros o que j\u00e1 se sabe h\u00e1 muito: os carregamentos a elevada pot\u00eancia tendem a aumentar a degrada\u00e7\u00e3o das baterias"},{"@type":"BreadcrumbList","@id":"https:\/\/portaltela.pt\/noticias\/2026\/01\/27\/carregamento-rapido-pode-degradar-baterias-revela-estudo\/#breadcrumb","itemListElement":[{"@type":"ListItem","position":1,"name":"In\u00edcio","item":"https:\/\/portaltela.pt\/"},{"@type":"ListItem","position":2,"name":"Carregamento r\u00e1pido pode degradar baterias, revela estudo"}]},{"@type":"WebSite","@id":"https:\/\/portaltela.pt\/#website","url":"https:\/\/portaltela.pt\/","name":"Portal Tela Portugal","description":"","potentialAction":[{"@type":"SearchAction","target":{"@type":"EntryPoint","urlTemplate":"https:\/\/portaltela.pt\/?s={search_term_string}"},"query-input":{"@type":"PropertyValueSpecification","valueRequired":true,"valueName":"search_term_string"}}],"inLanguage":"pt-PT"},{"@type":"Person","@id":"https:\/\/portaltela.pt\/#\/schema\/person\/c4278d4a6028830caff9ee44b42d32ed","name":"Telinha","image":{"@type":"ImageObject","inLanguage":"pt-PT","@id":"https:\/\/portaltela.pt\/s.01k8rhncp4jt1\/2025\/11\/talking-bot-125x125.png","url":"https:\/\/portaltela.pt\/s.01k8rhncp4jt1\/2025\/11\/talking-bot-125x125.png","contentUrl":"https:\/\/portaltela.pt\/s.01k8rhncp4jt1\/2025\/11\/talking-bot-125x125.png","caption":"Telinha"},"sameAs":["https:\/\/portaltela.pt\/"],"url":"https:\/\/portaltela.pt\/por\/367410592786\/"}]}},"_links":{"self":[{"href":"https:\/\/portaltela.pt\/api\/wp\/v2\/posts\/176625","targetHints":{"allow":["GET"]}}],"collection":[{"href":"https:\/\/portaltela.pt\/api\/wp\/v2\/posts"}],"about":[{"href":"https:\/\/portaltela.pt\/api\/wp\/v2\/types\/post"}],"author":[{"embeddable":true,"href":"https:\/\/portaltela.pt\/api\/wp\/v2\/users\/2"}],"replies":[{"embeddable":true,"href":"https:\/\/portaltela.pt\/api\/wp\/v2\/comments?post=176625"}],"version-history":[{"count":0,"href":"https:\/\/portaltela.pt\/api\/wp\/v2\/posts\/176625\/revisions"}],"wp:featuredmedia":[{"embeddable":true,"href":"https:\/\/portaltela.pt\/api\/wp\/v2\/media\/176627"}],"wp:attachment":[{"href":"https:\/\/portaltela.pt\/api\/wp\/v2\/media?parent=176625"}],"wp:term":[{"taxonomy":"category","embeddable":true,"href":"https:\/\/portaltela.pt\/api\/wp\/v2\/categories?post=176625"},{"taxonomy":"post_tag","embeddable":true,"href":"https:\/\/portaltela.pt\/api\/wp\/v2\/tags?post=176625"}],"curies":[{"name":"wp","href":"https:\/\/api.w.org\/{rel}","templated":true}]}}