{"id":176583,"date":"2026-01-26T21:00:00","date_gmt":"2026-01-27T00:00:00","guid":{"rendered":"https:\/\/portaltela.pt\/noticias\/2026\/01\/26\/atualidade-das-14h-principais-noticias\/"},"modified":"2026-01-26T21:00:00","modified_gmt":"2026-01-27T00:00:00","slug":"atualidade-das-14h-principais-noticias","status":"publish","type":"post","link":"https:\/\/portaltela.pt\/noticias\/2026\/01\/26\/atualidade-das-14h-principais-noticias\/","title":{"rendered":"Atualidade das 14h principais not\u00edcias"},"content":{"rendered":"<p>A R\u00e1dio Observador apresenta um resumo dos acontecimentos mais relevantes do dia. O mau tempo provocou interrup\u00e7\u00f5es no fornecimento de energia a milhares de pessoas em v\u00e1rias regi\u00f5es, al\u00e9m de v\u00e1rias ocorr\u00eancias em todo o pa\u00eds. Registam-se tamb\u00e9m desfechos em opera\u00e7\u00f5es de prote\u00e7\u00e3o civil e eventos internacionais com impacto econ\u00f3mico.<\/p>\n<p>Entre as ocorr\u00eancias, destacam-se mais de 1.000 ocorr\u00eancias registradas pela prote\u00e7\u00e3o civil e cerca de 1.500 situa\u00e7\u00f5es de mau tempo em territ\u00f3rio nacional. V\u00e1rias estradas ficaram cortadas e h\u00e1 registo de inunda\u00e7\u00f5es em distintas zonas do pa\u00eds, incluindo Ponte de Lima. O cen\u00e1rio levou \u00e0 mobiliza\u00e7\u00e3o de equipas de resposta em v\u00e1rias regi\u00f5es.<\/p>\n<p>Durante a manh\u00e3, um militar do Ex\u00e9rcito perdeu a vida em exerc\u00edcios realizados em Lamego. O incidente foi acompanhado pela presen\u00e7a de as autoridades, que abriram apuramento e investiga\u00e7\u00e3o para esclarecer as causas. N\u00e3o foram divulgados detalhes adicionais sobre o andamento da investiga\u00e7\u00e3o.<\/p>\n<h3>Incidente em Lamego<\/h3>\n<p>A ocorr\u00eancia em territ\u00f3rio de Lamego ocorreu durante atividades militares programadas. As autoridades disseram estar a trabalhar para esclarecer as circunst\u00e2ncias do sucedido. O incidente levou a uma resposta imediata das unidades envolvidas e de servi\u00e7os de sa\u00fade locais.<\/p>\n<h3>Situa\u00e7\u00e3o de mau tempo e impacto<\/h3>\n<p>At\u00e9 ao meio-dia, o pa\u00eds registava v\u00e1rias ocorr\u00eancias associadas ao mau tempo, com danos em infraestruturas e habita\u00e7\u00f5es. Em Ponte de Lima, algumas casas ficaram inundadas e a prote\u00e7\u00e3o civil manteve vigil\u00e2ncia sobre zonas alagadas. As autoridades recomendam cautela aos cidad\u00e3os e acompanhamento dos avisos meteorol\u00f3gicos.<\/p>\n<h3>Desdobramentos e outras informa\u00e7\u00f5es<\/h3>\n<p>Entre outros temas, a Uni\u00e3o Europeia e a \u00cdndia chegaram a acordo sobre um tratado comercial, sinalizando avan\u00e7os na coopera\u00e7\u00e3o econ\u00f3mica. Nos Estados Unidos, autoridades anunciaram a retirada de agentes do ICE em Minneapolis, conforme comunicado oficial.<\/p>\n<p>No topo das informa\u00e7\u00f5es, o governo monitoriza tamb\u00e9m vias de transporte cortadas pelo mau tempo, especialmente no Alto Minho. O estudo de impactos e a mobiliza\u00e7\u00e3o de recursos permanecem em curso para mitigar consequ\u00eancias para a popula\u00e7\u00e3o afetada.<\/p>\n<p>Essas informa\u00e7\u00f5es s\u00e3o atualizadas \u00e0 medida que surgem novos dados e confirma\u00e7\u00f5es pelas autoridades competentes.<\/p>\n","protected":false},"excerpt":{"rendered":"<ul>\n<li>O mau tempo deixou 10 mil pessoas sem energia el\u00e9ctrica.<\/li>\n<li>Um militar do Ex\u00e9rcito morreu durante exerc\u00edcios em Lamego.<\/li>\n<li>A prote\u00e7\u00e3o civil registou mais de mil ocorr\u00eancias associadas ao mau tempo.<\/li>\n<li>A Uni\u00e3o Europeia e a \u00cdndia chegaram a acordo sobre um tratado comercial.<\/li>\n<li>O mau tempo cortou vias e provocou inunda\u00e7\u00f5es no Alto Minho.<\/li>\n<\/ul>\n","protected":false},"author":2,"featured_media":176586,"comment_status":"closed","ping_status":"closed","sticky":false,"template":"","format":"standard","meta":{"footnotes":""},"categories":[1],"tags":[3812,215,3419,4210,320,250],"class_list":["post-176583","post","type-post","status-publish","format-standard","has-post-thumbnail","hentry","category-noticias","tag-alagamentos","tag-investigacao","tag-lamego","tag-ponte-de-lima","tag-protecao-civil","tag-seguranca-publica"],"yoast_head":"<!-- This site is optimized with the Yoast SEO plugin v27.2 - https:\/\/yoast.com\/product\/yoast-seo-wordpress\/ -->\n<title>Atualidade das 14h principais not\u00edcias - Portal Tela Portugal<\/title>\n<meta name=\"robots\" content=\"index, follow, max-snippet:-1, max-image-preview:large, max-video-preview:-1\" \/>\n<meta property=\"og:locale\" content=\"pt_PT\" \/>\n<meta property=\"og:type\" content=\"article\" \/>\n<meta property=\"og:title\" content=\"Atualidade das 14h principais not\u00edcias - Portal Tela Portugal\" \/>\n<meta property=\"og:description\" content=\"O mau tempo deixou 10 mil pessoas sem energia el\u00e9ctrica. Um militar do Ex\u00e9rcito morreu durante exerc\u00edcios em Lamego. A prote\u00e7\u00e3o civil registou mais de mil ocorr\u00eancias associadas ao mau tempo. A Uni\u00e3o Europeia e a \u00cdndia chegaram a acordo sobre um tratado comercial. O mau tempo cortou vias e provocou inunda\u00e7\u00f5es no Alto Minho.\" \/>\n<meta property=\"og:url\" content=\"https:\/\/portaltela.pt\/noticias\/2026\/01\/26\/atualidade-das-14h-principais-noticias\/\" \/>\n<meta property=\"og:site_name\" content=\"Portal Tela Portugal\" \/>\n<meta property=\"article:published_time\" content=\"2026-01-27T00:00:00+00:00\" \/>\n<meta name=\"author\" content=\"Telinha\" \/>\n<meta name=\"twitter:card\" content=\"summary_large_image\" \/>\n<meta name=\"twitter:label1\" content=\"Escrito por\" \/>\n\t<meta name=\"twitter:data1\" content=\"Telinha\" \/>\n\t<meta name=\"twitter:label2\" content=\"Tempo estimado de leitura\" \/>\n\t<meta name=\"twitter:data2\" content=\"2 minutos\" \/>\n<script type=\"application\/ld+json\" class=\"yoast-schema-graph\">{\"@context\":\"https:\/\/schema.org\",\"@graph\":[{\"@type\":\"Article\",\"@id\":\"https:\/\/portaltela.pt\/noticias\/2026\/01\/26\/atualidade-das-14h-principais-noticias\/#article\",\"isPartOf\":{\"@id\":\"https:\/\/portaltela.pt\/noticias\/2026\/01\/26\/atualidade-das-14h-principais-noticias\/\"},\"author\":{\"name\":\"Telinha\",\"@id\":\"https:\/\/portaltela.pt\/#\/schema\/person\/c4278d4a6028830caff9ee44b42d32ed\"},\"headline\":\"Atualidade das 14h principais not\u00edcias\",\"datePublished\":\"2026-01-27T00:00:00+00:00\",\"mainEntityOfPage\":{\"@id\":\"https:\/\/portaltela.pt\/noticias\/2026\/01\/26\/atualidade-das-14h-principais-noticias\/\"},\"wordCount\":393,\"image\":{\"@id\":\"https:\/\/portaltela.pt\/noticias\/2026\/01\/26\/atualidade-das-14h-principais-noticias\/#primaryimage\"},\"thumbnailUrl\":\"https:\/\/portaltela.pt\/s.01k8rhncp4jt1\/2026\/01\/770-podcast-noticiario-431.jpg\",\"keywords\":[\"alagamentos\",\"investiga\u00e7\u00e3o\",\"Lamego\",\"Ponte de Lima\",\"prote\u00e7\u00e3o civil\",\"seguran\u00e7a p\u00fablica\"],\"articleSection\":[\"Not\u00edcias\"],\"inLanguage\":\"pt-PT\"},{\"@type\":\"WebPage\",\"@id\":\"https:\/\/portaltela.pt\/noticias\/2026\/01\/26\/atualidade-das-14h-principais-noticias\/\",\"url\":\"https:\/\/portaltela.pt\/noticias\/2026\/01\/26\/atualidade-das-14h-principais-noticias\/\",\"name\":\"Atualidade das 14h principais not\u00edcias - Portal Tela Portugal\",\"isPartOf\":{\"@id\":\"https:\/\/portaltela.pt\/#website\"},\"primaryImageOfPage\":{\"@id\":\"https:\/\/portaltela.pt\/noticias\/2026\/01\/26\/atualidade-das-14h-principais-noticias\/#primaryimage\"},\"image\":{\"@id\":\"https:\/\/portaltela.pt\/noticias\/2026\/01\/26\/atualidade-das-14h-principais-noticias\/#primaryimage\"},\"thumbnailUrl\":\"https:\/\/portaltela.pt\/s.01k8rhncp4jt1\/2026\/01\/770-podcast-noticiario-431.jpg\",\"datePublished\":\"2026-01-27T00:00:00+00:00\",\"author\":{\"@id\":\"https:\/\/portaltela.pt\/#\/schema\/person\/c4278d4a6028830caff9ee44b42d32ed\"},\"breadcrumb\":{\"@id\":\"https:\/\/portaltela.pt\/noticias\/2026\/01\/26\/atualidade-das-14h-principais-noticias\/#breadcrumb\"},\"inLanguage\":\"pt-PT\",\"potentialAction\":[{\"@type\":\"ReadAction\",\"target\":[\"https:\/\/portaltela.pt\/noticias\/2026\/01\/26\/atualidade-das-14h-principais-noticias\/\"]}]},{\"@type\":\"ImageObject\",\"inLanguage\":\"pt-PT\",\"@id\":\"https:\/\/portaltela.pt\/noticias\/2026\/01\/26\/atualidade-das-14h-principais-noticias\/#primaryimage\",\"url\":\"https:\/\/portaltela.pt\/s.01k8rhncp4jt1\/2026\/01\/770-podcast-noticiario-431.jpg\",\"contentUrl\":\"https:\/\/portaltela.pt\/s.01k8rhncp4jt1\/2026\/01\/770-podcast-noticiario-431.jpg\",\"width\":796,\"height\":448,\"caption\":\"Capa do programa\"},{\"@type\":\"BreadcrumbList\",\"@id\":\"https:\/\/portaltela.pt\/noticias\/2026\/01\/26\/atualidade-das-14h-principais-noticias\/#breadcrumb\",\"itemListElement\":[{\"@type\":\"ListItem\",\"position\":1,\"name\":\"In\u00edcio\",\"item\":\"https:\/\/portaltela.pt\/\"},{\"@type\":\"ListItem\",\"position\":2,\"name\":\"Atualidade das 14h principais not\u00edcias\"}]},{\"@type\":\"WebSite\",\"@id\":\"https:\/\/portaltela.pt\/#website\",\"url\":\"https:\/\/portaltela.pt\/\",\"name\":\"Portal Tela Portugal\",\"description\":\"\",\"potentialAction\":[{\"@type\":\"SearchAction\",\"target\":{\"@type\":\"EntryPoint\",\"urlTemplate\":\"https:\/\/portaltela.pt\/?s={search_term_string}\"},\"query-input\":{\"@type\":\"PropertyValueSpecification\",\"valueRequired\":true,\"valueName\":\"search_term_string\"}}],\"inLanguage\":\"pt-PT\"},{\"@type\":\"Person\",\"@id\":\"https:\/\/portaltela.pt\/#\/schema\/person\/c4278d4a6028830caff9ee44b42d32ed\",\"name\":\"Telinha\",\"image\":{\"@type\":\"ImageObject\",\"inLanguage\":\"pt-PT\",\"@id\":\"https:\/\/portaltela.pt\/s.01k8rhncp4jt1\/2025\/11\/talking-bot-125x125.png\",\"url\":\"https:\/\/portaltela.pt\/s.01k8rhncp4jt1\/2025\/11\/talking-bot-125x125.png\",\"contentUrl\":\"https:\/\/portaltela.pt\/s.01k8rhncp4jt1\/2025\/11\/talking-bot-125x125.png\",\"caption\":\"Telinha\"},\"sameAs\":[\"https:\/\/portaltela.pt\/\"],\"url\":\"https:\/\/portaltela.pt\/por\/367410592786\/\"}]}<\/script>\n<!-- \/ Yoast SEO plugin. -->","yoast_head_json":{"title":"Atualidade das 14h principais not\u00edcias - Portal Tela Portugal","robots":{"index":"index","follow":"follow","max-snippet":"max-snippet:-1","max-image-preview":"max-image-preview:large","max-video-preview":"max-video-preview:-1"},"og_locale":"pt_PT","og_type":"article","og_title":"Atualidade das 14h principais not\u00edcias - Portal Tela Portugal","og_description":"O mau tempo deixou 10 mil pessoas sem energia el\u00e9ctrica. Um militar do Ex\u00e9rcito morreu durante exerc\u00edcios em Lamego. A prote\u00e7\u00e3o civil registou mais de mil ocorr\u00eancias associadas ao mau tempo. A Uni\u00e3o Europeia e a \u00cdndia chegaram a acordo sobre um tratado comercial. O mau tempo cortou vias e provocou inunda\u00e7\u00f5es no Alto Minho.","og_url":"https:\/\/portaltela.pt\/noticias\/2026\/01\/26\/atualidade-das-14h-principais-noticias\/","og_site_name":"Portal Tela Portugal","article_published_time":"2026-01-27T00:00:00+00:00","author":"Telinha","twitter_card":"summary_large_image","twitter_misc":{"Escrito por":"Telinha","Tempo estimado de leitura":"2 minutos"},"schema":{"@context":"https:\/\/schema.org","@graph":[{"@type":"Article","@id":"https:\/\/portaltela.pt\/noticias\/2026\/01\/26\/atualidade-das-14h-principais-noticias\/#article","isPartOf":{"@id":"https:\/\/portaltela.pt\/noticias\/2026\/01\/26\/atualidade-das-14h-principais-noticias\/"},"author":{"name":"Telinha","@id":"https:\/\/portaltela.pt\/#\/schema\/person\/c4278d4a6028830caff9ee44b42d32ed"},"headline":"Atualidade das 14h principais not\u00edcias","datePublished":"2026-01-27T00:00:00+00:00","mainEntityOfPage":{"@id":"https:\/\/portaltela.pt\/noticias\/2026\/01\/26\/atualidade-das-14h-principais-noticias\/"},"wordCount":393,"image":{"@id":"https:\/\/portaltela.pt\/noticias\/2026\/01\/26\/atualidade-das-14h-principais-noticias\/#primaryimage"},"thumbnailUrl":"https:\/\/portaltela.pt\/s.01k8rhncp4jt1\/2026\/01\/770-podcast-noticiario-431.jpg","keywords":["alagamentos","investiga\u00e7\u00e3o","Lamego","Ponte de Lima","prote\u00e7\u00e3o civil","seguran\u00e7a p\u00fablica"],"articleSection":["Not\u00edcias"],"inLanguage":"pt-PT"},{"@type":"WebPage","@id":"https:\/\/portaltela.pt\/noticias\/2026\/01\/26\/atualidade-das-14h-principais-noticias\/","url":"https:\/\/portaltela.pt\/noticias\/2026\/01\/26\/atualidade-das-14h-principais-noticias\/","name":"Atualidade das 14h principais not\u00edcias - Portal Tela Portugal","isPartOf":{"@id":"https:\/\/portaltela.pt\/#website"},"primaryImageOfPage":{"@id":"https:\/\/portaltela.pt\/noticias\/2026\/01\/26\/atualidade-das-14h-principais-noticias\/#primaryimage"},"image":{"@id":"https:\/\/portaltela.pt\/noticias\/2026\/01\/26\/atualidade-das-14h-principais-noticias\/#primaryimage"},"thumbnailUrl":"https:\/\/portaltela.pt\/s.01k8rhncp4jt1\/2026\/01\/770-podcast-noticiario-431.jpg","datePublished":"2026-01-27T00:00:00+00:00","author":{"@id":"https:\/\/portaltela.pt\/#\/schema\/person\/c4278d4a6028830caff9ee44b42d32ed"},"breadcrumb":{"@id":"https:\/\/portaltela.pt\/noticias\/2026\/01\/26\/atualidade-das-14h-principais-noticias\/#breadcrumb"},"inLanguage":"pt-PT","potentialAction":[{"@type":"ReadAction","target":["https:\/\/portaltela.pt\/noticias\/2026\/01\/26\/atualidade-das-14h-principais-noticias\/"]}]},{"@type":"ImageObject","inLanguage":"pt-PT","@id":"https:\/\/portaltela.pt\/noticias\/2026\/01\/26\/atualidade-das-14h-principais-noticias\/#primaryimage","url":"https:\/\/portaltela.pt\/s.01k8rhncp4jt1\/2026\/01\/770-podcast-noticiario-431.jpg","contentUrl":"https:\/\/portaltela.pt\/s.01k8rhncp4jt1\/2026\/01\/770-podcast-noticiario-431.jpg","width":796,"height":448,"caption":"Capa do programa"},{"@type":"BreadcrumbList","@id":"https:\/\/portaltela.pt\/noticias\/2026\/01\/26\/atualidade-das-14h-principais-noticias\/#breadcrumb","itemListElement":[{"@type":"ListItem","position":1,"name":"In\u00edcio","item":"https:\/\/portaltela.pt\/"},{"@type":"ListItem","position":2,"name":"Atualidade das 14h principais not\u00edcias"}]},{"@type":"WebSite","@id":"https:\/\/portaltela.pt\/#website","url":"https:\/\/portaltela.pt\/","name":"Portal Tela Portugal","description":"","potentialAction":[{"@type":"SearchAction","target":{"@type":"EntryPoint","urlTemplate":"https:\/\/portaltela.pt\/?s={search_term_string}"},"query-input":{"@type":"PropertyValueSpecification","valueRequired":true,"valueName":"search_term_string"}}],"inLanguage":"pt-PT"},{"@type":"Person","@id":"https:\/\/portaltela.pt\/#\/schema\/person\/c4278d4a6028830caff9ee44b42d32ed","name":"Telinha","image":{"@type":"ImageObject","inLanguage":"pt-PT","@id":"https:\/\/portaltela.pt\/s.01k8rhncp4jt1\/2025\/11\/talking-bot-125x125.png","url":"https:\/\/portaltela.pt\/s.01k8rhncp4jt1\/2025\/11\/talking-bot-125x125.png","contentUrl":"https:\/\/portaltela.pt\/s.01k8rhncp4jt1\/2025\/11\/talking-bot-125x125.png","caption":"Telinha"},"sameAs":["https:\/\/portaltela.pt\/"],"url":"https:\/\/portaltela.pt\/por\/367410592786\/"}]}},"_links":{"self":[{"href":"https:\/\/portaltela.pt\/api\/wp\/v2\/posts\/176583","targetHints":{"allow":["GET"]}}],"collection":[{"href":"https:\/\/portaltela.pt\/api\/wp\/v2\/posts"}],"about":[{"href":"https:\/\/portaltela.pt\/api\/wp\/v2\/types\/post"}],"author":[{"embeddable":true,"href":"https:\/\/portaltela.pt\/api\/wp\/v2\/users\/2"}],"replies":[{"embeddable":true,"href":"https:\/\/portaltela.pt\/api\/wp\/v2\/comments?post=176583"}],"version-history":[{"count":0,"href":"https:\/\/portaltela.pt\/api\/wp\/v2\/posts\/176583\/revisions"}],"wp:featuredmedia":[{"embeddable":true,"href":"https:\/\/portaltela.pt\/api\/wp\/v2\/media\/176586"}],"wp:attachment":[{"href":"https:\/\/portaltela.pt\/api\/wp\/v2\/media?parent=176583"}],"wp:term":[{"taxonomy":"category","embeddable":true,"href":"https:\/\/portaltela.pt\/api\/wp\/v2\/categories?post=176583"},{"taxonomy":"post_tag","embeddable":true,"href":"https:\/\/portaltela.pt\/api\/wp\/v2\/tags?post=176583"}],"curies":[{"name":"wp","href":"https:\/\/api.w.org\/{rel}","templated":true}]}}