{"id":176581,"date":"2026-01-27T11:08:00","date_gmt":"2026-01-27T14:08:00","guid":{"rendered":"https:\/\/portaltela.pt\/noticias\/2026\/01\/27\/victoria-beckham-e-condecorada-pelo-governo-frances-em-meio-a-polemica-com-o-filho\/"},"modified":"2026-01-27T11:08:00","modified_gmt":"2026-01-27T14:08:00","slug":"victoria-beckham-e-condecorada-pelo-governo-frances-em-meio-a-polemica-com-o-filho","status":"publish","type":"post","link":"https:\/\/portaltela.pt\/noticias\/2026\/01\/27\/victoria-beckham-e-condecorada-pelo-governo-frances-em-meio-a-polemica-com-o-filho\/","title":{"rendered":"Victoria Beckham \u00e9 condecorada pelo governo franc\u00eas em meio \u00e0 pol\u00e9mica com o filho"},"content":{"rendered":"<p>Victoria Beckham foi condecorada Cavaleira da Ordem das Artes e Letras pelo Governo franc\u00eas, na segunda-feira, em Paris. A distin\u00e7\u00e3o reconhece o trabalho da designer na promo\u00e7\u00e3o da cultura e da moda. A cerim\u00f3nia ocorreu no Minist\u00e9rio da Cultura, com a presen\u00e7a da fam\u00edlia, em especial do marido David Beckham.<\/p>\n<p>A designer brit\u00e2nica agradeceu publicamente e destacou o apre\u00e7o pela est\u00e9tica francesa. Refor\u00e7ou que o apoio da fam\u00edlia foi essencial para o seu percurso profissional e dedicou a homenagem aos parceiros de neg\u00f3cio que acreditaram nela.<\/p>\n<p>Na cerim\u00f3nia participaram figuras do mundo da moda, entre as quais Anna Wintour e Edward Enninful, al\u00e9m de nomes de v\u00e1rias revistas e marcas. O ES tamb\u00e9m reuniu convidados de diversas \u00e1reas do sector criativo.<\/p>\n<p>A aus\u00eancia de Brooklyn Beckham e Nicola Peltz Beckham ficou evidente. O filho mais velho, que j\u00e1 falou publicamente sobre desaven\u00e7as com os pais, n\u00e3o integrou o grupo presente em Paris. N\u00e3o houve rea\u00e7\u00e3o p\u00fablica dos Beckham.<\/p>\n<p>Romeo, Cruz e Harper Beckham estiveram no local, acompa\u00f1ados de parceiros, bem como outros familiares. Enquanto Victoria celebrou a distin\u00e7\u00e3o, os tabloides poucos dias antes j\u00e1 reportavam disputas familiares em desenvolvimento.<\/p>\n<p>Nesta altura, a Semana de Alta-Costura de Paris continua. A Fran\u00e7a j\u00e1 tinha condecorado Pharrell Williams com a Legi\u00e3o de Honra, refor\u00e7ando o clima de homenagens ao mundo criativo.<\/p>\n","protected":false},"excerpt":{"rendered":"<ul>\n<li>Victoria Beckham foi condecorada Cavaleira da Ordem das Artes e das Letras pelo Governo franc\u00eas, reconhecida pelo trabalho em prol da cultura.<\/li>\n<li>A designer esteve acompanhada pela fam\u00edlia no Minist\u00e9rio da Cultura, em Paris, mas o filho mais velho Brooklyn n\u00e3o estava presente devido a uma pol\u00e9mica familiar em curso.<\/li>\n<li>A cerim\u00f3nia ocorreu durante a Semana de Alta-Costura de Paris, a par de outras personalidades do mundo da moda e da cultura.<\/li>\n<li>Beckham agradeceu \u00e0 ministra da Cultura e destacou o apoio da fam\u00edlia e dos parceiros de neg\u00f3cio, referindo que o reconhecimento \u00e9 um privil\u00e9gio profundo.<\/li>\n<li>Al\u00e9m de Beckham, a cerim\u00f3nia contou com a presen\u00e7a de figuras como Anna Wintour e Edward Enninful; no mesmo contexto, foi citado que Pharrell Williams recebeu a Ordem Nacional da Legi\u00e3o de Honra.<\/li>\n<\/ul>\n","protected":false},"author":2,"featured_media":176584,"comment_status":"closed","ping_status":"closed","sticky":false,"template":"","format":"standard","meta":{"footnotes":""},"categories":[1],"tags":[70,4263,145,1856,135,3163],"class_list":["post-176581","post","type-post","status-publish","format-standard","has-post-thumbnail","hentry","category-noticias","tag-arte","tag-condecoracoes-honorificas","tag-cultura","tag-franca","tag-moda","tag-paris"],"yoast_head":"<!-- This site is optimized with the Yoast SEO plugin v27.2 - https:\/\/yoast.com\/product\/yoast-seo-wordpress\/ -->\n<title>Victoria Beckham \u00e9 condecorada pelo governo franc\u00eas em meio \u00e0 pol\u00e9mica com o filho - Portal Tela Portugal<\/title>\n<meta name=\"robots\" content=\"index, follow, max-snippet:-1, max-image-preview:large, max-video-preview:-1\" \/>\n<meta property=\"og:locale\" content=\"pt_PT\" \/>\n<meta property=\"og:type\" content=\"article\" \/>\n<meta property=\"og:title\" content=\"Victoria Beckham \u00e9 condecorada pelo governo franc\u00eas em meio \u00e0 pol\u00e9mica com o filho - Portal Tela Portugal\" \/>\n<meta property=\"og:description\" content=\"Victoria Beckham foi condecorada Cavaleira da Ordem das Artes e das Letras pelo Governo franc\u00eas, reconhecida pelo trabalho em prol da cultura. A designer esteve acompanhada pela fam\u00edlia no Minist\u00e9rio da Cultura, em Paris, mas o filho mais velho Brooklyn n\u00e3o estava presente devido a uma pol\u00e9mica familiar em curso. A cerim\u00f3nia ocorreu durante a Semana de Alta-Costura de Paris, a par de outras personalidades do mundo da moda e da cultura. Beckham agradeceu \u00e0 ministra da Cultura e destacou o apoio da fam\u00edlia e dos parceiros de neg\u00f3cio, referindo que o reconhecimento \u00e9 um privil\u00e9gio profundo. Al\u00e9m de Beckham, a cerim\u00f3nia contou com a presen\u00e7a de figuras como Anna Wintour e Edward Enninful; no mesmo contexto, foi citado que Pharrell Williams recebeu a Ordem Nacional da Legi\u00e3o de Honra.\" \/>\n<meta property=\"og:url\" content=\"https:\/\/portaltela.pt\/noticias\/2026\/01\/27\/victoria-beckham-e-condecorada-pelo-governo-frances-em-meio-a-polemica-com-o-filho\/\" \/>\n<meta property=\"og:site_name\" content=\"Portal Tela Portugal\" \/>\n<meta property=\"article:published_time\" content=\"2026-01-27T14:08:00+00:00\" \/>\n<meta name=\"author\" content=\"Telinha\" \/>\n<meta name=\"twitter:card\" content=\"summary_large_image\" \/>\n<meta name=\"twitter:label1\" content=\"Escrito por\" \/>\n\t<meta name=\"twitter:data1\" content=\"Telinha\" \/>\n\t<meta name=\"twitter:label2\" content=\"Tempo estimado de leitura\" \/>\n\t<meta name=\"twitter:data2\" content=\"1 minuto\" \/>\n<script type=\"application\/ld+json\" class=\"yoast-schema-graph\">{\"@context\":\"https:\/\/schema.org\",\"@graph\":[{\"@type\":\"Article\",\"@id\":\"https:\/\/portaltela.pt\/noticias\/2026\/01\/27\/victoria-beckham-e-condecorada-pelo-governo-frances-em-meio-a-polemica-com-o-filho\/#article\",\"isPartOf\":{\"@id\":\"https:\/\/portaltela.pt\/noticias\/2026\/01\/27\/victoria-beckham-e-condecorada-pelo-governo-frances-em-meio-a-polemica-com-o-filho\/\"},\"author\":{\"name\":\"Telinha\",\"@id\":\"https:\/\/portaltela.pt\/#\/schema\/person\/c4278d4a6028830caff9ee44b42d32ed\"},\"headline\":\"Victoria Beckham \u00e9 condecorada pelo governo franc\u00eas em meio \u00e0 pol\u00e9mica com o filho\",\"datePublished\":\"2026-01-27T14:08:00+00:00\",\"mainEntityOfPage\":{\"@id\":\"https:\/\/portaltela.pt\/noticias\/2026\/01\/27\/victoria-beckham-e-condecorada-pelo-governo-frances-em-meio-a-polemica-com-o-filho\/\"},\"wordCount\":260,\"image\":{\"@id\":\"https:\/\/portaltela.pt\/noticias\/2026\/01\/27\/victoria-beckham-e-condecorada-pelo-governo-frances-em-meio-a-polemica-com-o-filho\/#primaryimage\"},\"thumbnailUrl\":\"https:\/\/portaltela.pt\/s.01k8rhncp4jt1\/2026\/01\/2062154.jpg\",\"keywords\":[\"arte\",\"condecora\u00e7\u00f5es honor\u00edficas\",\"cultura\",\"Fran\u00e7a\",\"moda\",\"Paris\"],\"articleSection\":[\"Not\u00edcias\"],\"inLanguage\":\"pt-PT\"},{\"@type\":\"WebPage\",\"@id\":\"https:\/\/portaltela.pt\/noticias\/2026\/01\/27\/victoria-beckham-e-condecorada-pelo-governo-frances-em-meio-a-polemica-com-o-filho\/\",\"url\":\"https:\/\/portaltela.pt\/noticias\/2026\/01\/27\/victoria-beckham-e-condecorada-pelo-governo-frances-em-meio-a-polemica-com-o-filho\/\",\"name\":\"Victoria Beckham \u00e9 condecorada pelo governo franc\u00eas em meio \u00e0 pol\u00e9mica com o filho - Portal Tela Portugal\",\"isPartOf\":{\"@id\":\"https:\/\/portaltela.pt\/#website\"},\"primaryImageOfPage\":{\"@id\":\"https:\/\/portaltela.pt\/noticias\/2026\/01\/27\/victoria-beckham-e-condecorada-pelo-governo-frances-em-meio-a-polemica-com-o-filho\/#primaryimage\"},\"image\":{\"@id\":\"https:\/\/portaltela.pt\/noticias\/2026\/01\/27\/victoria-beckham-e-condecorada-pelo-governo-frances-em-meio-a-polemica-com-o-filho\/#primaryimage\"},\"thumbnailUrl\":\"https:\/\/portaltela.pt\/s.01k8rhncp4jt1\/2026\/01\/2062154.jpg\",\"datePublished\":\"2026-01-27T14:08:00+00:00\",\"author\":{\"@id\":\"https:\/\/portaltela.pt\/#\/schema\/person\/c4278d4a6028830caff9ee44b42d32ed\"},\"breadcrumb\":{\"@id\":\"https:\/\/portaltela.pt\/noticias\/2026\/01\/27\/victoria-beckham-e-condecorada-pelo-governo-frances-em-meio-a-polemica-com-o-filho\/#breadcrumb\"},\"inLanguage\":\"pt-PT\",\"potentialAction\":[{\"@type\":\"ReadAction\",\"target\":[\"https:\/\/portaltela.pt\/noticias\/2026\/01\/27\/victoria-beckham-e-condecorada-pelo-governo-frances-em-meio-a-polemica-com-o-filho\/\"]}]},{\"@type\":\"ImageObject\",\"inLanguage\":\"pt-PT\",\"@id\":\"https:\/\/portaltela.pt\/noticias\/2026\/01\/27\/victoria-beckham-e-condecorada-pelo-governo-frances-em-meio-a-polemica-com-o-filho\/#primaryimage\",\"url\":\"https:\/\/portaltela.pt\/s.01k8rhncp4jt1\/2026\/01\/2062154.jpg\",\"contentUrl\":\"https:\/\/portaltela.pt\/s.01k8rhncp4jt1\/2026\/01\/2062154.jpg\",\"width\":796,\"height\":448,\"caption\":\"Victoria Beckham fez-se acompanhar do marido, David, e dos filhos, Cruz, Romeo e Harper, na cerim\u00f3nia no Minist\u00e9rio da Cultura franc\u00eas\"},{\"@type\":\"BreadcrumbList\",\"@id\":\"https:\/\/portaltela.pt\/noticias\/2026\/01\/27\/victoria-beckham-e-condecorada-pelo-governo-frances-em-meio-a-polemica-com-o-filho\/#breadcrumb\",\"itemListElement\":[{\"@type\":\"ListItem\",\"position\":1,\"name\":\"In\u00edcio\",\"item\":\"https:\/\/portaltela.pt\/\"},{\"@type\":\"ListItem\",\"position\":2,\"name\":\"Victoria Beckham \u00e9 condecorada pelo governo franc\u00eas em meio \u00e0 pol\u00e9mica com o filho\"}]},{\"@type\":\"WebSite\",\"@id\":\"https:\/\/portaltela.pt\/#website\",\"url\":\"https:\/\/portaltela.pt\/\",\"name\":\"Portal Tela Portugal\",\"description\":\"\",\"potentialAction\":[{\"@type\":\"SearchAction\",\"target\":{\"@type\":\"EntryPoint\",\"urlTemplate\":\"https:\/\/portaltela.pt\/?s={search_term_string}\"},\"query-input\":{\"@type\":\"PropertyValueSpecification\",\"valueRequired\":true,\"valueName\":\"search_term_string\"}}],\"inLanguage\":\"pt-PT\"},{\"@type\":\"Person\",\"@id\":\"https:\/\/portaltela.pt\/#\/schema\/person\/c4278d4a6028830caff9ee44b42d32ed\",\"name\":\"Telinha\",\"image\":{\"@type\":\"ImageObject\",\"inLanguage\":\"pt-PT\",\"@id\":\"https:\/\/portaltela.pt\/s.01k8rhncp4jt1\/2025\/11\/talking-bot-125x125.png\",\"url\":\"https:\/\/portaltela.pt\/s.01k8rhncp4jt1\/2025\/11\/talking-bot-125x125.png\",\"contentUrl\":\"https:\/\/portaltela.pt\/s.01k8rhncp4jt1\/2025\/11\/talking-bot-125x125.png\",\"caption\":\"Telinha\"},\"sameAs\":[\"https:\/\/portaltela.pt\/\"],\"url\":\"https:\/\/portaltela.pt\/por\/367410592786\/\"}]}<\/script>\n<!-- \/ Yoast SEO plugin. -->","yoast_head_json":{"title":"Victoria Beckham \u00e9 condecorada pelo governo franc\u00eas em meio \u00e0 pol\u00e9mica com o filho - Portal Tela Portugal","robots":{"index":"index","follow":"follow","max-snippet":"max-snippet:-1","max-image-preview":"max-image-preview:large","max-video-preview":"max-video-preview:-1"},"og_locale":"pt_PT","og_type":"article","og_title":"Victoria Beckham \u00e9 condecorada pelo governo franc\u00eas em meio \u00e0 pol\u00e9mica com o filho - Portal Tela Portugal","og_description":"Victoria Beckham foi condecorada Cavaleira da Ordem das Artes e das Letras pelo Governo franc\u00eas, reconhecida pelo trabalho em prol da cultura. A designer esteve acompanhada pela fam\u00edlia no Minist\u00e9rio da Cultura, em Paris, mas o filho mais velho Brooklyn n\u00e3o estava presente devido a uma pol\u00e9mica familiar em curso. A cerim\u00f3nia ocorreu durante a Semana de Alta-Costura de Paris, a par de outras personalidades do mundo da moda e da cultura. Beckham agradeceu \u00e0 ministra da Cultura e destacou o apoio da fam\u00edlia e dos parceiros de neg\u00f3cio, referindo que o reconhecimento \u00e9 um privil\u00e9gio profundo. Al\u00e9m de Beckham, a cerim\u00f3nia contou com a presen\u00e7a de figuras como Anna Wintour e Edward Enninful; no mesmo contexto, foi citado que Pharrell Williams recebeu a Ordem Nacional da Legi\u00e3o de Honra.","og_url":"https:\/\/portaltela.pt\/noticias\/2026\/01\/27\/victoria-beckham-e-condecorada-pelo-governo-frances-em-meio-a-polemica-com-o-filho\/","og_site_name":"Portal Tela Portugal","article_published_time":"2026-01-27T14:08:00+00:00","author":"Telinha","twitter_card":"summary_large_image","twitter_misc":{"Escrito por":"Telinha","Tempo estimado de leitura":"1 minuto"},"schema":{"@context":"https:\/\/schema.org","@graph":[{"@type":"Article","@id":"https:\/\/portaltela.pt\/noticias\/2026\/01\/27\/victoria-beckham-e-condecorada-pelo-governo-frances-em-meio-a-polemica-com-o-filho\/#article","isPartOf":{"@id":"https:\/\/portaltela.pt\/noticias\/2026\/01\/27\/victoria-beckham-e-condecorada-pelo-governo-frances-em-meio-a-polemica-com-o-filho\/"},"author":{"name":"Telinha","@id":"https:\/\/portaltela.pt\/#\/schema\/person\/c4278d4a6028830caff9ee44b42d32ed"},"headline":"Victoria Beckham \u00e9 condecorada pelo governo franc\u00eas em meio \u00e0 pol\u00e9mica com o filho","datePublished":"2026-01-27T14:08:00+00:00","mainEntityOfPage":{"@id":"https:\/\/portaltela.pt\/noticias\/2026\/01\/27\/victoria-beckham-e-condecorada-pelo-governo-frances-em-meio-a-polemica-com-o-filho\/"},"wordCount":260,"image":{"@id":"https:\/\/portaltela.pt\/noticias\/2026\/01\/27\/victoria-beckham-e-condecorada-pelo-governo-frances-em-meio-a-polemica-com-o-filho\/#primaryimage"},"thumbnailUrl":"https:\/\/portaltela.pt\/s.01k8rhncp4jt1\/2026\/01\/2062154.jpg","keywords":["arte","condecora\u00e7\u00f5es honor\u00edficas","cultura","Fran\u00e7a","moda","Paris"],"articleSection":["Not\u00edcias"],"inLanguage":"pt-PT"},{"@type":"WebPage","@id":"https:\/\/portaltela.pt\/noticias\/2026\/01\/27\/victoria-beckham-e-condecorada-pelo-governo-frances-em-meio-a-polemica-com-o-filho\/","url":"https:\/\/portaltela.pt\/noticias\/2026\/01\/27\/victoria-beckham-e-condecorada-pelo-governo-frances-em-meio-a-polemica-com-o-filho\/","name":"Victoria Beckham \u00e9 condecorada pelo governo franc\u00eas em meio \u00e0 pol\u00e9mica com o filho - Portal Tela Portugal","isPartOf":{"@id":"https:\/\/portaltela.pt\/#website"},"primaryImageOfPage":{"@id":"https:\/\/portaltela.pt\/noticias\/2026\/01\/27\/victoria-beckham-e-condecorada-pelo-governo-frances-em-meio-a-polemica-com-o-filho\/#primaryimage"},"image":{"@id":"https:\/\/portaltela.pt\/noticias\/2026\/01\/27\/victoria-beckham-e-condecorada-pelo-governo-frances-em-meio-a-polemica-com-o-filho\/#primaryimage"},"thumbnailUrl":"https:\/\/portaltela.pt\/s.01k8rhncp4jt1\/2026\/01\/2062154.jpg","datePublished":"2026-01-27T14:08:00+00:00","author":{"@id":"https:\/\/portaltela.pt\/#\/schema\/person\/c4278d4a6028830caff9ee44b42d32ed"},"breadcrumb":{"@id":"https:\/\/portaltela.pt\/noticias\/2026\/01\/27\/victoria-beckham-e-condecorada-pelo-governo-frances-em-meio-a-polemica-com-o-filho\/#breadcrumb"},"inLanguage":"pt-PT","potentialAction":[{"@type":"ReadAction","target":["https:\/\/portaltela.pt\/noticias\/2026\/01\/27\/victoria-beckham-e-condecorada-pelo-governo-frances-em-meio-a-polemica-com-o-filho\/"]}]},{"@type":"ImageObject","inLanguage":"pt-PT","@id":"https:\/\/portaltela.pt\/noticias\/2026\/01\/27\/victoria-beckham-e-condecorada-pelo-governo-frances-em-meio-a-polemica-com-o-filho\/#primaryimage","url":"https:\/\/portaltela.pt\/s.01k8rhncp4jt1\/2026\/01\/2062154.jpg","contentUrl":"https:\/\/portaltela.pt\/s.01k8rhncp4jt1\/2026\/01\/2062154.jpg","width":796,"height":448,"caption":"Victoria Beckham fez-se acompanhar do marido, David, e dos filhos, Cruz, Romeo e Harper, na cerim\u00f3nia no Minist\u00e9rio da Cultura franc\u00eas"},{"@type":"BreadcrumbList","@id":"https:\/\/portaltela.pt\/noticias\/2026\/01\/27\/victoria-beckham-e-condecorada-pelo-governo-frances-em-meio-a-polemica-com-o-filho\/#breadcrumb","itemListElement":[{"@type":"ListItem","position":1,"name":"In\u00edcio","item":"https:\/\/portaltela.pt\/"},{"@type":"ListItem","position":2,"name":"Victoria Beckham \u00e9 condecorada pelo governo franc\u00eas em meio \u00e0 pol\u00e9mica com o filho"}]},{"@type":"WebSite","@id":"https:\/\/portaltela.pt\/#website","url":"https:\/\/portaltela.pt\/","name":"Portal Tela Portugal","description":"","potentialAction":[{"@type":"SearchAction","target":{"@type":"EntryPoint","urlTemplate":"https:\/\/portaltela.pt\/?s={search_term_string}"},"query-input":{"@type":"PropertyValueSpecification","valueRequired":true,"valueName":"search_term_string"}}],"inLanguage":"pt-PT"},{"@type":"Person","@id":"https:\/\/portaltela.pt\/#\/schema\/person\/c4278d4a6028830caff9ee44b42d32ed","name":"Telinha","image":{"@type":"ImageObject","inLanguage":"pt-PT","@id":"https:\/\/portaltela.pt\/s.01k8rhncp4jt1\/2025\/11\/talking-bot-125x125.png","url":"https:\/\/portaltela.pt\/s.01k8rhncp4jt1\/2025\/11\/talking-bot-125x125.png","contentUrl":"https:\/\/portaltela.pt\/s.01k8rhncp4jt1\/2025\/11\/talking-bot-125x125.png","caption":"Telinha"},"sameAs":["https:\/\/portaltela.pt\/"],"url":"https:\/\/portaltela.pt\/por\/367410592786\/"}]}},"_links":{"self":[{"href":"https:\/\/portaltela.pt\/api\/wp\/v2\/posts\/176581","targetHints":{"allow":["GET"]}}],"collection":[{"href":"https:\/\/portaltela.pt\/api\/wp\/v2\/posts"}],"about":[{"href":"https:\/\/portaltela.pt\/api\/wp\/v2\/types\/post"}],"author":[{"embeddable":true,"href":"https:\/\/portaltela.pt\/api\/wp\/v2\/users\/2"}],"replies":[{"embeddable":true,"href":"https:\/\/portaltela.pt\/api\/wp\/v2\/comments?post=176581"}],"version-history":[{"count":0,"href":"https:\/\/portaltela.pt\/api\/wp\/v2\/posts\/176581\/revisions"}],"wp:featuredmedia":[{"embeddable":true,"href":"https:\/\/portaltela.pt\/api\/wp\/v2\/media\/176584"}],"wp:attachment":[{"href":"https:\/\/portaltela.pt\/api\/wp\/v2\/media?parent=176581"}],"wp:term":[{"taxonomy":"category","embeddable":true,"href":"https:\/\/portaltela.pt\/api\/wp\/v2\/categories?post=176581"},{"taxonomy":"post_tag","embeddable":true,"href":"https:\/\/portaltela.pt\/api\/wp\/v2\/tags?post=176581"}],"curies":[{"name":"wp","href":"https:\/\/api.w.org\/{rel}","templated":true}]}}