{"id":176569,"date":"2026-01-27T10:59:00","date_gmt":"2026-01-27T13:59:00","guid":{"rendered":"https:\/\/portaltela.pt\/noticias\/2026\/01\/27\/alta-costura-galliano-regressa-a-dior-sistina-de-schiaparelli-e-chanel\/"},"modified":"2026-01-27T10:59:00","modified_gmt":"2026-01-27T13:59:00","slug":"alta-costura-galliano-regressa-a-dior-sistina-de-schiaparelli-e-chanel","status":"publish","type":"post","link":"https:\/\/portaltela.pt\/noticias\/2026\/01\/27\/alta-costura-galliano-regressa-a-dior-sistina-de-schiaparelli-e-chanel\/","title":{"rendered":"Alta-costura: Galliano regressa \u00e0 Dior, Sistina de Schiaparelli e Chanel"},"content":{"rendered":"<p>A estreia de Jonathan Anderson na alta-costura da Dior ficou marcada pela presen\u00e7a de John Galliano, na qualidade de figura de destaque. O designer demitido h\u00e1 quase 15 anos por coment\u00e1rios racistas reassumiu o papel de presen\u00e7a simb\u00f3lica no desfile, no Museu Rodin, em Paris. O evento ocorreu durante a Semana de Alta-Costura de Paris, para apresentar a cole\u00e7\u00e3o Primavera\/Ver\u00e3o 2026.<\/p>\n<p>Os chamados cicl\u00e2menes que Galliano ofereceu a Anderson durante uma visita ao atelier serviram de tema visual para o evento, aparecendo em brincos gigantes e no teto do espa\u00e7o. A Dior descreveu os s\u00edmbolos como elementos que refletem continuidade criativa entre passado e futuro.<\/p>\n<p>Na Haute Couture, Anderson mant\u00e9m a tradi\u00e7\u00e3o da casa ao reinventar o Miss Dior de 1949 e ao apresentar uma silhueta Bar Jacket em um sobretudo de pele. A cole\u00e7\u00e3o privilegia uma leitura contempor\u00e2nea da hist\u00f3ria da Dior, mantendo o equil\u00edbrio entre heran\u00e7a e inova\u00e7\u00e3o.<\/p>\n<p>As cria\u00e7\u00f5es combinam artesanato com design moderno. Flores recortadas em seda formam bordados densos, enquanto fios tecidos \u00e0 m\u00e3o aparecem em tweeds e em tric\u00f4, refor\u00e7ando a vis\u00e3o artesanal da linha. Toques de sustentabilidade aparecem com tecido reciclado XVIII em carteiras de m\u00e3o.<\/p>\n<p>No sentido est\u00e9tico, a dire\u00e7\u00e3o criativa de Anderson recorre a refer\u00eancias de Magdalene Odundo, ceramista queniana, cujas pe\u00e7as inspiram silhuetas escult\u00f3ricas. O uso de materiais e processos manuais refor\u00e7a a leitura de alta-costura como arte t\u00e9cnica.<\/p>\n<p>A plateia incluiu figuras pr\u00f3ximas de Galliano, a fam\u00edlia Arnault e personalidades p\u00fablicas, como Rihanna e Lauren S\u00e1nchez Bezos. Quase um ano ap\u00f3s assumir a Dior, Anderson consolidou a sua posi\u00e7\u00e3o entre os nomes-chave da moda contempor\u00e2nea, com apoio de parte da ind\u00fastria e do universo do espet\u00e1culo.<\/p>\n","protected":false},"excerpt":{"rendered":"<ul>\n<li>Jonathan Anderson estreou na alta-costura da Dior, e John Galliano marcou presen\u00e7a pela primeira vez desde a sua demiss\u00e3o h\u00e1 quase quinze anos.<\/li>\n<li>Galliano foi demitido na sequ\u00eancia de coment\u00e1rios racistas, e n\u00e3o tinha participado num desfile da marca at\u00e9 agora.<\/li>\n<li>No Rodin, Paris, Galliano assistiu \u00e0 apresenta\u00e7\u00e3o da cole\u00e7\u00e3o primavera\/ver\u00e3o 2026, cuja vis\u00e3o celebra a continuidade criativa com pe\u00e7as assinadas por Anderson.<\/li>\n<li>A cole\u00e7\u00e3o incluiu releituras da silhueta Miss Dior de quareenta e nove e da Bar Jacket, com inspira\u00e7\u00e3o nas cer\u00e2micas de Magdalene Odundo e uso de t\u00e9cnicas manuais em seda, tweed e tric\u00f4.<\/li>\n<li>A artista evidencia artesanato e experimenta\u00e7\u00e3o: acess\u00f3rios com tecido reciclado do s\u00e9culo XVIII e pulseiras com fragmentos de meteoritos; o desfile refor\u00e7ou a posi\u00e7\u00e3o de Anderson na Dior junto de apoios de Galliano, da fam\u00edlia Arnault e de estrelas como Rihanna.<\/li>\n<\/ul>\n","protected":false},"author":2,"featured_media":176571,"comment_status":"closed","ping_status":"closed","sticky":false,"template":"","format":"standard","meta":{"footnotes":""},"categories":[1],"tags":[222,1233,135,3163,3444,2025],"class_list":["post-176569","post","type-post","status-publish","format-standard","has-post-thumbnail","hentry","category-noticias","tag-artesanato","tag-bordados","tag-moda","tag-paris","tag-sustentabilidade","tag-textil-vestuario"],"yoast_head":"<!-- This site is optimized with the Yoast SEO plugin v27.2 - https:\/\/yoast.com\/product\/yoast-seo-wordpress\/ -->\n<title>Alta-costura: Galliano regressa \u00e0 Dior, Sistina de Schiaparelli e Chanel - Portal Tela Portugal<\/title>\n<meta name=\"robots\" content=\"index, follow, max-snippet:-1, max-image-preview:large, max-video-preview:-1\" \/>\n<meta property=\"og:locale\" content=\"pt_PT\" \/>\n<meta property=\"og:type\" content=\"article\" \/>\n<meta property=\"og:title\" content=\"Alta-costura: Galliano regressa \u00e0 Dior, Sistina de Schiaparelli e Chanel - Portal Tela Portugal\" \/>\n<meta property=\"og:description\" content=\"Jonathan Anderson estreou na alta-costura da Dior, e John Galliano marcou presen\u00e7a pela primeira vez desde a sua demiss\u00e3o h\u00e1 quase quinze anos. Galliano foi demitido na sequ\u00eancia de coment\u00e1rios racistas, e n\u00e3o tinha participado num desfile da marca at\u00e9 agora. No Rodin, Paris, Galliano assistiu \u00e0 apresenta\u00e7\u00e3o da cole\u00e7\u00e3o primavera\/ver\u00e3o 2026, cuja vis\u00e3o celebra a continuidade criativa com pe\u00e7as assinadas por Anderson. A cole\u00e7\u00e3o incluiu releituras da silhueta Miss Dior de quareenta e nove e da Bar Jacket, com inspira\u00e7\u00e3o nas cer\u00e2micas de Magdalene Odundo e uso de t\u00e9cnicas manuais em seda, tweed e tric\u00f4. A artista evidencia artesanato e experimenta\u00e7\u00e3o: acess\u00f3rios com tecido reciclado do s\u00e9culo XVIII e pulseiras com fragmentos de meteoritos; o desfile refor\u00e7ou a posi\u00e7\u00e3o de Anderson na Dior junto de apoios de Galliano, da fam\u00edlia Arnault e de estrelas como Rihanna.\" \/>\n<meta property=\"og:url\" content=\"https:\/\/portaltela.pt\/noticias\/2026\/01\/27\/alta-costura-galliano-regressa-a-dior-sistina-de-schiaparelli-e-chanel\/\" \/>\n<meta property=\"og:site_name\" content=\"Portal Tela Portugal\" \/>\n<meta property=\"article:published_time\" content=\"2026-01-27T13:59:00+00:00\" \/>\n<meta name=\"author\" content=\"Telinha\" \/>\n<meta name=\"twitter:card\" content=\"summary_large_image\" \/>\n<meta name=\"twitter:label1\" content=\"Escrito por\" \/>\n\t<meta name=\"twitter:data1\" content=\"Telinha\" \/>\n\t<meta name=\"twitter:label2\" content=\"Tempo estimado de leitura\" \/>\n\t<meta name=\"twitter:data2\" content=\"2 minutos\" \/>\n<script type=\"application\/ld+json\" class=\"yoast-schema-graph\">{\"@context\":\"https:\/\/schema.org\",\"@graph\":[{\"@type\":\"Article\",\"@id\":\"https:\/\/portaltela.pt\/noticias\/2026\/01\/27\/alta-costura-galliano-regressa-a-dior-sistina-de-schiaparelli-e-chanel\/#article\",\"isPartOf\":{\"@id\":\"https:\/\/portaltela.pt\/noticias\/2026\/01\/27\/alta-costura-galliano-regressa-a-dior-sistina-de-schiaparelli-e-chanel\/\"},\"author\":{\"name\":\"Telinha\",\"@id\":\"https:\/\/portaltela.pt\/#\/schema\/person\/c4278d4a6028830caff9ee44b42d32ed\"},\"headline\":\"Alta-costura: Galliano regressa \u00e0 Dior, Sistina de Schiaparelli e Chanel\",\"datePublished\":\"2026-01-27T13:59:00+00:00\",\"mainEntityOfPage\":{\"@id\":\"https:\/\/portaltela.pt\/noticias\/2026\/01\/27\/alta-costura-galliano-regressa-a-dior-sistina-de-schiaparelli-e-chanel\/\"},\"wordCount\":321,\"image\":{\"@id\":\"https:\/\/portaltela.pt\/noticias\/2026\/01\/27\/alta-costura-galliano-regressa-a-dior-sistina-de-schiaparelli-e-chanel\/#primaryimage\"},\"thumbnailUrl\":\"https:\/\/portaltela.pt\/s.01k8rhncp4jt1\/2026\/01\/1-dior-mode-femme-hc-spring-summer-2026-look-1.jpg\",\"keywords\":[\"artesanato\",\"bordados\",\"moda\",\"Paris\",\"Sustentabilidade\",\"t\u00eaxtil-vestu\u00e1rio\"],\"articleSection\":[\"Not\u00edcias\"],\"inLanguage\":\"pt-PT\"},{\"@type\":\"WebPage\",\"@id\":\"https:\/\/portaltela.pt\/noticias\/2026\/01\/27\/alta-costura-galliano-regressa-a-dior-sistina-de-schiaparelli-e-chanel\/\",\"url\":\"https:\/\/portaltela.pt\/noticias\/2026\/01\/27\/alta-costura-galliano-regressa-a-dior-sistina-de-schiaparelli-e-chanel\/\",\"name\":\"Alta-costura: Galliano regressa \u00e0 Dior, Sistina de Schiaparelli e Chanel - Portal Tela Portugal\",\"isPartOf\":{\"@id\":\"https:\/\/portaltela.pt\/#website\"},\"primaryImageOfPage\":{\"@id\":\"https:\/\/portaltela.pt\/noticias\/2026\/01\/27\/alta-costura-galliano-regressa-a-dior-sistina-de-schiaparelli-e-chanel\/#primaryimage\"},\"image\":{\"@id\":\"https:\/\/portaltela.pt\/noticias\/2026\/01\/27\/alta-costura-galliano-regressa-a-dior-sistina-de-schiaparelli-e-chanel\/#primaryimage\"},\"thumbnailUrl\":\"https:\/\/portaltela.pt\/s.01k8rhncp4jt1\/2026\/01\/1-dior-mode-femme-hc-spring-summer-2026-look-1.jpg\",\"datePublished\":\"2026-01-27T13:59:00+00:00\",\"author\":{\"@id\":\"https:\/\/portaltela.pt\/#\/schema\/person\/c4278d4a6028830caff9ee44b42d32ed\"},\"breadcrumb\":{\"@id\":\"https:\/\/portaltela.pt\/noticias\/2026\/01\/27\/alta-costura-galliano-regressa-a-dior-sistina-de-schiaparelli-e-chanel\/#breadcrumb\"},\"inLanguage\":\"pt-PT\",\"potentialAction\":[{\"@type\":\"ReadAction\",\"target\":[\"https:\/\/portaltela.pt\/noticias\/2026\/01\/27\/alta-costura-galliano-regressa-a-dior-sistina-de-schiaparelli-e-chanel\/\"]}]},{\"@type\":\"ImageObject\",\"inLanguage\":\"pt-PT\",\"@id\":\"https:\/\/portaltela.pt\/noticias\/2026\/01\/27\/alta-costura-galliano-regressa-a-dior-sistina-de-schiaparelli-e-chanel\/#primaryimage\",\"url\":\"https:\/\/portaltela.pt\/s.01k8rhncp4jt1\/2026\/01\/1-dior-mode-femme-hc-spring-summer-2026-look-1.jpg\",\"contentUrl\":\"https:\/\/portaltela.pt\/s.01k8rhncp4jt1\/2026\/01\/1-dior-mode-femme-hc-spring-summer-2026-look-1.jpg\",\"width\":796,\"height\":448,\"caption\":\"Photo\"},{\"@type\":\"BreadcrumbList\",\"@id\":\"https:\/\/portaltela.pt\/noticias\/2026\/01\/27\/alta-costura-galliano-regressa-a-dior-sistina-de-schiaparelli-e-chanel\/#breadcrumb\",\"itemListElement\":[{\"@type\":\"ListItem\",\"position\":1,\"name\":\"In\u00edcio\",\"item\":\"https:\/\/portaltela.pt\/\"},{\"@type\":\"ListItem\",\"position\":2,\"name\":\"Alta-costura: Galliano regressa \u00e0 Dior, Sistina de Schiaparelli e Chanel\"}]},{\"@type\":\"WebSite\",\"@id\":\"https:\/\/portaltela.pt\/#website\",\"url\":\"https:\/\/portaltela.pt\/\",\"name\":\"Portal Tela Portugal\",\"description\":\"\",\"potentialAction\":[{\"@type\":\"SearchAction\",\"target\":{\"@type\":\"EntryPoint\",\"urlTemplate\":\"https:\/\/portaltela.pt\/?s={search_term_string}\"},\"query-input\":{\"@type\":\"PropertyValueSpecification\",\"valueRequired\":true,\"valueName\":\"search_term_string\"}}],\"inLanguage\":\"pt-PT\"},{\"@type\":\"Person\",\"@id\":\"https:\/\/portaltela.pt\/#\/schema\/person\/c4278d4a6028830caff9ee44b42d32ed\",\"name\":\"Telinha\",\"image\":{\"@type\":\"ImageObject\",\"inLanguage\":\"pt-PT\",\"@id\":\"https:\/\/portaltela.pt\/s.01k8rhncp4jt1\/2025\/11\/talking-bot-125x125.png\",\"url\":\"https:\/\/portaltela.pt\/s.01k8rhncp4jt1\/2025\/11\/talking-bot-125x125.png\",\"contentUrl\":\"https:\/\/portaltela.pt\/s.01k8rhncp4jt1\/2025\/11\/talking-bot-125x125.png\",\"caption\":\"Telinha\"},\"sameAs\":[\"https:\/\/portaltela.pt\/\"],\"url\":\"https:\/\/portaltela.pt\/por\/367410592786\/\"}]}<\/script>\n<!-- \/ Yoast SEO plugin. -->","yoast_head_json":{"title":"Alta-costura: Galliano regressa \u00e0 Dior, Sistina de Schiaparelli e Chanel - Portal Tela Portugal","robots":{"index":"index","follow":"follow","max-snippet":"max-snippet:-1","max-image-preview":"max-image-preview:large","max-video-preview":"max-video-preview:-1"},"og_locale":"pt_PT","og_type":"article","og_title":"Alta-costura: Galliano regressa \u00e0 Dior, Sistina de Schiaparelli e Chanel - Portal Tela Portugal","og_description":"Jonathan Anderson estreou na alta-costura da Dior, e John Galliano marcou presen\u00e7a pela primeira vez desde a sua demiss\u00e3o h\u00e1 quase quinze anos. Galliano foi demitido na sequ\u00eancia de coment\u00e1rios racistas, e n\u00e3o tinha participado num desfile da marca at\u00e9 agora. No Rodin, Paris, Galliano assistiu \u00e0 apresenta\u00e7\u00e3o da cole\u00e7\u00e3o primavera\/ver\u00e3o 2026, cuja vis\u00e3o celebra a continuidade criativa com pe\u00e7as assinadas por Anderson. A cole\u00e7\u00e3o incluiu releituras da silhueta Miss Dior de quareenta e nove e da Bar Jacket, com inspira\u00e7\u00e3o nas cer\u00e2micas de Magdalene Odundo e uso de t\u00e9cnicas manuais em seda, tweed e tric\u00f4. A artista evidencia artesanato e experimenta\u00e7\u00e3o: acess\u00f3rios com tecido reciclado do s\u00e9culo XVIII e pulseiras com fragmentos de meteoritos; o desfile refor\u00e7ou a posi\u00e7\u00e3o de Anderson na Dior junto de apoios de Galliano, da fam\u00edlia Arnault e de estrelas como Rihanna.","og_url":"https:\/\/portaltela.pt\/noticias\/2026\/01\/27\/alta-costura-galliano-regressa-a-dior-sistina-de-schiaparelli-e-chanel\/","og_site_name":"Portal Tela Portugal","article_published_time":"2026-01-27T13:59:00+00:00","author":"Telinha","twitter_card":"summary_large_image","twitter_misc":{"Escrito por":"Telinha","Tempo estimado de leitura":"2 minutos"},"schema":{"@context":"https:\/\/schema.org","@graph":[{"@type":"Article","@id":"https:\/\/portaltela.pt\/noticias\/2026\/01\/27\/alta-costura-galliano-regressa-a-dior-sistina-de-schiaparelli-e-chanel\/#article","isPartOf":{"@id":"https:\/\/portaltela.pt\/noticias\/2026\/01\/27\/alta-costura-galliano-regressa-a-dior-sistina-de-schiaparelli-e-chanel\/"},"author":{"name":"Telinha","@id":"https:\/\/portaltela.pt\/#\/schema\/person\/c4278d4a6028830caff9ee44b42d32ed"},"headline":"Alta-costura: Galliano regressa \u00e0 Dior, Sistina de Schiaparelli e Chanel","datePublished":"2026-01-27T13:59:00+00:00","mainEntityOfPage":{"@id":"https:\/\/portaltela.pt\/noticias\/2026\/01\/27\/alta-costura-galliano-regressa-a-dior-sistina-de-schiaparelli-e-chanel\/"},"wordCount":321,"image":{"@id":"https:\/\/portaltela.pt\/noticias\/2026\/01\/27\/alta-costura-galliano-regressa-a-dior-sistina-de-schiaparelli-e-chanel\/#primaryimage"},"thumbnailUrl":"https:\/\/portaltela.pt\/s.01k8rhncp4jt1\/2026\/01\/1-dior-mode-femme-hc-spring-summer-2026-look-1.jpg","keywords":["artesanato","bordados","moda","Paris","Sustentabilidade","t\u00eaxtil-vestu\u00e1rio"],"articleSection":["Not\u00edcias"],"inLanguage":"pt-PT"},{"@type":"WebPage","@id":"https:\/\/portaltela.pt\/noticias\/2026\/01\/27\/alta-costura-galliano-regressa-a-dior-sistina-de-schiaparelli-e-chanel\/","url":"https:\/\/portaltela.pt\/noticias\/2026\/01\/27\/alta-costura-galliano-regressa-a-dior-sistina-de-schiaparelli-e-chanel\/","name":"Alta-costura: Galliano regressa \u00e0 Dior, Sistina de Schiaparelli e Chanel - Portal Tela Portugal","isPartOf":{"@id":"https:\/\/portaltela.pt\/#website"},"primaryImageOfPage":{"@id":"https:\/\/portaltela.pt\/noticias\/2026\/01\/27\/alta-costura-galliano-regressa-a-dior-sistina-de-schiaparelli-e-chanel\/#primaryimage"},"image":{"@id":"https:\/\/portaltela.pt\/noticias\/2026\/01\/27\/alta-costura-galliano-regressa-a-dior-sistina-de-schiaparelli-e-chanel\/#primaryimage"},"thumbnailUrl":"https:\/\/portaltela.pt\/s.01k8rhncp4jt1\/2026\/01\/1-dior-mode-femme-hc-spring-summer-2026-look-1.jpg","datePublished":"2026-01-27T13:59:00+00:00","author":{"@id":"https:\/\/portaltela.pt\/#\/schema\/person\/c4278d4a6028830caff9ee44b42d32ed"},"breadcrumb":{"@id":"https:\/\/portaltela.pt\/noticias\/2026\/01\/27\/alta-costura-galliano-regressa-a-dior-sistina-de-schiaparelli-e-chanel\/#breadcrumb"},"inLanguage":"pt-PT","potentialAction":[{"@type":"ReadAction","target":["https:\/\/portaltela.pt\/noticias\/2026\/01\/27\/alta-costura-galliano-regressa-a-dior-sistina-de-schiaparelli-e-chanel\/"]}]},{"@type":"ImageObject","inLanguage":"pt-PT","@id":"https:\/\/portaltela.pt\/noticias\/2026\/01\/27\/alta-costura-galliano-regressa-a-dior-sistina-de-schiaparelli-e-chanel\/#primaryimage","url":"https:\/\/portaltela.pt\/s.01k8rhncp4jt1\/2026\/01\/1-dior-mode-femme-hc-spring-summer-2026-look-1.jpg","contentUrl":"https:\/\/portaltela.pt\/s.01k8rhncp4jt1\/2026\/01\/1-dior-mode-femme-hc-spring-summer-2026-look-1.jpg","width":796,"height":448,"caption":"Photo"},{"@type":"BreadcrumbList","@id":"https:\/\/portaltela.pt\/noticias\/2026\/01\/27\/alta-costura-galliano-regressa-a-dior-sistina-de-schiaparelli-e-chanel\/#breadcrumb","itemListElement":[{"@type":"ListItem","position":1,"name":"In\u00edcio","item":"https:\/\/portaltela.pt\/"},{"@type":"ListItem","position":2,"name":"Alta-costura: Galliano regressa \u00e0 Dior, Sistina de Schiaparelli e Chanel"}]},{"@type":"WebSite","@id":"https:\/\/portaltela.pt\/#website","url":"https:\/\/portaltela.pt\/","name":"Portal Tela Portugal","description":"","potentialAction":[{"@type":"SearchAction","target":{"@type":"EntryPoint","urlTemplate":"https:\/\/portaltela.pt\/?s={search_term_string}"},"query-input":{"@type":"PropertyValueSpecification","valueRequired":true,"valueName":"search_term_string"}}],"inLanguage":"pt-PT"},{"@type":"Person","@id":"https:\/\/portaltela.pt\/#\/schema\/person\/c4278d4a6028830caff9ee44b42d32ed","name":"Telinha","image":{"@type":"ImageObject","inLanguage":"pt-PT","@id":"https:\/\/portaltela.pt\/s.01k8rhncp4jt1\/2025\/11\/talking-bot-125x125.png","url":"https:\/\/portaltela.pt\/s.01k8rhncp4jt1\/2025\/11\/talking-bot-125x125.png","contentUrl":"https:\/\/portaltela.pt\/s.01k8rhncp4jt1\/2025\/11\/talking-bot-125x125.png","caption":"Telinha"},"sameAs":["https:\/\/portaltela.pt\/"],"url":"https:\/\/portaltela.pt\/por\/367410592786\/"}]}},"_links":{"self":[{"href":"https:\/\/portaltela.pt\/api\/wp\/v2\/posts\/176569","targetHints":{"allow":["GET"]}}],"collection":[{"href":"https:\/\/portaltela.pt\/api\/wp\/v2\/posts"}],"about":[{"href":"https:\/\/portaltela.pt\/api\/wp\/v2\/types\/post"}],"author":[{"embeddable":true,"href":"https:\/\/portaltela.pt\/api\/wp\/v2\/users\/2"}],"replies":[{"embeddable":true,"href":"https:\/\/portaltela.pt\/api\/wp\/v2\/comments?post=176569"}],"version-history":[{"count":0,"href":"https:\/\/portaltela.pt\/api\/wp\/v2\/posts\/176569\/revisions"}],"wp:featuredmedia":[{"embeddable":true,"href":"https:\/\/portaltela.pt\/api\/wp\/v2\/media\/176571"}],"wp:attachment":[{"href":"https:\/\/portaltela.pt\/api\/wp\/v2\/media?parent=176569"}],"wp:term":[{"taxonomy":"category","embeddable":true,"href":"https:\/\/portaltela.pt\/api\/wp\/v2\/categories?post=176569"},{"taxonomy":"post_tag","embeddable":true,"href":"https:\/\/portaltela.pt\/api\/wp\/v2\/tags?post=176569"}],"curies":[{"name":"wp","href":"https:\/\/api.w.org\/{rel}","templated":true}]}}