{"id":176545,"date":"2026-01-27T10:56:10","date_gmt":"2026-01-27T13:56:10","guid":{"rendered":"https:\/\/portaltela.pt\/noticias\/2026\/01\/27\/autor-de-ameacas-detido-com-armas-ilegais-em-alverca\/"},"modified":"2026-01-27T10:56:10","modified_gmt":"2026-01-27T13:56:10","slug":"autor-de-ameacas-detido-com-armas-ilegais-em-alverca","status":"publish","type":"post","link":"https:\/\/portaltela.pt\/noticias\/2026\/01\/27\/autor-de-ameacas-detido-com-armas-ilegais-em-alverca\/","title":{"rendered":"Autor de amea\u00e7as detido com armas ilegais em Alverca"},"content":{"rendered":"<p>Na regi\u00e3o de Alverca, a PSP deteve um homem de 33 anos por posse de arma proibida, na sequ\u00eancia de relatos de amea\u00e7as com arma de fogo.<\/p>\n<p>A interven\u00e7\u00e3o ocorreu no passado domingo, quando as autoridades receberam den\u00fancias sobre um indiv\u00edduo a amea\u00e7ar com uma arma. As patrulhas procuravam pela descri\u00e7\u00e3o do suspeito e pela viatura associada.<\/p>\n<p>O suspeito negou a autoria das amea\u00e7as, mas reconheceu ter no porta-luvas uma pistola e um par de algemas de pl\u00e1stico, que as testemunhas tinham descrito. A identifica\u00e7\u00e3o ficou corroborada pela descri\u00e7\u00e3o fornecida.<\/p>\n<p>A deten\u00e7\u00e3o foi consumada ap\u00f3s a PSP localizar um bast\u00e3o extens\u00edvel dentro da viatura do detido, instrumento que \u00e9 de uso exclusivo de for\u00e7as de seguran\u00e7a.<\/p>\n<p>Entre os objetos apreendidos, a PSP encontrou a pistola, as algemas de pl\u00e1stico e o bast\u00e3o, todos considerados armas proibidas. A investiga\u00e7\u00e3o segue para confirmar a liga\u00e7\u00e3o aos relatos originais.<\/p>\n","protected":false},"excerpt":{"rendered":"<ul>\n<li>A PSP deteve, em Alverca, um homem de 33 anos por posse de arma proibida, ap\u00f3s interven\u00e7\u00e3o em relatos de amea\u00e7as com arma de fogo.<\/li>\n<li>Na viatura pessoal foi encontrada uma pistola, algemas de pl\u00e1stico e um bast\u00e3o extens\u00edvel (uso exclusivo de for\u00e7as de seguran\u00e7a).<\/li>\n<li>A deten\u00e7\u00e3o ocorreu no domingo, por patrulhas terem localizado o suspeito nas imedia\u00e7\u00f5es com base na descri\u00e7\u00e3o recebida.<\/li>\n<li>O homem negou as amea\u00e7as, mas admitiu ter pistola e algemas no porta-luvas, ligados pela PSP \u00e0s descri\u00e7\u00f5es das testemunhas.<\/li>\n<li>A apreens\u00e3o do bast\u00e3o na viatura confirmou a deten\u00e7\u00e3o por posse de arma proibida.<\/li>\n<\/ul>\n","protected":false},"author":2,"featured_media":176547,"comment_status":"closed","ping_status":"closed","sticky":false,"template":"","format":"standard","meta":{"footnotes":""},"categories":[1],"tags":[3665,1230,291,124,3547,766],"class_list":["post-176545","post","type-post","status-publish","format-standard","has-post-thumbnail","hentry","category-noticias","tag-algemas","tag-alverca","tag-ameaca-agravada","tag-arma-de-fogo","tag-armas-proibidas","tag-posse-de-arma-proibida"],"yoast_head":"<!-- This site is optimized with the Yoast SEO plugin v27.2 - https:\/\/yoast.com\/product\/yoast-seo-wordpress\/ -->\n<title>Autor de amea\u00e7as detido com armas ilegais em Alverca - Portal Tela Portugal<\/title>\n<meta name=\"robots\" content=\"index, follow, max-snippet:-1, max-image-preview:large, max-video-preview:-1\" \/>\n<meta property=\"og:locale\" content=\"pt_PT\" \/>\n<meta property=\"og:type\" content=\"article\" \/>\n<meta property=\"og:title\" content=\"Autor de amea\u00e7as detido com armas ilegais em Alverca - Portal Tela Portugal\" \/>\n<meta property=\"og:description\" content=\"A PSP deteve, em Alverca, um homem de 33 anos por posse de arma proibida, ap\u00f3s interven\u00e7\u00e3o em relatos de amea\u00e7as com arma de fogo. Na viatura pessoal foi encontrada uma pistola, algemas de pl\u00e1stico e um bast\u00e3o extens\u00edvel (uso exclusivo de for\u00e7as de seguran\u00e7a). A deten\u00e7\u00e3o ocorreu no domingo, por patrulhas terem localizado o suspeito nas imedia\u00e7\u00f5es com base na descri\u00e7\u00e3o recebida. O homem negou as amea\u00e7as, mas admitiu ter pistola e algemas no porta-luvas, ligados pela PSP \u00e0s descri\u00e7\u00f5es das testemunhas. A apreens\u00e3o do bast\u00e3o na viatura confirmou a deten\u00e7\u00e3o por posse de arma proibida.\" \/>\n<meta property=\"og:url\" content=\"https:\/\/portaltela.pt\/noticias\/2026\/01\/27\/autor-de-ameacas-detido-com-armas-ilegais-em-alverca\/\" \/>\n<meta property=\"og:site_name\" content=\"Portal Tela Portugal\" \/>\n<meta property=\"article:published_time\" content=\"2026-01-27T13:56:10+00:00\" \/>\n<meta name=\"author\" content=\"Telinha\" \/>\n<meta name=\"twitter:card\" content=\"summary_large_image\" \/>\n<meta name=\"twitter:label1\" content=\"Escrito por\" \/>\n\t<meta name=\"twitter:data1\" content=\"Telinha\" \/>\n\t<meta name=\"twitter:label2\" content=\"Tempo estimado de leitura\" \/>\n\t<meta name=\"twitter:data2\" content=\"1 minuto\" \/>\n<script type=\"application\/ld+json\" class=\"yoast-schema-graph\">{\"@context\":\"https:\/\/schema.org\",\"@graph\":[{\"@type\":\"Article\",\"@id\":\"https:\/\/portaltela.pt\/noticias\/2026\/01\/27\/autor-de-ameacas-detido-com-armas-ilegais-em-alverca\/#article\",\"isPartOf\":{\"@id\":\"https:\/\/portaltela.pt\/noticias\/2026\/01\/27\/autor-de-ameacas-detido-com-armas-ilegais-em-alverca\/\"},\"author\":{\"name\":\"Telinha\",\"@id\":\"https:\/\/portaltela.pt\/#\/schema\/person\/c4278d4a6028830caff9ee44b42d32ed\"},\"headline\":\"Autor de amea\u00e7as detido com armas ilegais em Alverca\",\"datePublished\":\"2026-01-27T13:56:10+00:00\",\"mainEntityOfPage\":{\"@id\":\"https:\/\/portaltela.pt\/noticias\/2026\/01\/27\/autor-de-ameacas-detido-com-armas-ilegais-em-alverca\/\"},\"wordCount\":176,\"image\":{\"@id\":\"https:\/\/portaltela.pt\/noticias\/2026\/01\/27\/autor-de-ameacas-detido-com-armas-ilegais-em-alverca\/#primaryimage\"},\"thumbnailUrl\":\"https:\/\/portaltela.pt\/s.01k8rhncp4jt1\/2026\/01\/img_1500x1000uu2021-11-25-20-07-17-1103240.jpg\",\"keywords\":[\"Algemas\",\"Alverca\",\"amea\u00e7a agravada\",\"arma de fogo\",\"armas proibidas\",\"posse de arma proibida\"],\"articleSection\":[\"Not\u00edcias\"],\"inLanguage\":\"pt-PT\"},{\"@type\":\"WebPage\",\"@id\":\"https:\/\/portaltela.pt\/noticias\/2026\/01\/27\/autor-de-ameacas-detido-com-armas-ilegais-em-alverca\/\",\"url\":\"https:\/\/portaltela.pt\/noticias\/2026\/01\/27\/autor-de-ameacas-detido-com-armas-ilegais-em-alverca\/\",\"name\":\"Autor de amea\u00e7as detido com armas ilegais em Alverca - Portal Tela Portugal\",\"isPartOf\":{\"@id\":\"https:\/\/portaltela.pt\/#website\"},\"primaryImageOfPage\":{\"@id\":\"https:\/\/portaltela.pt\/noticias\/2026\/01\/27\/autor-de-ameacas-detido-com-armas-ilegais-em-alverca\/#primaryimage\"},\"image\":{\"@id\":\"https:\/\/portaltela.pt\/noticias\/2026\/01\/27\/autor-de-ameacas-detido-com-armas-ilegais-em-alverca\/#primaryimage\"},\"thumbnailUrl\":\"https:\/\/portaltela.pt\/s.01k8rhncp4jt1\/2026\/01\/img_1500x1000uu2021-11-25-20-07-17-1103240.jpg\",\"datePublished\":\"2026-01-27T13:56:10+00:00\",\"author\":{\"@id\":\"https:\/\/portaltela.pt\/#\/schema\/person\/c4278d4a6028830caff9ee44b42d32ed\"},\"breadcrumb\":{\"@id\":\"https:\/\/portaltela.pt\/noticias\/2026\/01\/27\/autor-de-ameacas-detido-com-armas-ilegais-em-alverca\/#breadcrumb\"},\"inLanguage\":\"pt-PT\",\"potentialAction\":[{\"@type\":\"ReadAction\",\"target\":[\"https:\/\/portaltela.pt\/noticias\/2026\/01\/27\/autor-de-ameacas-detido-com-armas-ilegais-em-alverca\/\"]}]},{\"@type\":\"ImageObject\",\"inLanguage\":\"pt-PT\",\"@id\":\"https:\/\/portaltela.pt\/noticias\/2026\/01\/27\/autor-de-ameacas-detido-com-armas-ilegais-em-alverca\/#primaryimage\",\"url\":\"https:\/\/portaltela.pt\/s.01k8rhncp4jt1\/2026\/01\/img_1500x1000uu2021-11-25-20-07-17-1103240.jpg\",\"contentUrl\":\"https:\/\/portaltela.pt\/s.01k8rhncp4jt1\/2026\/01\/img_1500x1000uu2021-11-25-20-07-17-1103240.jpg\",\"width\":796,\"height\":448,\"caption\":\"Bast\u00e3o extens\u00edvel \u00e9 arma de uso proibido a civis\"},{\"@type\":\"BreadcrumbList\",\"@id\":\"https:\/\/portaltela.pt\/noticias\/2026\/01\/27\/autor-de-ameacas-detido-com-armas-ilegais-em-alverca\/#breadcrumb\",\"itemListElement\":[{\"@type\":\"ListItem\",\"position\":1,\"name\":\"In\u00edcio\",\"item\":\"https:\/\/portaltela.pt\/\"},{\"@type\":\"ListItem\",\"position\":2,\"name\":\"Autor de amea\u00e7as detido com armas ilegais em Alverca\"}]},{\"@type\":\"WebSite\",\"@id\":\"https:\/\/portaltela.pt\/#website\",\"url\":\"https:\/\/portaltela.pt\/\",\"name\":\"Portal Tela Portugal\",\"description\":\"\",\"potentialAction\":[{\"@type\":\"SearchAction\",\"target\":{\"@type\":\"EntryPoint\",\"urlTemplate\":\"https:\/\/portaltela.pt\/?s={search_term_string}\"},\"query-input\":{\"@type\":\"PropertyValueSpecification\",\"valueRequired\":true,\"valueName\":\"search_term_string\"}}],\"inLanguage\":\"pt-PT\"},{\"@type\":\"Person\",\"@id\":\"https:\/\/portaltela.pt\/#\/schema\/person\/c4278d4a6028830caff9ee44b42d32ed\",\"name\":\"Telinha\",\"image\":{\"@type\":\"ImageObject\",\"inLanguage\":\"pt-PT\",\"@id\":\"https:\/\/portaltela.pt\/s.01k8rhncp4jt1\/2025\/11\/talking-bot-125x125.png\",\"url\":\"https:\/\/portaltela.pt\/s.01k8rhncp4jt1\/2025\/11\/talking-bot-125x125.png\",\"contentUrl\":\"https:\/\/portaltela.pt\/s.01k8rhncp4jt1\/2025\/11\/talking-bot-125x125.png\",\"caption\":\"Telinha\"},\"sameAs\":[\"https:\/\/portaltela.pt\/\"],\"url\":\"https:\/\/portaltela.pt\/por\/367410592786\/\"}]}<\/script>\n<!-- \/ Yoast SEO plugin. -->","yoast_head_json":{"title":"Autor de amea\u00e7as detido com armas ilegais em Alverca - Portal Tela Portugal","robots":{"index":"index","follow":"follow","max-snippet":"max-snippet:-1","max-image-preview":"max-image-preview:large","max-video-preview":"max-video-preview:-1"},"og_locale":"pt_PT","og_type":"article","og_title":"Autor de amea\u00e7as detido com armas ilegais em Alverca - Portal Tela Portugal","og_description":"A PSP deteve, em Alverca, um homem de 33 anos por posse de arma proibida, ap\u00f3s interven\u00e7\u00e3o em relatos de amea\u00e7as com arma de fogo. Na viatura pessoal foi encontrada uma pistola, algemas de pl\u00e1stico e um bast\u00e3o extens\u00edvel (uso exclusivo de for\u00e7as de seguran\u00e7a). A deten\u00e7\u00e3o ocorreu no domingo, por patrulhas terem localizado o suspeito nas imedia\u00e7\u00f5es com base na descri\u00e7\u00e3o recebida. O homem negou as amea\u00e7as, mas admitiu ter pistola e algemas no porta-luvas, ligados pela PSP \u00e0s descri\u00e7\u00f5es das testemunhas. A apreens\u00e3o do bast\u00e3o na viatura confirmou a deten\u00e7\u00e3o por posse de arma proibida.","og_url":"https:\/\/portaltela.pt\/noticias\/2026\/01\/27\/autor-de-ameacas-detido-com-armas-ilegais-em-alverca\/","og_site_name":"Portal Tela Portugal","article_published_time":"2026-01-27T13:56:10+00:00","author":"Telinha","twitter_card":"summary_large_image","twitter_misc":{"Escrito por":"Telinha","Tempo estimado de leitura":"1 minuto"},"schema":{"@context":"https:\/\/schema.org","@graph":[{"@type":"Article","@id":"https:\/\/portaltela.pt\/noticias\/2026\/01\/27\/autor-de-ameacas-detido-com-armas-ilegais-em-alverca\/#article","isPartOf":{"@id":"https:\/\/portaltela.pt\/noticias\/2026\/01\/27\/autor-de-ameacas-detido-com-armas-ilegais-em-alverca\/"},"author":{"name":"Telinha","@id":"https:\/\/portaltela.pt\/#\/schema\/person\/c4278d4a6028830caff9ee44b42d32ed"},"headline":"Autor de amea\u00e7as detido com armas ilegais em Alverca","datePublished":"2026-01-27T13:56:10+00:00","mainEntityOfPage":{"@id":"https:\/\/portaltela.pt\/noticias\/2026\/01\/27\/autor-de-ameacas-detido-com-armas-ilegais-em-alverca\/"},"wordCount":176,"image":{"@id":"https:\/\/portaltela.pt\/noticias\/2026\/01\/27\/autor-de-ameacas-detido-com-armas-ilegais-em-alverca\/#primaryimage"},"thumbnailUrl":"https:\/\/portaltela.pt\/s.01k8rhncp4jt1\/2026\/01\/img_1500x1000uu2021-11-25-20-07-17-1103240.jpg","keywords":["Algemas","Alverca","amea\u00e7a agravada","arma de fogo","armas proibidas","posse de arma proibida"],"articleSection":["Not\u00edcias"],"inLanguage":"pt-PT"},{"@type":"WebPage","@id":"https:\/\/portaltela.pt\/noticias\/2026\/01\/27\/autor-de-ameacas-detido-com-armas-ilegais-em-alverca\/","url":"https:\/\/portaltela.pt\/noticias\/2026\/01\/27\/autor-de-ameacas-detido-com-armas-ilegais-em-alverca\/","name":"Autor de amea\u00e7as detido com armas ilegais em Alverca - Portal Tela Portugal","isPartOf":{"@id":"https:\/\/portaltela.pt\/#website"},"primaryImageOfPage":{"@id":"https:\/\/portaltela.pt\/noticias\/2026\/01\/27\/autor-de-ameacas-detido-com-armas-ilegais-em-alverca\/#primaryimage"},"image":{"@id":"https:\/\/portaltela.pt\/noticias\/2026\/01\/27\/autor-de-ameacas-detido-com-armas-ilegais-em-alverca\/#primaryimage"},"thumbnailUrl":"https:\/\/portaltela.pt\/s.01k8rhncp4jt1\/2026\/01\/img_1500x1000uu2021-11-25-20-07-17-1103240.jpg","datePublished":"2026-01-27T13:56:10+00:00","author":{"@id":"https:\/\/portaltela.pt\/#\/schema\/person\/c4278d4a6028830caff9ee44b42d32ed"},"breadcrumb":{"@id":"https:\/\/portaltela.pt\/noticias\/2026\/01\/27\/autor-de-ameacas-detido-com-armas-ilegais-em-alverca\/#breadcrumb"},"inLanguage":"pt-PT","potentialAction":[{"@type":"ReadAction","target":["https:\/\/portaltela.pt\/noticias\/2026\/01\/27\/autor-de-ameacas-detido-com-armas-ilegais-em-alverca\/"]}]},{"@type":"ImageObject","inLanguage":"pt-PT","@id":"https:\/\/portaltela.pt\/noticias\/2026\/01\/27\/autor-de-ameacas-detido-com-armas-ilegais-em-alverca\/#primaryimage","url":"https:\/\/portaltela.pt\/s.01k8rhncp4jt1\/2026\/01\/img_1500x1000uu2021-11-25-20-07-17-1103240.jpg","contentUrl":"https:\/\/portaltela.pt\/s.01k8rhncp4jt1\/2026\/01\/img_1500x1000uu2021-11-25-20-07-17-1103240.jpg","width":796,"height":448,"caption":"Bast\u00e3o extens\u00edvel \u00e9 arma de uso proibido a civis"},{"@type":"BreadcrumbList","@id":"https:\/\/portaltela.pt\/noticias\/2026\/01\/27\/autor-de-ameacas-detido-com-armas-ilegais-em-alverca\/#breadcrumb","itemListElement":[{"@type":"ListItem","position":1,"name":"In\u00edcio","item":"https:\/\/portaltela.pt\/"},{"@type":"ListItem","position":2,"name":"Autor de amea\u00e7as detido com armas ilegais em Alverca"}]},{"@type":"WebSite","@id":"https:\/\/portaltela.pt\/#website","url":"https:\/\/portaltela.pt\/","name":"Portal Tela Portugal","description":"","potentialAction":[{"@type":"SearchAction","target":{"@type":"EntryPoint","urlTemplate":"https:\/\/portaltela.pt\/?s={search_term_string}"},"query-input":{"@type":"PropertyValueSpecification","valueRequired":true,"valueName":"search_term_string"}}],"inLanguage":"pt-PT"},{"@type":"Person","@id":"https:\/\/portaltela.pt\/#\/schema\/person\/c4278d4a6028830caff9ee44b42d32ed","name":"Telinha","image":{"@type":"ImageObject","inLanguage":"pt-PT","@id":"https:\/\/portaltela.pt\/s.01k8rhncp4jt1\/2025\/11\/talking-bot-125x125.png","url":"https:\/\/portaltela.pt\/s.01k8rhncp4jt1\/2025\/11\/talking-bot-125x125.png","contentUrl":"https:\/\/portaltela.pt\/s.01k8rhncp4jt1\/2025\/11\/talking-bot-125x125.png","caption":"Telinha"},"sameAs":["https:\/\/portaltela.pt\/"],"url":"https:\/\/portaltela.pt\/por\/367410592786\/"}]}},"_links":{"self":[{"href":"https:\/\/portaltela.pt\/api\/wp\/v2\/posts\/176545","targetHints":{"allow":["GET"]}}],"collection":[{"href":"https:\/\/portaltela.pt\/api\/wp\/v2\/posts"}],"about":[{"href":"https:\/\/portaltela.pt\/api\/wp\/v2\/types\/post"}],"author":[{"embeddable":true,"href":"https:\/\/portaltela.pt\/api\/wp\/v2\/users\/2"}],"replies":[{"embeddable":true,"href":"https:\/\/portaltela.pt\/api\/wp\/v2\/comments?post=176545"}],"version-history":[{"count":0,"href":"https:\/\/portaltela.pt\/api\/wp\/v2\/posts\/176545\/revisions"}],"wp:featuredmedia":[{"embeddable":true,"href":"https:\/\/portaltela.pt\/api\/wp\/v2\/media\/176547"}],"wp:attachment":[{"href":"https:\/\/portaltela.pt\/api\/wp\/v2\/media?parent=176545"}],"wp:term":[{"taxonomy":"category","embeddable":true,"href":"https:\/\/portaltela.pt\/api\/wp\/v2\/categories?post=176545"},{"taxonomy":"post_tag","embeddable":true,"href":"https:\/\/portaltela.pt\/api\/wp\/v2\/tags?post=176545"}],"curies":[{"name":"wp","href":"https:\/\/api.w.org\/{rel}","templated":true}]}}