{"id":176536,"date":"2026-01-27T10:34:00","date_gmt":"2026-01-27T13:34:00","guid":{"rendered":"https:\/\/portaltela.pt\/noticias\/2026\/01\/27\/alergias-de-inverno-o-bolor-pode-ser-mais-perigoso-do-que-se-imagina\/"},"modified":"2026-01-27T10:34:00","modified_gmt":"2026-01-27T13:34:00","slug":"alergias-de-inverno-o-bolor-pode-ser-mais-perigoso-do-que-se-imagina","status":"publish","type":"post","link":"https:\/\/portaltela.pt\/noticias\/2026\/01\/27\/alergias-de-inverno-o-bolor-pode-ser-mais-perigoso-do-que-se-imagina\/","title":{"rendered":"Alergias de inverno: o bolor pode ser mais perigoso do que se imagina"},"content":{"rendered":"<p>Alergias de inverno ganham destaque com casos de bolor. Em dezembro de 2020, uma crian\u00e7a brit\u00e2nica de dois anos faleceu ap\u00f3s uma doen\u00e7a respirat\u00f3ria grave. O inqu\u00e9rito aponta que a exposi\u00e7\u00e3o prolongada a humidade e bolor na habita\u00e7\u00e3o teve papel determinante no desfecho. O caso \u00e9 trazido \u00e0 tona pelo presidente da SPAIC.<\/p>\n<p>O estudo cita que o bolor em casa n\u00e3o \u00e9 apenas quest\u00e3o est\u00e9tica, mas um risco real para a sa\u00fade. O tema das alergias costuma surgir na primavera, mas as rea\u00e7\u00f5es agudas podem ocorrer noutras alturas do ano e por diferentes agentes.<\/p>\n<p>O inverno coloca o foco no bolor quando h\u00e1 manchas em paredes e tetos de habita\u00e7\u00f5es mal isoladas. Os fungos libertam esporos que permanecem suspensos no ar e, ao serem inalados, atingem vias a\u00e9reas, com impacto vari\u00e1vel conforme suscetibilidade, exposi\u00e7\u00e3o e historial m\u00e9dico.<\/p>\n<h3>Riscos, sintomas e consequ\u00eancias<\/h3>\n<p>Especialistas destacam que, em alguns casos, desenvolve-se sensibiliza\u00e7\u00e3o al\u00e9rgica com rinite, sinusite, conjuntivite e asma. Em crian\u00e7as, vias a\u00e9reas mais vulner\u00e1veis e maior tempo passivo em casa tornam o problema mais evidente, com pieira frequente e infe\u00e7\u00f5es respirat\u00f3rias.<\/p>\n<p>As bolores podem tamb\u00e9m provocar complica\u00e7\u00f5es graves, como pneumonites de hipersensibilidade. A infe\u00e7\u00e3o f\u00fangica invasiva \u00e9 rara, mas pode ser grave em indiv\u00edduos com imunidade muito baixa.<\/p>\n<p>Os sinais incluem congest\u00e3o nasal, corrimento, tosse persistente, garganta irritada, pieira e sensa\u00e7\u00e3o de falta de ar, agravando-se com a comorbidade respirat\u00f3ria existente. Em qualquer caso, a exposi\u00e7\u00e3o constante favorece a evolu\u00e7\u00e3o cl\u00ednica.<\/p>\n<h3>Preven\u00e7\u00e3o e medidas pr\u00e1ticas<\/h3>\n<p>\u00c9 crucial tratar o bolor como risco evit\u00e1vel no quotidiano. A preven\u00e7\u00e3o passa por controlar a humidade no interior da habita\u00e7\u00e3o. Aconselha-se arejar diariamente e utilizar exaustores na cozinha e na casa de banho, especialmente no inverno.<\/p>\n<p>Reduzir a condensa\u00e7\u00e3o \u00e9 essencial; evitar encostar mobili\u00e1rio a paredes frias tamb\u00e9m ajuda. Secar roupa em ambientes fechados deve ocorrer apenas com renova\u00e7\u00e3o de ar. Em caso de infiltra\u00e7\u00f5es ou fugas de canaliza\u00e7\u00e3o, a solu\u00e7\u00e3o n\u00e3o \u00e9 cosm\u00e9tica: \u00e9 necess\u00e1ria a corre\u00e7\u00e3o da origem do problema.<\/p>\n","protected":false},"excerpt":{"rendered":"<ul>\n<li>Um caso brit\u00e2nico de dezembro de 2020 mostrou que bolores da humidade podem causar mortes por doen\u00e7a respirat\u00f3ria, ap\u00f3s o inqu\u00e9rito apontar que a exposi\u00e7\u00e3o prolongada teve papel determinante no desfecho do menor Awaab Ishak.<\/li>\n<li>O bolor dentro de casa n\u00e3o \u00e9 apenas est\u00e9tico: pode representar um risco real para a sa\u00fade, sobretudo em habita\u00e7\u00f5es mal isoladas.<\/li>\n<li>No inverno, os fungos libertam esporos que permanecem no ar e podem desencadear rea\u00e7\u00f5es al\u00e9rgicas, irrita\u00e7\u00e3o das vias respirat\u00f3rias e, em alguns casos, pneumonia de hipersensibilidade.<\/li>\n<li>Em crian\u00e7as, as vias a\u00e9reas mais vulner\u00e1veis e o tempo passado em casa podem tornar os sintomas mais evidentes, com tosse, pieira e infe\u00e7\u00f5es respirat\u00f3rias frequentes.<\/li>\n<li>Para prevenir, o presidente da SPAIC recomenda controlar a humidade, arejar, usar exaustores, reduzir condensa\u00e7\u00e3o e corrigir infiltra\u00e7\u00f5es na origem, em vez de solu\u00e7\u00f5es cosm\u00e9ticas.<\/li>\n<\/ul>\n","protected":false},"author":2,"featured_media":176541,"comment_status":"closed","ping_status":"closed","sticky":false,"template":"","format":"standard","meta":{"footnotes":""},"categories":[1],"tags":[150,3305,2342,45,74,271],"class_list":["post-176536","post","type-post","status-publish","format-standard","has-post-thumbnail","hentry","category-noticias","tag-habitacao","tag-infeccao-respiratoria","tag-infeccao-respiratoria-aguda","tag-meio-ambiente","tag-prevencao","tag-saude-publica"],"yoast_head":"<!-- This site is optimized with the Yoast SEO plugin v27.2 - https:\/\/yoast.com\/product\/yoast-seo-wordpress\/ -->\n<title>Alergias de inverno: o bolor pode ser mais perigoso do que se imagina - Portal Tela Portugal<\/title>\n<meta name=\"robots\" content=\"index, follow, max-snippet:-1, max-image-preview:large, max-video-preview:-1\" \/>\n<meta property=\"og:locale\" content=\"pt_PT\" \/>\n<meta property=\"og:type\" content=\"article\" \/>\n<meta property=\"og:title\" content=\"Alergias de inverno: o bolor pode ser mais perigoso do que se imagina - Portal Tela Portugal\" \/>\n<meta property=\"og:description\" content=\"Um caso brit\u00e2nico de dezembro de 2020 mostrou que bolores da humidade podem causar mortes por doen\u00e7a respirat\u00f3ria, ap\u00f3s o inqu\u00e9rito apontar que a exposi\u00e7\u00e3o prolongada teve papel determinante no desfecho do menor Awaab Ishak. O bolor dentro de casa n\u00e3o \u00e9 apenas est\u00e9tico: pode representar um risco real para a sa\u00fade, sobretudo em habita\u00e7\u00f5es mal isoladas. No inverno, os fungos libertam esporos que permanecem no ar e podem desencadear rea\u00e7\u00f5es al\u00e9rgicas, irrita\u00e7\u00e3o das vias respirat\u00f3rias e, em alguns casos, pneumonia de hipersensibilidade. Em crian\u00e7as, as vias a\u00e9reas mais vulner\u00e1veis e o tempo passado em casa podem tornar os sintomas mais evidentes, com tosse, pieira e infe\u00e7\u00f5es respirat\u00f3rias frequentes. Para prevenir, o presidente da SPAIC recomenda controlar a humidade, arejar, usar exaustores, reduzir condensa\u00e7\u00e3o e corrigir infiltra\u00e7\u00f5es na origem, em vez de solu\u00e7\u00f5es cosm\u00e9ticas.\" \/>\n<meta property=\"og:url\" content=\"https:\/\/portaltela.pt\/noticias\/2026\/01\/27\/alergias-de-inverno-o-bolor-pode-ser-mais-perigoso-do-que-se-imagina\/\" \/>\n<meta property=\"og:site_name\" content=\"Portal Tela Portugal\" \/>\n<meta property=\"article:published_time\" content=\"2026-01-27T13:34:00+00:00\" \/>\n<meta name=\"author\" content=\"Telinha\" \/>\n<meta name=\"twitter:card\" content=\"summary_large_image\" \/>\n<meta name=\"twitter:label1\" content=\"Escrito por\" \/>\n\t<meta name=\"twitter:data1\" content=\"Telinha\" \/>\n\t<meta name=\"twitter:label2\" content=\"Tempo estimado de leitura\" \/>\n\t<meta name=\"twitter:data2\" content=\"2 minutos\" \/>\n<script type=\"application\/ld+json\" class=\"yoast-schema-graph\">{\"@context\":\"https:\/\/schema.org\",\"@graph\":[{\"@type\":\"Article\",\"@id\":\"https:\/\/portaltela.pt\/noticias\/2026\/01\/27\/alergias-de-inverno-o-bolor-pode-ser-mais-perigoso-do-que-se-imagina\/#article\",\"isPartOf\":{\"@id\":\"https:\/\/portaltela.pt\/noticias\/2026\/01\/27\/alergias-de-inverno-o-bolor-pode-ser-mais-perigoso-do-que-se-imagina\/\"},\"author\":{\"name\":\"Telinha\",\"@id\":\"https:\/\/portaltela.pt\/#\/schema\/person\/c4278d4a6028830caff9ee44b42d32ed\"},\"headline\":\"Alergias de inverno: o bolor pode ser mais perigoso do que se imagina\",\"datePublished\":\"2026-01-27T13:34:00+00:00\",\"mainEntityOfPage\":{\"@id\":\"https:\/\/portaltela.pt\/noticias\/2026\/01\/27\/alergias-de-inverno-o-bolor-pode-ser-mais-perigoso-do-que-se-imagina\/\"},\"wordCount\":384,\"image\":{\"@id\":\"https:\/\/portaltela.pt\/noticias\/2026\/01\/27\/alergias-de-inverno-o-bolor-pode-ser-mais-perigoso-do-que-se-imagina\/#primaryimage\"},\"thumbnailUrl\":\"https:\/\/portaltela.pt\/s.01k8rhncp4jt1\/2026\/01\/image-1865.jpg\",\"keywords\":[\"habita\u00e7\u00e3o\",\"infec\u00e7\u00e3o respirat\u00f3ria\",\"infec\u00e7\u00e3o respirat\u00f3ria aguda\",\"meio-ambiente\",\"preven\u00e7\u00e3o\",\"sa\u00fade p\u00fablica\"],\"articleSection\":[\"Not\u00edcias\"],\"inLanguage\":\"pt-PT\"},{\"@type\":\"WebPage\",\"@id\":\"https:\/\/portaltela.pt\/noticias\/2026\/01\/27\/alergias-de-inverno-o-bolor-pode-ser-mais-perigoso-do-que-se-imagina\/\",\"url\":\"https:\/\/portaltela.pt\/noticias\/2026\/01\/27\/alergias-de-inverno-o-bolor-pode-ser-mais-perigoso-do-que-se-imagina\/\",\"name\":\"Alergias de inverno: o bolor pode ser mais perigoso do que se imagina - Portal Tela Portugal\",\"isPartOf\":{\"@id\":\"https:\/\/portaltela.pt\/#website\"},\"primaryImageOfPage\":{\"@id\":\"https:\/\/portaltela.pt\/noticias\/2026\/01\/27\/alergias-de-inverno-o-bolor-pode-ser-mais-perigoso-do-que-se-imagina\/#primaryimage\"},\"image\":{\"@id\":\"https:\/\/portaltela.pt\/noticias\/2026\/01\/27\/alergias-de-inverno-o-bolor-pode-ser-mais-perigoso-do-que-se-imagina\/#primaryimage\"},\"thumbnailUrl\":\"https:\/\/portaltela.pt\/s.01k8rhncp4jt1\/2026\/01\/image-1865.jpg\",\"datePublished\":\"2026-01-27T13:34:00+00:00\",\"author\":{\"@id\":\"https:\/\/portaltela.pt\/#\/schema\/person\/c4278d4a6028830caff9ee44b42d32ed\"},\"breadcrumb\":{\"@id\":\"https:\/\/portaltela.pt\/noticias\/2026\/01\/27\/alergias-de-inverno-o-bolor-pode-ser-mais-perigoso-do-que-se-imagina\/#breadcrumb\"},\"inLanguage\":\"pt-PT\",\"potentialAction\":[{\"@type\":\"ReadAction\",\"target\":[\"https:\/\/portaltela.pt\/noticias\/2026\/01\/27\/alergias-de-inverno-o-bolor-pode-ser-mais-perigoso-do-que-se-imagina\/\"]}]},{\"@type\":\"ImageObject\",\"inLanguage\":\"pt-PT\",\"@id\":\"https:\/\/portaltela.pt\/noticias\/2026\/01\/27\/alergias-de-inverno-o-bolor-pode-ser-mais-perigoso-do-que-se-imagina\/#primaryimage\",\"url\":\"https:\/\/portaltela.pt\/s.01k8rhncp4jt1\/2026\/01\/image-1865.jpg\",\"contentUrl\":\"https:\/\/portaltela.pt\/s.01k8rhncp4jt1\/2026\/01\/image-1865.jpg\",\"width\":796,\"height\":448,\"caption\":\"Imagem de contexto do artigo Alergias de inverno. Bolor pode ser mais perigoso do que imagina\"},{\"@type\":\"BreadcrumbList\",\"@id\":\"https:\/\/portaltela.pt\/noticias\/2026\/01\/27\/alergias-de-inverno-o-bolor-pode-ser-mais-perigoso-do-que-se-imagina\/#breadcrumb\",\"itemListElement\":[{\"@type\":\"ListItem\",\"position\":1,\"name\":\"In\u00edcio\",\"item\":\"https:\/\/portaltela.pt\/\"},{\"@type\":\"ListItem\",\"position\":2,\"name\":\"Alergias de inverno: o bolor pode ser mais perigoso do que se imagina\"}]},{\"@type\":\"WebSite\",\"@id\":\"https:\/\/portaltela.pt\/#website\",\"url\":\"https:\/\/portaltela.pt\/\",\"name\":\"Portal Tela Portugal\",\"description\":\"\",\"potentialAction\":[{\"@type\":\"SearchAction\",\"target\":{\"@type\":\"EntryPoint\",\"urlTemplate\":\"https:\/\/portaltela.pt\/?s={search_term_string}\"},\"query-input\":{\"@type\":\"PropertyValueSpecification\",\"valueRequired\":true,\"valueName\":\"search_term_string\"}}],\"inLanguage\":\"pt-PT\"},{\"@type\":\"Person\",\"@id\":\"https:\/\/portaltela.pt\/#\/schema\/person\/c4278d4a6028830caff9ee44b42d32ed\",\"name\":\"Telinha\",\"image\":{\"@type\":\"ImageObject\",\"inLanguage\":\"pt-PT\",\"@id\":\"https:\/\/portaltela.pt\/s.01k8rhncp4jt1\/2025\/11\/talking-bot-125x125.png\",\"url\":\"https:\/\/portaltela.pt\/s.01k8rhncp4jt1\/2025\/11\/talking-bot-125x125.png\",\"contentUrl\":\"https:\/\/portaltela.pt\/s.01k8rhncp4jt1\/2025\/11\/talking-bot-125x125.png\",\"caption\":\"Telinha\"},\"sameAs\":[\"https:\/\/portaltela.pt\/\"],\"url\":\"https:\/\/portaltela.pt\/por\/367410592786\/\"}]}<\/script>\n<!-- \/ Yoast SEO plugin. -->","yoast_head_json":{"title":"Alergias de inverno: o bolor pode ser mais perigoso do que se imagina - Portal Tela Portugal","robots":{"index":"index","follow":"follow","max-snippet":"max-snippet:-1","max-image-preview":"max-image-preview:large","max-video-preview":"max-video-preview:-1"},"og_locale":"pt_PT","og_type":"article","og_title":"Alergias de inverno: o bolor pode ser mais perigoso do que se imagina - Portal Tela Portugal","og_description":"Um caso brit\u00e2nico de dezembro de 2020 mostrou que bolores da humidade podem causar mortes por doen\u00e7a respirat\u00f3ria, ap\u00f3s o inqu\u00e9rito apontar que a exposi\u00e7\u00e3o prolongada teve papel determinante no desfecho do menor Awaab Ishak. O bolor dentro de casa n\u00e3o \u00e9 apenas est\u00e9tico: pode representar um risco real para a sa\u00fade, sobretudo em habita\u00e7\u00f5es mal isoladas. No inverno, os fungos libertam esporos que permanecem no ar e podem desencadear rea\u00e7\u00f5es al\u00e9rgicas, irrita\u00e7\u00e3o das vias respirat\u00f3rias e, em alguns casos, pneumonia de hipersensibilidade. Em crian\u00e7as, as vias a\u00e9reas mais vulner\u00e1veis e o tempo passado em casa podem tornar os sintomas mais evidentes, com tosse, pieira e infe\u00e7\u00f5es respirat\u00f3rias frequentes. Para prevenir, o presidente da SPAIC recomenda controlar a humidade, arejar, usar exaustores, reduzir condensa\u00e7\u00e3o e corrigir infiltra\u00e7\u00f5es na origem, em vez de solu\u00e7\u00f5es cosm\u00e9ticas.","og_url":"https:\/\/portaltela.pt\/noticias\/2026\/01\/27\/alergias-de-inverno-o-bolor-pode-ser-mais-perigoso-do-que-se-imagina\/","og_site_name":"Portal Tela Portugal","article_published_time":"2026-01-27T13:34:00+00:00","author":"Telinha","twitter_card":"summary_large_image","twitter_misc":{"Escrito por":"Telinha","Tempo estimado de leitura":"2 minutos"},"schema":{"@context":"https:\/\/schema.org","@graph":[{"@type":"Article","@id":"https:\/\/portaltela.pt\/noticias\/2026\/01\/27\/alergias-de-inverno-o-bolor-pode-ser-mais-perigoso-do-que-se-imagina\/#article","isPartOf":{"@id":"https:\/\/portaltela.pt\/noticias\/2026\/01\/27\/alergias-de-inverno-o-bolor-pode-ser-mais-perigoso-do-que-se-imagina\/"},"author":{"name":"Telinha","@id":"https:\/\/portaltela.pt\/#\/schema\/person\/c4278d4a6028830caff9ee44b42d32ed"},"headline":"Alergias de inverno: o bolor pode ser mais perigoso do que se imagina","datePublished":"2026-01-27T13:34:00+00:00","mainEntityOfPage":{"@id":"https:\/\/portaltela.pt\/noticias\/2026\/01\/27\/alergias-de-inverno-o-bolor-pode-ser-mais-perigoso-do-que-se-imagina\/"},"wordCount":384,"image":{"@id":"https:\/\/portaltela.pt\/noticias\/2026\/01\/27\/alergias-de-inverno-o-bolor-pode-ser-mais-perigoso-do-que-se-imagina\/#primaryimage"},"thumbnailUrl":"https:\/\/portaltela.pt\/s.01k8rhncp4jt1\/2026\/01\/image-1865.jpg","keywords":["habita\u00e7\u00e3o","infec\u00e7\u00e3o respirat\u00f3ria","infec\u00e7\u00e3o respirat\u00f3ria aguda","meio-ambiente","preven\u00e7\u00e3o","sa\u00fade p\u00fablica"],"articleSection":["Not\u00edcias"],"inLanguage":"pt-PT"},{"@type":"WebPage","@id":"https:\/\/portaltela.pt\/noticias\/2026\/01\/27\/alergias-de-inverno-o-bolor-pode-ser-mais-perigoso-do-que-se-imagina\/","url":"https:\/\/portaltela.pt\/noticias\/2026\/01\/27\/alergias-de-inverno-o-bolor-pode-ser-mais-perigoso-do-que-se-imagina\/","name":"Alergias de inverno: o bolor pode ser mais perigoso do que se imagina - Portal Tela Portugal","isPartOf":{"@id":"https:\/\/portaltela.pt\/#website"},"primaryImageOfPage":{"@id":"https:\/\/portaltela.pt\/noticias\/2026\/01\/27\/alergias-de-inverno-o-bolor-pode-ser-mais-perigoso-do-que-se-imagina\/#primaryimage"},"image":{"@id":"https:\/\/portaltela.pt\/noticias\/2026\/01\/27\/alergias-de-inverno-o-bolor-pode-ser-mais-perigoso-do-que-se-imagina\/#primaryimage"},"thumbnailUrl":"https:\/\/portaltela.pt\/s.01k8rhncp4jt1\/2026\/01\/image-1865.jpg","datePublished":"2026-01-27T13:34:00+00:00","author":{"@id":"https:\/\/portaltela.pt\/#\/schema\/person\/c4278d4a6028830caff9ee44b42d32ed"},"breadcrumb":{"@id":"https:\/\/portaltela.pt\/noticias\/2026\/01\/27\/alergias-de-inverno-o-bolor-pode-ser-mais-perigoso-do-que-se-imagina\/#breadcrumb"},"inLanguage":"pt-PT","potentialAction":[{"@type":"ReadAction","target":["https:\/\/portaltela.pt\/noticias\/2026\/01\/27\/alergias-de-inverno-o-bolor-pode-ser-mais-perigoso-do-que-se-imagina\/"]}]},{"@type":"ImageObject","inLanguage":"pt-PT","@id":"https:\/\/portaltela.pt\/noticias\/2026\/01\/27\/alergias-de-inverno-o-bolor-pode-ser-mais-perigoso-do-que-se-imagina\/#primaryimage","url":"https:\/\/portaltela.pt\/s.01k8rhncp4jt1\/2026\/01\/image-1865.jpg","contentUrl":"https:\/\/portaltela.pt\/s.01k8rhncp4jt1\/2026\/01\/image-1865.jpg","width":796,"height":448,"caption":"Imagem de contexto do artigo Alergias de inverno. Bolor pode ser mais perigoso do que imagina"},{"@type":"BreadcrumbList","@id":"https:\/\/portaltela.pt\/noticias\/2026\/01\/27\/alergias-de-inverno-o-bolor-pode-ser-mais-perigoso-do-que-se-imagina\/#breadcrumb","itemListElement":[{"@type":"ListItem","position":1,"name":"In\u00edcio","item":"https:\/\/portaltela.pt\/"},{"@type":"ListItem","position":2,"name":"Alergias de inverno: o bolor pode ser mais perigoso do que se imagina"}]},{"@type":"WebSite","@id":"https:\/\/portaltela.pt\/#website","url":"https:\/\/portaltela.pt\/","name":"Portal Tela Portugal","description":"","potentialAction":[{"@type":"SearchAction","target":{"@type":"EntryPoint","urlTemplate":"https:\/\/portaltela.pt\/?s={search_term_string}"},"query-input":{"@type":"PropertyValueSpecification","valueRequired":true,"valueName":"search_term_string"}}],"inLanguage":"pt-PT"},{"@type":"Person","@id":"https:\/\/portaltela.pt\/#\/schema\/person\/c4278d4a6028830caff9ee44b42d32ed","name":"Telinha","image":{"@type":"ImageObject","inLanguage":"pt-PT","@id":"https:\/\/portaltela.pt\/s.01k8rhncp4jt1\/2025\/11\/talking-bot-125x125.png","url":"https:\/\/portaltela.pt\/s.01k8rhncp4jt1\/2025\/11\/talking-bot-125x125.png","contentUrl":"https:\/\/portaltela.pt\/s.01k8rhncp4jt1\/2025\/11\/talking-bot-125x125.png","caption":"Telinha"},"sameAs":["https:\/\/portaltela.pt\/"],"url":"https:\/\/portaltela.pt\/por\/367410592786\/"}]}},"_links":{"self":[{"href":"https:\/\/portaltela.pt\/api\/wp\/v2\/posts\/176536","targetHints":{"allow":["GET"]}}],"collection":[{"href":"https:\/\/portaltela.pt\/api\/wp\/v2\/posts"}],"about":[{"href":"https:\/\/portaltela.pt\/api\/wp\/v2\/types\/post"}],"author":[{"embeddable":true,"href":"https:\/\/portaltela.pt\/api\/wp\/v2\/users\/2"}],"replies":[{"embeddable":true,"href":"https:\/\/portaltela.pt\/api\/wp\/v2\/comments?post=176536"}],"version-history":[{"count":0,"href":"https:\/\/portaltela.pt\/api\/wp\/v2\/posts\/176536\/revisions"}],"wp:featuredmedia":[{"embeddable":true,"href":"https:\/\/portaltela.pt\/api\/wp\/v2\/media\/176541"}],"wp:attachment":[{"href":"https:\/\/portaltela.pt\/api\/wp\/v2\/media?parent=176536"}],"wp:term":[{"taxonomy":"category","embeddable":true,"href":"https:\/\/portaltela.pt\/api\/wp\/v2\/categories?post=176536"},{"taxonomy":"post_tag","embeddable":true,"href":"https:\/\/portaltela.pt\/api\/wp\/v2\/tags?post=176536"}],"curies":[{"name":"wp","href":"https:\/\/api.w.org\/{rel}","templated":true}]}}