{"id":176535,"date":"2026-01-27T10:37:00","date_gmt":"2026-01-27T13:37:00","guid":{"rendered":"https:\/\/portaltela.pt\/noticias\/2026\/01\/27\/alentejo-com-estradas-cortadas-e-pontes-submersas-em-varios-concelhos\/"},"modified":"2026-01-27T10:37:00","modified_gmt":"2026-01-27T13:37:00","slug":"alentejo-com-estradas-cortadas-e-pontes-submersas-em-varios-concelhos","status":"publish","type":"post","link":"https:\/\/portaltela.pt\/noticias\/2026\/01\/27\/alentejo-com-estradas-cortadas-e-pontes-submersas-em-varios-concelhos\/","title":{"rendered":"Alentejo com estradas cortadas e pontes submersas em v\u00e1rios concelhos"},"content":{"rendered":"<p>A circula\u00e7\u00e3o rodovi\u00e1ria em v\u00e1rias zonas do Alentejo continua restringida devido ao mau tempo, com caudais de ribeiras elevados a submergir pontes e trechos. V\u00e1rios munic\u00edpios confirmam cortes em estradas municipais e nacionais.<\/p>\n<p>A subida das \u00e1guas afeta, entre outros, os distritos de \u00c9vora, Portalegre e Beja, levando ao encerramento tempor\u00e1rio de liga\u00e7\u00f5es rodovi\u00e1rias e \u00e0 interdi\u00e7\u00e3o de pontes e acessos.<\/p>\n<p>Segundo informa\u00e7\u00f5es municipais, as descargas em barragens e as precipita\u00e7\u00f5es concentradas mant\u00eam em observa\u00e7\u00e3o as vias da regi\u00e3o, com autoridades a manter vigil\u00e2ncia constante para eventuais atualiza\u00e7\u00f5es.<\/p>\n<h3>Situa\u00e7\u00e3o por concelho<\/h3>\n<p>Em \u00c9vora, o CM1088 que liga Canaviais \u00e0 cidade est\u00e1 interdito por inunda\u00e7\u00e3o, segundo o Servi\u00e7o Municipal de Prote\u00e7\u00e3o Civil.<\/p>\n<p>Em Montemor-o-Novo, a EM537, na zona do Porto das L\u00e3s, permanece cortada ao tr\u00e2nsito desde sexta-feira.<\/p>\n<p>No distrito de Portalegre, Avis regista cortes na EM501 devido \u00e0s descargas na Barragem do Maranh\u00e3o, que elevam o caudal da Ribeira de Seda.<\/p>\n<p>As pontes de Cam\u00f5es e da Ordem, submersas, impedem passagem entre Mora e Cabe\u00e7\u00e3o, ap\u00f3s a Barragem do Maranh\u00e3o efetuar descargas, informou a C\u00e2mara de Avis.<\/p>\n<p>A Ponte da Ordem situa-se na EM501, enquanto a Ponte de Cam\u00f5es fica no caminho entre Maranh\u00e3o e Cabe\u00e7\u00e3o; ambas est\u00e3o interditadas.<\/p>\n<p>A C\u00e2mara de Mora confirmou o corte na Ponte da Ordem por subida de \u00e1gua na Ribeira de Seda.<\/p>\n<p>A EM538, entre Figueira e Barros e Sousel, tamb\u00e9m est\u00e1 fechada ao tr\u00e2nsito, segundo fonte da C\u00e2mara de Avis.<\/p>\n<p>A associa\u00e7\u00e3o de regantes indica que a Barragem do Maranh\u00e3o efectuou descargas na sexta-feira e na \u00faltima madrugada; a Montargil tamb\u00e9m descarregou na \u00faltima noite.<\/p>\n<p>No concelho de Alc\u00e1cer do Sal, quatro estradas ficaram submersas, levando ao encerramento de vias como a EM1 entre Alberge e Casebres, acessos a Santa Catarina de S\u00edtimos, Ar\u00eaz a Vale de Guizo, e o acesso a S\u00e3o Rom\u00e3o do Sado.<\/p>\n<p>Devido ao deslizamento na encosta do Castelo, o tr\u00e2nsito fica condicionado nas vias junto ao Bairro da Gra\u00e7a e na estrada de Santa Luzia.<\/p>\n<p>Em Santiago do Cac\u00e9m houve quedas de \u00e1rvores e inunda\u00e7\u00f5es, com a EN261 entre Santiago do Cac\u00e9m e S\u00e3o Domingos, e a liga\u00e7\u00e3o Abela-S\u00e3o Domingos submersas.<\/p>\n<p>O comandante dos Bombeiros Mistos de Santiago do Cac\u00e9m informou que resta apenas um curto tro\u00e7o da EN261 submersa em dire\u00e7\u00e3o a S\u00e3o Domingos, e que a zona da Abela permanece sinalizada.<\/p>\n<p>No distrito de Beja, Castro Verde cortou ao tr\u00e2nsito a ponte entre Geraldos e Monte Cerro, bem como o acesso entre Rol\u00e3o e Viseus, face ao aumento do caudal da Ribeira Maria Delgada.<\/p>\n<p>Em Ourique, j\u00e1 estavam cortadas a ponte entre Aivados e Concei\u00e7\u00e3o, devido \u00e0 Ribeira de Aivados, e o acesso entre Entradas e S\u00e3o Marcos da Ataboeira.<\/p>\n<p>A presidente visita de Castro Verde explicou que as estruturas est\u00e3o em leito de cheia; h\u00e1 vias alternativas para circula\u00e7\u00e3o nas povoa\u00e7\u00f5es afetadas.<\/p>\n<p>No concelho de Alvito, a Ponte do Azinhal fica interditada; a liga\u00e7\u00e3o entre a sede do concelho e Beja pela EN257 tamb\u00e9m esteve fechada pela manh\u00e3, ap\u00f3s a queda de uma \u00e1rvore.<\/p>\n<p>O IPMA indica que Portugal continental \u00e9 afetado pela depress\u00e3o Joseph, com chuva, vento, neve e agita\u00e7\u00e3o mar\u00edtima; h\u00e1 melhoria prevista para hoje, com piora a partir de meia-noite de quarta-feira.<\/p>\n","protected":false},"excerpt":{"rendered":"<ul>\n<li>Diversos concelhos do Alentejo interditaram estradas municipais e nacionais devido ao mau tempo, com caudais altares e pontes submersas; destaque para CM1088 em \u00c9vora e EM537 em Montemor-o-Novo, desde sexta-feira.<\/li>\n<li>Em Avis, a Barragem do Maranh\u00e3o descarregou, elevando o caudal da Ribeira de Seda e levando \u00e0 interdi\u00e7\u00e3o das pontes de Cam\u00f5es e da Ordem (EM501, entre Cabe\u00e7\u00e3o e Mora; ponte da Ordem no caminho entre Maranh\u00e3o e Cabe\u00e7\u00e3o).<\/li>\n<li>Mora tamb\u00e9m informou corte da Ponte da Ordem; a EM538 entre Figueira e Barros e Sousel est\u00e1 cortada. Barragens de Maranh\u00e3o e Montargil registaram descargas.<\/li>\n<li>Em Alc\u00e1cer do Sal, quatro estradas ficaram submersas e houve deslizamentos perto do Castelo; acessos a Santa Catarina de S\u00edtimos, Ar\u00eaz-Vale de Guizo e EN262 tamb\u00e9m afetados.<\/li>\n<li>Em Santiago do Cac\u00e9m e no distrito de Beja, quedas de \u00e1rvores e inunda\u00e7\u00f5es causaram cortes na EN261 (Santiago do Cac\u00e9m a S\u00e3o Domingos) e em liga\u00e7\u00f5es locais; IPMA prev\u00ea acalmia hoje, com agravamento a partir de quarta-feira.<\/li>\n<\/ul>\n","protected":false},"author":2,"featured_media":176542,"comment_status":"closed","ping_status":"closed","sticky":false,"template":"","format":"standard","meta":{"footnotes":""},"categories":[1],"tags":[3812,883,2897,1083,1074,2293],"class_list":["post-176535","post","type-post","status-publish","format-standard","has-post-thumbnail","hentry","category-noticias","tag-alagamentos","tag-alentejo","tag-avis","tag-estradas","tag-evora","tag-inundacoes"],"yoast_head":"<!-- This site is optimized with the Yoast SEO plugin v27.2 - https:\/\/yoast.com\/product\/yoast-seo-wordpress\/ -->\n<title>Alentejo com estradas cortadas e pontes submersas em v\u00e1rios concelhos - Portal Tela Portugal<\/title>\n<meta name=\"robots\" content=\"index, follow, max-snippet:-1, max-image-preview:large, max-video-preview:-1\" \/>\n<meta property=\"og:locale\" content=\"pt_PT\" \/>\n<meta property=\"og:type\" content=\"article\" \/>\n<meta property=\"og:title\" content=\"Alentejo com estradas cortadas e pontes submersas em v\u00e1rios concelhos - Portal Tela Portugal\" \/>\n<meta property=\"og:description\" content=\"Diversos concelhos do Alentejo interditaram estradas municipais e nacionais devido ao mau tempo, com caudais altares e pontes submersas; destaque para CM1088 em \u00c9vora e EM537 em Montemor-o-Novo, desde sexta-feira. Em Avis, a Barragem do Maranh\u00e3o descarregou, elevando o caudal da Ribeira de Seda e levando \u00e0 interdi\u00e7\u00e3o das pontes de Cam\u00f5es e da Ordem (EM501, entre Cabe\u00e7\u00e3o e Mora; ponte da Ordem no caminho entre Maranh\u00e3o e Cabe\u00e7\u00e3o). Mora tamb\u00e9m informou corte da Ponte da Ordem; a EM538 entre Figueira e Barros e Sousel est\u00e1 cortada. Barragens de Maranh\u00e3o e Montargil registaram descargas. Em Alc\u00e1cer do Sal, quatro estradas ficaram submersas e houve deslizamentos perto do Castelo; acessos a Santa Catarina de S\u00edtimos, Ar\u00eaz-Vale de Guizo e EN262 tamb\u00e9m afetados. Em Santiago do Cac\u00e9m e no distrito de Beja, quedas de \u00e1rvores e inunda\u00e7\u00f5es causaram cortes na EN261 (Santiago do Cac\u00e9m a S\u00e3o Domingos) e em liga\u00e7\u00f5es locais; IPMA prev\u00ea acalmia hoje, com agravamento a partir de quarta-feira.\" \/>\n<meta property=\"og:url\" content=\"https:\/\/portaltela.pt\/noticias\/2026\/01\/27\/alentejo-com-estradas-cortadas-e-pontes-submersas-em-varios-concelhos\/\" \/>\n<meta property=\"og:site_name\" content=\"Portal Tela Portugal\" \/>\n<meta property=\"article:published_time\" content=\"2026-01-27T13:37:00+00:00\" \/>\n<meta name=\"author\" content=\"Telinha\" \/>\n<meta name=\"twitter:card\" content=\"summary_large_image\" \/>\n<meta name=\"twitter:label1\" content=\"Escrito por\" \/>\n\t<meta name=\"twitter:data1\" content=\"Telinha\" \/>\n\t<meta name=\"twitter:label2\" content=\"Tempo estimado de leitura\" \/>\n\t<meta name=\"twitter:data2\" content=\"3 minutos\" \/>\n<script type=\"application\/ld+json\" class=\"yoast-schema-graph\">{\"@context\":\"https:\/\/schema.org\",\"@graph\":[{\"@type\":\"Article\",\"@id\":\"https:\/\/portaltela.pt\/noticias\/2026\/01\/27\/alentejo-com-estradas-cortadas-e-pontes-submersas-em-varios-concelhos\/#article\",\"isPartOf\":{\"@id\":\"https:\/\/portaltela.pt\/noticias\/2026\/01\/27\/alentejo-com-estradas-cortadas-e-pontes-submersas-em-varios-concelhos\/\"},\"author\":{\"name\":\"Telinha\",\"@id\":\"https:\/\/portaltela.pt\/#\/schema\/person\/c4278d4a6028830caff9ee44b42d32ed\"},\"headline\":\"Alentejo com estradas cortadas e pontes submersas em v\u00e1rios concelhos\",\"datePublished\":\"2026-01-27T13:37:00+00:00\",\"mainEntityOfPage\":{\"@id\":\"https:\/\/portaltela.pt\/noticias\/2026\/01\/27\/alentejo-com-estradas-cortadas-e-pontes-submersas-em-varios-concelhos\/\"},\"wordCount\":606,\"image\":{\"@id\":\"https:\/\/portaltela.pt\/noticias\/2026\/01\/27\/alentejo-com-estradas-cortadas-e-pontes-submersas-em-varios-concelhos\/#primaryimage\"},\"thumbnailUrl\":\"https:\/\/portaltela.pt\/s.01k8rhncp4jt1\/2026\/01\/image-1866.jpg\",\"keywords\":[\"alagamentos\",\"Alentejo\",\"Avis\",\"estradas\",\"\u00c9vora\",\"inunda\u00e7\u00f5es\"],\"articleSection\":[\"Not\u00edcias\"],\"inLanguage\":\"pt-PT\"},{\"@type\":\"WebPage\",\"@id\":\"https:\/\/portaltela.pt\/noticias\/2026\/01\/27\/alentejo-com-estradas-cortadas-e-pontes-submersas-em-varios-concelhos\/\",\"url\":\"https:\/\/portaltela.pt\/noticias\/2026\/01\/27\/alentejo-com-estradas-cortadas-e-pontes-submersas-em-varios-concelhos\/\",\"name\":\"Alentejo com estradas cortadas e pontes submersas em v\u00e1rios concelhos - Portal Tela Portugal\",\"isPartOf\":{\"@id\":\"https:\/\/portaltela.pt\/#website\"},\"primaryImageOfPage\":{\"@id\":\"https:\/\/portaltela.pt\/noticias\/2026\/01\/27\/alentejo-com-estradas-cortadas-e-pontes-submersas-em-varios-concelhos\/#primaryimage\"},\"image\":{\"@id\":\"https:\/\/portaltela.pt\/noticias\/2026\/01\/27\/alentejo-com-estradas-cortadas-e-pontes-submersas-em-varios-concelhos\/#primaryimage\"},\"thumbnailUrl\":\"https:\/\/portaltela.pt\/s.01k8rhncp4jt1\/2026\/01\/image-1866.jpg\",\"datePublished\":\"2026-01-27T13:37:00+00:00\",\"author\":{\"@id\":\"https:\/\/portaltela.pt\/#\/schema\/person\/c4278d4a6028830caff9ee44b42d32ed\"},\"breadcrumb\":{\"@id\":\"https:\/\/portaltela.pt\/noticias\/2026\/01\/27\/alentejo-com-estradas-cortadas-e-pontes-submersas-em-varios-concelhos\/#breadcrumb\"},\"inLanguage\":\"pt-PT\",\"potentialAction\":[{\"@type\":\"ReadAction\",\"target\":[\"https:\/\/portaltela.pt\/noticias\/2026\/01\/27\/alentejo-com-estradas-cortadas-e-pontes-submersas-em-varios-concelhos\/\"]}]},{\"@type\":\"ImageObject\",\"inLanguage\":\"pt-PT\",\"@id\":\"https:\/\/portaltela.pt\/noticias\/2026\/01\/27\/alentejo-com-estradas-cortadas-e-pontes-submersas-em-varios-concelhos\/#primaryimage\",\"url\":\"https:\/\/portaltela.pt\/s.01k8rhncp4jt1\/2026\/01\/image-1866.jpg\",\"contentUrl\":\"https:\/\/portaltela.pt\/s.01k8rhncp4jt1\/2026\/01\/image-1866.jpg\",\"width\":796,\"height\":448,\"caption\":\"Imagem de contexto do artigo Alentejo com estradas cortadas e pontes submersas em diversos concelhos\"},{\"@type\":\"BreadcrumbList\",\"@id\":\"https:\/\/portaltela.pt\/noticias\/2026\/01\/27\/alentejo-com-estradas-cortadas-e-pontes-submersas-em-varios-concelhos\/#breadcrumb\",\"itemListElement\":[{\"@type\":\"ListItem\",\"position\":1,\"name\":\"In\u00edcio\",\"item\":\"https:\/\/portaltela.pt\/\"},{\"@type\":\"ListItem\",\"position\":2,\"name\":\"Alentejo com estradas cortadas e pontes submersas em v\u00e1rios concelhos\"}]},{\"@type\":\"WebSite\",\"@id\":\"https:\/\/portaltela.pt\/#website\",\"url\":\"https:\/\/portaltela.pt\/\",\"name\":\"Portal Tela Portugal\",\"description\":\"\",\"potentialAction\":[{\"@type\":\"SearchAction\",\"target\":{\"@type\":\"EntryPoint\",\"urlTemplate\":\"https:\/\/portaltela.pt\/?s={search_term_string}\"},\"query-input\":{\"@type\":\"PropertyValueSpecification\",\"valueRequired\":true,\"valueName\":\"search_term_string\"}}],\"inLanguage\":\"pt-PT\"},{\"@type\":\"Person\",\"@id\":\"https:\/\/portaltela.pt\/#\/schema\/person\/c4278d4a6028830caff9ee44b42d32ed\",\"name\":\"Telinha\",\"image\":{\"@type\":\"ImageObject\",\"inLanguage\":\"pt-PT\",\"@id\":\"https:\/\/portaltela.pt\/s.01k8rhncp4jt1\/2025\/11\/talking-bot-125x125.png\",\"url\":\"https:\/\/portaltela.pt\/s.01k8rhncp4jt1\/2025\/11\/talking-bot-125x125.png\",\"contentUrl\":\"https:\/\/portaltela.pt\/s.01k8rhncp4jt1\/2025\/11\/talking-bot-125x125.png\",\"caption\":\"Telinha\"},\"sameAs\":[\"https:\/\/portaltela.pt\/\"],\"url\":\"https:\/\/portaltela.pt\/por\/367410592786\/\"}]}<\/script>\n<!-- \/ Yoast SEO plugin. -->","yoast_head_json":{"title":"Alentejo com estradas cortadas e pontes submersas em v\u00e1rios concelhos - Portal Tela Portugal","robots":{"index":"index","follow":"follow","max-snippet":"max-snippet:-1","max-image-preview":"max-image-preview:large","max-video-preview":"max-video-preview:-1"},"og_locale":"pt_PT","og_type":"article","og_title":"Alentejo com estradas cortadas e pontes submersas em v\u00e1rios concelhos - Portal Tela Portugal","og_description":"Diversos concelhos do Alentejo interditaram estradas municipais e nacionais devido ao mau tempo, com caudais altares e pontes submersas; destaque para CM1088 em \u00c9vora e EM537 em Montemor-o-Novo, desde sexta-feira. Em Avis, a Barragem do Maranh\u00e3o descarregou, elevando o caudal da Ribeira de Seda e levando \u00e0 interdi\u00e7\u00e3o das pontes de Cam\u00f5es e da Ordem (EM501, entre Cabe\u00e7\u00e3o e Mora; ponte da Ordem no caminho entre Maranh\u00e3o e Cabe\u00e7\u00e3o). Mora tamb\u00e9m informou corte da Ponte da Ordem; a EM538 entre Figueira e Barros e Sousel est\u00e1 cortada. Barragens de Maranh\u00e3o e Montargil registaram descargas. Em Alc\u00e1cer do Sal, quatro estradas ficaram submersas e houve deslizamentos perto do Castelo; acessos a Santa Catarina de S\u00edtimos, Ar\u00eaz-Vale de Guizo e EN262 tamb\u00e9m afetados. Em Santiago do Cac\u00e9m e no distrito de Beja, quedas de \u00e1rvores e inunda\u00e7\u00f5es causaram cortes na EN261 (Santiago do Cac\u00e9m a S\u00e3o Domingos) e em liga\u00e7\u00f5es locais; IPMA prev\u00ea acalmia hoje, com agravamento a partir de quarta-feira.","og_url":"https:\/\/portaltela.pt\/noticias\/2026\/01\/27\/alentejo-com-estradas-cortadas-e-pontes-submersas-em-varios-concelhos\/","og_site_name":"Portal Tela Portugal","article_published_time":"2026-01-27T13:37:00+00:00","author":"Telinha","twitter_card":"summary_large_image","twitter_misc":{"Escrito por":"Telinha","Tempo estimado de leitura":"3 minutos"},"schema":{"@context":"https:\/\/schema.org","@graph":[{"@type":"Article","@id":"https:\/\/portaltela.pt\/noticias\/2026\/01\/27\/alentejo-com-estradas-cortadas-e-pontes-submersas-em-varios-concelhos\/#article","isPartOf":{"@id":"https:\/\/portaltela.pt\/noticias\/2026\/01\/27\/alentejo-com-estradas-cortadas-e-pontes-submersas-em-varios-concelhos\/"},"author":{"name":"Telinha","@id":"https:\/\/portaltela.pt\/#\/schema\/person\/c4278d4a6028830caff9ee44b42d32ed"},"headline":"Alentejo com estradas cortadas e pontes submersas em v\u00e1rios concelhos","datePublished":"2026-01-27T13:37:00+00:00","mainEntityOfPage":{"@id":"https:\/\/portaltela.pt\/noticias\/2026\/01\/27\/alentejo-com-estradas-cortadas-e-pontes-submersas-em-varios-concelhos\/"},"wordCount":606,"image":{"@id":"https:\/\/portaltela.pt\/noticias\/2026\/01\/27\/alentejo-com-estradas-cortadas-e-pontes-submersas-em-varios-concelhos\/#primaryimage"},"thumbnailUrl":"https:\/\/portaltela.pt\/s.01k8rhncp4jt1\/2026\/01\/image-1866.jpg","keywords":["alagamentos","Alentejo","Avis","estradas","\u00c9vora","inunda\u00e7\u00f5es"],"articleSection":["Not\u00edcias"],"inLanguage":"pt-PT"},{"@type":"WebPage","@id":"https:\/\/portaltela.pt\/noticias\/2026\/01\/27\/alentejo-com-estradas-cortadas-e-pontes-submersas-em-varios-concelhos\/","url":"https:\/\/portaltela.pt\/noticias\/2026\/01\/27\/alentejo-com-estradas-cortadas-e-pontes-submersas-em-varios-concelhos\/","name":"Alentejo com estradas cortadas e pontes submersas em v\u00e1rios concelhos - Portal Tela Portugal","isPartOf":{"@id":"https:\/\/portaltela.pt\/#website"},"primaryImageOfPage":{"@id":"https:\/\/portaltela.pt\/noticias\/2026\/01\/27\/alentejo-com-estradas-cortadas-e-pontes-submersas-em-varios-concelhos\/#primaryimage"},"image":{"@id":"https:\/\/portaltela.pt\/noticias\/2026\/01\/27\/alentejo-com-estradas-cortadas-e-pontes-submersas-em-varios-concelhos\/#primaryimage"},"thumbnailUrl":"https:\/\/portaltela.pt\/s.01k8rhncp4jt1\/2026\/01\/image-1866.jpg","datePublished":"2026-01-27T13:37:00+00:00","author":{"@id":"https:\/\/portaltela.pt\/#\/schema\/person\/c4278d4a6028830caff9ee44b42d32ed"},"breadcrumb":{"@id":"https:\/\/portaltela.pt\/noticias\/2026\/01\/27\/alentejo-com-estradas-cortadas-e-pontes-submersas-em-varios-concelhos\/#breadcrumb"},"inLanguage":"pt-PT","potentialAction":[{"@type":"ReadAction","target":["https:\/\/portaltela.pt\/noticias\/2026\/01\/27\/alentejo-com-estradas-cortadas-e-pontes-submersas-em-varios-concelhos\/"]}]},{"@type":"ImageObject","inLanguage":"pt-PT","@id":"https:\/\/portaltela.pt\/noticias\/2026\/01\/27\/alentejo-com-estradas-cortadas-e-pontes-submersas-em-varios-concelhos\/#primaryimage","url":"https:\/\/portaltela.pt\/s.01k8rhncp4jt1\/2026\/01\/image-1866.jpg","contentUrl":"https:\/\/portaltela.pt\/s.01k8rhncp4jt1\/2026\/01\/image-1866.jpg","width":796,"height":448,"caption":"Imagem de contexto do artigo Alentejo com estradas cortadas e pontes submersas em diversos concelhos"},{"@type":"BreadcrumbList","@id":"https:\/\/portaltela.pt\/noticias\/2026\/01\/27\/alentejo-com-estradas-cortadas-e-pontes-submersas-em-varios-concelhos\/#breadcrumb","itemListElement":[{"@type":"ListItem","position":1,"name":"In\u00edcio","item":"https:\/\/portaltela.pt\/"},{"@type":"ListItem","position":2,"name":"Alentejo com estradas cortadas e pontes submersas em v\u00e1rios concelhos"}]},{"@type":"WebSite","@id":"https:\/\/portaltela.pt\/#website","url":"https:\/\/portaltela.pt\/","name":"Portal Tela Portugal","description":"","potentialAction":[{"@type":"SearchAction","target":{"@type":"EntryPoint","urlTemplate":"https:\/\/portaltela.pt\/?s={search_term_string}"},"query-input":{"@type":"PropertyValueSpecification","valueRequired":true,"valueName":"search_term_string"}}],"inLanguage":"pt-PT"},{"@type":"Person","@id":"https:\/\/portaltela.pt\/#\/schema\/person\/c4278d4a6028830caff9ee44b42d32ed","name":"Telinha","image":{"@type":"ImageObject","inLanguage":"pt-PT","@id":"https:\/\/portaltela.pt\/s.01k8rhncp4jt1\/2025\/11\/talking-bot-125x125.png","url":"https:\/\/portaltela.pt\/s.01k8rhncp4jt1\/2025\/11\/talking-bot-125x125.png","contentUrl":"https:\/\/portaltela.pt\/s.01k8rhncp4jt1\/2025\/11\/talking-bot-125x125.png","caption":"Telinha"},"sameAs":["https:\/\/portaltela.pt\/"],"url":"https:\/\/portaltela.pt\/por\/367410592786\/"}]}},"_links":{"self":[{"href":"https:\/\/portaltela.pt\/api\/wp\/v2\/posts\/176535","targetHints":{"allow":["GET"]}}],"collection":[{"href":"https:\/\/portaltela.pt\/api\/wp\/v2\/posts"}],"about":[{"href":"https:\/\/portaltela.pt\/api\/wp\/v2\/types\/post"}],"author":[{"embeddable":true,"href":"https:\/\/portaltela.pt\/api\/wp\/v2\/users\/2"}],"replies":[{"embeddable":true,"href":"https:\/\/portaltela.pt\/api\/wp\/v2\/comments?post=176535"}],"version-history":[{"count":0,"href":"https:\/\/portaltela.pt\/api\/wp\/v2\/posts\/176535\/revisions"}],"wp:featuredmedia":[{"embeddable":true,"href":"https:\/\/portaltela.pt\/api\/wp\/v2\/media\/176542"}],"wp:attachment":[{"href":"https:\/\/portaltela.pt\/api\/wp\/v2\/media?parent=176535"}],"wp:term":[{"taxonomy":"category","embeddable":true,"href":"https:\/\/portaltela.pt\/api\/wp\/v2\/categories?post=176535"},{"taxonomy":"post_tag","embeddable":true,"href":"https:\/\/portaltela.pt\/api\/wp\/v2\/tags?post=176535"}],"curies":[{"name":"wp","href":"https:\/\/api.w.org\/{rel}","templated":true}]}}