{"id":176491,"date":"2026-01-27T10:23:00","date_gmt":"2026-01-27T13:23:00","guid":{"rendered":"https:\/\/portaltela.pt\/noticias\/2026\/01\/27\/anafre-escolhe-francisco-brito-para-a-presidencia\/"},"modified":"2026-01-27T10:23:00","modified_gmt":"2026-01-27T13:23:00","slug":"anafre-escolhe-francisco-brito-para-a-presidencia","status":"publish","type":"post","link":"https:\/\/portaltela.pt\/noticias\/2026\/01\/27\/anafre-escolhe-francisco-brito-para-a-presidencia\/","title":{"rendered":"Anafre escolhe Francisco Brito para a presid\u00eancia"},"content":{"rendered":"<p>Foi fechado o acordo para a presid\u00eancia da Associa\u00e7\u00e3o Nacional de Freguesias (Anafre). Francisco Branco de Brito, social-democrata, ser\u00e1 o l\u00edder da lista.<\/p>\n<p>A lista que o acompanha inclui autarcas do PS, CDU e independentes. Os partidos chegaram a um entendimento na manh\u00e3 desta ter\u00e7a-feira.<\/p>\n<p>Caso n\u00e3o tivesse existido acordo, poderia ter sido apresentada mais do que uma lista no pr\u00f3ximo congresso electivo; essa situa\u00e7\u00e3o acabou por n\u00e3o ocorrer.<\/p>\n<h3>Acordo e evento de assinatura<\/h3>\n<p>O encontro da Anafre est\u00e1 marcado para este fim de semana, em Portim\u00e3o, entre 30 de janeiro e 1 de fevereiro.<\/p>\n<p>O acordo foi confirmado pelo P\u00daBLICO e encerra a fase de negocia\u00e7\u00f5es que se manteve em aberto entre as forma\u00e7\u00f5es participantes.<\/p>\n","protected":false},"excerpt":{"rendered":"<ul>\n<li>Francisco Branco de Brito, social-democrata, vai liderar a Associa\u00e7\u00e3o Nacional de Freguesias (Anafre).<\/li>\n<li>A lista de lideran\u00e7a inclui autarcas do PS, CDU e independentes.<\/li>\n<li>O acordo foi fechado na manh\u00e3 de ter\u00e7a-feira, segundo o P\u00fablico.<\/li>\n<li>Sem acordo, podiam ter surgido v\u00e1rias listas no pr\u00f3ximo congresso electivo, mas isso n\u00e3o aconteceu.<\/li>\n<li>O encontro da Anafre est\u00e1 marcado para 30 de janeiro a 1 de fevereiro, em Portim\u00e3o.<\/li>\n<\/ul>\n","protected":false},"author":2,"featured_media":176497,"comment_status":"closed","ping_status":"closed","sticky":false,"template":"","format":"standard","meta":{"footnotes":""},"categories":[1],"tags":[3057,2143,42,2832,30,2144],"class_list":["post-176491","post","type-post","status-publish","format-standard","has-post-thumbnail","hentry","category-noticias","tag-autarcas","tag-cdu","tag-congresso","tag-politica","tag-presidente","tag-ps"],"yoast_head":"<!-- This site is optimized with the Yoast SEO plugin v27.2 - https:\/\/yoast.com\/product\/yoast-seo-wordpress\/ -->\n<title>Anafre escolhe Francisco Brito para a presid\u00eancia - Portal Tela Portugal<\/title>\n<meta name=\"robots\" content=\"index, follow, max-snippet:-1, max-image-preview:large, max-video-preview:-1\" \/>\n<meta property=\"og:locale\" content=\"pt_PT\" \/>\n<meta property=\"og:type\" content=\"article\" \/>\n<meta property=\"og:title\" content=\"Anafre escolhe Francisco Brito para a presid\u00eancia - Portal Tela Portugal\" \/>\n<meta property=\"og:description\" content=\"Francisco Branco de Brito, social-democrata, vai liderar a Associa\u00e7\u00e3o Nacional de Freguesias (Anafre). A lista de lideran\u00e7a inclui autarcas do PS, CDU e independentes. O acordo foi fechado na manh\u00e3 de ter\u00e7a-feira, segundo o P\u00fablico. Sem acordo, podiam ter surgido v\u00e1rias listas no pr\u00f3ximo congresso electivo, mas isso n\u00e3o aconteceu. O encontro da Anafre est\u00e1 marcado para 30 de janeiro a 1 de fevereiro, em Portim\u00e3o.\" \/>\n<meta property=\"og:url\" content=\"https:\/\/portaltela.pt\/noticias\/2026\/01\/27\/anafre-escolhe-francisco-brito-para-a-presidencia\/\" \/>\n<meta property=\"og:site_name\" content=\"Portal Tela Portugal\" \/>\n<meta property=\"article:published_time\" content=\"2026-01-27T13:23:00+00:00\" \/>\n<meta name=\"author\" content=\"Telinha\" \/>\n<meta name=\"twitter:card\" content=\"summary_large_image\" \/>\n<meta name=\"twitter:label1\" content=\"Escrito por\" \/>\n\t<meta name=\"twitter:data1\" content=\"Telinha\" \/>\n\t<meta name=\"twitter:label2\" content=\"Tempo estimado de leitura\" \/>\n\t<meta name=\"twitter:data2\" content=\"1 minuto\" \/>\n<script type=\"application\/ld+json\" class=\"yoast-schema-graph\">{\"@context\":\"https:\/\/schema.org\",\"@graph\":[{\"@type\":\"Article\",\"@id\":\"https:\/\/portaltela.pt\/noticias\/2026\/01\/27\/anafre-escolhe-francisco-brito-para-a-presidencia\/#article\",\"isPartOf\":{\"@id\":\"https:\/\/portaltela.pt\/noticias\/2026\/01\/27\/anafre-escolhe-francisco-brito-para-a-presidencia\/\"},\"author\":{\"name\":\"Telinha\",\"@id\":\"https:\/\/portaltela.pt\/#\/schema\/person\/c4278d4a6028830caff9ee44b42d32ed\"},\"headline\":\"Anafre escolhe Francisco Brito para a presid\u00eancia\",\"datePublished\":\"2026-01-27T13:23:00+00:00\",\"mainEntityOfPage\":{\"@id\":\"https:\/\/portaltela.pt\/noticias\/2026\/01\/27\/anafre-escolhe-francisco-brito-para-a-presidencia\/\"},\"wordCount\":134,\"image\":{\"@id\":\"https:\/\/portaltela.pt\/noticias\/2026\/01\/27\/anafre-escolhe-francisco-brito-para-a-presidencia\/#primaryimage\"},\"thumbnailUrl\":\"https:\/\/portaltela.pt\/s.01k8rhncp4jt1\/2026\/01\/2062172.jpg\",\"keywords\":[\"autarcas\",\"CDU\",\"congresso\",\"pol\u00edtica\",\"presidente\",\"PS\"],\"articleSection\":[\"Not\u00edcias\"],\"inLanguage\":\"pt-PT\"},{\"@type\":\"WebPage\",\"@id\":\"https:\/\/portaltela.pt\/noticias\/2026\/01\/27\/anafre-escolhe-francisco-brito-para-a-presidencia\/\",\"url\":\"https:\/\/portaltela.pt\/noticias\/2026\/01\/27\/anafre-escolhe-francisco-brito-para-a-presidencia\/\",\"name\":\"Anafre escolhe Francisco Brito para a presid\u00eancia - Portal Tela Portugal\",\"isPartOf\":{\"@id\":\"https:\/\/portaltela.pt\/#website\"},\"primaryImageOfPage\":{\"@id\":\"https:\/\/portaltela.pt\/noticias\/2026\/01\/27\/anafre-escolhe-francisco-brito-para-a-presidencia\/#primaryimage\"},\"image\":{\"@id\":\"https:\/\/portaltela.pt\/noticias\/2026\/01\/27\/anafre-escolhe-francisco-brito-para-a-presidencia\/#primaryimage\"},\"thumbnailUrl\":\"https:\/\/portaltela.pt\/s.01k8rhncp4jt1\/2026\/01\/2062172.jpg\",\"datePublished\":\"2026-01-27T13:23:00+00:00\",\"author\":{\"@id\":\"https:\/\/portaltela.pt\/#\/schema\/person\/c4278d4a6028830caff9ee44b42d32ed\"},\"breadcrumb\":{\"@id\":\"https:\/\/portaltela.pt\/noticias\/2026\/01\/27\/anafre-escolhe-francisco-brito-para-a-presidencia\/#breadcrumb\"},\"inLanguage\":\"pt-PT\",\"potentialAction\":[{\"@type\":\"ReadAction\",\"target\":[\"https:\/\/portaltela.pt\/noticias\/2026\/01\/27\/anafre-escolhe-francisco-brito-para-a-presidencia\/\"]}]},{\"@type\":\"ImageObject\",\"inLanguage\":\"pt-PT\",\"@id\":\"https:\/\/portaltela.pt\/noticias\/2026\/01\/27\/anafre-escolhe-francisco-brito-para-a-presidencia\/#primaryimage\",\"url\":\"https:\/\/portaltela.pt\/s.01k8rhncp4jt1\/2026\/01\/2062172.jpg\",\"contentUrl\":\"https:\/\/portaltela.pt\/s.01k8rhncp4jt1\/2026\/01\/2062172.jpg\",\"width\":796,\"height\":448,\"caption\":\"Francisco Branco de Brito foi eleito presidente da junta de \u00c9vora com maioria absoluta nas \u00faltimas aut\u00e1rquicas\"},{\"@type\":\"BreadcrumbList\",\"@id\":\"https:\/\/portaltela.pt\/noticias\/2026\/01\/27\/anafre-escolhe-francisco-brito-para-a-presidencia\/#breadcrumb\",\"itemListElement\":[{\"@type\":\"ListItem\",\"position\":1,\"name\":\"In\u00edcio\",\"item\":\"https:\/\/portaltela.pt\/\"},{\"@type\":\"ListItem\",\"position\":2,\"name\":\"Anafre escolhe Francisco Brito para a presid\u00eancia\"}]},{\"@type\":\"WebSite\",\"@id\":\"https:\/\/portaltela.pt\/#website\",\"url\":\"https:\/\/portaltela.pt\/\",\"name\":\"Portal Tela Portugal\",\"description\":\"\",\"potentialAction\":[{\"@type\":\"SearchAction\",\"target\":{\"@type\":\"EntryPoint\",\"urlTemplate\":\"https:\/\/portaltela.pt\/?s={search_term_string}\"},\"query-input\":{\"@type\":\"PropertyValueSpecification\",\"valueRequired\":true,\"valueName\":\"search_term_string\"}}],\"inLanguage\":\"pt-PT\"},{\"@type\":\"Person\",\"@id\":\"https:\/\/portaltela.pt\/#\/schema\/person\/c4278d4a6028830caff9ee44b42d32ed\",\"name\":\"Telinha\",\"image\":{\"@type\":\"ImageObject\",\"inLanguage\":\"pt-PT\",\"@id\":\"https:\/\/portaltela.pt\/s.01k8rhncp4jt1\/2025\/11\/talking-bot-125x125.png\",\"url\":\"https:\/\/portaltela.pt\/s.01k8rhncp4jt1\/2025\/11\/talking-bot-125x125.png\",\"contentUrl\":\"https:\/\/portaltela.pt\/s.01k8rhncp4jt1\/2025\/11\/talking-bot-125x125.png\",\"caption\":\"Telinha\"},\"sameAs\":[\"https:\/\/portaltela.pt\/\"],\"url\":\"https:\/\/portaltela.pt\/por\/367410592786\/\"}]}<\/script>\n<!-- \/ Yoast SEO plugin. -->","yoast_head_json":{"title":"Anafre escolhe Francisco Brito para a presid\u00eancia - Portal Tela Portugal","robots":{"index":"index","follow":"follow","max-snippet":"max-snippet:-1","max-image-preview":"max-image-preview:large","max-video-preview":"max-video-preview:-1"},"og_locale":"pt_PT","og_type":"article","og_title":"Anafre escolhe Francisco Brito para a presid\u00eancia - Portal Tela Portugal","og_description":"Francisco Branco de Brito, social-democrata, vai liderar a Associa\u00e7\u00e3o Nacional de Freguesias (Anafre). A lista de lideran\u00e7a inclui autarcas do PS, CDU e independentes. O acordo foi fechado na manh\u00e3 de ter\u00e7a-feira, segundo o P\u00fablico. Sem acordo, podiam ter surgido v\u00e1rias listas no pr\u00f3ximo congresso electivo, mas isso n\u00e3o aconteceu. O encontro da Anafre est\u00e1 marcado para 30 de janeiro a 1 de fevereiro, em Portim\u00e3o.","og_url":"https:\/\/portaltela.pt\/noticias\/2026\/01\/27\/anafre-escolhe-francisco-brito-para-a-presidencia\/","og_site_name":"Portal Tela Portugal","article_published_time":"2026-01-27T13:23:00+00:00","author":"Telinha","twitter_card":"summary_large_image","twitter_misc":{"Escrito por":"Telinha","Tempo estimado de leitura":"1 minuto"},"schema":{"@context":"https:\/\/schema.org","@graph":[{"@type":"Article","@id":"https:\/\/portaltela.pt\/noticias\/2026\/01\/27\/anafre-escolhe-francisco-brito-para-a-presidencia\/#article","isPartOf":{"@id":"https:\/\/portaltela.pt\/noticias\/2026\/01\/27\/anafre-escolhe-francisco-brito-para-a-presidencia\/"},"author":{"name":"Telinha","@id":"https:\/\/portaltela.pt\/#\/schema\/person\/c4278d4a6028830caff9ee44b42d32ed"},"headline":"Anafre escolhe Francisco Brito para a presid\u00eancia","datePublished":"2026-01-27T13:23:00+00:00","mainEntityOfPage":{"@id":"https:\/\/portaltela.pt\/noticias\/2026\/01\/27\/anafre-escolhe-francisco-brito-para-a-presidencia\/"},"wordCount":134,"image":{"@id":"https:\/\/portaltela.pt\/noticias\/2026\/01\/27\/anafre-escolhe-francisco-brito-para-a-presidencia\/#primaryimage"},"thumbnailUrl":"https:\/\/portaltela.pt\/s.01k8rhncp4jt1\/2026\/01\/2062172.jpg","keywords":["autarcas","CDU","congresso","pol\u00edtica","presidente","PS"],"articleSection":["Not\u00edcias"],"inLanguage":"pt-PT"},{"@type":"WebPage","@id":"https:\/\/portaltela.pt\/noticias\/2026\/01\/27\/anafre-escolhe-francisco-brito-para-a-presidencia\/","url":"https:\/\/portaltela.pt\/noticias\/2026\/01\/27\/anafre-escolhe-francisco-brito-para-a-presidencia\/","name":"Anafre escolhe Francisco Brito para a presid\u00eancia - Portal Tela Portugal","isPartOf":{"@id":"https:\/\/portaltela.pt\/#website"},"primaryImageOfPage":{"@id":"https:\/\/portaltela.pt\/noticias\/2026\/01\/27\/anafre-escolhe-francisco-brito-para-a-presidencia\/#primaryimage"},"image":{"@id":"https:\/\/portaltela.pt\/noticias\/2026\/01\/27\/anafre-escolhe-francisco-brito-para-a-presidencia\/#primaryimage"},"thumbnailUrl":"https:\/\/portaltela.pt\/s.01k8rhncp4jt1\/2026\/01\/2062172.jpg","datePublished":"2026-01-27T13:23:00+00:00","author":{"@id":"https:\/\/portaltela.pt\/#\/schema\/person\/c4278d4a6028830caff9ee44b42d32ed"},"breadcrumb":{"@id":"https:\/\/portaltela.pt\/noticias\/2026\/01\/27\/anafre-escolhe-francisco-brito-para-a-presidencia\/#breadcrumb"},"inLanguage":"pt-PT","potentialAction":[{"@type":"ReadAction","target":["https:\/\/portaltela.pt\/noticias\/2026\/01\/27\/anafre-escolhe-francisco-brito-para-a-presidencia\/"]}]},{"@type":"ImageObject","inLanguage":"pt-PT","@id":"https:\/\/portaltela.pt\/noticias\/2026\/01\/27\/anafre-escolhe-francisco-brito-para-a-presidencia\/#primaryimage","url":"https:\/\/portaltela.pt\/s.01k8rhncp4jt1\/2026\/01\/2062172.jpg","contentUrl":"https:\/\/portaltela.pt\/s.01k8rhncp4jt1\/2026\/01\/2062172.jpg","width":796,"height":448,"caption":"Francisco Branco de Brito foi eleito presidente da junta de \u00c9vora com maioria absoluta nas \u00faltimas aut\u00e1rquicas"},{"@type":"BreadcrumbList","@id":"https:\/\/portaltela.pt\/noticias\/2026\/01\/27\/anafre-escolhe-francisco-brito-para-a-presidencia\/#breadcrumb","itemListElement":[{"@type":"ListItem","position":1,"name":"In\u00edcio","item":"https:\/\/portaltela.pt\/"},{"@type":"ListItem","position":2,"name":"Anafre escolhe Francisco Brito para a presid\u00eancia"}]},{"@type":"WebSite","@id":"https:\/\/portaltela.pt\/#website","url":"https:\/\/portaltela.pt\/","name":"Portal Tela Portugal","description":"","potentialAction":[{"@type":"SearchAction","target":{"@type":"EntryPoint","urlTemplate":"https:\/\/portaltela.pt\/?s={search_term_string}"},"query-input":{"@type":"PropertyValueSpecification","valueRequired":true,"valueName":"search_term_string"}}],"inLanguage":"pt-PT"},{"@type":"Person","@id":"https:\/\/portaltela.pt\/#\/schema\/person\/c4278d4a6028830caff9ee44b42d32ed","name":"Telinha","image":{"@type":"ImageObject","inLanguage":"pt-PT","@id":"https:\/\/portaltela.pt\/s.01k8rhncp4jt1\/2025\/11\/talking-bot-125x125.png","url":"https:\/\/portaltela.pt\/s.01k8rhncp4jt1\/2025\/11\/talking-bot-125x125.png","contentUrl":"https:\/\/portaltela.pt\/s.01k8rhncp4jt1\/2025\/11\/talking-bot-125x125.png","caption":"Telinha"},"sameAs":["https:\/\/portaltela.pt\/"],"url":"https:\/\/portaltela.pt\/por\/367410592786\/"}]}},"_links":{"self":[{"href":"https:\/\/portaltela.pt\/api\/wp\/v2\/posts\/176491","targetHints":{"allow":["GET"]}}],"collection":[{"href":"https:\/\/portaltela.pt\/api\/wp\/v2\/posts"}],"about":[{"href":"https:\/\/portaltela.pt\/api\/wp\/v2\/types\/post"}],"author":[{"embeddable":true,"href":"https:\/\/portaltela.pt\/api\/wp\/v2\/users\/2"}],"replies":[{"embeddable":true,"href":"https:\/\/portaltela.pt\/api\/wp\/v2\/comments?post=176491"}],"version-history":[{"count":0,"href":"https:\/\/portaltela.pt\/api\/wp\/v2\/posts\/176491\/revisions"}],"wp:featuredmedia":[{"embeddable":true,"href":"https:\/\/portaltela.pt\/api\/wp\/v2\/media\/176497"}],"wp:attachment":[{"href":"https:\/\/portaltela.pt\/api\/wp\/v2\/media?parent=176491"}],"wp:term":[{"taxonomy":"category","embeddable":true,"href":"https:\/\/portaltela.pt\/api\/wp\/v2\/categories?post=176491"},{"taxonomy":"post_tag","embeddable":true,"href":"https:\/\/portaltela.pt\/api\/wp\/v2\/tags?post=176491"}],"curies":[{"name":"wp","href":"https:\/\/api.w.org\/{rel}","templated":true}]}}