{"id":176477,"date":"2026-01-27T10:00:34","date_gmt":"2026-01-27T13:00:34","guid":{"rendered":"https:\/\/portaltela.pt\/noticias\/2026\/01\/27\/alfredo-leite-aponta-narrativa-falsa-sobre-enfermeiro-morto-pelo-ice-sem-arma\/"},"modified":"2026-01-27T10:00:34","modified_gmt":"2026-01-27T13:00:34","slug":"alfredo-leite-aponta-narrativa-falsa-sobre-enfermeiro-morto-pelo-ice-sem-arma","status":"publish","type":"post","link":"https:\/\/portaltela.pt\/noticias\/2026\/01\/27\/alfredo-leite-aponta-narrativa-falsa-sobre-enfermeiro-morto-pelo-ice-sem-arma\/","title":{"rendered":"Alfredo Leite aponta narrativa falsa sobre enfermeiro morto pelo ICE sem arma"},"content":{"rendered":"<p>O diretor-adjunto do Correio da Manh\u00e3, Alfredo Leite, analisa imagens que, segundo ele, comprovam que o enfermeiro Alex Pretti, de 37 anos, n\u00e3o empunhava arma no momento do incidente envolvendo o ICE. A reportagem concentra-se numa leitura distinta da narrativa divulgada pelas autoridades.<\/p>\n<p>Leite afirma que as imagens demonstram a aus\u00eancia de arma na m\u00e3o do profissional, questionando a vers\u00e3o apresentada pelo ICE. Segundo a leitura do jornalista, a sequ\u00eancia de fotos contradiz as alega\u00e7\u00f5es oficiais sobre o sucedido.<\/p>\n<p>A leitura de Leite aponta para uma poss\u00edvel diverg\u00eancia entre o que foi divulgado pelo ICE e o que aparece nas imagens. O Correio da Manh\u00e3, por meio do seu comentador, sustenta que a vers\u00e3o oficial pode n\u00e3o refletir fielmente os factos.<\/p>\n","protected":false},"excerpt":{"rendered":"<ul>\n<li>O diretor-adjunto do Correio da Manh\u00e3, Alfredo Leite, afirma que Alex Pretti, 37 anos, n\u00e3o tocou em arma alguma.<\/li>\n<li>Leite sustenta que o ICE mentiu sobre o uso de arma pelo enfermeiro.<\/li>\n<li>As imagens analisadas mostram o enfermeiro morto pelo ICE com a m\u00e3o vazia de arma.<\/li>\n<li>A mat\u00e9ria defesa a ideia de que h\u00e1 uma narrativa falsa sobre o incidente envolvendo o ICE.<\/li>\n<\/ul>\n","protected":false},"author":2,"featured_media":176483,"comment_status":"closed","ping_status":"closed","sticky":false,"template":"","format":"standard","meta":{"footnotes":""},"categories":[1],"tags":[147,1216,1345,712,506,195],"class_list":["post-176477","post","type-post","status-publish","format-standard","has-post-thumbnail","hentry","category-noticias","tag-crime","tag-falsa-comunicacao-de-crime","tag-homicidio","tag-imigracao","tag-imprensa","tag-informacao"],"yoast_head":"<!-- This site is optimized with the Yoast SEO plugin v27.2 - https:\/\/yoast.com\/product\/yoast-seo-wordpress\/ -->\n<title>Alfredo Leite aponta narrativa falsa sobre enfermeiro morto pelo ICE sem arma - Portal Tela Portugal<\/title>\n<meta name=\"robots\" content=\"index, follow, max-snippet:-1, max-image-preview:large, max-video-preview:-1\" \/>\n<meta property=\"og:locale\" content=\"pt_PT\" \/>\n<meta property=\"og:type\" content=\"article\" \/>\n<meta property=\"og:title\" content=\"Alfredo Leite aponta narrativa falsa sobre enfermeiro morto pelo ICE sem arma - Portal Tela Portugal\" \/>\n<meta property=\"og:description\" content=\"O diretor-adjunto do Correio da Manh\u00e3, Alfredo Leite, afirma que Alex Pretti, 37 anos, n\u00e3o tocou em arma alguma. Leite sustenta que o ICE mentiu sobre o uso de arma pelo enfermeiro. As imagens analisadas mostram o enfermeiro morto pelo ICE com a m\u00e3o vazia de arma. A mat\u00e9ria defesa a ideia de que h\u00e1 uma narrativa falsa sobre o incidente envolvendo o ICE.\" \/>\n<meta property=\"og:url\" content=\"https:\/\/portaltela.pt\/noticias\/2026\/01\/27\/alfredo-leite-aponta-narrativa-falsa-sobre-enfermeiro-morto-pelo-ice-sem-arma\/\" \/>\n<meta property=\"og:site_name\" content=\"Portal Tela Portugal\" \/>\n<meta property=\"article:published_time\" content=\"2026-01-27T13:00:34+00:00\" \/>\n<meta name=\"author\" content=\"Telinha\" \/>\n<meta name=\"twitter:card\" content=\"summary_large_image\" \/>\n<meta name=\"twitter:label1\" content=\"Escrito por\" \/>\n\t<meta name=\"twitter:data1\" content=\"Telinha\" \/>\n\t<meta name=\"twitter:label2\" content=\"Tempo estimado de leitura\" \/>\n\t<meta name=\"twitter:data2\" content=\"1 minuto\" \/>\n<script type=\"application\/ld+json\" class=\"yoast-schema-graph\">{\"@context\":\"https:\/\/schema.org\",\"@graph\":[{\"@type\":\"Article\",\"@id\":\"https:\/\/portaltela.pt\/noticias\/2026\/01\/27\/alfredo-leite-aponta-narrativa-falsa-sobre-enfermeiro-morto-pelo-ice-sem-arma\/#article\",\"isPartOf\":{\"@id\":\"https:\/\/portaltela.pt\/noticias\/2026\/01\/27\/alfredo-leite-aponta-narrativa-falsa-sobre-enfermeiro-morto-pelo-ice-sem-arma\/\"},\"author\":{\"name\":\"Telinha\",\"@id\":\"https:\/\/portaltela.pt\/#\/schema\/person\/c4278d4a6028830caff9ee44b42d32ed\"},\"headline\":\"Alfredo Leite aponta narrativa falsa sobre enfermeiro morto pelo ICE sem arma\",\"datePublished\":\"2026-01-27T13:00:34+00:00\",\"mainEntityOfPage\":{\"@id\":\"https:\/\/portaltela.pt\/noticias\/2026\/01\/27\/alfredo-leite-aponta-narrativa-falsa-sobre-enfermeiro-morto-pelo-ice-sem-arma\/\"},\"wordCount\":142,\"image\":{\"@id\":\"https:\/\/portaltela.pt\/noticias\/2026\/01\/27\/alfredo-leite-aponta-narrativa-falsa-sobre-enfermeiro-morto-pelo-ice-sem-arma\/#primaryimage\"},\"thumbnailUrl\":\"https:\/\/portaltela.pt\/s.01k8rhncp4jt1\/2026\/01\/img_1280x722uu2026-01-27-13-00-13-2262841.jpg\",\"keywords\":[\"crime\",\"falsa comunica\u00e7\u00e3o de crime\",\"homic\u00eddio\",\"imigra\u00e7\u00e3o\",\"imprensa\",\"informa\u00e7\u00e3o\"],\"articleSection\":[\"Not\u00edcias\"],\"inLanguage\":\"pt-PT\"},{\"@type\":\"WebPage\",\"@id\":\"https:\/\/portaltela.pt\/noticias\/2026\/01\/27\/alfredo-leite-aponta-narrativa-falsa-sobre-enfermeiro-morto-pelo-ice-sem-arma\/\",\"url\":\"https:\/\/portaltela.pt\/noticias\/2026\/01\/27\/alfredo-leite-aponta-narrativa-falsa-sobre-enfermeiro-morto-pelo-ice-sem-arma\/\",\"name\":\"Alfredo Leite aponta narrativa falsa sobre enfermeiro morto pelo ICE sem arma - Portal Tela Portugal\",\"isPartOf\":{\"@id\":\"https:\/\/portaltela.pt\/#website\"},\"primaryImageOfPage\":{\"@id\":\"https:\/\/portaltela.pt\/noticias\/2026\/01\/27\/alfredo-leite-aponta-narrativa-falsa-sobre-enfermeiro-morto-pelo-ice-sem-arma\/#primaryimage\"},\"image\":{\"@id\":\"https:\/\/portaltela.pt\/noticias\/2026\/01\/27\/alfredo-leite-aponta-narrativa-falsa-sobre-enfermeiro-morto-pelo-ice-sem-arma\/#primaryimage\"},\"thumbnailUrl\":\"https:\/\/portaltela.pt\/s.01k8rhncp4jt1\/2026\/01\/img_1280x722uu2026-01-27-13-00-13-2262841.jpg\",\"datePublished\":\"2026-01-27T13:00:34+00:00\",\"author\":{\"@id\":\"https:\/\/portaltela.pt\/#\/schema\/person\/c4278d4a6028830caff9ee44b42d32ed\"},\"breadcrumb\":{\"@id\":\"https:\/\/portaltela.pt\/noticias\/2026\/01\/27\/alfredo-leite-aponta-narrativa-falsa-sobre-enfermeiro-morto-pelo-ice-sem-arma\/#breadcrumb\"},\"inLanguage\":\"pt-PT\",\"potentialAction\":[{\"@type\":\"ReadAction\",\"target\":[\"https:\/\/portaltela.pt\/noticias\/2026\/01\/27\/alfredo-leite-aponta-narrativa-falsa-sobre-enfermeiro-morto-pelo-ice-sem-arma\/\"]}]},{\"@type\":\"ImageObject\",\"inLanguage\":\"pt-PT\",\"@id\":\"https:\/\/portaltela.pt\/noticias\/2026\/01\/27\/alfredo-leite-aponta-narrativa-falsa-sobre-enfermeiro-morto-pelo-ice-sem-arma\/#primaryimage\",\"url\":\"https:\/\/portaltela.pt\/s.01k8rhncp4jt1\/2026\/01\/img_1280x722uu2026-01-27-13-00-13-2262841.jpg\",\"contentUrl\":\"https:\/\/portaltela.pt\/s.01k8rhncp4jt1\/2026\/01\/img_1280x722uu2026-01-27-13-00-13-2262841.jpg\",\"width\":796,\"height\":448,\"caption\":\"Photo\"},{\"@type\":\"BreadcrumbList\",\"@id\":\"https:\/\/portaltela.pt\/noticias\/2026\/01\/27\/alfredo-leite-aponta-narrativa-falsa-sobre-enfermeiro-morto-pelo-ice-sem-arma\/#breadcrumb\",\"itemListElement\":[{\"@type\":\"ListItem\",\"position\":1,\"name\":\"In\u00edcio\",\"item\":\"https:\/\/portaltela.pt\/\"},{\"@type\":\"ListItem\",\"position\":2,\"name\":\"Alfredo Leite aponta narrativa falsa sobre enfermeiro morto pelo ICE sem arma\"}]},{\"@type\":\"WebSite\",\"@id\":\"https:\/\/portaltela.pt\/#website\",\"url\":\"https:\/\/portaltela.pt\/\",\"name\":\"Portal Tela Portugal\",\"description\":\"\",\"potentialAction\":[{\"@type\":\"SearchAction\",\"target\":{\"@type\":\"EntryPoint\",\"urlTemplate\":\"https:\/\/portaltela.pt\/?s={search_term_string}\"},\"query-input\":{\"@type\":\"PropertyValueSpecification\",\"valueRequired\":true,\"valueName\":\"search_term_string\"}}],\"inLanguage\":\"pt-PT\"},{\"@type\":\"Person\",\"@id\":\"https:\/\/portaltela.pt\/#\/schema\/person\/c4278d4a6028830caff9ee44b42d32ed\",\"name\":\"Telinha\",\"image\":{\"@type\":\"ImageObject\",\"inLanguage\":\"pt-PT\",\"@id\":\"https:\/\/portaltela.pt\/s.01k8rhncp4jt1\/2025\/11\/talking-bot-125x125.png\",\"url\":\"https:\/\/portaltela.pt\/s.01k8rhncp4jt1\/2025\/11\/talking-bot-125x125.png\",\"contentUrl\":\"https:\/\/portaltela.pt\/s.01k8rhncp4jt1\/2025\/11\/talking-bot-125x125.png\",\"caption\":\"Telinha\"},\"sameAs\":[\"https:\/\/portaltela.pt\/\"],\"url\":\"https:\/\/portaltela.pt\/por\/367410592786\/\"}]}<\/script>\n<!-- \/ Yoast SEO plugin. -->","yoast_head_json":{"title":"Alfredo Leite aponta narrativa falsa sobre enfermeiro morto pelo ICE sem arma - Portal Tela Portugal","robots":{"index":"index","follow":"follow","max-snippet":"max-snippet:-1","max-image-preview":"max-image-preview:large","max-video-preview":"max-video-preview:-1"},"og_locale":"pt_PT","og_type":"article","og_title":"Alfredo Leite aponta narrativa falsa sobre enfermeiro morto pelo ICE sem arma - Portal Tela Portugal","og_description":"O diretor-adjunto do Correio da Manh\u00e3, Alfredo Leite, afirma que Alex Pretti, 37 anos, n\u00e3o tocou em arma alguma. Leite sustenta que o ICE mentiu sobre o uso de arma pelo enfermeiro. As imagens analisadas mostram o enfermeiro morto pelo ICE com a m\u00e3o vazia de arma. A mat\u00e9ria defesa a ideia de que h\u00e1 uma narrativa falsa sobre o incidente envolvendo o ICE.","og_url":"https:\/\/portaltela.pt\/noticias\/2026\/01\/27\/alfredo-leite-aponta-narrativa-falsa-sobre-enfermeiro-morto-pelo-ice-sem-arma\/","og_site_name":"Portal Tela Portugal","article_published_time":"2026-01-27T13:00:34+00:00","author":"Telinha","twitter_card":"summary_large_image","twitter_misc":{"Escrito por":"Telinha","Tempo estimado de leitura":"1 minuto"},"schema":{"@context":"https:\/\/schema.org","@graph":[{"@type":"Article","@id":"https:\/\/portaltela.pt\/noticias\/2026\/01\/27\/alfredo-leite-aponta-narrativa-falsa-sobre-enfermeiro-morto-pelo-ice-sem-arma\/#article","isPartOf":{"@id":"https:\/\/portaltela.pt\/noticias\/2026\/01\/27\/alfredo-leite-aponta-narrativa-falsa-sobre-enfermeiro-morto-pelo-ice-sem-arma\/"},"author":{"name":"Telinha","@id":"https:\/\/portaltela.pt\/#\/schema\/person\/c4278d4a6028830caff9ee44b42d32ed"},"headline":"Alfredo Leite aponta narrativa falsa sobre enfermeiro morto pelo ICE sem arma","datePublished":"2026-01-27T13:00:34+00:00","mainEntityOfPage":{"@id":"https:\/\/portaltela.pt\/noticias\/2026\/01\/27\/alfredo-leite-aponta-narrativa-falsa-sobre-enfermeiro-morto-pelo-ice-sem-arma\/"},"wordCount":142,"image":{"@id":"https:\/\/portaltela.pt\/noticias\/2026\/01\/27\/alfredo-leite-aponta-narrativa-falsa-sobre-enfermeiro-morto-pelo-ice-sem-arma\/#primaryimage"},"thumbnailUrl":"https:\/\/portaltela.pt\/s.01k8rhncp4jt1\/2026\/01\/img_1280x722uu2026-01-27-13-00-13-2262841.jpg","keywords":["crime","falsa comunica\u00e7\u00e3o de crime","homic\u00eddio","imigra\u00e7\u00e3o","imprensa","informa\u00e7\u00e3o"],"articleSection":["Not\u00edcias"],"inLanguage":"pt-PT"},{"@type":"WebPage","@id":"https:\/\/portaltela.pt\/noticias\/2026\/01\/27\/alfredo-leite-aponta-narrativa-falsa-sobre-enfermeiro-morto-pelo-ice-sem-arma\/","url":"https:\/\/portaltela.pt\/noticias\/2026\/01\/27\/alfredo-leite-aponta-narrativa-falsa-sobre-enfermeiro-morto-pelo-ice-sem-arma\/","name":"Alfredo Leite aponta narrativa falsa sobre enfermeiro morto pelo ICE sem arma - Portal Tela Portugal","isPartOf":{"@id":"https:\/\/portaltela.pt\/#website"},"primaryImageOfPage":{"@id":"https:\/\/portaltela.pt\/noticias\/2026\/01\/27\/alfredo-leite-aponta-narrativa-falsa-sobre-enfermeiro-morto-pelo-ice-sem-arma\/#primaryimage"},"image":{"@id":"https:\/\/portaltela.pt\/noticias\/2026\/01\/27\/alfredo-leite-aponta-narrativa-falsa-sobre-enfermeiro-morto-pelo-ice-sem-arma\/#primaryimage"},"thumbnailUrl":"https:\/\/portaltela.pt\/s.01k8rhncp4jt1\/2026\/01\/img_1280x722uu2026-01-27-13-00-13-2262841.jpg","datePublished":"2026-01-27T13:00:34+00:00","author":{"@id":"https:\/\/portaltela.pt\/#\/schema\/person\/c4278d4a6028830caff9ee44b42d32ed"},"breadcrumb":{"@id":"https:\/\/portaltela.pt\/noticias\/2026\/01\/27\/alfredo-leite-aponta-narrativa-falsa-sobre-enfermeiro-morto-pelo-ice-sem-arma\/#breadcrumb"},"inLanguage":"pt-PT","potentialAction":[{"@type":"ReadAction","target":["https:\/\/portaltela.pt\/noticias\/2026\/01\/27\/alfredo-leite-aponta-narrativa-falsa-sobre-enfermeiro-morto-pelo-ice-sem-arma\/"]}]},{"@type":"ImageObject","inLanguage":"pt-PT","@id":"https:\/\/portaltela.pt\/noticias\/2026\/01\/27\/alfredo-leite-aponta-narrativa-falsa-sobre-enfermeiro-morto-pelo-ice-sem-arma\/#primaryimage","url":"https:\/\/portaltela.pt\/s.01k8rhncp4jt1\/2026\/01\/img_1280x722uu2026-01-27-13-00-13-2262841.jpg","contentUrl":"https:\/\/portaltela.pt\/s.01k8rhncp4jt1\/2026\/01\/img_1280x722uu2026-01-27-13-00-13-2262841.jpg","width":796,"height":448,"caption":"Photo"},{"@type":"BreadcrumbList","@id":"https:\/\/portaltela.pt\/noticias\/2026\/01\/27\/alfredo-leite-aponta-narrativa-falsa-sobre-enfermeiro-morto-pelo-ice-sem-arma\/#breadcrumb","itemListElement":[{"@type":"ListItem","position":1,"name":"In\u00edcio","item":"https:\/\/portaltela.pt\/"},{"@type":"ListItem","position":2,"name":"Alfredo Leite aponta narrativa falsa sobre enfermeiro morto pelo ICE sem arma"}]},{"@type":"WebSite","@id":"https:\/\/portaltela.pt\/#website","url":"https:\/\/portaltela.pt\/","name":"Portal Tela Portugal","description":"","potentialAction":[{"@type":"SearchAction","target":{"@type":"EntryPoint","urlTemplate":"https:\/\/portaltela.pt\/?s={search_term_string}"},"query-input":{"@type":"PropertyValueSpecification","valueRequired":true,"valueName":"search_term_string"}}],"inLanguage":"pt-PT"},{"@type":"Person","@id":"https:\/\/portaltela.pt\/#\/schema\/person\/c4278d4a6028830caff9ee44b42d32ed","name":"Telinha","image":{"@type":"ImageObject","inLanguage":"pt-PT","@id":"https:\/\/portaltela.pt\/s.01k8rhncp4jt1\/2025\/11\/talking-bot-125x125.png","url":"https:\/\/portaltela.pt\/s.01k8rhncp4jt1\/2025\/11\/talking-bot-125x125.png","contentUrl":"https:\/\/portaltela.pt\/s.01k8rhncp4jt1\/2025\/11\/talking-bot-125x125.png","caption":"Telinha"},"sameAs":["https:\/\/portaltela.pt\/"],"url":"https:\/\/portaltela.pt\/por\/367410592786\/"}]}},"_links":{"self":[{"href":"https:\/\/portaltela.pt\/api\/wp\/v2\/posts\/176477","targetHints":{"allow":["GET"]}}],"collection":[{"href":"https:\/\/portaltela.pt\/api\/wp\/v2\/posts"}],"about":[{"href":"https:\/\/portaltela.pt\/api\/wp\/v2\/types\/post"}],"author":[{"embeddable":true,"href":"https:\/\/portaltela.pt\/api\/wp\/v2\/users\/2"}],"replies":[{"embeddable":true,"href":"https:\/\/portaltela.pt\/api\/wp\/v2\/comments?post=176477"}],"version-history":[{"count":0,"href":"https:\/\/portaltela.pt\/api\/wp\/v2\/posts\/176477\/revisions"}],"wp:featuredmedia":[{"embeddable":true,"href":"https:\/\/portaltela.pt\/api\/wp\/v2\/media\/176483"}],"wp:attachment":[{"href":"https:\/\/portaltela.pt\/api\/wp\/v2\/media?parent=176477"}],"wp:term":[{"taxonomy":"category","embeddable":true,"href":"https:\/\/portaltela.pt\/api\/wp\/v2\/categories?post=176477"},{"taxonomy":"post_tag","embeddable":true,"href":"https:\/\/portaltela.pt\/api\/wp\/v2\/tags?post=176477"}],"curies":[{"name":"wp","href":"https:\/\/api.w.org\/{rel}","templated":true}]}}