{"id":176448,"date":"2026-01-27T09:40:00","date_gmt":"2026-01-27T12:40:00","guid":{"rendered":"https:\/\/portaltela.pt\/noticias\/2026\/01\/27\/ex-trabalhadores-da-central-de-sines-recebem-apoio-para-compensar-perda-salarial\/"},"modified":"2026-01-27T09:40:00","modified_gmt":"2026-01-27T12:40:00","slug":"ex-trabalhadores-da-central-de-sines-recebem-apoio-para-compensar-perda-salarial","status":"publish","type":"post","link":"https:\/\/portaltela.pt\/noticias\/2026\/01\/27\/ex-trabalhadores-da-central-de-sines-recebem-apoio-para-compensar-perda-salarial\/","title":{"rendered":"Ex-trabalhadores da Central de Sines recebem apoio para compensar perda salarial"},"content":{"rendered":"<p>Arrancou a 26 de janeiro o prazo para candidaturas ao Mecanismo de Compensa\u00e7\u00e3o para uma Transi\u00e7\u00e3o Justa, no \u00e2mbito do Plano Territorial do Alentejo Litoral, dirigido a antigos trabalhadores da Central Termoel\u00e9trica de Sines. A medida visa facilitar a reintegra\u00e7\u00e3o no mercado de trabalho orientado pela energia verde.<\/p>\n<p>O apoio \u00e9 um subs\u00eddio n\u00e3o reembols\u00e1vel criado para amortecer a mudan\u00e7a de carreira, compensando parcialmente a perda de rendimento quando o novo contrato tem remunera\u00e7\u00e3o l\u00edquida inferior \u00e0 que vigorava na central.<\/p>\n<p>Podem candidatar-se trabalhadores que exerceram fun\u00e7\u00f5es na central e foram despedidos pela extin\u00e7\u00e3o do posto, desde que j\u00e1 tenham celebrado um contrato a tempo inteiro com sal\u00e1rio menor. O processo \u00e9 digital e decorre at\u00e9 27 de mar\u00e7o de 2026. Para se candidatar, solicitam credenciais enviando um e-mail para ftj@ccdr-a.gov.pt, e depois devem preencher a candidatura no portal indicado pela CCDR Alentejo. A iniciativa \u00e9 cofinanciada pela Uni\u00e3o Europeia atrav\u00e9s do Programa Regional Alentejo 2030.<\/p>\n","protected":false},"excerpt":{"rendered":"<ul>\n<li>Arrancou a 26 de janeiro o prazo para candidaturas ao Mecanismo de Compensa\u00e7\u00e3o para uma Transi\u00e7\u00e3o Justa, no \u00e2mbito do Alentejo Litoral.<\/li>\n<li>Destina-se aos ex-trabalhadores da Central Termoel\u00e9trica de Sines afetados pelo encerramento, que passem a auferir remunera\u00e7\u00e3o inferior noutra fun\u00e7\u00e3o a tempo completo.<\/li>\n<li>O apoio \u00e9 um subs\u00eddio n\u00e3o reembols\u00e1vel para atenuar a perda de rendimento durante a transi\u00e7\u00e3o, cofinanciado pela Uni\u00e3o Europeia atrav\u00e9s do Programa Regional Alentejo 2030.<\/li>\n<li>As candidaturas s\u00e3o digitais e encerram a 27 de mar\u00e7o de 2026; interessados devem solicitar credenciais via e-mail para ftj@ccdr-a.gov.pt e depois submeter-se no portal indicado pela CCDR Alentejo.<\/li>\n<li>Para informa\u00e7\u00f5es sobre a documenta\u00e7\u00e3o necess\u00e1ria e o regulamento, consultar a p\u00e1gina oficial da CCDR Alentejo.<\/li>\n<\/ul>\n","protected":false},"author":2,"featured_media":176460,"comment_status":"closed","ping_status":"closed","sticky":false,"template":"","format":"standard","meta":{"footnotes":""},"categories":[1],"tags":[883,820,174,2729,1892,4417],"class_list":["post-176448","post","type-post","status-publish","format-standard","has-post-thumbnail","hentry","category-noticias","tag-alentejo","tag-desemprego","tag-energia","tag-energia-renovavel","tag-sines","tag-transicao-territorial"],"yoast_head":"<!-- This site is optimized with the Yoast SEO plugin v27.2 - https:\/\/yoast.com\/product\/yoast-seo-wordpress\/ -->\n<title>Ex-trabalhadores da Central de Sines recebem apoio para compensar perda salarial - Portal Tela Portugal<\/title>\n<meta name=\"robots\" content=\"index, follow, max-snippet:-1, max-image-preview:large, max-video-preview:-1\" \/>\n<meta property=\"og:locale\" content=\"pt_PT\" \/>\n<meta property=\"og:type\" content=\"article\" \/>\n<meta property=\"og:title\" content=\"Ex-trabalhadores da Central de Sines recebem apoio para compensar perda salarial - Portal Tela Portugal\" \/>\n<meta property=\"og:description\" content=\"Arrancou a 26 de janeiro o prazo para candidaturas ao Mecanismo de Compensa\u00e7\u00e3o para uma Transi\u00e7\u00e3o Justa, no \u00e2mbito do Alentejo Litoral. Destina-se aos ex-trabalhadores da Central Termoel\u00e9trica de Sines afetados pelo encerramento, que passem a auferir remunera\u00e7\u00e3o inferior noutra fun\u00e7\u00e3o a tempo completo. O apoio \u00e9 um subs\u00eddio n\u00e3o reembols\u00e1vel para atenuar a perda de rendimento durante a transi\u00e7\u00e3o, cofinanciado pela Uni\u00e3o Europeia atrav\u00e9s do Programa Regional Alentejo 2030. As candidaturas s\u00e3o digitais e encerram a 27 de mar\u00e7o de 2026; interessados devem solicitar credenciais via e-mail para ftj@ccdr-a.gov.pt e depois submeter-se no portal indicado pela CCDR Alentejo. Para informa\u00e7\u00f5es sobre a documenta\u00e7\u00e3o necess\u00e1ria e o regulamento, consultar a p\u00e1gina oficial da CCDR Alentejo.\" \/>\n<meta property=\"og:url\" content=\"https:\/\/portaltela.pt\/noticias\/2026\/01\/27\/ex-trabalhadores-da-central-de-sines-recebem-apoio-para-compensar-perda-salarial\/\" \/>\n<meta property=\"og:site_name\" content=\"Portal Tela Portugal\" \/>\n<meta property=\"article:published_time\" content=\"2026-01-27T12:40:00+00:00\" \/>\n<meta name=\"author\" content=\"Telinha\" \/>\n<meta name=\"twitter:card\" content=\"summary_large_image\" \/>\n<meta name=\"twitter:label1\" content=\"Escrito por\" \/>\n\t<meta name=\"twitter:data1\" content=\"Telinha\" \/>\n\t<meta name=\"twitter:label2\" content=\"Tempo estimado de leitura\" \/>\n\t<meta name=\"twitter:data2\" content=\"1 minuto\" \/>\n<script type=\"application\/ld+json\" class=\"yoast-schema-graph\">{\"@context\":\"https:\/\/schema.org\",\"@graph\":[{\"@type\":\"Article\",\"@id\":\"https:\/\/portaltela.pt\/noticias\/2026\/01\/27\/ex-trabalhadores-da-central-de-sines-recebem-apoio-para-compensar-perda-salarial\/#article\",\"isPartOf\":{\"@id\":\"https:\/\/portaltela.pt\/noticias\/2026\/01\/27\/ex-trabalhadores-da-central-de-sines-recebem-apoio-para-compensar-perda-salarial\/\"},\"author\":{\"name\":\"Telinha\",\"@id\":\"https:\/\/portaltela.pt\/#\/schema\/person\/c4278d4a6028830caff9ee44b42d32ed\"},\"headline\":\"Ex-trabalhadores da Central de Sines recebem apoio para compensar perda salarial\",\"datePublished\":\"2026-01-27T12:40:00+00:00\",\"mainEntityOfPage\":{\"@id\":\"https:\/\/portaltela.pt\/noticias\/2026\/01\/27\/ex-trabalhadores-da-central-de-sines-recebem-apoio-para-compensar-perda-salarial\/\"},\"wordCount\":178,\"image\":{\"@id\":\"https:\/\/portaltela.pt\/noticias\/2026\/01\/27\/ex-trabalhadores-da-central-de-sines-recebem-apoio-para-compensar-perda-salarial\/#primaryimage\"},\"thumbnailUrl\":\"https:\/\/portaltela.pt\/s.01k8rhncp4jt1\/2026\/01\/unnamed-file-5500.jpg\",\"keywords\":[\"Alentejo\",\"desemprego\",\"energia\",\"energia renov\u00e1vel\",\"Sines\",\"Transi\u00e7\u00e3o Territorial\"],\"articleSection\":[\"Not\u00edcias\"],\"inLanguage\":\"pt-PT\"},{\"@type\":\"WebPage\",\"@id\":\"https:\/\/portaltela.pt\/noticias\/2026\/01\/27\/ex-trabalhadores-da-central-de-sines-recebem-apoio-para-compensar-perda-salarial\/\",\"url\":\"https:\/\/portaltela.pt\/noticias\/2026\/01\/27\/ex-trabalhadores-da-central-de-sines-recebem-apoio-para-compensar-perda-salarial\/\",\"name\":\"Ex-trabalhadores da Central de Sines recebem apoio para compensar perda salarial - Portal Tela Portugal\",\"isPartOf\":{\"@id\":\"https:\/\/portaltela.pt\/#website\"},\"primaryImageOfPage\":{\"@id\":\"https:\/\/portaltela.pt\/noticias\/2026\/01\/27\/ex-trabalhadores-da-central-de-sines-recebem-apoio-para-compensar-perda-salarial\/#primaryimage\"},\"image\":{\"@id\":\"https:\/\/portaltela.pt\/noticias\/2026\/01\/27\/ex-trabalhadores-da-central-de-sines-recebem-apoio-para-compensar-perda-salarial\/#primaryimage\"},\"thumbnailUrl\":\"https:\/\/portaltela.pt\/s.01k8rhncp4jt1\/2026\/01\/unnamed-file-5500.jpg\",\"datePublished\":\"2026-01-27T12:40:00+00:00\",\"author\":{\"@id\":\"https:\/\/portaltela.pt\/#\/schema\/person\/c4278d4a6028830caff9ee44b42d32ed\"},\"breadcrumb\":{\"@id\":\"https:\/\/portaltela.pt\/noticias\/2026\/01\/27\/ex-trabalhadores-da-central-de-sines-recebem-apoio-para-compensar-perda-salarial\/#breadcrumb\"},\"inLanguage\":\"pt-PT\",\"potentialAction\":[{\"@type\":\"ReadAction\",\"target\":[\"https:\/\/portaltela.pt\/noticias\/2026\/01\/27\/ex-trabalhadores-da-central-de-sines-recebem-apoio-para-compensar-perda-salarial\/\"]}]},{\"@type\":\"ImageObject\",\"inLanguage\":\"pt-PT\",\"@id\":\"https:\/\/portaltela.pt\/noticias\/2026\/01\/27\/ex-trabalhadores-da-central-de-sines-recebem-apoio-para-compensar-perda-salarial\/#primaryimage\",\"url\":\"https:\/\/portaltela.pt\/s.01k8rhncp4jt1\/2026\/01\/unnamed-file-5500.jpg\",\"contentUrl\":\"https:\/\/portaltela.pt\/s.01k8rhncp4jt1\/2026\/01\/unnamed-file-5500.jpg\",\"width\":796,\"height\":448,\"caption\":\"Alentejo Litoral: Ex-trabalhadores da Central de Sines com apoio para compensar perda de sal\u00e1rio\"},{\"@type\":\"BreadcrumbList\",\"@id\":\"https:\/\/portaltela.pt\/noticias\/2026\/01\/27\/ex-trabalhadores-da-central-de-sines-recebem-apoio-para-compensar-perda-salarial\/#breadcrumb\",\"itemListElement\":[{\"@type\":\"ListItem\",\"position\":1,\"name\":\"In\u00edcio\",\"item\":\"https:\/\/portaltela.pt\/\"},{\"@type\":\"ListItem\",\"position\":2,\"name\":\"Ex-trabalhadores da Central de Sines recebem apoio para compensar perda salarial\"}]},{\"@type\":\"WebSite\",\"@id\":\"https:\/\/portaltela.pt\/#website\",\"url\":\"https:\/\/portaltela.pt\/\",\"name\":\"Portal Tela Portugal\",\"description\":\"\",\"potentialAction\":[{\"@type\":\"SearchAction\",\"target\":{\"@type\":\"EntryPoint\",\"urlTemplate\":\"https:\/\/portaltela.pt\/?s={search_term_string}\"},\"query-input\":{\"@type\":\"PropertyValueSpecification\",\"valueRequired\":true,\"valueName\":\"search_term_string\"}}],\"inLanguage\":\"pt-PT\"},{\"@type\":\"Person\",\"@id\":\"https:\/\/portaltela.pt\/#\/schema\/person\/c4278d4a6028830caff9ee44b42d32ed\",\"name\":\"Telinha\",\"image\":{\"@type\":\"ImageObject\",\"inLanguage\":\"pt-PT\",\"@id\":\"https:\/\/portaltela.pt\/s.01k8rhncp4jt1\/2025\/11\/talking-bot-125x125.png\",\"url\":\"https:\/\/portaltela.pt\/s.01k8rhncp4jt1\/2025\/11\/talking-bot-125x125.png\",\"contentUrl\":\"https:\/\/portaltela.pt\/s.01k8rhncp4jt1\/2025\/11\/talking-bot-125x125.png\",\"caption\":\"Telinha\"},\"sameAs\":[\"https:\/\/portaltela.pt\/\"],\"url\":\"https:\/\/portaltela.pt\/por\/367410592786\/\"}]}<\/script>\n<!-- \/ Yoast SEO plugin. -->","yoast_head_json":{"title":"Ex-trabalhadores da Central de Sines recebem apoio para compensar perda salarial - Portal Tela Portugal","robots":{"index":"index","follow":"follow","max-snippet":"max-snippet:-1","max-image-preview":"max-image-preview:large","max-video-preview":"max-video-preview:-1"},"og_locale":"pt_PT","og_type":"article","og_title":"Ex-trabalhadores da Central de Sines recebem apoio para compensar perda salarial - Portal Tela Portugal","og_description":"Arrancou a 26 de janeiro o prazo para candidaturas ao Mecanismo de Compensa\u00e7\u00e3o para uma Transi\u00e7\u00e3o Justa, no \u00e2mbito do Alentejo Litoral. Destina-se aos ex-trabalhadores da Central Termoel\u00e9trica de Sines afetados pelo encerramento, que passem a auferir remunera\u00e7\u00e3o inferior noutra fun\u00e7\u00e3o a tempo completo. O apoio \u00e9 um subs\u00eddio n\u00e3o reembols\u00e1vel para atenuar a perda de rendimento durante a transi\u00e7\u00e3o, cofinanciado pela Uni\u00e3o Europeia atrav\u00e9s do Programa Regional Alentejo 2030. As candidaturas s\u00e3o digitais e encerram a 27 de mar\u00e7o de 2026; interessados devem solicitar credenciais via e-mail para ftj@ccdr-a.gov.pt e depois submeter-se no portal indicado pela CCDR Alentejo. Para informa\u00e7\u00f5es sobre a documenta\u00e7\u00e3o necess\u00e1ria e o regulamento, consultar a p\u00e1gina oficial da CCDR Alentejo.","og_url":"https:\/\/portaltela.pt\/noticias\/2026\/01\/27\/ex-trabalhadores-da-central-de-sines-recebem-apoio-para-compensar-perda-salarial\/","og_site_name":"Portal Tela Portugal","article_published_time":"2026-01-27T12:40:00+00:00","author":"Telinha","twitter_card":"summary_large_image","twitter_misc":{"Escrito por":"Telinha","Tempo estimado de leitura":"1 minuto"},"schema":{"@context":"https:\/\/schema.org","@graph":[{"@type":"Article","@id":"https:\/\/portaltela.pt\/noticias\/2026\/01\/27\/ex-trabalhadores-da-central-de-sines-recebem-apoio-para-compensar-perda-salarial\/#article","isPartOf":{"@id":"https:\/\/portaltela.pt\/noticias\/2026\/01\/27\/ex-trabalhadores-da-central-de-sines-recebem-apoio-para-compensar-perda-salarial\/"},"author":{"name":"Telinha","@id":"https:\/\/portaltela.pt\/#\/schema\/person\/c4278d4a6028830caff9ee44b42d32ed"},"headline":"Ex-trabalhadores da Central de Sines recebem apoio para compensar perda salarial","datePublished":"2026-01-27T12:40:00+00:00","mainEntityOfPage":{"@id":"https:\/\/portaltela.pt\/noticias\/2026\/01\/27\/ex-trabalhadores-da-central-de-sines-recebem-apoio-para-compensar-perda-salarial\/"},"wordCount":178,"image":{"@id":"https:\/\/portaltela.pt\/noticias\/2026\/01\/27\/ex-trabalhadores-da-central-de-sines-recebem-apoio-para-compensar-perda-salarial\/#primaryimage"},"thumbnailUrl":"https:\/\/portaltela.pt\/s.01k8rhncp4jt1\/2026\/01\/unnamed-file-5500.jpg","keywords":["Alentejo","desemprego","energia","energia renov\u00e1vel","Sines","Transi\u00e7\u00e3o Territorial"],"articleSection":["Not\u00edcias"],"inLanguage":"pt-PT"},{"@type":"WebPage","@id":"https:\/\/portaltela.pt\/noticias\/2026\/01\/27\/ex-trabalhadores-da-central-de-sines-recebem-apoio-para-compensar-perda-salarial\/","url":"https:\/\/portaltela.pt\/noticias\/2026\/01\/27\/ex-trabalhadores-da-central-de-sines-recebem-apoio-para-compensar-perda-salarial\/","name":"Ex-trabalhadores da Central de Sines recebem apoio para compensar perda salarial - Portal Tela Portugal","isPartOf":{"@id":"https:\/\/portaltela.pt\/#website"},"primaryImageOfPage":{"@id":"https:\/\/portaltela.pt\/noticias\/2026\/01\/27\/ex-trabalhadores-da-central-de-sines-recebem-apoio-para-compensar-perda-salarial\/#primaryimage"},"image":{"@id":"https:\/\/portaltela.pt\/noticias\/2026\/01\/27\/ex-trabalhadores-da-central-de-sines-recebem-apoio-para-compensar-perda-salarial\/#primaryimage"},"thumbnailUrl":"https:\/\/portaltela.pt\/s.01k8rhncp4jt1\/2026\/01\/unnamed-file-5500.jpg","datePublished":"2026-01-27T12:40:00+00:00","author":{"@id":"https:\/\/portaltela.pt\/#\/schema\/person\/c4278d4a6028830caff9ee44b42d32ed"},"breadcrumb":{"@id":"https:\/\/portaltela.pt\/noticias\/2026\/01\/27\/ex-trabalhadores-da-central-de-sines-recebem-apoio-para-compensar-perda-salarial\/#breadcrumb"},"inLanguage":"pt-PT","potentialAction":[{"@type":"ReadAction","target":["https:\/\/portaltela.pt\/noticias\/2026\/01\/27\/ex-trabalhadores-da-central-de-sines-recebem-apoio-para-compensar-perda-salarial\/"]}]},{"@type":"ImageObject","inLanguage":"pt-PT","@id":"https:\/\/portaltela.pt\/noticias\/2026\/01\/27\/ex-trabalhadores-da-central-de-sines-recebem-apoio-para-compensar-perda-salarial\/#primaryimage","url":"https:\/\/portaltela.pt\/s.01k8rhncp4jt1\/2026\/01\/unnamed-file-5500.jpg","contentUrl":"https:\/\/portaltela.pt\/s.01k8rhncp4jt1\/2026\/01\/unnamed-file-5500.jpg","width":796,"height":448,"caption":"Alentejo Litoral: Ex-trabalhadores da Central de Sines com apoio para compensar perda de sal\u00e1rio"},{"@type":"BreadcrumbList","@id":"https:\/\/portaltela.pt\/noticias\/2026\/01\/27\/ex-trabalhadores-da-central-de-sines-recebem-apoio-para-compensar-perda-salarial\/#breadcrumb","itemListElement":[{"@type":"ListItem","position":1,"name":"In\u00edcio","item":"https:\/\/portaltela.pt\/"},{"@type":"ListItem","position":2,"name":"Ex-trabalhadores da Central de Sines recebem apoio para compensar perda salarial"}]},{"@type":"WebSite","@id":"https:\/\/portaltela.pt\/#website","url":"https:\/\/portaltela.pt\/","name":"Portal Tela Portugal","description":"","potentialAction":[{"@type":"SearchAction","target":{"@type":"EntryPoint","urlTemplate":"https:\/\/portaltela.pt\/?s={search_term_string}"},"query-input":{"@type":"PropertyValueSpecification","valueRequired":true,"valueName":"search_term_string"}}],"inLanguage":"pt-PT"},{"@type":"Person","@id":"https:\/\/portaltela.pt\/#\/schema\/person\/c4278d4a6028830caff9ee44b42d32ed","name":"Telinha","image":{"@type":"ImageObject","inLanguage":"pt-PT","@id":"https:\/\/portaltela.pt\/s.01k8rhncp4jt1\/2025\/11\/talking-bot-125x125.png","url":"https:\/\/portaltela.pt\/s.01k8rhncp4jt1\/2025\/11\/talking-bot-125x125.png","contentUrl":"https:\/\/portaltela.pt\/s.01k8rhncp4jt1\/2025\/11\/talking-bot-125x125.png","caption":"Telinha"},"sameAs":["https:\/\/portaltela.pt\/"],"url":"https:\/\/portaltela.pt\/por\/367410592786\/"}]}},"_links":{"self":[{"href":"https:\/\/portaltela.pt\/api\/wp\/v2\/posts\/176448","targetHints":{"allow":["GET"]}}],"collection":[{"href":"https:\/\/portaltela.pt\/api\/wp\/v2\/posts"}],"about":[{"href":"https:\/\/portaltela.pt\/api\/wp\/v2\/types\/post"}],"author":[{"embeddable":true,"href":"https:\/\/portaltela.pt\/api\/wp\/v2\/users\/2"}],"replies":[{"embeddable":true,"href":"https:\/\/portaltela.pt\/api\/wp\/v2\/comments?post=176448"}],"version-history":[{"count":0,"href":"https:\/\/portaltela.pt\/api\/wp\/v2\/posts\/176448\/revisions"}],"wp:featuredmedia":[{"embeddable":true,"href":"https:\/\/portaltela.pt\/api\/wp\/v2\/media\/176460"}],"wp:attachment":[{"href":"https:\/\/portaltela.pt\/api\/wp\/v2\/media?parent=176448"}],"wp:term":[{"taxonomy":"category","embeddable":true,"href":"https:\/\/portaltela.pt\/api\/wp\/v2\/categories?post=176448"},{"taxonomy":"post_tag","embeddable":true,"href":"https:\/\/portaltela.pt\/api\/wp\/v2\/tags?post=176448"}],"curies":[{"name":"wp","href":"https:\/\/api.w.org\/{rel}","templated":true}]}}