{"id":176423,"date":"2026-01-27T09:30:00","date_gmt":"2026-01-27T12:30:00","guid":{"rendered":"https:\/\/portaltela.pt\/noticias\/2026\/01\/27\/funcionarios-publicos-detidos-por-desvio-de-ajuda-as-vitimas\/"},"modified":"2026-01-27T09:30:00","modified_gmt":"2026-01-27T12:30:00","slug":"funcionarios-publicos-detidos-por-desvio-de-ajuda-as-vitimas","status":"publish","type":"post","link":"https:\/\/portaltela.pt\/noticias\/2026\/01\/27\/funcionarios-publicos-detidos-por-desvio-de-ajuda-as-vitimas\/","title":{"rendered":"Funcion\u00e1rios p\u00fablicos detidos por desvio de ajuda \u00e0s v\u00edtimas"},"content":{"rendered":"<p>A pol\u00edcia mo\u00e7ambique deteve seis funcion\u00e1rios do servi\u00e7o distrital de planeamento e infraestruturas de Mecula, na prov\u00edncia de Niassa, por desviar bens destinados \u00e0s v\u00edtimas das inunda\u00e7\u00f5es. O apuro come\u00e7ou com o desvio de produtos alimentares no dia 23 de janeiro, que foram encontrados e apreendidos no dia seguinte.<\/p>\n<p>As deten\u00e7\u00f5es surgiram ap\u00f3s uma opera\u00e7\u00e3o conjunta da Pol\u00edcia da Rep\u00fablica de Mo\u00e7ambique (PRM), do Servi\u00e7o de Informa\u00e7\u00f5es e Seguran\u00e7a do Estado (SISE) e do Servi\u00e7o Nacional de Investiga\u00e7\u00e3o Criminal (Sernic). A investiga\u00e7\u00e3o confirmou que os alimentos eram destinados a pessoas afetadas por calamidades naturais.<\/p>\n<p>Os indiciados confessaram a pr\u00e1tica, alegando que um chefe da institui\u00e7\u00e3o autorizou o desvio para benef\u00edcio pr\u00f3prio. A pol\u00edcia sublinha que os produtos eram destinados a v\u00edtimas, n\u00e3o a funcion\u00e1rios, tornando o epis\u00f3dio crime de apropria\u00e7\u00e3o de recursos.<\/p>\n<p>Entre os itens desviados est\u00e3o farinha de milho, a\u00e7\u00facar, \u00f3leo e manteiga. S\u00e3o ainda em curso dilig\u00eancias para apurar se existiram outros envolvidos no crime. Autoridades apelam \u00e0 responsabilidade de funcion\u00e1rios p\u00fablicos para evitar desvios de bens destinados \u00e0 popula\u00e7\u00e3o carenciada.<\/p>\n<p>Contexto das cheias em Mo\u00e7ambique<\/p>\n<p>Quase 105 mil pessoas permanecem em centros de abrigo devido \u00e0s cheias. A situa\u00e7\u00e3o afeta quase 700 mil cidad\u00e3os em 20 dias, segundo o INGD. Dados at\u00e9 \u00e0s 16h00 de segunda-feira indicam 691.527 pessoas afetadas, 151.963 fam\u00edlias, e 12 mortos.<\/p>\n<p>O relat\u00f3rio do INGD registra 3.447 casas parcialmente destru\u00eddas e 771 totalmente destru\u00eddas, com 154.797 inundadas. Existem ainda 45 feridos, 4 desaparecidos e 105 centros de acomoda\u00e7\u00e3o ativos, com mais de 103 mil pessoas hospedadas.<\/p>\n<p>A \u00e9poca de chuvas, desde outubro, tem causado danos ao setor agr\u00edcola, com 287.013 hectares afetados. O n\u00famero de agricultores impactados chega a 215.949 e j\u00e1 foram registradas perdas significativas de gado.<\/p>\n","protected":false},"excerpt":{"rendered":"<ul>\n<li>Seis funcion\u00e1rios do servi\u00e7o distrital de planeamento e infraestruturas de Mecula, Niassa, foram detidos por desviar produtos destinados \u00e0s v\u00edtimas das inunda\u00e7\u00f5es.<\/li>\n<li>A deten\u00e7\u00e3o ocorreu ap\u00f3s o desvio ter acontecido a 23 de janeiro; os investigadores cooperaram entre a Pol\u00edcia da Rep\u00fablica de Mo\u00e7ambique (PRM), o Servi\u00e7o de Informa\u00e7\u00f5es e Seguran\u00e7a do Estado (SISE) e o Servi\u00e7o Nacional de Investiga\u00e7\u00e3o Criminal (Sernic).<\/li>\n<li>Os indiciados confessaram, alegando que um dos chefes da institui\u00e7\u00e3o os autorizou a levar os produtos para benef\u00edcio pr\u00f3prio, o que configura crime porque os itens eram destinados a pessoas carenciadas.<\/li>\n<li>Entre os artigos desviados constavam farinha de milho, a\u00e7\u00facar, \u00f3leo e manteiga, com dilig\u00eancias em curso para apurar outras pessoas envolvidas.<\/li>\n<li>Os dados do Instituto Nacional de Gest\u00e3o e Redu\u00e7\u00e3o do Risco de Desastres (INGD) mostram quase 105 mil pessoas em centros de abrigo e quase 700 mil afetadas pelas cheias em Mo\u00e7ambique, com dezenas de milhar de casas inundadas e 12 mortos.<\/li>\n<\/ul>\n","protected":false},"author":2,"featured_media":176429,"comment_status":"closed","ping_status":"closed","sticky":false,"template":"","format":"standard","meta":{"footnotes":""},"categories":[1],"tags":[3701,2293,1911,2232,40,554],"class_list":["post-176423","post","type-post","status-publish","format-standard","has-post-thumbnail","hentry","category-noticias","tag-cheias","tag-inundacoes","tag-mocambique","tag-niassa","tag-pessoas","tag-policia-publica"],"yoast_head":"<!-- This site is optimized with the Yoast SEO plugin v27.2 - https:\/\/yoast.com\/product\/yoast-seo-wordpress\/ -->\n<title>Funcion\u00e1rios p\u00fablicos detidos por desvio de ajuda \u00e0s v\u00edtimas - Portal Tela Portugal<\/title>\n<meta name=\"robots\" content=\"index, follow, max-snippet:-1, max-image-preview:large, max-video-preview:-1\" \/>\n<meta property=\"og:locale\" content=\"pt_PT\" \/>\n<meta property=\"og:type\" content=\"article\" \/>\n<meta property=\"og:title\" content=\"Funcion\u00e1rios p\u00fablicos detidos por desvio de ajuda \u00e0s v\u00edtimas - Portal Tela Portugal\" \/>\n<meta property=\"og:description\" content=\"Seis funcion\u00e1rios do servi\u00e7o distrital de planeamento e infraestruturas de Mecula, Niassa, foram detidos por desviar produtos destinados \u00e0s v\u00edtimas das inunda\u00e7\u00f5es. A deten\u00e7\u00e3o ocorreu ap\u00f3s o desvio ter acontecido a 23 de janeiro; os investigadores cooperaram entre a Pol\u00edcia da Rep\u00fablica de Mo\u00e7ambique (PRM), o Servi\u00e7o de Informa\u00e7\u00f5es e Seguran\u00e7a do Estado (SISE) e o Servi\u00e7o Nacional de Investiga\u00e7\u00e3o Criminal (Sernic). Os indiciados confessaram, alegando que um dos chefes da institui\u00e7\u00e3o os autorizou a levar os produtos para benef\u00edcio pr\u00f3prio, o que configura crime porque os itens eram destinados a pessoas carenciadas. Entre os artigos desviados constavam farinha de milho, a\u00e7\u00facar, \u00f3leo e manteiga, com dilig\u00eancias em curso para apurar outras pessoas envolvidas. Os dados do Instituto Nacional de Gest\u00e3o e Redu\u00e7\u00e3o do Risco de Desastres (INGD) mostram quase 105 mil pessoas em centros de abrigo e quase 700 mil afetadas pelas cheias em Mo\u00e7ambique, com dezenas de milhar de casas inundadas e 12 mortos.\" \/>\n<meta property=\"og:url\" content=\"https:\/\/portaltela.pt\/noticias\/2026\/01\/27\/funcionarios-publicos-detidos-por-desvio-de-ajuda-as-vitimas\/\" \/>\n<meta property=\"og:site_name\" content=\"Portal Tela Portugal\" \/>\n<meta property=\"article:published_time\" content=\"2026-01-27T12:30:00+00:00\" \/>\n<meta name=\"author\" content=\"Telinha\" \/>\n<meta name=\"twitter:card\" content=\"summary_large_image\" \/>\n<meta name=\"twitter:label1\" content=\"Escrito por\" \/>\n\t<meta name=\"twitter:data1\" content=\"Telinha\" \/>\n\t<meta name=\"twitter:label2\" content=\"Tempo estimado de leitura\" \/>\n\t<meta name=\"twitter:data2\" content=\"2 minutos\" \/>\n<script type=\"application\/ld+json\" class=\"yoast-schema-graph\">{\"@context\":\"https:\/\/schema.org\",\"@graph\":[{\"@type\":\"Article\",\"@id\":\"https:\/\/portaltela.pt\/noticias\/2026\/01\/27\/funcionarios-publicos-detidos-por-desvio-de-ajuda-as-vitimas\/#article\",\"isPartOf\":{\"@id\":\"https:\/\/portaltela.pt\/noticias\/2026\/01\/27\/funcionarios-publicos-detidos-por-desvio-de-ajuda-as-vitimas\/\"},\"author\":{\"name\":\"Telinha\",\"@id\":\"https:\/\/portaltela.pt\/#\/schema\/person\/c4278d4a6028830caff9ee44b42d32ed\"},\"headline\":\"Funcion\u00e1rios p\u00fablicos detidos por desvio de ajuda \u00e0s v\u00edtimas\",\"datePublished\":\"2026-01-27T12:30:00+00:00\",\"mainEntityOfPage\":{\"@id\":\"https:\/\/portaltela.pt\/noticias\/2026\/01\/27\/funcionarios-publicos-detidos-por-desvio-de-ajuda-as-vitimas\/\"},\"wordCount\":326,\"image\":{\"@id\":\"https:\/\/portaltela.pt\/noticias\/2026\/01\/27\/funcionarios-publicos-detidos-por-desvio-de-ajuda-as-vitimas\/#primaryimage\"},\"thumbnailUrl\":\"https:\/\/portaltela.pt\/s.01k8rhncp4jt1\/2026\/01\/seguro_outline_cor-169.jpg\",\"keywords\":[\"cheias\",\"inunda\u00e7\u00f5es\",\"Mo\u00e7ambique\",\"Niassa\",\"pessoas\",\"pol\u00edcia p\u00fablica\"],\"articleSection\":[\"Not\u00edcias\"],\"inLanguage\":\"pt-PT\"},{\"@type\":\"WebPage\",\"@id\":\"https:\/\/portaltela.pt\/noticias\/2026\/01\/27\/funcionarios-publicos-detidos-por-desvio-de-ajuda-as-vitimas\/\",\"url\":\"https:\/\/portaltela.pt\/noticias\/2026\/01\/27\/funcionarios-publicos-detidos-por-desvio-de-ajuda-as-vitimas\/\",\"name\":\"Funcion\u00e1rios p\u00fablicos detidos por desvio de ajuda \u00e0s v\u00edtimas - Portal Tela Portugal\",\"isPartOf\":{\"@id\":\"https:\/\/portaltela.pt\/#website\"},\"primaryImageOfPage\":{\"@id\":\"https:\/\/portaltela.pt\/noticias\/2026\/01\/27\/funcionarios-publicos-detidos-por-desvio-de-ajuda-as-vitimas\/#primaryimage\"},\"image\":{\"@id\":\"https:\/\/portaltela.pt\/noticias\/2026\/01\/27\/funcionarios-publicos-detidos-por-desvio-de-ajuda-as-vitimas\/#primaryimage\"},\"thumbnailUrl\":\"https:\/\/portaltela.pt\/s.01k8rhncp4jt1\/2026\/01\/seguro_outline_cor-169.jpg\",\"datePublished\":\"2026-01-27T12:30:00+00:00\",\"author\":{\"@id\":\"https:\/\/portaltela.pt\/#\/schema\/person\/c4278d4a6028830caff9ee44b42d32ed\"},\"breadcrumb\":{\"@id\":\"https:\/\/portaltela.pt\/noticias\/2026\/01\/27\/funcionarios-publicos-detidos-por-desvio-de-ajuda-as-vitimas\/#breadcrumb\"},\"inLanguage\":\"pt-PT\",\"potentialAction\":[{\"@type\":\"ReadAction\",\"target\":[\"https:\/\/portaltela.pt\/noticias\/2026\/01\/27\/funcionarios-publicos-detidos-por-desvio-de-ajuda-as-vitimas\/\"]}]},{\"@type\":\"ImageObject\",\"inLanguage\":\"pt-PT\",\"@id\":\"https:\/\/portaltela.pt\/noticias\/2026\/01\/27\/funcionarios-publicos-detidos-por-desvio-de-ajuda-as-vitimas\/#primaryimage\",\"url\":\"https:\/\/portaltela.pt\/s.01k8rhncp4jt1\/2026\/01\/seguro_outline_cor-169.jpg\",\"contentUrl\":\"https:\/\/portaltela.pt\/s.01k8rhncp4jt1\/2026\/01\/seguro_outline_cor-169.jpg\",\"width\":796,\"height\":448,\"caption\":\"Photo\"},{\"@type\":\"BreadcrumbList\",\"@id\":\"https:\/\/portaltela.pt\/noticias\/2026\/01\/27\/funcionarios-publicos-detidos-por-desvio-de-ajuda-as-vitimas\/#breadcrumb\",\"itemListElement\":[{\"@type\":\"ListItem\",\"position\":1,\"name\":\"In\u00edcio\",\"item\":\"https:\/\/portaltela.pt\/\"},{\"@type\":\"ListItem\",\"position\":2,\"name\":\"Funcion\u00e1rios p\u00fablicos detidos por desvio de ajuda \u00e0s v\u00edtimas\"}]},{\"@type\":\"WebSite\",\"@id\":\"https:\/\/portaltela.pt\/#website\",\"url\":\"https:\/\/portaltela.pt\/\",\"name\":\"Portal Tela Portugal\",\"description\":\"\",\"potentialAction\":[{\"@type\":\"SearchAction\",\"target\":{\"@type\":\"EntryPoint\",\"urlTemplate\":\"https:\/\/portaltela.pt\/?s={search_term_string}\"},\"query-input\":{\"@type\":\"PropertyValueSpecification\",\"valueRequired\":true,\"valueName\":\"search_term_string\"}}],\"inLanguage\":\"pt-PT\"},{\"@type\":\"Person\",\"@id\":\"https:\/\/portaltela.pt\/#\/schema\/person\/c4278d4a6028830caff9ee44b42d32ed\",\"name\":\"Telinha\",\"image\":{\"@type\":\"ImageObject\",\"inLanguage\":\"pt-PT\",\"@id\":\"https:\/\/portaltela.pt\/s.01k8rhncp4jt1\/2025\/11\/talking-bot-125x125.png\",\"url\":\"https:\/\/portaltela.pt\/s.01k8rhncp4jt1\/2025\/11\/talking-bot-125x125.png\",\"contentUrl\":\"https:\/\/portaltela.pt\/s.01k8rhncp4jt1\/2025\/11\/talking-bot-125x125.png\",\"caption\":\"Telinha\"},\"sameAs\":[\"https:\/\/portaltela.pt\/\"],\"url\":\"https:\/\/portaltela.pt\/por\/367410592786\/\"}]}<\/script>\n<!-- \/ Yoast SEO plugin. -->","yoast_head_json":{"title":"Funcion\u00e1rios p\u00fablicos detidos por desvio de ajuda \u00e0s v\u00edtimas - Portal Tela Portugal","robots":{"index":"index","follow":"follow","max-snippet":"max-snippet:-1","max-image-preview":"max-image-preview:large","max-video-preview":"max-video-preview:-1"},"og_locale":"pt_PT","og_type":"article","og_title":"Funcion\u00e1rios p\u00fablicos detidos por desvio de ajuda \u00e0s v\u00edtimas - Portal Tela Portugal","og_description":"Seis funcion\u00e1rios do servi\u00e7o distrital de planeamento e infraestruturas de Mecula, Niassa, foram detidos por desviar produtos destinados \u00e0s v\u00edtimas das inunda\u00e7\u00f5es. A deten\u00e7\u00e3o ocorreu ap\u00f3s o desvio ter acontecido a 23 de janeiro; os investigadores cooperaram entre a Pol\u00edcia da Rep\u00fablica de Mo\u00e7ambique (PRM), o Servi\u00e7o de Informa\u00e7\u00f5es e Seguran\u00e7a do Estado (SISE) e o Servi\u00e7o Nacional de Investiga\u00e7\u00e3o Criminal (Sernic). Os indiciados confessaram, alegando que um dos chefes da institui\u00e7\u00e3o os autorizou a levar os produtos para benef\u00edcio pr\u00f3prio, o que configura crime porque os itens eram destinados a pessoas carenciadas. Entre os artigos desviados constavam farinha de milho, a\u00e7\u00facar, \u00f3leo e manteiga, com dilig\u00eancias em curso para apurar outras pessoas envolvidas. Os dados do Instituto Nacional de Gest\u00e3o e Redu\u00e7\u00e3o do Risco de Desastres (INGD) mostram quase 105 mil pessoas em centros de abrigo e quase 700 mil afetadas pelas cheias em Mo\u00e7ambique, com dezenas de milhar de casas inundadas e 12 mortos.","og_url":"https:\/\/portaltela.pt\/noticias\/2026\/01\/27\/funcionarios-publicos-detidos-por-desvio-de-ajuda-as-vitimas\/","og_site_name":"Portal Tela Portugal","article_published_time":"2026-01-27T12:30:00+00:00","author":"Telinha","twitter_card":"summary_large_image","twitter_misc":{"Escrito por":"Telinha","Tempo estimado de leitura":"2 minutos"},"schema":{"@context":"https:\/\/schema.org","@graph":[{"@type":"Article","@id":"https:\/\/portaltela.pt\/noticias\/2026\/01\/27\/funcionarios-publicos-detidos-por-desvio-de-ajuda-as-vitimas\/#article","isPartOf":{"@id":"https:\/\/portaltela.pt\/noticias\/2026\/01\/27\/funcionarios-publicos-detidos-por-desvio-de-ajuda-as-vitimas\/"},"author":{"name":"Telinha","@id":"https:\/\/portaltela.pt\/#\/schema\/person\/c4278d4a6028830caff9ee44b42d32ed"},"headline":"Funcion\u00e1rios p\u00fablicos detidos por desvio de ajuda \u00e0s v\u00edtimas","datePublished":"2026-01-27T12:30:00+00:00","mainEntityOfPage":{"@id":"https:\/\/portaltela.pt\/noticias\/2026\/01\/27\/funcionarios-publicos-detidos-por-desvio-de-ajuda-as-vitimas\/"},"wordCount":326,"image":{"@id":"https:\/\/portaltela.pt\/noticias\/2026\/01\/27\/funcionarios-publicos-detidos-por-desvio-de-ajuda-as-vitimas\/#primaryimage"},"thumbnailUrl":"https:\/\/portaltela.pt\/s.01k8rhncp4jt1\/2026\/01\/seguro_outline_cor-169.jpg","keywords":["cheias","inunda\u00e7\u00f5es","Mo\u00e7ambique","Niassa","pessoas","pol\u00edcia p\u00fablica"],"articleSection":["Not\u00edcias"],"inLanguage":"pt-PT"},{"@type":"WebPage","@id":"https:\/\/portaltela.pt\/noticias\/2026\/01\/27\/funcionarios-publicos-detidos-por-desvio-de-ajuda-as-vitimas\/","url":"https:\/\/portaltela.pt\/noticias\/2026\/01\/27\/funcionarios-publicos-detidos-por-desvio-de-ajuda-as-vitimas\/","name":"Funcion\u00e1rios p\u00fablicos detidos por desvio de ajuda \u00e0s v\u00edtimas - Portal Tela Portugal","isPartOf":{"@id":"https:\/\/portaltela.pt\/#website"},"primaryImageOfPage":{"@id":"https:\/\/portaltela.pt\/noticias\/2026\/01\/27\/funcionarios-publicos-detidos-por-desvio-de-ajuda-as-vitimas\/#primaryimage"},"image":{"@id":"https:\/\/portaltela.pt\/noticias\/2026\/01\/27\/funcionarios-publicos-detidos-por-desvio-de-ajuda-as-vitimas\/#primaryimage"},"thumbnailUrl":"https:\/\/portaltela.pt\/s.01k8rhncp4jt1\/2026\/01\/seguro_outline_cor-169.jpg","datePublished":"2026-01-27T12:30:00+00:00","author":{"@id":"https:\/\/portaltela.pt\/#\/schema\/person\/c4278d4a6028830caff9ee44b42d32ed"},"breadcrumb":{"@id":"https:\/\/portaltela.pt\/noticias\/2026\/01\/27\/funcionarios-publicos-detidos-por-desvio-de-ajuda-as-vitimas\/#breadcrumb"},"inLanguage":"pt-PT","potentialAction":[{"@type":"ReadAction","target":["https:\/\/portaltela.pt\/noticias\/2026\/01\/27\/funcionarios-publicos-detidos-por-desvio-de-ajuda-as-vitimas\/"]}]},{"@type":"ImageObject","inLanguage":"pt-PT","@id":"https:\/\/portaltela.pt\/noticias\/2026\/01\/27\/funcionarios-publicos-detidos-por-desvio-de-ajuda-as-vitimas\/#primaryimage","url":"https:\/\/portaltela.pt\/s.01k8rhncp4jt1\/2026\/01\/seguro_outline_cor-169.jpg","contentUrl":"https:\/\/portaltela.pt\/s.01k8rhncp4jt1\/2026\/01\/seguro_outline_cor-169.jpg","width":796,"height":448,"caption":"Photo"},{"@type":"BreadcrumbList","@id":"https:\/\/portaltela.pt\/noticias\/2026\/01\/27\/funcionarios-publicos-detidos-por-desvio-de-ajuda-as-vitimas\/#breadcrumb","itemListElement":[{"@type":"ListItem","position":1,"name":"In\u00edcio","item":"https:\/\/portaltela.pt\/"},{"@type":"ListItem","position":2,"name":"Funcion\u00e1rios p\u00fablicos detidos por desvio de ajuda \u00e0s v\u00edtimas"}]},{"@type":"WebSite","@id":"https:\/\/portaltela.pt\/#website","url":"https:\/\/portaltela.pt\/","name":"Portal Tela Portugal","description":"","potentialAction":[{"@type":"SearchAction","target":{"@type":"EntryPoint","urlTemplate":"https:\/\/portaltela.pt\/?s={search_term_string}"},"query-input":{"@type":"PropertyValueSpecification","valueRequired":true,"valueName":"search_term_string"}}],"inLanguage":"pt-PT"},{"@type":"Person","@id":"https:\/\/portaltela.pt\/#\/schema\/person\/c4278d4a6028830caff9ee44b42d32ed","name":"Telinha","image":{"@type":"ImageObject","inLanguage":"pt-PT","@id":"https:\/\/portaltela.pt\/s.01k8rhncp4jt1\/2025\/11\/talking-bot-125x125.png","url":"https:\/\/portaltela.pt\/s.01k8rhncp4jt1\/2025\/11\/talking-bot-125x125.png","contentUrl":"https:\/\/portaltela.pt\/s.01k8rhncp4jt1\/2025\/11\/talking-bot-125x125.png","caption":"Telinha"},"sameAs":["https:\/\/portaltela.pt\/"],"url":"https:\/\/portaltela.pt\/por\/367410592786\/"}]}},"_links":{"self":[{"href":"https:\/\/portaltela.pt\/api\/wp\/v2\/posts\/176423","targetHints":{"allow":["GET"]}}],"collection":[{"href":"https:\/\/portaltela.pt\/api\/wp\/v2\/posts"}],"about":[{"href":"https:\/\/portaltela.pt\/api\/wp\/v2\/types\/post"}],"author":[{"embeddable":true,"href":"https:\/\/portaltela.pt\/api\/wp\/v2\/users\/2"}],"replies":[{"embeddable":true,"href":"https:\/\/portaltela.pt\/api\/wp\/v2\/comments?post=176423"}],"version-history":[{"count":0,"href":"https:\/\/portaltela.pt\/api\/wp\/v2\/posts\/176423\/revisions"}],"wp:featuredmedia":[{"embeddable":true,"href":"https:\/\/portaltela.pt\/api\/wp\/v2\/media\/176429"}],"wp:attachment":[{"href":"https:\/\/portaltela.pt\/api\/wp\/v2\/media?parent=176423"}],"wp:term":[{"taxonomy":"category","embeddable":true,"href":"https:\/\/portaltela.pt\/api\/wp\/v2\/categories?post=176423"},{"taxonomy":"post_tag","embeddable":true,"href":"https:\/\/portaltela.pt\/api\/wp\/v2\/tags?post=176423"}],"curies":[{"name":"wp","href":"https:\/\/api.w.org\/{rel}","templated":true}]}}