{"id":176407,"date":"2026-01-27T09:31:00","date_gmt":"2026-01-27T12:31:00","guid":{"rendered":"https:\/\/portaltela.pt\/noticias\/2026\/01\/27\/svitolina-avanca-as-meias-do-open-da-australia\/"},"modified":"2026-01-27T10:00:34","modified_gmt":"2026-01-27T13:00:34","slug":"svitolina-avanca-as-meias-do-open-da-australia","status":"publish","type":"post","link":"https:\/\/portaltela.pt\/desporto\/2026\/01\/27\/svitolina-avanca-as-meias-do-open-da-australia\/","title":{"rendered":"Svitolina avan\u00e7a \u00e0s meias do Open da Austr\u00e1lia"},"content":{"rendered":"<p>Elina Svitolina avan\u00e7ou \u00e0s meias-finais do Open da Austr\u00e1lia ao derrotar Coco Gauff nos quartos de final, em Melbourne. A ucraniana venceu em 59 minutos, com 6-1 e 6-2, consolidando a melhor posi\u00e7\u00e3o de sempre em Melbourne Park para esta ronda.<\/p>\n<p>Gauff, 3.\u00aa do mundo, teve uma entrada dominante de Svitolina, que dominou o set inicial e deixou a advers\u00e1ria sem resposta no segundo, assegurando o triunfo e o passaporte para as meias-finais pela primeira vez em Melbourne.<\/p>\n<p>A ucraniana encontra agora Aryna Sabalenka, 1.\u00aa do ranking, nas meias-finais. Sabalenka afastou Iva Jovic, 27.\u00aa, por 6-3 e 6-0, num desfecho amplo que definiu o choque de onde as duas v\u00e3o disputar o acesso \u00e0 final. A meia-final est\u00e1 marcada para Melbourne.<\/p>\n","protected":false},"excerpt":{"rendered":"<ul>\n<li>Elina Svitolina derrotou Coco Gauff nos quartos de final do Open da Austr\u00e1lia, com 6-1 e 6-2, em 59 minutos.<\/li>\n<li>A jogadora ucraniana, 12.\u00aa do mundo, qualificou-se pela primeira vez para as meias-finais em Melbourne Park e pela quarta nos torneios do Grand Slam.<\/li>\n<li>Nas meias-finais, Svitolina vai enfrentar Aryna Sabalenka, l\u00edder do ranking mundial.<\/li>\n<li>Sabalenka afastou a norte-americana Iva Jovic, por 6-3 e 6-0, para chegar \u00e0s rondas finais.<\/li>\n<\/ul>\n","protected":false},"author":2,"featured_media":176433,"comment_status":"closed","ping_status":"closed","sticky":false,"template":"","format":"standard","meta":{"footnotes":""},"categories":[21],"tags":[4449,1602,152,3988,94],"class_list":["post-176407","post","type-post","status-publish","format-standard","has-post-thumbnail","hentry","category-desporto","tag-aryna-sabalenka","tag-australia","tag-desporto","tag-gauff","tag-tenis"],"yoast_head":"<!-- This site is optimized with the Yoast SEO plugin v27.2 - https:\/\/yoast.com\/product\/yoast-seo-wordpress\/ -->\n<title>Svitolina avan\u00e7a \u00e0s meias do Open da Austr\u00e1lia - Portal Tela Portugal<\/title>\n<meta name=\"robots\" content=\"index, follow, max-snippet:-1, max-image-preview:large, max-video-preview:-1\" \/>\n<meta property=\"og:locale\" content=\"pt_PT\" \/>\n<meta property=\"og:type\" content=\"article\" \/>\n<meta property=\"og:title\" content=\"Svitolina avan\u00e7a \u00e0s meias do Open da Austr\u00e1lia - Portal Tela Portugal\" \/>\n<meta property=\"og:description\" content=\"Elina Svitolina derrotou Coco Gauff nos quartos de final do Open da Austr\u00e1lia, com 6-1 e 6-2, em 59 minutos. A jogadora ucraniana, 12.\u00aa do mundo, qualificou-se pela primeira vez para as meias-finais em Melbourne Park e pela quarta nos torneios do Grand Slam. Nas meias-finais, Svitolina vai enfrentar Aryna Sabalenka, l\u00edder do ranking mundial. Sabalenka afastou a norte-americana Iva Jovic, por 6-3 e 6-0, para chegar \u00e0s rondas finais.\" \/>\n<meta property=\"og:url\" content=\"https:\/\/portaltela.pt\/outros-esportes\/2026\/01\/27\/svitolina-avanca-as-meias-do-open-da-australia\/\" \/>\n<meta property=\"og:site_name\" content=\"Portal Tela Portugal\" \/>\n<meta property=\"article:published_time\" content=\"2026-01-27T12:31:00+00:00\" \/>\n<meta property=\"article:modified_time\" content=\"2026-01-27T13:00:34+00:00\" \/>\n<meta property=\"og:image\" content=\"https:\/\/portaltela.pt\/s.01k8rhncp4jt1\/2026\/01\/5baa5a6aa38f09d258f710af49e8d7f2.webp\" \/>\n\t<meta property=\"og:image:width\" content=\"860\" \/>\n\t<meta property=\"og:image:height\" content=\"471\" \/>\n\t<meta property=\"og:image:type\" content=\"image\/webp\" \/>\n<meta name=\"author\" content=\"Telinha\" \/>\n<meta name=\"twitter:card\" content=\"summary_large_image\" \/>\n<meta name=\"twitter:label1\" content=\"Escrito por\" \/>\n\t<meta name=\"twitter:data1\" content=\"Telinha\" \/>\n\t<meta name=\"twitter:label2\" content=\"Tempo estimado de leitura\" \/>\n\t<meta name=\"twitter:data2\" content=\"1 minuto\" \/>\n<script type=\"application\/ld+json\" class=\"yoast-schema-graph\">{\"@context\":\"https:\/\/schema.org\",\"@graph\":[{\"@type\":\"Article\",\"@id\":\"https:\/\/portaltela.pt\/outros-esportes\/2026\/01\/27\/svitolina-avanca-as-meias-do-open-da-australia\/#article\",\"isPartOf\":{\"@id\":\"https:\/\/portaltela.pt\/outros-esportes\/2026\/01\/27\/svitolina-avanca-as-meias-do-open-da-australia\/\"},\"author\":{\"name\":\"Telinha\",\"@id\":\"https:\/\/portaltela.pt\/#\/schema\/person\/c4278d4a6028830caff9ee44b42d32ed\"},\"headline\":\"Svitolina avan\u00e7a \u00e0s meias do Open da Austr\u00e1lia\",\"datePublished\":\"2026-01-27T12:31:00+00:00\",\"dateModified\":\"2026-01-27T13:00:34+00:00\",\"mainEntityOfPage\":{\"@id\":\"https:\/\/portaltela.pt\/outros-esportes\/2026\/01\/27\/svitolina-avanca-as-meias-do-open-da-australia\/\"},\"wordCount\":131,\"image\":{\"@id\":\"https:\/\/portaltela.pt\/outros-esportes\/2026\/01\/27\/svitolina-avanca-as-meias-do-open-da-australia\/#primaryimage\"},\"thumbnailUrl\":\"https:\/\/portaltela.pt\/s.01k8rhncp4jt1\/2026\/01\/5baa5a6aa38f09d258f710af49e8d7f2.webp\",\"keywords\":[\"Aryna Sabalenka\",\"Austr\u00e1lia\",\"desporto\",\"Gauff\",\"t\u00eanis\"],\"articleSection\":[\"Desporto\"],\"inLanguage\":\"pt-PT\"},{\"@type\":\"WebPage\",\"@id\":\"https:\/\/portaltela.pt\/outros-esportes\/2026\/01\/27\/svitolina-avanca-as-meias-do-open-da-australia\/\",\"url\":\"https:\/\/portaltela.pt\/outros-esportes\/2026\/01\/27\/svitolina-avanca-as-meias-do-open-da-australia\/\",\"name\":\"Svitolina avan\u00e7a \u00e0s meias do Open da Austr\u00e1lia - Portal Tela Portugal\",\"isPartOf\":{\"@id\":\"https:\/\/portaltela.pt\/#website\"},\"primaryImageOfPage\":{\"@id\":\"https:\/\/portaltela.pt\/outros-esportes\/2026\/01\/27\/svitolina-avanca-as-meias-do-open-da-australia\/#primaryimage\"},\"image\":{\"@id\":\"https:\/\/portaltela.pt\/outros-esportes\/2026\/01\/27\/svitolina-avanca-as-meias-do-open-da-australia\/#primaryimage\"},\"thumbnailUrl\":\"https:\/\/portaltela.pt\/s.01k8rhncp4jt1\/2026\/01\/5baa5a6aa38f09d258f710af49e8d7f2.webp\",\"datePublished\":\"2026-01-27T12:31:00+00:00\",\"dateModified\":\"2026-01-27T13:00:34+00:00\",\"author\":{\"@id\":\"https:\/\/portaltela.pt\/#\/schema\/person\/c4278d4a6028830caff9ee44b42d32ed\"},\"breadcrumb\":{\"@id\":\"https:\/\/portaltela.pt\/outros-esportes\/2026\/01\/27\/svitolina-avanca-as-meias-do-open-da-australia\/#breadcrumb\"},\"inLanguage\":\"pt-PT\",\"potentialAction\":[{\"@type\":\"ReadAction\",\"target\":[\"https:\/\/portaltela.pt\/outros-esportes\/2026\/01\/27\/svitolina-avanca-as-meias-do-open-da-australia\/\"]}]},{\"@type\":\"ImageObject\",\"inLanguage\":\"pt-PT\",\"@id\":\"https:\/\/portaltela.pt\/outros-esportes\/2026\/01\/27\/svitolina-avanca-as-meias-do-open-da-australia\/#primaryimage\",\"url\":\"https:\/\/portaltela.pt\/s.01k8rhncp4jt1\/2026\/01\/5baa5a6aa38f09d258f710af49e8d7f2.webp\",\"contentUrl\":\"https:\/\/portaltela.pt\/s.01k8rhncp4jt1\/2026\/01\/5baa5a6aa38f09d258f710af49e8d7f2.webp\",\"width\":860,\"height\":471},{\"@type\":\"BreadcrumbList\",\"@id\":\"https:\/\/portaltela.pt\/outros-esportes\/2026\/01\/27\/svitolina-avanca-as-meias-do-open-da-australia\/#breadcrumb\",\"itemListElement\":[{\"@type\":\"ListItem\",\"position\":1,\"name\":\"In\u00edcio\",\"item\":\"https:\/\/portaltela.pt\/\"},{\"@type\":\"ListItem\",\"position\":2,\"name\":\"Svitolina avan\u00e7a \u00e0s meias do Open da Austr\u00e1lia\"}]},{\"@type\":\"WebSite\",\"@id\":\"https:\/\/portaltela.pt\/#website\",\"url\":\"https:\/\/portaltela.pt\/\",\"name\":\"Portal Tela Portugal\",\"description\":\"\",\"potentialAction\":[{\"@type\":\"SearchAction\",\"target\":{\"@type\":\"EntryPoint\",\"urlTemplate\":\"https:\/\/portaltela.pt\/?s={search_term_string}\"},\"query-input\":{\"@type\":\"PropertyValueSpecification\",\"valueRequired\":true,\"valueName\":\"search_term_string\"}}],\"inLanguage\":\"pt-PT\"},{\"@type\":\"Person\",\"@id\":\"https:\/\/portaltela.pt\/#\/schema\/person\/c4278d4a6028830caff9ee44b42d32ed\",\"name\":\"Telinha\",\"image\":{\"@type\":\"ImageObject\",\"inLanguage\":\"pt-PT\",\"@id\":\"https:\/\/portaltela.pt\/s.01k8rhncp4jt1\/2025\/11\/talking-bot-125x125.png\",\"url\":\"https:\/\/portaltela.pt\/s.01k8rhncp4jt1\/2025\/11\/talking-bot-125x125.png\",\"contentUrl\":\"https:\/\/portaltela.pt\/s.01k8rhncp4jt1\/2025\/11\/talking-bot-125x125.png\",\"caption\":\"Telinha\"},\"sameAs\":[\"https:\/\/portaltela.pt\/\"],\"url\":\"https:\/\/portaltela.pt\/por\/367410592786\/\"}]}<\/script>\n<!-- \/ Yoast SEO plugin. -->","yoast_head_json":{"title":"Svitolina avan\u00e7a \u00e0s meias do Open da Austr\u00e1lia - Portal Tela Portugal","robots":{"index":"index","follow":"follow","max-snippet":"max-snippet:-1","max-image-preview":"max-image-preview:large","max-video-preview":"max-video-preview:-1"},"og_locale":"pt_PT","og_type":"article","og_title":"Svitolina avan\u00e7a \u00e0s meias do Open da Austr\u00e1lia - Portal Tela Portugal","og_description":"Elina Svitolina derrotou Coco Gauff nos quartos de final do Open da Austr\u00e1lia, com 6-1 e 6-2, em 59 minutos. A jogadora ucraniana, 12.\u00aa do mundo, qualificou-se pela primeira vez para as meias-finais em Melbourne Park e pela quarta nos torneios do Grand Slam. Nas meias-finais, Svitolina vai enfrentar Aryna Sabalenka, l\u00edder do ranking mundial. Sabalenka afastou a norte-americana Iva Jovic, por 6-3 e 6-0, para chegar \u00e0s rondas finais.","og_url":"https:\/\/portaltela.pt\/outros-esportes\/2026\/01\/27\/svitolina-avanca-as-meias-do-open-da-australia\/","og_site_name":"Portal Tela Portugal","article_published_time":"2026-01-27T12:31:00+00:00","article_modified_time":"2026-01-27T13:00:34+00:00","og_image":[{"width":860,"height":471,"url":"https:\/\/portaltela.pt\/s.01k8rhncp4jt1\/2026\/01\/5baa5a6aa38f09d258f710af49e8d7f2.webp","type":"image\/webp"}],"author":"Telinha","twitter_card":"summary_large_image","twitter_misc":{"Escrito por":"Telinha","Tempo estimado de leitura":"1 minuto"},"schema":{"@context":"https:\/\/schema.org","@graph":[{"@type":"Article","@id":"https:\/\/portaltela.pt\/outros-esportes\/2026\/01\/27\/svitolina-avanca-as-meias-do-open-da-australia\/#article","isPartOf":{"@id":"https:\/\/portaltela.pt\/outros-esportes\/2026\/01\/27\/svitolina-avanca-as-meias-do-open-da-australia\/"},"author":{"name":"Telinha","@id":"https:\/\/portaltela.pt\/#\/schema\/person\/c4278d4a6028830caff9ee44b42d32ed"},"headline":"Svitolina avan\u00e7a \u00e0s meias do Open da Austr\u00e1lia","datePublished":"2026-01-27T12:31:00+00:00","dateModified":"2026-01-27T13:00:34+00:00","mainEntityOfPage":{"@id":"https:\/\/portaltela.pt\/outros-esportes\/2026\/01\/27\/svitolina-avanca-as-meias-do-open-da-australia\/"},"wordCount":131,"image":{"@id":"https:\/\/portaltela.pt\/outros-esportes\/2026\/01\/27\/svitolina-avanca-as-meias-do-open-da-australia\/#primaryimage"},"thumbnailUrl":"https:\/\/portaltela.pt\/s.01k8rhncp4jt1\/2026\/01\/5baa5a6aa38f09d258f710af49e8d7f2.webp","keywords":["Aryna Sabalenka","Austr\u00e1lia","desporto","Gauff","t\u00eanis"],"articleSection":["Desporto"],"inLanguage":"pt-PT"},{"@type":"WebPage","@id":"https:\/\/portaltela.pt\/outros-esportes\/2026\/01\/27\/svitolina-avanca-as-meias-do-open-da-australia\/","url":"https:\/\/portaltela.pt\/outros-esportes\/2026\/01\/27\/svitolina-avanca-as-meias-do-open-da-australia\/","name":"Svitolina avan\u00e7a \u00e0s meias do Open da Austr\u00e1lia - Portal Tela Portugal","isPartOf":{"@id":"https:\/\/portaltela.pt\/#website"},"primaryImageOfPage":{"@id":"https:\/\/portaltela.pt\/outros-esportes\/2026\/01\/27\/svitolina-avanca-as-meias-do-open-da-australia\/#primaryimage"},"image":{"@id":"https:\/\/portaltela.pt\/outros-esportes\/2026\/01\/27\/svitolina-avanca-as-meias-do-open-da-australia\/#primaryimage"},"thumbnailUrl":"https:\/\/portaltela.pt\/s.01k8rhncp4jt1\/2026\/01\/5baa5a6aa38f09d258f710af49e8d7f2.webp","datePublished":"2026-01-27T12:31:00+00:00","dateModified":"2026-01-27T13:00:34+00:00","author":{"@id":"https:\/\/portaltela.pt\/#\/schema\/person\/c4278d4a6028830caff9ee44b42d32ed"},"breadcrumb":{"@id":"https:\/\/portaltela.pt\/outros-esportes\/2026\/01\/27\/svitolina-avanca-as-meias-do-open-da-australia\/#breadcrumb"},"inLanguage":"pt-PT","potentialAction":[{"@type":"ReadAction","target":["https:\/\/portaltela.pt\/outros-esportes\/2026\/01\/27\/svitolina-avanca-as-meias-do-open-da-australia\/"]}]},{"@type":"ImageObject","inLanguage":"pt-PT","@id":"https:\/\/portaltela.pt\/outros-esportes\/2026\/01\/27\/svitolina-avanca-as-meias-do-open-da-australia\/#primaryimage","url":"https:\/\/portaltela.pt\/s.01k8rhncp4jt1\/2026\/01\/5baa5a6aa38f09d258f710af49e8d7f2.webp","contentUrl":"https:\/\/portaltela.pt\/s.01k8rhncp4jt1\/2026\/01\/5baa5a6aa38f09d258f710af49e8d7f2.webp","width":860,"height":471},{"@type":"BreadcrumbList","@id":"https:\/\/portaltela.pt\/outros-esportes\/2026\/01\/27\/svitolina-avanca-as-meias-do-open-da-australia\/#breadcrumb","itemListElement":[{"@type":"ListItem","position":1,"name":"In\u00edcio","item":"https:\/\/portaltela.pt\/"},{"@type":"ListItem","position":2,"name":"Svitolina avan\u00e7a \u00e0s meias do Open da Austr\u00e1lia"}]},{"@type":"WebSite","@id":"https:\/\/portaltela.pt\/#website","url":"https:\/\/portaltela.pt\/","name":"Portal Tela Portugal","description":"","potentialAction":[{"@type":"SearchAction","target":{"@type":"EntryPoint","urlTemplate":"https:\/\/portaltela.pt\/?s={search_term_string}"},"query-input":{"@type":"PropertyValueSpecification","valueRequired":true,"valueName":"search_term_string"}}],"inLanguage":"pt-PT"},{"@type":"Person","@id":"https:\/\/portaltela.pt\/#\/schema\/person\/c4278d4a6028830caff9ee44b42d32ed","name":"Telinha","image":{"@type":"ImageObject","inLanguage":"pt-PT","@id":"https:\/\/portaltela.pt\/s.01k8rhncp4jt1\/2025\/11\/talking-bot-125x125.png","url":"https:\/\/portaltela.pt\/s.01k8rhncp4jt1\/2025\/11\/talking-bot-125x125.png","contentUrl":"https:\/\/portaltela.pt\/s.01k8rhncp4jt1\/2025\/11\/talking-bot-125x125.png","caption":"Telinha"},"sameAs":["https:\/\/portaltela.pt\/"],"url":"https:\/\/portaltela.pt\/por\/367410592786\/"}]}},"_links":{"self":[{"href":"https:\/\/portaltela.pt\/api\/wp\/v2\/posts\/176407","targetHints":{"allow":["GET"]}}],"collection":[{"href":"https:\/\/portaltela.pt\/api\/wp\/v2\/posts"}],"about":[{"href":"https:\/\/portaltela.pt\/api\/wp\/v2\/types\/post"}],"author":[{"embeddable":true,"href":"https:\/\/portaltela.pt\/api\/wp\/v2\/users\/2"}],"replies":[{"embeddable":true,"href":"https:\/\/portaltela.pt\/api\/wp\/v2\/comments?post=176407"}],"version-history":[{"count":0,"href":"https:\/\/portaltela.pt\/api\/wp\/v2\/posts\/176407\/revisions"}],"wp:featuredmedia":[{"embeddable":true,"href":"https:\/\/portaltela.pt\/api\/wp\/v2\/media\/176433"}],"wp:attachment":[{"href":"https:\/\/portaltela.pt\/api\/wp\/v2\/media?parent=176407"}],"wp:term":[{"taxonomy":"category","embeddable":true,"href":"https:\/\/portaltela.pt\/api\/wp\/v2\/categories?post=176407"},{"taxonomy":"post_tag","embeddable":true,"href":"https:\/\/portaltela.pt\/api\/wp\/v2\/tags?post=176407"}],"curies":[{"name":"wp","href":"https:\/\/api.w.org\/{rel}","templated":true}]}}