{"id":176384,"date":"2026-01-27T09:26:00","date_gmt":"2026-01-27T12:26:00","guid":{"rendered":"https:\/\/portaltela.pt\/noticias\/2026\/01\/27\/itamar-vieira-junior-e-o-convidado-do-encontro-de-leituras-de-fevereiro\/"},"modified":"2026-01-27T09:26:00","modified_gmt":"2026-01-27T12:26:00","slug":"itamar-vieira-junior-e-o-convidado-do-encontro-de-leituras-de-fevereiro","status":"publish","type":"post","link":"https:\/\/portaltela.pt\/noticias\/2026\/01\/27\/itamar-vieira-junior-e-o-convidado-do-encontro-de-leituras-de-fevereiro\/","title":{"rendered":"Itamar Vieira Junior \u00e9 o convidado do Encontro de Leituras de Fevereiro"},"content":{"rendered":"<p>Itamar Vieira Junior \u00e9 o convidado do Encontro de Leituras de Fevereiro. O escritor brasileiro participa do clube de leitura do P\u00daBLICO e da Quatro Cinco Um a 10 de Fevereiro, via Zoom, para falar sobre o romance Cora\u00e7\u00e3o sem Medo. O evento ocorre em Lisboa e tem como mote a Trilogia da Terra.<\/p>\n<p>O romance Cora\u00e7\u00e3o sem Medo foi publicado em 2025 pela Todavia, no Brasil, e chega a Portugal pela Dom Quixote no in\u00edcio de 2026. A hist\u00f3ria segue Rita Preta, uma m\u00e3e solteira dos sub\u00farbios de Salvador, \u00e0 procura do filho desaparecido, numa cidade marcada pela viol\u00eancia e pela dificuldade de ascens\u00e3o social.<\/p>\n<p>Itamar Vieira Junior tornou-se um nome de refer\u00eancia com Torto Arado, vencedor do Pr\u00e9mio LeYa 2018 e finalista de pr\u00e9mios internacionais como Booker International e Dublin Literary Award. O autor baiano j\u00e1 conquistou Saltos de reconhecimento, pr\u00eamios Oceanos e Jabuti, bem como uma forte leitura da realidade brasileira.<\/p>\n<h3>Sobre o romance<\/h3>\n<p>Cora\u00e7\u00e3o sem Medo \u00e9 descrito pela cr\u00edtica como a conclus\u00e3o da Trilogia da Terra, que come\u00e7ou com Torto Arado. A narrativa acompanha a m\u00e3e que, diante do desaparecimento do filho, questiona estruturas de poder, fam\u00edlia e resist\u00eancia em meio a uma sociedade desigual.<\/p>\n<p>A personagem Rita Preta, descendente de Donana, demonstra a for\u00e7a das m\u00e3es de periferia na luta pela justi\u00e7a. O livro situa-se no Brasil de hoje, com refer\u00eancias a conflitos hist\u00f3ricos e \u00e0 persist\u00eancia de viola\u00e7\u00f5es de direitos.<\/p>\n<h3>Sobre o encontro<\/h3>\n<p>O Encontro de Leituras \u00e9 promovido pelo Leituras do P\u00daBLICO e pela Quatro Cinco Um. A sess\u00e3o acontece no dia 10 de Fevereiro, \u00e0s 22h em Lisboa e 19h em Bras\u00edlia, via Zoom. A participa\u00e7\u00e3o \u00e9 aberta ao p\u00fablico, com ID e senha p\u00fablicos para acesso. O evento tamb\u00e9m \u00e9 disponibilizado posteriormente em formato de podcast.<\/p>\n","protected":false},"excerpt":{"rendered":"<ul>\n<li>O escritor Itamar Vieira Junior \u00e9 o convidado do Encontro de Leituras de Fevereiro do P\u00daBLICO e da Quatro Cinco Um, no dia 10 de Fevereiro via Zoom.<\/li>\n<li>O tema ser\u00e1 o seu novo romance, Cora\u00e7\u00e3o sem Medo, que encerra a Trilogia da Terra e foi publicado no Brasil pela Todavia em 2025 e, em Portugal, pela Dom Quixote.<\/li>\n<li>A trama acompanha Rita Preta, m\u00e3e solteira de Salvador, que parte \u00e0 procura do filho desaparecido ap\u00f3s uma discuss\u00e3o com o mais velho, Cid.<\/li>\n<li>A sess\u00e3o acontece \u00e0s 22h em Lisboa (19h em Bras\u00edlia) e pode ser acedida com a ID 842 8191 4937 e a senha 835758.<\/li>\n<li>O evento \u00e9 apresentado por Isabel Coutinho e Paulo Werneck, com os melhores momentos depois disponibilizados no podcast Encontro de Leituras.<\/li>\n<\/ul>\n","protected":false},"author":2,"featured_media":176390,"comment_status":"closed","ping_status":"closed","sticky":false,"template":"","format":"standard","meta":{"footnotes":""},"categories":[1],"tags":[2547,4447,2719,981,106,130],"class_list":["post-176384","post","type-post","status-publish","format-standard","has-post-thumbnail","hentry","category-noticias","tag-brasil","tag-itamar-vieira-junior","tag-leitura","tag-lisboa","tag-literatura","tag-livros"],"yoast_head":"<!-- This site is optimized with the Yoast SEO plugin v27.2 - https:\/\/yoast.com\/product\/yoast-seo-wordpress\/ -->\n<title>Itamar Vieira Junior \u00e9 o convidado do Encontro de Leituras de Fevereiro - Portal Tela Portugal<\/title>\n<meta name=\"robots\" content=\"index, follow, max-snippet:-1, max-image-preview:large, max-video-preview:-1\" \/>\n<meta property=\"og:locale\" content=\"pt_PT\" \/>\n<meta property=\"og:type\" content=\"article\" \/>\n<meta property=\"og:title\" content=\"Itamar Vieira Junior \u00e9 o convidado do Encontro de Leituras de Fevereiro - Portal Tela Portugal\" \/>\n<meta property=\"og:description\" content=\"O escritor Itamar Vieira Junior \u00e9 o convidado do Encontro de Leituras de Fevereiro do P\u00daBLICO e da Quatro Cinco Um, no dia 10 de Fevereiro via Zoom. O tema ser\u00e1 o seu novo romance, Cora\u00e7\u00e3o sem Medo, que encerra a Trilogia da Terra e foi publicado no Brasil pela Todavia em 2025 e, em Portugal, pela Dom Quixote. A trama acompanha Rita Preta, m\u00e3e solteira de Salvador, que parte \u00e0 procura do filho desaparecido ap\u00f3s uma discuss\u00e3o com o mais velho, Cid. A sess\u00e3o acontece \u00e0s 22h em Lisboa (19h em Bras\u00edlia) e pode ser acedida com a ID 842 8191 4937 e a senha 835758. O evento \u00e9 apresentado por Isabel Coutinho e Paulo Werneck, com os melhores momentos depois disponibilizados no podcast Encontro de Leituras.\" \/>\n<meta property=\"og:url\" content=\"https:\/\/portaltela.pt\/noticias\/2026\/01\/27\/itamar-vieira-junior-e-o-convidado-do-encontro-de-leituras-de-fevereiro\/\" \/>\n<meta property=\"og:site_name\" content=\"Portal Tela Portugal\" \/>\n<meta property=\"article:published_time\" content=\"2026-01-27T12:26:00+00:00\" \/>\n<meta name=\"author\" content=\"Telinha\" \/>\n<meta name=\"twitter:card\" content=\"summary_large_image\" \/>\n<meta name=\"twitter:label1\" content=\"Escrito por\" \/>\n\t<meta name=\"twitter:data1\" content=\"Telinha\" \/>\n\t<meta name=\"twitter:label2\" content=\"Tempo estimado de leitura\" \/>\n\t<meta name=\"twitter:data2\" content=\"2 minutos\" \/>\n<script type=\"application\/ld+json\" class=\"yoast-schema-graph\">{\"@context\":\"https:\/\/schema.org\",\"@graph\":[{\"@type\":\"Article\",\"@id\":\"https:\/\/portaltela.pt\/noticias\/2026\/01\/27\/itamar-vieira-junior-e-o-convidado-do-encontro-de-leituras-de-fevereiro\/#article\",\"isPartOf\":{\"@id\":\"https:\/\/portaltela.pt\/noticias\/2026\/01\/27\/itamar-vieira-junior-e-o-convidado-do-encontro-de-leituras-de-fevereiro\/\"},\"author\":{\"name\":\"Telinha\",\"@id\":\"https:\/\/portaltela.pt\/#\/schema\/person\/c4278d4a6028830caff9ee44b42d32ed\"},\"headline\":\"Itamar Vieira Junior \u00e9 o convidado do Encontro de Leituras de Fevereiro\",\"datePublished\":\"2026-01-27T12:26:00+00:00\",\"mainEntityOfPage\":{\"@id\":\"https:\/\/portaltela.pt\/noticias\/2026\/01\/27\/itamar-vieira-junior-e-o-convidado-do-encontro-de-leituras-de-fevereiro\/\"},\"wordCount\":329,\"image\":{\"@id\":\"https:\/\/portaltela.pt\/noticias\/2026\/01\/27\/itamar-vieira-junior-e-o-convidado-do-encontro-de-leituras-de-fevereiro\/#primaryimage\"},\"thumbnailUrl\":\"https:\/\/portaltela.pt\/s.01k8rhncp4jt1\/2026\/01\/2062145.jpg\",\"keywords\":[\"Brasil\",\"Itamar Vieira Junior\",\"leitura\",\"Lisboa\",\"literatura\",\"livros\"],\"articleSection\":[\"Not\u00edcias\"],\"inLanguage\":\"pt-PT\"},{\"@type\":\"WebPage\",\"@id\":\"https:\/\/portaltela.pt\/noticias\/2026\/01\/27\/itamar-vieira-junior-e-o-convidado-do-encontro-de-leituras-de-fevereiro\/\",\"url\":\"https:\/\/portaltela.pt\/noticias\/2026\/01\/27\/itamar-vieira-junior-e-o-convidado-do-encontro-de-leituras-de-fevereiro\/\",\"name\":\"Itamar Vieira Junior \u00e9 o convidado do Encontro de Leituras de Fevereiro - Portal Tela Portugal\",\"isPartOf\":{\"@id\":\"https:\/\/portaltela.pt\/#website\"},\"primaryImageOfPage\":{\"@id\":\"https:\/\/portaltela.pt\/noticias\/2026\/01\/27\/itamar-vieira-junior-e-o-convidado-do-encontro-de-leituras-de-fevereiro\/#primaryimage\"},\"image\":{\"@id\":\"https:\/\/portaltela.pt\/noticias\/2026\/01\/27\/itamar-vieira-junior-e-o-convidado-do-encontro-de-leituras-de-fevereiro\/#primaryimage\"},\"thumbnailUrl\":\"https:\/\/portaltela.pt\/s.01k8rhncp4jt1\/2026\/01\/2062145.jpg\",\"datePublished\":\"2026-01-27T12:26:00+00:00\",\"author\":{\"@id\":\"https:\/\/portaltela.pt\/#\/schema\/person\/c4278d4a6028830caff9ee44b42d32ed\"},\"breadcrumb\":{\"@id\":\"https:\/\/portaltela.pt\/noticias\/2026\/01\/27\/itamar-vieira-junior-e-o-convidado-do-encontro-de-leituras-de-fevereiro\/#breadcrumb\"},\"inLanguage\":\"pt-PT\",\"potentialAction\":[{\"@type\":\"ReadAction\",\"target\":[\"https:\/\/portaltela.pt\/noticias\/2026\/01\/27\/itamar-vieira-junior-e-o-convidado-do-encontro-de-leituras-de-fevereiro\/\"]}]},{\"@type\":\"ImageObject\",\"inLanguage\":\"pt-PT\",\"@id\":\"https:\/\/portaltela.pt\/noticias\/2026\/01\/27\/itamar-vieira-junior-e-o-convidado-do-encontro-de-leituras-de-fevereiro\/#primaryimage\",\"url\":\"https:\/\/portaltela.pt\/s.01k8rhncp4jt1\/2026\/01\/2062145.jpg\",\"contentUrl\":\"https:\/\/portaltela.pt\/s.01k8rhncp4jt1\/2026\/01\/2062145.jpg\",\"width\":796,\"height\":448,\"caption\":\"O escritor brasileiro Itamar Vieira Junior ir\u00e1 conversar sobre o romance Cora\u00e7\u00e3o sem Medo\"},{\"@type\":\"BreadcrumbList\",\"@id\":\"https:\/\/portaltela.pt\/noticias\/2026\/01\/27\/itamar-vieira-junior-e-o-convidado-do-encontro-de-leituras-de-fevereiro\/#breadcrumb\",\"itemListElement\":[{\"@type\":\"ListItem\",\"position\":1,\"name\":\"In\u00edcio\",\"item\":\"https:\/\/portaltela.pt\/\"},{\"@type\":\"ListItem\",\"position\":2,\"name\":\"Itamar Vieira Junior \u00e9 o convidado do Encontro de Leituras de Fevereiro\"}]},{\"@type\":\"WebSite\",\"@id\":\"https:\/\/portaltela.pt\/#website\",\"url\":\"https:\/\/portaltela.pt\/\",\"name\":\"Portal Tela Portugal\",\"description\":\"\",\"potentialAction\":[{\"@type\":\"SearchAction\",\"target\":{\"@type\":\"EntryPoint\",\"urlTemplate\":\"https:\/\/portaltela.pt\/?s={search_term_string}\"},\"query-input\":{\"@type\":\"PropertyValueSpecification\",\"valueRequired\":true,\"valueName\":\"search_term_string\"}}],\"inLanguage\":\"pt-PT\"},{\"@type\":\"Person\",\"@id\":\"https:\/\/portaltela.pt\/#\/schema\/person\/c4278d4a6028830caff9ee44b42d32ed\",\"name\":\"Telinha\",\"image\":{\"@type\":\"ImageObject\",\"inLanguage\":\"pt-PT\",\"@id\":\"https:\/\/portaltela.pt\/s.01k8rhncp4jt1\/2025\/11\/talking-bot-125x125.png\",\"url\":\"https:\/\/portaltela.pt\/s.01k8rhncp4jt1\/2025\/11\/talking-bot-125x125.png\",\"contentUrl\":\"https:\/\/portaltela.pt\/s.01k8rhncp4jt1\/2025\/11\/talking-bot-125x125.png\",\"caption\":\"Telinha\"},\"sameAs\":[\"https:\/\/portaltela.pt\/\"],\"url\":\"https:\/\/portaltela.pt\/por\/367410592786\/\"}]}<\/script>\n<!-- \/ Yoast SEO plugin. -->","yoast_head_json":{"title":"Itamar Vieira Junior \u00e9 o convidado do Encontro de Leituras de Fevereiro - Portal Tela Portugal","robots":{"index":"index","follow":"follow","max-snippet":"max-snippet:-1","max-image-preview":"max-image-preview:large","max-video-preview":"max-video-preview:-1"},"og_locale":"pt_PT","og_type":"article","og_title":"Itamar Vieira Junior \u00e9 o convidado do Encontro de Leituras de Fevereiro - Portal Tela Portugal","og_description":"O escritor Itamar Vieira Junior \u00e9 o convidado do Encontro de Leituras de Fevereiro do P\u00daBLICO e da Quatro Cinco Um, no dia 10 de Fevereiro via Zoom. O tema ser\u00e1 o seu novo romance, Cora\u00e7\u00e3o sem Medo, que encerra a Trilogia da Terra e foi publicado no Brasil pela Todavia em 2025 e, em Portugal, pela Dom Quixote. A trama acompanha Rita Preta, m\u00e3e solteira de Salvador, que parte \u00e0 procura do filho desaparecido ap\u00f3s uma discuss\u00e3o com o mais velho, Cid. A sess\u00e3o acontece \u00e0s 22h em Lisboa (19h em Bras\u00edlia) e pode ser acedida com a ID 842 8191 4937 e a senha 835758. O evento \u00e9 apresentado por Isabel Coutinho e Paulo Werneck, com os melhores momentos depois disponibilizados no podcast Encontro de Leituras.","og_url":"https:\/\/portaltela.pt\/noticias\/2026\/01\/27\/itamar-vieira-junior-e-o-convidado-do-encontro-de-leituras-de-fevereiro\/","og_site_name":"Portal Tela Portugal","article_published_time":"2026-01-27T12:26:00+00:00","author":"Telinha","twitter_card":"summary_large_image","twitter_misc":{"Escrito por":"Telinha","Tempo estimado de leitura":"2 minutos"},"schema":{"@context":"https:\/\/schema.org","@graph":[{"@type":"Article","@id":"https:\/\/portaltela.pt\/noticias\/2026\/01\/27\/itamar-vieira-junior-e-o-convidado-do-encontro-de-leituras-de-fevereiro\/#article","isPartOf":{"@id":"https:\/\/portaltela.pt\/noticias\/2026\/01\/27\/itamar-vieira-junior-e-o-convidado-do-encontro-de-leituras-de-fevereiro\/"},"author":{"name":"Telinha","@id":"https:\/\/portaltela.pt\/#\/schema\/person\/c4278d4a6028830caff9ee44b42d32ed"},"headline":"Itamar Vieira Junior \u00e9 o convidado do Encontro de Leituras de Fevereiro","datePublished":"2026-01-27T12:26:00+00:00","mainEntityOfPage":{"@id":"https:\/\/portaltela.pt\/noticias\/2026\/01\/27\/itamar-vieira-junior-e-o-convidado-do-encontro-de-leituras-de-fevereiro\/"},"wordCount":329,"image":{"@id":"https:\/\/portaltela.pt\/noticias\/2026\/01\/27\/itamar-vieira-junior-e-o-convidado-do-encontro-de-leituras-de-fevereiro\/#primaryimage"},"thumbnailUrl":"https:\/\/portaltela.pt\/s.01k8rhncp4jt1\/2026\/01\/2062145.jpg","keywords":["Brasil","Itamar Vieira Junior","leitura","Lisboa","literatura","livros"],"articleSection":["Not\u00edcias"],"inLanguage":"pt-PT"},{"@type":"WebPage","@id":"https:\/\/portaltela.pt\/noticias\/2026\/01\/27\/itamar-vieira-junior-e-o-convidado-do-encontro-de-leituras-de-fevereiro\/","url":"https:\/\/portaltela.pt\/noticias\/2026\/01\/27\/itamar-vieira-junior-e-o-convidado-do-encontro-de-leituras-de-fevereiro\/","name":"Itamar Vieira Junior \u00e9 o convidado do Encontro de Leituras de Fevereiro - Portal Tela Portugal","isPartOf":{"@id":"https:\/\/portaltela.pt\/#website"},"primaryImageOfPage":{"@id":"https:\/\/portaltela.pt\/noticias\/2026\/01\/27\/itamar-vieira-junior-e-o-convidado-do-encontro-de-leituras-de-fevereiro\/#primaryimage"},"image":{"@id":"https:\/\/portaltela.pt\/noticias\/2026\/01\/27\/itamar-vieira-junior-e-o-convidado-do-encontro-de-leituras-de-fevereiro\/#primaryimage"},"thumbnailUrl":"https:\/\/portaltela.pt\/s.01k8rhncp4jt1\/2026\/01\/2062145.jpg","datePublished":"2026-01-27T12:26:00+00:00","author":{"@id":"https:\/\/portaltela.pt\/#\/schema\/person\/c4278d4a6028830caff9ee44b42d32ed"},"breadcrumb":{"@id":"https:\/\/portaltela.pt\/noticias\/2026\/01\/27\/itamar-vieira-junior-e-o-convidado-do-encontro-de-leituras-de-fevereiro\/#breadcrumb"},"inLanguage":"pt-PT","potentialAction":[{"@type":"ReadAction","target":["https:\/\/portaltela.pt\/noticias\/2026\/01\/27\/itamar-vieira-junior-e-o-convidado-do-encontro-de-leituras-de-fevereiro\/"]}]},{"@type":"ImageObject","inLanguage":"pt-PT","@id":"https:\/\/portaltela.pt\/noticias\/2026\/01\/27\/itamar-vieira-junior-e-o-convidado-do-encontro-de-leituras-de-fevereiro\/#primaryimage","url":"https:\/\/portaltela.pt\/s.01k8rhncp4jt1\/2026\/01\/2062145.jpg","contentUrl":"https:\/\/portaltela.pt\/s.01k8rhncp4jt1\/2026\/01\/2062145.jpg","width":796,"height":448,"caption":"O escritor brasileiro Itamar Vieira Junior ir\u00e1 conversar sobre o romance Cora\u00e7\u00e3o sem Medo"},{"@type":"BreadcrumbList","@id":"https:\/\/portaltela.pt\/noticias\/2026\/01\/27\/itamar-vieira-junior-e-o-convidado-do-encontro-de-leituras-de-fevereiro\/#breadcrumb","itemListElement":[{"@type":"ListItem","position":1,"name":"In\u00edcio","item":"https:\/\/portaltela.pt\/"},{"@type":"ListItem","position":2,"name":"Itamar Vieira Junior \u00e9 o convidado do Encontro de Leituras de Fevereiro"}]},{"@type":"WebSite","@id":"https:\/\/portaltela.pt\/#website","url":"https:\/\/portaltela.pt\/","name":"Portal Tela Portugal","description":"","potentialAction":[{"@type":"SearchAction","target":{"@type":"EntryPoint","urlTemplate":"https:\/\/portaltela.pt\/?s={search_term_string}"},"query-input":{"@type":"PropertyValueSpecification","valueRequired":true,"valueName":"search_term_string"}}],"inLanguage":"pt-PT"},{"@type":"Person","@id":"https:\/\/portaltela.pt\/#\/schema\/person\/c4278d4a6028830caff9ee44b42d32ed","name":"Telinha","image":{"@type":"ImageObject","inLanguage":"pt-PT","@id":"https:\/\/portaltela.pt\/s.01k8rhncp4jt1\/2025\/11\/talking-bot-125x125.png","url":"https:\/\/portaltela.pt\/s.01k8rhncp4jt1\/2025\/11\/talking-bot-125x125.png","contentUrl":"https:\/\/portaltela.pt\/s.01k8rhncp4jt1\/2025\/11\/talking-bot-125x125.png","caption":"Telinha"},"sameAs":["https:\/\/portaltela.pt\/"],"url":"https:\/\/portaltela.pt\/por\/367410592786\/"}]}},"_links":{"self":[{"href":"https:\/\/portaltela.pt\/api\/wp\/v2\/posts\/176384","targetHints":{"allow":["GET"]}}],"collection":[{"href":"https:\/\/portaltela.pt\/api\/wp\/v2\/posts"}],"about":[{"href":"https:\/\/portaltela.pt\/api\/wp\/v2\/types\/post"}],"author":[{"embeddable":true,"href":"https:\/\/portaltela.pt\/api\/wp\/v2\/users\/2"}],"replies":[{"embeddable":true,"href":"https:\/\/portaltela.pt\/api\/wp\/v2\/comments?post=176384"}],"version-history":[{"count":0,"href":"https:\/\/portaltela.pt\/api\/wp\/v2\/posts\/176384\/revisions"}],"wp:featuredmedia":[{"embeddable":true,"href":"https:\/\/portaltela.pt\/api\/wp\/v2\/media\/176390"}],"wp:attachment":[{"href":"https:\/\/portaltela.pt\/api\/wp\/v2\/media?parent=176384"}],"wp:term":[{"taxonomy":"category","embeddable":true,"href":"https:\/\/portaltela.pt\/api\/wp\/v2\/categories?post=176384"},{"taxonomy":"post_tag","embeddable":true,"href":"https:\/\/portaltela.pt\/api\/wp\/v2\/tags?post=176384"}],"curies":[{"name":"wp","href":"https:\/\/api.w.org\/{rel}","templated":true}]}}