{"id":176294,"date":"2026-01-27T08:32:00","date_gmt":"2026-01-27T11:32:00","guid":{"rendered":"https:\/\/portaltela.pt\/noticias\/2026\/01\/27\/portugal-so-aderira-ao-conselho-de-paz-de-trump-se-o-foco-for-israel-palestina\/"},"modified":"2026-01-27T08:32:00","modified_gmt":"2026-01-27T11:32:00","slug":"portugal-so-aderira-ao-conselho-de-paz-de-trump-se-o-foco-for-israel-palestina","status":"publish","type":"post","link":"https:\/\/portaltela.pt\/noticias\/2026\/01\/27\/portugal-so-aderira-ao-conselho-de-paz-de-trump-se-o-foco-for-israel-palestina\/","title":{"rendered":"Portugal s\u00f3 aderir\u00e1 ao Conselho de Paz de Trump se o foco for Israel-Palestina"},"content":{"rendered":"<p>Portugal s\u00f3 aderir\u00e1 ao Conselho de Paz criado pelo presidente dos EUA se o \u00e2mbito da organiza\u00e7\u00e3o se restringir ao conflito israelo-palestiniano, afirmou o ministro dos Neg\u00f3cios Estrangeiros, Paulo Rangel. A declara\u00e7\u00e3o ocorreu nesta ter\u00e7a-feira, em Lisboa.<\/p>\n<p>Rangel explicou que o Board of Peace pode ser enquadrado se o foco ficar apenas na crise entre Israel e Palestine, com refer\u00eancia a Gaza. A posi\u00e7\u00e3o foi apresentada numa confer\u00eancia sobre o futuro da seguran\u00e7a da Europa, na Funda\u00e7\u00e3o Gulbenkian.<\/p>\n<p>O ministro acrescentou que a proposta partiu dos Estados Unidos para abordar este conflito e refor\u00e7ou que outros pa\u00edses tamb\u00e9m defendem a limita\u00e7\u00e3o do \u00e2mbito, incluindo o Brasil. N\u00e3o houve indica\u00e7\u00f5es sobre pr\u00f3ximos passos formais.<\/p>\n<h3>Condi\u00e7\u00e3o de ades\u00e3o<\/h3>\n<p>Portugal manter\u00e1 a posi\u00e7\u00e3o enquanto o \u00e2mbito do Conselho de Paz permanecer centrado no conflito israelo-palestiniano, segundo Rangel. A declara\u00e7\u00e3o sinaliza uma linha vermelha para eventuais ades\u00f5es futuras.<\/p>\n","protected":false},"excerpt":{"rendered":"<ul>\n<li>O ministro dos Neg\u00f3cios Estrangeiros, Paulo Rangel, disse que Portugal s\u00f3 aderir\u00e1 ao Conselho de Paz criado pelo presidente dos EUA se o \u00e2mbito ficar limitado ao conflito israelo-palestiniano.<\/li>\n<li>Rangel explicou que o &#8220;Board of Peace&#8221; \u00e9 enquadr\u00e1vel se se restringir a Gaza, durante uma confer\u00eancia na Funda\u00e7\u00e3o Calouste Gulbenkian, em Lisboa.<\/li>\n<li>A confer\u00eancia tratava do futuro da seguran\u00e7a da Europa.<\/li>\n<li>A organiza\u00e7\u00e3o foi proposta pelos Estados Unidos para esse conflito, e Portugal quer que se cingir a esse \u00e2mbito.<\/li>\n<li>O ministro mencionou que outros estados, incluindo o Brasil, apoiam a posi\u00e7\u00e3o.<\/li>\n<\/ul>\n","protected":false},"author":2,"featured_media":176301,"comment_status":"closed","ping_status":"closed","sticky":false,"template":"","format":"standard","meta":{"footnotes":""},"categories":[1],"tags":[2198,3782,29,3708,2030,27],"class_list":["post-176294","post","type-post","status-publish","format-standard","has-post-thumbnail","hentry","category-noticias","tag-conflitos-internacionais","tag-conselho-de-paz","tag-diplomacia","tag-israel","tag-palestina","tag-relacoes-internacionais"],"yoast_head":"<!-- This site is optimized with the Yoast SEO plugin v27.2 - https:\/\/yoast.com\/product\/yoast-seo-wordpress\/ -->\n<title>Portugal s\u00f3 aderir\u00e1 ao Conselho de Paz de Trump se o foco for Israel-Palestina - Portal Tela Portugal<\/title>\n<meta name=\"robots\" content=\"index, follow, max-snippet:-1, max-image-preview:large, max-video-preview:-1\" \/>\n<meta property=\"og:locale\" content=\"pt_PT\" \/>\n<meta property=\"og:type\" content=\"article\" \/>\n<meta property=\"og:title\" content=\"Portugal s\u00f3 aderir\u00e1 ao Conselho de Paz de Trump se o foco for Israel-Palestina - Portal Tela Portugal\" \/>\n<meta property=\"og:description\" content=\"O ministro dos Neg\u00f3cios Estrangeiros, Paulo Rangel, disse que Portugal s\u00f3 aderir\u00e1 ao Conselho de Paz criado pelo presidente dos EUA se o \u00e2mbito ficar limitado ao conflito israelo-palestiniano. Rangel explicou que o &quot;Board of Peace&quot; \u00e9 enquadr\u00e1vel se se restringir a Gaza, durante uma confer\u00eancia na Funda\u00e7\u00e3o Calouste Gulbenkian, em Lisboa. A confer\u00eancia tratava do futuro da seguran\u00e7a da Europa. A organiza\u00e7\u00e3o foi proposta pelos Estados Unidos para esse conflito, e Portugal quer que se cingir a esse \u00e2mbito. O ministro mencionou que outros estados, incluindo o Brasil, apoiam a posi\u00e7\u00e3o.\" \/>\n<meta property=\"og:url\" content=\"https:\/\/portaltela.pt\/noticias\/2026\/01\/27\/portugal-so-aderira-ao-conselho-de-paz-de-trump-se-o-foco-for-israel-palestina\/\" \/>\n<meta property=\"og:site_name\" content=\"Portal Tela Portugal\" \/>\n<meta property=\"article:published_time\" content=\"2026-01-27T11:32:00+00:00\" \/>\n<meta name=\"author\" content=\"Telinha\" \/>\n<meta name=\"twitter:card\" content=\"summary_large_image\" \/>\n<meta name=\"twitter:label1\" content=\"Escrito por\" \/>\n\t<meta name=\"twitter:data1\" content=\"Telinha\" \/>\n\t<meta name=\"twitter:label2\" content=\"Tempo estimado de leitura\" \/>\n\t<meta name=\"twitter:data2\" content=\"1 minuto\" \/>\n<script type=\"application\/ld+json\" class=\"yoast-schema-graph\">{\"@context\":\"https:\/\/schema.org\",\"@graph\":[{\"@type\":\"Article\",\"@id\":\"https:\/\/portaltela.pt\/noticias\/2026\/01\/27\/portugal-so-aderira-ao-conselho-de-paz-de-trump-se-o-foco-for-israel-palestina\/#article\",\"isPartOf\":{\"@id\":\"https:\/\/portaltela.pt\/noticias\/2026\/01\/27\/portugal-so-aderira-ao-conselho-de-paz-de-trump-se-o-foco-for-israel-palestina\/\"},\"author\":{\"name\":\"Telinha\",\"@id\":\"https:\/\/portaltela.pt\/#\/schema\/person\/c4278d4a6028830caff9ee44b42d32ed\"},\"headline\":\"Portugal s\u00f3 aderir\u00e1 ao Conselho de Paz de Trump se o foco for Israel-Palestina\",\"datePublished\":\"2026-01-27T11:32:00+00:00\",\"mainEntityOfPage\":{\"@id\":\"https:\/\/portaltela.pt\/noticias\/2026\/01\/27\/portugal-so-aderira-ao-conselho-de-paz-de-trump-se-o-foco-for-israel-palestina\/\"},\"wordCount\":179,\"image\":{\"@id\":\"https:\/\/portaltela.pt\/noticias\/2026\/01\/27\/portugal-so-aderira-ao-conselho-de-paz-de-trump-se-o-foco-for-israel-palestina\/#primaryimage\"},\"thumbnailUrl\":\"https:\/\/portaltela.pt\/s.01k8rhncp4jt1\/2026\/01\/img_1280x721uu2025-09-12-11-22-50-2234822.jpg\",\"keywords\":[\"conflitos internacionais\",\"Conselho de Paz\",\"diplomacia\",\"Israel\",\"Palestina\",\"rela\u00e7\u00f5es internacionais\"],\"articleSection\":[\"Not\u00edcias\"],\"inLanguage\":\"pt-PT\"},{\"@type\":\"WebPage\",\"@id\":\"https:\/\/portaltela.pt\/noticias\/2026\/01\/27\/portugal-so-aderira-ao-conselho-de-paz-de-trump-se-o-foco-for-israel-palestina\/\",\"url\":\"https:\/\/portaltela.pt\/noticias\/2026\/01\/27\/portugal-so-aderira-ao-conselho-de-paz-de-trump-se-o-foco-for-israel-palestina\/\",\"name\":\"Portugal s\u00f3 aderir\u00e1 ao Conselho de Paz de Trump se o foco for Israel-Palestina - Portal Tela Portugal\",\"isPartOf\":{\"@id\":\"https:\/\/portaltela.pt\/#website\"},\"primaryImageOfPage\":{\"@id\":\"https:\/\/portaltela.pt\/noticias\/2026\/01\/27\/portugal-so-aderira-ao-conselho-de-paz-de-trump-se-o-foco-for-israel-palestina\/#primaryimage\"},\"image\":{\"@id\":\"https:\/\/portaltela.pt\/noticias\/2026\/01\/27\/portugal-so-aderira-ao-conselho-de-paz-de-trump-se-o-foco-for-israel-palestina\/#primaryimage\"},\"thumbnailUrl\":\"https:\/\/portaltela.pt\/s.01k8rhncp4jt1\/2026\/01\/img_1280x721uu2025-09-12-11-22-50-2234822.jpg\",\"datePublished\":\"2026-01-27T11:32:00+00:00\",\"author\":{\"@id\":\"https:\/\/portaltela.pt\/#\/schema\/person\/c4278d4a6028830caff9ee44b42d32ed\"},\"breadcrumb\":{\"@id\":\"https:\/\/portaltela.pt\/noticias\/2026\/01\/27\/portugal-so-aderira-ao-conselho-de-paz-de-trump-se-o-foco-for-israel-palestina\/#breadcrumb\"},\"inLanguage\":\"pt-PT\",\"potentialAction\":[{\"@type\":\"ReadAction\",\"target\":[\"https:\/\/portaltela.pt\/noticias\/2026\/01\/27\/portugal-so-aderira-ao-conselho-de-paz-de-trump-se-o-foco-for-israel-palestina\/\"]}]},{\"@type\":\"ImageObject\",\"inLanguage\":\"pt-PT\",\"@id\":\"https:\/\/portaltela.pt\/noticias\/2026\/01\/27\/portugal-so-aderira-ao-conselho-de-paz-de-trump-se-o-foco-for-israel-palestina\/#primaryimage\",\"url\":\"https:\/\/portaltela.pt\/s.01k8rhncp4jt1\/2026\/01\/img_1280x721uu2025-09-12-11-22-50-2234822.jpg\",\"contentUrl\":\"https:\/\/portaltela.pt\/s.01k8rhncp4jt1\/2026\/01\/img_1280x721uu2025-09-12-11-22-50-2234822.jpg\",\"width\":796,\"height\":448,\"caption\":\"Photo\"},{\"@type\":\"BreadcrumbList\",\"@id\":\"https:\/\/portaltela.pt\/noticias\/2026\/01\/27\/portugal-so-aderira-ao-conselho-de-paz-de-trump-se-o-foco-for-israel-palestina\/#breadcrumb\",\"itemListElement\":[{\"@type\":\"ListItem\",\"position\":1,\"name\":\"In\u00edcio\",\"item\":\"https:\/\/portaltela.pt\/\"},{\"@type\":\"ListItem\",\"position\":2,\"name\":\"Portugal s\u00f3 aderir\u00e1 ao Conselho de Paz de Trump se o foco for Israel-Palestina\"}]},{\"@type\":\"WebSite\",\"@id\":\"https:\/\/portaltela.pt\/#website\",\"url\":\"https:\/\/portaltela.pt\/\",\"name\":\"Portal Tela Portugal\",\"description\":\"\",\"potentialAction\":[{\"@type\":\"SearchAction\",\"target\":{\"@type\":\"EntryPoint\",\"urlTemplate\":\"https:\/\/portaltela.pt\/?s={search_term_string}\"},\"query-input\":{\"@type\":\"PropertyValueSpecification\",\"valueRequired\":true,\"valueName\":\"search_term_string\"}}],\"inLanguage\":\"pt-PT\"},{\"@type\":\"Person\",\"@id\":\"https:\/\/portaltela.pt\/#\/schema\/person\/c4278d4a6028830caff9ee44b42d32ed\",\"name\":\"Telinha\",\"image\":{\"@type\":\"ImageObject\",\"inLanguage\":\"pt-PT\",\"@id\":\"https:\/\/portaltela.pt\/s.01k8rhncp4jt1\/2025\/11\/talking-bot-125x125.png\",\"url\":\"https:\/\/portaltela.pt\/s.01k8rhncp4jt1\/2025\/11\/talking-bot-125x125.png\",\"contentUrl\":\"https:\/\/portaltela.pt\/s.01k8rhncp4jt1\/2025\/11\/talking-bot-125x125.png\",\"caption\":\"Telinha\"},\"sameAs\":[\"https:\/\/portaltela.pt\/\"],\"url\":\"https:\/\/portaltela.pt\/por\/367410592786\/\"}]}<\/script>\n<!-- \/ Yoast SEO plugin. -->","yoast_head_json":{"title":"Portugal s\u00f3 aderir\u00e1 ao Conselho de Paz de Trump se o foco for Israel-Palestina - Portal Tela Portugal","robots":{"index":"index","follow":"follow","max-snippet":"max-snippet:-1","max-image-preview":"max-image-preview:large","max-video-preview":"max-video-preview:-1"},"og_locale":"pt_PT","og_type":"article","og_title":"Portugal s\u00f3 aderir\u00e1 ao Conselho de Paz de Trump se o foco for Israel-Palestina - Portal Tela Portugal","og_description":"O ministro dos Neg\u00f3cios Estrangeiros, Paulo Rangel, disse que Portugal s\u00f3 aderir\u00e1 ao Conselho de Paz criado pelo presidente dos EUA se o \u00e2mbito ficar limitado ao conflito israelo-palestiniano. Rangel explicou que o \"Board of Peace\" \u00e9 enquadr\u00e1vel se se restringir a Gaza, durante uma confer\u00eancia na Funda\u00e7\u00e3o Calouste Gulbenkian, em Lisboa. A confer\u00eancia tratava do futuro da seguran\u00e7a da Europa. A organiza\u00e7\u00e3o foi proposta pelos Estados Unidos para esse conflito, e Portugal quer que se cingir a esse \u00e2mbito. O ministro mencionou que outros estados, incluindo o Brasil, apoiam a posi\u00e7\u00e3o.","og_url":"https:\/\/portaltela.pt\/noticias\/2026\/01\/27\/portugal-so-aderira-ao-conselho-de-paz-de-trump-se-o-foco-for-israel-palestina\/","og_site_name":"Portal Tela Portugal","article_published_time":"2026-01-27T11:32:00+00:00","author":"Telinha","twitter_card":"summary_large_image","twitter_misc":{"Escrito por":"Telinha","Tempo estimado de leitura":"1 minuto"},"schema":{"@context":"https:\/\/schema.org","@graph":[{"@type":"Article","@id":"https:\/\/portaltela.pt\/noticias\/2026\/01\/27\/portugal-so-aderira-ao-conselho-de-paz-de-trump-se-o-foco-for-israel-palestina\/#article","isPartOf":{"@id":"https:\/\/portaltela.pt\/noticias\/2026\/01\/27\/portugal-so-aderira-ao-conselho-de-paz-de-trump-se-o-foco-for-israel-palestina\/"},"author":{"name":"Telinha","@id":"https:\/\/portaltela.pt\/#\/schema\/person\/c4278d4a6028830caff9ee44b42d32ed"},"headline":"Portugal s\u00f3 aderir\u00e1 ao Conselho de Paz de Trump se o foco for Israel-Palestina","datePublished":"2026-01-27T11:32:00+00:00","mainEntityOfPage":{"@id":"https:\/\/portaltela.pt\/noticias\/2026\/01\/27\/portugal-so-aderira-ao-conselho-de-paz-de-trump-se-o-foco-for-israel-palestina\/"},"wordCount":179,"image":{"@id":"https:\/\/portaltela.pt\/noticias\/2026\/01\/27\/portugal-so-aderira-ao-conselho-de-paz-de-trump-se-o-foco-for-israel-palestina\/#primaryimage"},"thumbnailUrl":"https:\/\/portaltela.pt\/s.01k8rhncp4jt1\/2026\/01\/img_1280x721uu2025-09-12-11-22-50-2234822.jpg","keywords":["conflitos internacionais","Conselho de Paz","diplomacia","Israel","Palestina","rela\u00e7\u00f5es internacionais"],"articleSection":["Not\u00edcias"],"inLanguage":"pt-PT"},{"@type":"WebPage","@id":"https:\/\/portaltela.pt\/noticias\/2026\/01\/27\/portugal-so-aderira-ao-conselho-de-paz-de-trump-se-o-foco-for-israel-palestina\/","url":"https:\/\/portaltela.pt\/noticias\/2026\/01\/27\/portugal-so-aderira-ao-conselho-de-paz-de-trump-se-o-foco-for-israel-palestina\/","name":"Portugal s\u00f3 aderir\u00e1 ao Conselho de Paz de Trump se o foco for Israel-Palestina - Portal Tela Portugal","isPartOf":{"@id":"https:\/\/portaltela.pt\/#website"},"primaryImageOfPage":{"@id":"https:\/\/portaltela.pt\/noticias\/2026\/01\/27\/portugal-so-aderira-ao-conselho-de-paz-de-trump-se-o-foco-for-israel-palestina\/#primaryimage"},"image":{"@id":"https:\/\/portaltela.pt\/noticias\/2026\/01\/27\/portugal-so-aderira-ao-conselho-de-paz-de-trump-se-o-foco-for-israel-palestina\/#primaryimage"},"thumbnailUrl":"https:\/\/portaltela.pt\/s.01k8rhncp4jt1\/2026\/01\/img_1280x721uu2025-09-12-11-22-50-2234822.jpg","datePublished":"2026-01-27T11:32:00+00:00","author":{"@id":"https:\/\/portaltela.pt\/#\/schema\/person\/c4278d4a6028830caff9ee44b42d32ed"},"breadcrumb":{"@id":"https:\/\/portaltela.pt\/noticias\/2026\/01\/27\/portugal-so-aderira-ao-conselho-de-paz-de-trump-se-o-foco-for-israel-palestina\/#breadcrumb"},"inLanguage":"pt-PT","potentialAction":[{"@type":"ReadAction","target":["https:\/\/portaltela.pt\/noticias\/2026\/01\/27\/portugal-so-aderira-ao-conselho-de-paz-de-trump-se-o-foco-for-israel-palestina\/"]}]},{"@type":"ImageObject","inLanguage":"pt-PT","@id":"https:\/\/portaltela.pt\/noticias\/2026\/01\/27\/portugal-so-aderira-ao-conselho-de-paz-de-trump-se-o-foco-for-israel-palestina\/#primaryimage","url":"https:\/\/portaltela.pt\/s.01k8rhncp4jt1\/2026\/01\/img_1280x721uu2025-09-12-11-22-50-2234822.jpg","contentUrl":"https:\/\/portaltela.pt\/s.01k8rhncp4jt1\/2026\/01\/img_1280x721uu2025-09-12-11-22-50-2234822.jpg","width":796,"height":448,"caption":"Photo"},{"@type":"BreadcrumbList","@id":"https:\/\/portaltela.pt\/noticias\/2026\/01\/27\/portugal-so-aderira-ao-conselho-de-paz-de-trump-se-o-foco-for-israel-palestina\/#breadcrumb","itemListElement":[{"@type":"ListItem","position":1,"name":"In\u00edcio","item":"https:\/\/portaltela.pt\/"},{"@type":"ListItem","position":2,"name":"Portugal s\u00f3 aderir\u00e1 ao Conselho de Paz de Trump se o foco for Israel-Palestina"}]},{"@type":"WebSite","@id":"https:\/\/portaltela.pt\/#website","url":"https:\/\/portaltela.pt\/","name":"Portal Tela Portugal","description":"","potentialAction":[{"@type":"SearchAction","target":{"@type":"EntryPoint","urlTemplate":"https:\/\/portaltela.pt\/?s={search_term_string}"},"query-input":{"@type":"PropertyValueSpecification","valueRequired":true,"valueName":"search_term_string"}}],"inLanguage":"pt-PT"},{"@type":"Person","@id":"https:\/\/portaltela.pt\/#\/schema\/person\/c4278d4a6028830caff9ee44b42d32ed","name":"Telinha","image":{"@type":"ImageObject","inLanguage":"pt-PT","@id":"https:\/\/portaltela.pt\/s.01k8rhncp4jt1\/2025\/11\/talking-bot-125x125.png","url":"https:\/\/portaltela.pt\/s.01k8rhncp4jt1\/2025\/11\/talking-bot-125x125.png","contentUrl":"https:\/\/portaltela.pt\/s.01k8rhncp4jt1\/2025\/11\/talking-bot-125x125.png","caption":"Telinha"},"sameAs":["https:\/\/portaltela.pt\/"],"url":"https:\/\/portaltela.pt\/por\/367410592786\/"}]}},"_links":{"self":[{"href":"https:\/\/portaltela.pt\/api\/wp\/v2\/posts\/176294","targetHints":{"allow":["GET"]}}],"collection":[{"href":"https:\/\/portaltela.pt\/api\/wp\/v2\/posts"}],"about":[{"href":"https:\/\/portaltela.pt\/api\/wp\/v2\/types\/post"}],"author":[{"embeddable":true,"href":"https:\/\/portaltela.pt\/api\/wp\/v2\/users\/2"}],"replies":[{"embeddable":true,"href":"https:\/\/portaltela.pt\/api\/wp\/v2\/comments?post=176294"}],"version-history":[{"count":0,"href":"https:\/\/portaltela.pt\/api\/wp\/v2\/posts\/176294\/revisions"}],"wp:featuredmedia":[{"embeddable":true,"href":"https:\/\/portaltela.pt\/api\/wp\/v2\/media\/176301"}],"wp:attachment":[{"href":"https:\/\/portaltela.pt\/api\/wp\/v2\/media?parent=176294"}],"wp:term":[{"taxonomy":"category","embeddable":true,"href":"https:\/\/portaltela.pt\/api\/wp\/v2\/categories?post=176294"},{"taxonomy":"post_tag","embeddable":true,"href":"https:\/\/portaltela.pt\/api\/wp\/v2\/tags?post=176294"}],"curies":[{"name":"wp","href":"https:\/\/api.w.org\/{rel}","templated":true}]}}