{"id":176283,"date":"2026-01-27T08:44:50","date_gmt":"2026-01-27T11:44:50","guid":{"rendered":"https:\/\/portaltela.pt\/noticias\/2026\/01\/27\/ladrao-troca-de-roupa-com-vitima-durante-jogo-de-futsal-em-oeiras\/"},"modified":"2026-01-27T08:44:50","modified_gmt":"2026-01-27T11:44:50","slug":"ladrao-troca-de-roupa-com-vitima-durante-jogo-de-futsal-em-oeiras","status":"publish","type":"post","link":"https:\/\/portaltela.pt\/noticias\/2026\/01\/27\/ladrao-troca-de-roupa-com-vitima-durante-jogo-de-futsal-em-oeiras\/","title":{"rendered":"Ladr\u00e3o troca de roupa com v\u00edtima durante jogo de futsal em Oeiras"},"content":{"rendered":"<p>Um jovem de 19 anos foi detido pela PSP de Oeiras ap\u00f3s assaltar um homem durante um jogo de futsal num pavilh\u00e3o da regi\u00e3o, obrigando a v\u00edtima a entregar as suas pe\u00e7as de roupa. O crime ocorreu no s\u00e1bado, e a PSP acionou-se depois do contacto da v\u00edtima.<\/p>\n<p>Segundo o relato fonte policial, a v\u00edtima foi coagida fisicamente a deslocar-se \u00e0 zona dos balne\u00e1rios, onde teve bens pessoais subtra\u00eddos. Al\u00e9m disso, o ladr\u00e3o obrigou-a a retirar toda a roupa, que ficou nas m\u00e3os do agressor, que vestiu a indument\u00e1ria da v\u00edtima.<\/p>\n<p>O suspeito foi localizado em Linda-a-Velha, ainda com as roupas da v\u00edtima. O incidente fica a constar como roubo com viol\u00eancia durante evento desportivo.<\/p>\n<p>O jovem, que j\u00e1 possui antecedentes, permaneceu em pris\u00e3o preventiva ap\u00f3s ser apresentado a tribunal. As autoridades continuam a investigar as circunst\u00e2ncias do caso.<\/p>\n","protected":false},"excerpt":{"rendered":"<ul>\n<li>Um jovem de 19 anos foi detido pela Pol\u00edcia de Seguran\u00e7a P\u00fablica (PSP) de Oeiras por assaltar um homem durante um jogo de futsal num pavilh\u00e3o, obrigando a v\u00edtima a entregar as suas pe\u00e7as de roupa.<\/li>\n<li>O crime aconteceu no s\u00e1bado, ap\u00f3s a v\u00edtima contactar as autoridades; o agressor agarrou o \u00e1rbitro da esfera desportiva e levou-o aos balne\u00e1rios.<\/li>\n<li>Na zona de balne\u00e1rios, a v\u00edtima teve bens pessoais subtra\u00eddos e foi obrigada a despir, com o ladr\u00e3o a vestir a indument\u00e1ria do homem.<\/li>\n<li>O suspeito foi localizado em Linda-a-Velha, ainda com a roupa da v\u00edtima.<\/li>\n<li>Tendo antecedentes, ficou em pris\u00e3o preventiva ap\u00f3s audi\u00eancia em tribunal.<\/li>\n<\/ul>\n","protected":false},"author":2,"featured_media":176287,"comment_status":"closed","ping_status":"closed","sticky":false,"template":"","format":"standard","meta":{"footnotes":""},"categories":[1],"tags":[147,161,4441,1198,203,3102],"class_list":["post-176283","post","type-post","status-publish","format-standard","has-post-thumbnail","hentry","category-noticias","tag-crime","tag-futsal","tag-linda-a-velha","tag-oeiras","tag-roubo","tag-roubo-agravado"],"yoast_head":"<!-- This site is optimized with the Yoast SEO plugin v27.2 - https:\/\/yoast.com\/product\/yoast-seo-wordpress\/ -->\n<title>Ladr\u00e3o troca de roupa com v\u00edtima durante jogo de futsal em Oeiras - Portal Tela Portugal<\/title>\n<meta name=\"robots\" content=\"index, follow, max-snippet:-1, max-image-preview:large, max-video-preview:-1\" \/>\n<meta property=\"og:locale\" content=\"pt_PT\" \/>\n<meta property=\"og:type\" content=\"article\" \/>\n<meta property=\"og:title\" content=\"Ladr\u00e3o troca de roupa com v\u00edtima durante jogo de futsal em Oeiras - Portal Tela Portugal\" \/>\n<meta property=\"og:description\" content=\"Um jovem de 19 anos foi detido pela Pol\u00edcia de Seguran\u00e7a P\u00fablica (PSP) de Oeiras por assaltar um homem durante um jogo de futsal num pavilh\u00e3o, obrigando a v\u00edtima a entregar as suas pe\u00e7as de roupa. O crime aconteceu no s\u00e1bado, ap\u00f3s a v\u00edtima contactar as autoridades; o agressor agarrou o \u00e1rbitro da esfera desportiva e levou-o aos balne\u00e1rios. Na zona de balne\u00e1rios, a v\u00edtima teve bens pessoais subtra\u00eddos e foi obrigada a despir, com o ladr\u00e3o a vestir a indument\u00e1ria do homem. O suspeito foi localizado em Linda-a-Velha, ainda com a roupa da v\u00edtima. Tendo antecedentes, ficou em pris\u00e3o preventiva ap\u00f3s audi\u00eancia em tribunal.\" \/>\n<meta property=\"og:url\" content=\"https:\/\/portaltela.pt\/noticias\/2026\/01\/27\/ladrao-troca-de-roupa-com-vitima-durante-jogo-de-futsal-em-oeiras\/\" \/>\n<meta property=\"og:site_name\" content=\"Portal Tela Portugal\" \/>\n<meta property=\"article:published_time\" content=\"2026-01-27T11:44:50+00:00\" \/>\n<meta name=\"author\" content=\"Telinha\" \/>\n<meta name=\"twitter:card\" content=\"summary_large_image\" \/>\n<meta name=\"twitter:label1\" content=\"Escrito por\" \/>\n\t<meta name=\"twitter:data1\" content=\"Telinha\" \/>\n\t<meta name=\"twitter:label2\" content=\"Tempo estimado de leitura\" \/>\n\t<meta name=\"twitter:data2\" content=\"1 minuto\" \/>\n<script type=\"application\/ld+json\" class=\"yoast-schema-graph\">{\"@context\":\"https:\/\/schema.org\",\"@graph\":[{\"@type\":\"Article\",\"@id\":\"https:\/\/portaltela.pt\/noticias\/2026\/01\/27\/ladrao-troca-de-roupa-com-vitima-durante-jogo-de-futsal-em-oeiras\/#article\",\"isPartOf\":{\"@id\":\"https:\/\/portaltela.pt\/noticias\/2026\/01\/27\/ladrao-troca-de-roupa-com-vitima-durante-jogo-de-futsal-em-oeiras\/\"},\"author\":{\"name\":\"Telinha\",\"@id\":\"https:\/\/portaltela.pt\/#\/schema\/person\/c4278d4a6028830caff9ee44b42d32ed\"},\"headline\":\"Ladr\u00e3o troca de roupa com v\u00edtima durante jogo de futsal em Oeiras\",\"datePublished\":\"2026-01-27T11:44:50+00:00\",\"mainEntityOfPage\":{\"@id\":\"https:\/\/portaltela.pt\/noticias\/2026\/01\/27\/ladrao-troca-de-roupa-com-vitima-durante-jogo-de-futsal-em-oeiras\/\"},\"wordCount\":171,\"image\":{\"@id\":\"https:\/\/portaltela.pt\/noticias\/2026\/01\/27\/ladrao-troca-de-roupa-com-vitima-durante-jogo-de-futsal-em-oeiras\/#primaryimage\"},\"thumbnailUrl\":\"https:\/\/portaltela.pt\/s.01k8rhncp4jt1\/2026\/01\/img_1500x1000uu2026-01-09-17-24-33-2259093-1.jpg\",\"keywords\":[\"crime\",\"futsal\",\"Linda-a-Velha\",\"Oeiras\",\"roubo\",\"roubo agravado\"],\"articleSection\":[\"Not\u00edcias\"],\"inLanguage\":\"pt-PT\"},{\"@type\":\"WebPage\",\"@id\":\"https:\/\/portaltela.pt\/noticias\/2026\/01\/27\/ladrao-troca-de-roupa-com-vitima-durante-jogo-de-futsal-em-oeiras\/\",\"url\":\"https:\/\/portaltela.pt\/noticias\/2026\/01\/27\/ladrao-troca-de-roupa-com-vitima-durante-jogo-de-futsal-em-oeiras\/\",\"name\":\"Ladr\u00e3o troca de roupa com v\u00edtima durante jogo de futsal em Oeiras - Portal Tela Portugal\",\"isPartOf\":{\"@id\":\"https:\/\/portaltela.pt\/#website\"},\"primaryImageOfPage\":{\"@id\":\"https:\/\/portaltela.pt\/noticias\/2026\/01\/27\/ladrao-troca-de-roupa-com-vitima-durante-jogo-de-futsal-em-oeiras\/#primaryimage\"},\"image\":{\"@id\":\"https:\/\/portaltela.pt\/noticias\/2026\/01\/27\/ladrao-troca-de-roupa-com-vitima-durante-jogo-de-futsal-em-oeiras\/#primaryimage\"},\"thumbnailUrl\":\"https:\/\/portaltela.pt\/s.01k8rhncp4jt1\/2026\/01\/img_1500x1000uu2026-01-09-17-24-33-2259093-1.jpg\",\"datePublished\":\"2026-01-27T11:44:50+00:00\",\"author\":{\"@id\":\"https:\/\/portaltela.pt\/#\/schema\/person\/c4278d4a6028830caff9ee44b42d32ed\"},\"breadcrumb\":{\"@id\":\"https:\/\/portaltela.pt\/noticias\/2026\/01\/27\/ladrao-troca-de-roupa-com-vitima-durante-jogo-de-futsal-em-oeiras\/#breadcrumb\"},\"inLanguage\":\"pt-PT\",\"potentialAction\":[{\"@type\":\"ReadAction\",\"target\":[\"https:\/\/portaltela.pt\/noticias\/2026\/01\/27\/ladrao-troca-de-roupa-com-vitima-durante-jogo-de-futsal-em-oeiras\/\"]}]},{\"@type\":\"ImageObject\",\"inLanguage\":\"pt-PT\",\"@id\":\"https:\/\/portaltela.pt\/noticias\/2026\/01\/27\/ladrao-troca-de-roupa-com-vitima-durante-jogo-de-futsal-em-oeiras\/#primaryimage\",\"url\":\"https:\/\/portaltela.pt\/s.01k8rhncp4jt1\/2026\/01\/img_1500x1000uu2026-01-09-17-24-33-2259093-1.jpg\",\"contentUrl\":\"https:\/\/portaltela.pt\/s.01k8rhncp4jt1\/2026\/01\/img_1500x1000uu2026-01-09-17-24-33-2259093-1.jpg\",\"width\":796,\"height\":448,\"caption\":\"PSP de Oeiras efetuou a deten\u00e7\u00e3o do suspeito\"},{\"@type\":\"BreadcrumbList\",\"@id\":\"https:\/\/portaltela.pt\/noticias\/2026\/01\/27\/ladrao-troca-de-roupa-com-vitima-durante-jogo-de-futsal-em-oeiras\/#breadcrumb\",\"itemListElement\":[{\"@type\":\"ListItem\",\"position\":1,\"name\":\"In\u00edcio\",\"item\":\"https:\/\/portaltela.pt\/\"},{\"@type\":\"ListItem\",\"position\":2,\"name\":\"Ladr\u00e3o troca de roupa com v\u00edtima durante jogo de futsal em Oeiras\"}]},{\"@type\":\"WebSite\",\"@id\":\"https:\/\/portaltela.pt\/#website\",\"url\":\"https:\/\/portaltela.pt\/\",\"name\":\"Portal Tela Portugal\",\"description\":\"\",\"potentialAction\":[{\"@type\":\"SearchAction\",\"target\":{\"@type\":\"EntryPoint\",\"urlTemplate\":\"https:\/\/portaltela.pt\/?s={search_term_string}\"},\"query-input\":{\"@type\":\"PropertyValueSpecification\",\"valueRequired\":true,\"valueName\":\"search_term_string\"}}],\"inLanguage\":\"pt-PT\"},{\"@type\":\"Person\",\"@id\":\"https:\/\/portaltela.pt\/#\/schema\/person\/c4278d4a6028830caff9ee44b42d32ed\",\"name\":\"Telinha\",\"image\":{\"@type\":\"ImageObject\",\"inLanguage\":\"pt-PT\",\"@id\":\"https:\/\/portaltela.pt\/s.01k8rhncp4jt1\/2025\/11\/talking-bot-125x125.png\",\"url\":\"https:\/\/portaltela.pt\/s.01k8rhncp4jt1\/2025\/11\/talking-bot-125x125.png\",\"contentUrl\":\"https:\/\/portaltela.pt\/s.01k8rhncp4jt1\/2025\/11\/talking-bot-125x125.png\",\"caption\":\"Telinha\"},\"sameAs\":[\"https:\/\/portaltela.pt\/\"],\"url\":\"https:\/\/portaltela.pt\/por\/367410592786\/\"}]}<\/script>\n<!-- \/ Yoast SEO plugin. -->","yoast_head_json":{"title":"Ladr\u00e3o troca de roupa com v\u00edtima durante jogo de futsal em Oeiras - Portal Tela Portugal","robots":{"index":"index","follow":"follow","max-snippet":"max-snippet:-1","max-image-preview":"max-image-preview:large","max-video-preview":"max-video-preview:-1"},"og_locale":"pt_PT","og_type":"article","og_title":"Ladr\u00e3o troca de roupa com v\u00edtima durante jogo de futsal em Oeiras - Portal Tela Portugal","og_description":"Um jovem de 19 anos foi detido pela Pol\u00edcia de Seguran\u00e7a P\u00fablica (PSP) de Oeiras por assaltar um homem durante um jogo de futsal num pavilh\u00e3o, obrigando a v\u00edtima a entregar as suas pe\u00e7as de roupa. O crime aconteceu no s\u00e1bado, ap\u00f3s a v\u00edtima contactar as autoridades; o agressor agarrou o \u00e1rbitro da esfera desportiva e levou-o aos balne\u00e1rios. Na zona de balne\u00e1rios, a v\u00edtima teve bens pessoais subtra\u00eddos e foi obrigada a despir, com o ladr\u00e3o a vestir a indument\u00e1ria do homem. O suspeito foi localizado em Linda-a-Velha, ainda com a roupa da v\u00edtima. Tendo antecedentes, ficou em pris\u00e3o preventiva ap\u00f3s audi\u00eancia em tribunal.","og_url":"https:\/\/portaltela.pt\/noticias\/2026\/01\/27\/ladrao-troca-de-roupa-com-vitima-durante-jogo-de-futsal-em-oeiras\/","og_site_name":"Portal Tela Portugal","article_published_time":"2026-01-27T11:44:50+00:00","author":"Telinha","twitter_card":"summary_large_image","twitter_misc":{"Escrito por":"Telinha","Tempo estimado de leitura":"1 minuto"},"schema":{"@context":"https:\/\/schema.org","@graph":[{"@type":"Article","@id":"https:\/\/portaltela.pt\/noticias\/2026\/01\/27\/ladrao-troca-de-roupa-com-vitima-durante-jogo-de-futsal-em-oeiras\/#article","isPartOf":{"@id":"https:\/\/portaltela.pt\/noticias\/2026\/01\/27\/ladrao-troca-de-roupa-com-vitima-durante-jogo-de-futsal-em-oeiras\/"},"author":{"name":"Telinha","@id":"https:\/\/portaltela.pt\/#\/schema\/person\/c4278d4a6028830caff9ee44b42d32ed"},"headline":"Ladr\u00e3o troca de roupa com v\u00edtima durante jogo de futsal em Oeiras","datePublished":"2026-01-27T11:44:50+00:00","mainEntityOfPage":{"@id":"https:\/\/portaltela.pt\/noticias\/2026\/01\/27\/ladrao-troca-de-roupa-com-vitima-durante-jogo-de-futsal-em-oeiras\/"},"wordCount":171,"image":{"@id":"https:\/\/portaltela.pt\/noticias\/2026\/01\/27\/ladrao-troca-de-roupa-com-vitima-durante-jogo-de-futsal-em-oeiras\/#primaryimage"},"thumbnailUrl":"https:\/\/portaltela.pt\/s.01k8rhncp4jt1\/2026\/01\/img_1500x1000uu2026-01-09-17-24-33-2259093-1.jpg","keywords":["crime","futsal","Linda-a-Velha","Oeiras","roubo","roubo agravado"],"articleSection":["Not\u00edcias"],"inLanguage":"pt-PT"},{"@type":"WebPage","@id":"https:\/\/portaltela.pt\/noticias\/2026\/01\/27\/ladrao-troca-de-roupa-com-vitima-durante-jogo-de-futsal-em-oeiras\/","url":"https:\/\/portaltela.pt\/noticias\/2026\/01\/27\/ladrao-troca-de-roupa-com-vitima-durante-jogo-de-futsal-em-oeiras\/","name":"Ladr\u00e3o troca de roupa com v\u00edtima durante jogo de futsal em Oeiras - Portal Tela Portugal","isPartOf":{"@id":"https:\/\/portaltela.pt\/#website"},"primaryImageOfPage":{"@id":"https:\/\/portaltela.pt\/noticias\/2026\/01\/27\/ladrao-troca-de-roupa-com-vitima-durante-jogo-de-futsal-em-oeiras\/#primaryimage"},"image":{"@id":"https:\/\/portaltela.pt\/noticias\/2026\/01\/27\/ladrao-troca-de-roupa-com-vitima-durante-jogo-de-futsal-em-oeiras\/#primaryimage"},"thumbnailUrl":"https:\/\/portaltela.pt\/s.01k8rhncp4jt1\/2026\/01\/img_1500x1000uu2026-01-09-17-24-33-2259093-1.jpg","datePublished":"2026-01-27T11:44:50+00:00","author":{"@id":"https:\/\/portaltela.pt\/#\/schema\/person\/c4278d4a6028830caff9ee44b42d32ed"},"breadcrumb":{"@id":"https:\/\/portaltela.pt\/noticias\/2026\/01\/27\/ladrao-troca-de-roupa-com-vitima-durante-jogo-de-futsal-em-oeiras\/#breadcrumb"},"inLanguage":"pt-PT","potentialAction":[{"@type":"ReadAction","target":["https:\/\/portaltela.pt\/noticias\/2026\/01\/27\/ladrao-troca-de-roupa-com-vitima-durante-jogo-de-futsal-em-oeiras\/"]}]},{"@type":"ImageObject","inLanguage":"pt-PT","@id":"https:\/\/portaltela.pt\/noticias\/2026\/01\/27\/ladrao-troca-de-roupa-com-vitima-durante-jogo-de-futsal-em-oeiras\/#primaryimage","url":"https:\/\/portaltela.pt\/s.01k8rhncp4jt1\/2026\/01\/img_1500x1000uu2026-01-09-17-24-33-2259093-1.jpg","contentUrl":"https:\/\/portaltela.pt\/s.01k8rhncp4jt1\/2026\/01\/img_1500x1000uu2026-01-09-17-24-33-2259093-1.jpg","width":796,"height":448,"caption":"PSP de Oeiras efetuou a deten\u00e7\u00e3o do suspeito"},{"@type":"BreadcrumbList","@id":"https:\/\/portaltela.pt\/noticias\/2026\/01\/27\/ladrao-troca-de-roupa-com-vitima-durante-jogo-de-futsal-em-oeiras\/#breadcrumb","itemListElement":[{"@type":"ListItem","position":1,"name":"In\u00edcio","item":"https:\/\/portaltela.pt\/"},{"@type":"ListItem","position":2,"name":"Ladr\u00e3o troca de roupa com v\u00edtima durante jogo de futsal em Oeiras"}]},{"@type":"WebSite","@id":"https:\/\/portaltela.pt\/#website","url":"https:\/\/portaltela.pt\/","name":"Portal Tela Portugal","description":"","potentialAction":[{"@type":"SearchAction","target":{"@type":"EntryPoint","urlTemplate":"https:\/\/portaltela.pt\/?s={search_term_string}"},"query-input":{"@type":"PropertyValueSpecification","valueRequired":true,"valueName":"search_term_string"}}],"inLanguage":"pt-PT"},{"@type":"Person","@id":"https:\/\/portaltela.pt\/#\/schema\/person\/c4278d4a6028830caff9ee44b42d32ed","name":"Telinha","image":{"@type":"ImageObject","inLanguage":"pt-PT","@id":"https:\/\/portaltela.pt\/s.01k8rhncp4jt1\/2025\/11\/talking-bot-125x125.png","url":"https:\/\/portaltela.pt\/s.01k8rhncp4jt1\/2025\/11\/talking-bot-125x125.png","contentUrl":"https:\/\/portaltela.pt\/s.01k8rhncp4jt1\/2025\/11\/talking-bot-125x125.png","caption":"Telinha"},"sameAs":["https:\/\/portaltela.pt\/"],"url":"https:\/\/portaltela.pt\/por\/367410592786\/"}]}},"_links":{"self":[{"href":"https:\/\/portaltela.pt\/api\/wp\/v2\/posts\/176283","targetHints":{"allow":["GET"]}}],"collection":[{"href":"https:\/\/portaltela.pt\/api\/wp\/v2\/posts"}],"about":[{"href":"https:\/\/portaltela.pt\/api\/wp\/v2\/types\/post"}],"author":[{"embeddable":true,"href":"https:\/\/portaltela.pt\/api\/wp\/v2\/users\/2"}],"replies":[{"embeddable":true,"href":"https:\/\/portaltela.pt\/api\/wp\/v2\/comments?post=176283"}],"version-history":[{"count":0,"href":"https:\/\/portaltela.pt\/api\/wp\/v2\/posts\/176283\/revisions"}],"wp:featuredmedia":[{"embeddable":true,"href":"https:\/\/portaltela.pt\/api\/wp\/v2\/media\/176287"}],"wp:attachment":[{"href":"https:\/\/portaltela.pt\/api\/wp\/v2\/media?parent=176283"}],"wp:term":[{"taxonomy":"category","embeddable":true,"href":"https:\/\/portaltela.pt\/api\/wp\/v2\/categories?post=176283"},{"taxonomy":"post_tag","embeddable":true,"href":"https:\/\/portaltela.pt\/api\/wp\/v2\/tags?post=176283"}],"curies":[{"name":"wp","href":"https:\/\/api.w.org\/{rel}","templated":true}]}}