{"id":176274,"date":"2026-01-27T08:16:00","date_gmt":"2026-01-27T11:16:00","guid":{"rendered":"https:\/\/portaltela.pt\/noticias\/2026\/01\/27\/mette-frederiksen-mantem-posicao-firme-frente-a-trump\/"},"modified":"2026-01-27T08:16:00","modified_gmt":"2026-01-27T11:16:00","slug":"mette-frederiksen-mantem-posicao-firme-frente-a-trump","status":"publish","type":"post","link":"https:\/\/portaltela.pt\/noticias\/politica\/2026\/01\/27\/mette-frederiksen-mantem-posicao-firme-frente-a-trump\/","title":{"rendered":"Mette Frederiksen mant\u00e9m posi\u00e7\u00e3o firme frente a Trump"},"content":{"rendered":"<p>A primeira-ministra da Dinamarca, Mette Frederiksen, mant\u00e9m pol\u00edticas r\u00edgidas de imigra\u00e7\u00e3o enquanto defende o Estado social. A dirigente, segunda mulher no cargo, atua para salvaguardar os servi\u00e7os p\u00fablicos diante de press\u00f5es externas. Recentemente, revelou tamb\u00e9m que aprendeu a fazer p\u00e3o de fermenta\u00e7\u00e3o natural.<\/p>\n<p>Frederiksen dirige o governo dinamarqu\u00eas numa linha que combina controlo de fronteiras com prote\u00e7\u00e3o social, procurando manter a coes\u00e3o econ\u00f3mica do pa\u00eds. As declara\u00e7\u00f5es tamb\u00e9m refor\u00e7am a posi\u00e7\u00e3o de lideran\u00e7a feminina na pol\u00edtica dinamarquesa.<\/p>\n<p>No debate com a administra\u00e7\u00e3o dos Estados Unidos, a primeira-ministra reafirmou que a Gronel\u00e2ndia n\u00e3o est\u00e1 \u00e0 venda. O posicionamento visa impedir altera\u00e7\u00f5es for\u00e7adas de fronteiras e tranquilizar as na\u00e7\u00f5es pequenas diante do poder dos grandes, mantendo o compromisso da Dinamarca com a regi\u00e3o.<\/p>\n","protected":false},"excerpt":{"rendered":"<ul>\n<li>A primeira-ministra da Dinamarca, Mette Frederiksen, \u00e9 a segunda mulher a ocupar o cargo e gere pol\u00edticas duras de imigra\u00e7\u00e3o com prote\u00e7\u00e3o do Estado social.<\/li>\n<li>Enfrenta a press\u00e3o dos Estados Unidos sobre a Gronel\u00e2ndia, afirmando que a regi\u00e3o n\u00e3o est\u00e1 \u00e0 venda.<\/li>\n<li>Afirma que as fronteiras n\u00e3o podem ser alteradas \u00e0 for\u00e7a e que a Dinamarca vai proteger a Gronel\u00e2ndia.<\/li>\n<li>As mensagens de Frederiksen v\u00e3o diretas ao presidente dos Estados Unidos, buscando impedir o cen\u00e1rio desejado por ele.<\/li>\n<li>Partilha reflex\u00f5es no Instagram e revelou ter aprendido a fazer p\u00e3o de fermenta\u00e7\u00e3o natural.<\/li>\n<\/ul>\n","protected":false},"author":2,"featured_media":176279,"comment_status":"closed","ping_status":"closed","sticky":false,"template":"","format":"standard","meta":{"footnotes":""},"categories":[1,5],"tags":[2503,2685,3238,712,2701,2832],"class_list":["post-176274","post","type-post","status-publish","format-standard","has-post-thumbnail","hentry","category-noticias","category-politica","tag-dinamarca","tag-estado-social","tag-fronteiras-internacionais","tag-imigracao","tag-mulheres","tag-politica"],"yoast_head":"<!-- This site is optimized with the Yoast SEO plugin v27.2 - https:\/\/yoast.com\/product\/yoast-seo-wordpress\/ -->\n<title>Mette Frederiksen mant\u00e9m posi\u00e7\u00e3o firme frente a Trump - Portal Tela Portugal<\/title>\n<meta name=\"robots\" content=\"index, follow, max-snippet:-1, max-image-preview:large, max-video-preview:-1\" \/>\n<meta property=\"og:locale\" content=\"pt_PT\" \/>\n<meta property=\"og:type\" content=\"article\" \/>\n<meta property=\"og:title\" content=\"Mette Frederiksen mant\u00e9m posi\u00e7\u00e3o firme frente a Trump - Portal Tela Portugal\" \/>\n<meta property=\"og:description\" content=\"A primeira-ministra da Dinamarca, Mette Frederiksen, \u00e9 a segunda mulher a ocupar o cargo e gere pol\u00edticas duras de imigra\u00e7\u00e3o com prote\u00e7\u00e3o do Estado social. Enfrenta a press\u00e3o dos Estados Unidos sobre a Gronel\u00e2ndia, afirmando que a regi\u00e3o n\u00e3o est\u00e1 \u00e0 venda. Afirma que as fronteiras n\u00e3o podem ser alteradas \u00e0 for\u00e7a e que a Dinamarca vai proteger a Gronel\u00e2ndia. As mensagens de Frederiksen v\u00e3o diretas ao presidente dos Estados Unidos, buscando impedir o cen\u00e1rio desejado por ele. Partilha reflex\u00f5es no Instagram e revelou ter aprendido a fazer p\u00e3o de fermenta\u00e7\u00e3o natural.\" \/>\n<meta property=\"og:url\" content=\"https:\/\/portaltela.pt\/noticias\/2026\/01\/27\/mette-frederiksen-mantem-posicao-firme-frente-a-trump\/\" \/>\n<meta property=\"og:site_name\" content=\"Portal Tela Portugal\" \/>\n<meta property=\"article:published_time\" content=\"2026-01-27T11:16:00+00:00\" \/>\n<meta name=\"author\" content=\"Telinha\" \/>\n<meta name=\"twitter:card\" content=\"summary_large_image\" \/>\n<meta name=\"twitter:label1\" content=\"Escrito por\" \/>\n\t<meta name=\"twitter:data1\" content=\"Telinha\" \/>\n\t<meta name=\"twitter:label2\" content=\"Tempo estimado de leitura\" \/>\n\t<meta name=\"twitter:data2\" content=\"1 minuto\" \/>\n<script type=\"application\/ld+json\" class=\"yoast-schema-graph\">{\"@context\":\"https:\/\/schema.org\",\"@graph\":[{\"@type\":\"Article\",\"@id\":\"https:\/\/portaltela.pt\/noticias\/2026\/01\/27\/mette-frederiksen-mantem-posicao-firme-frente-a-trump\/#article\",\"isPartOf\":{\"@id\":\"https:\/\/portaltela.pt\/noticias\/2026\/01\/27\/mette-frederiksen-mantem-posicao-firme-frente-a-trump\/\"},\"author\":{\"name\":\"Telinha\",\"@id\":\"https:\/\/portaltela.pt\/#\/schema\/person\/c4278d4a6028830caff9ee44b42d32ed\"},\"headline\":\"Mette Frederiksen mant\u00e9m posi\u00e7\u00e3o firme frente a Trump\",\"datePublished\":\"2026-01-27T11:16:00+00:00\",\"mainEntityOfPage\":{\"@id\":\"https:\/\/portaltela.pt\/noticias\/2026\/01\/27\/mette-frederiksen-mantem-posicao-firme-frente-a-trump\/\"},\"wordCount\":158,\"image\":{\"@id\":\"https:\/\/portaltela.pt\/noticias\/2026\/01\/27\/mette-frederiksen-mantem-posicao-firme-frente-a-trump\/#primaryimage\"},\"thumbnailUrl\":\"https:\/\/portaltela.pt\/s.01k8rhncp4jt1\/2026\/01\/image-1843.jpg\",\"keywords\":[\"Dinamarca\",\"Estado Social\",\"fronteiras internacionais\",\"imigra\u00e7\u00e3o\",\"Mulheres\",\"pol\u00edtica\"],\"articleSection\":[\"Not\u00edcias\",\"Pol\u00edtica\"],\"inLanguage\":\"pt-PT\"},{\"@type\":\"WebPage\",\"@id\":\"https:\/\/portaltela.pt\/noticias\/2026\/01\/27\/mette-frederiksen-mantem-posicao-firme-frente-a-trump\/\",\"url\":\"https:\/\/portaltela.pt\/noticias\/2026\/01\/27\/mette-frederiksen-mantem-posicao-firme-frente-a-trump\/\",\"name\":\"Mette Frederiksen mant\u00e9m posi\u00e7\u00e3o firme frente a Trump - Portal Tela Portugal\",\"isPartOf\":{\"@id\":\"https:\/\/portaltela.pt\/#website\"},\"primaryImageOfPage\":{\"@id\":\"https:\/\/portaltela.pt\/noticias\/2026\/01\/27\/mette-frederiksen-mantem-posicao-firme-frente-a-trump\/#primaryimage\"},\"image\":{\"@id\":\"https:\/\/portaltela.pt\/noticias\/2026\/01\/27\/mette-frederiksen-mantem-posicao-firme-frente-a-trump\/#primaryimage\"},\"thumbnailUrl\":\"https:\/\/portaltela.pt\/s.01k8rhncp4jt1\/2026\/01\/image-1843.jpg\",\"datePublished\":\"2026-01-27T11:16:00+00:00\",\"author\":{\"@id\":\"https:\/\/portaltela.pt\/#\/schema\/person\/c4278d4a6028830caff9ee44b42d32ed\"},\"breadcrumb\":{\"@id\":\"https:\/\/portaltela.pt\/noticias\/2026\/01\/27\/mette-frederiksen-mantem-posicao-firme-frente-a-trump\/#breadcrumb\"},\"inLanguage\":\"pt-PT\",\"potentialAction\":[{\"@type\":\"ReadAction\",\"target\":[\"https:\/\/portaltela.pt\/noticias\/2026\/01\/27\/mette-frederiksen-mantem-posicao-firme-frente-a-trump\/\"]}]},{\"@type\":\"ImageObject\",\"inLanguage\":\"pt-PT\",\"@id\":\"https:\/\/portaltela.pt\/noticias\/2026\/01\/27\/mette-frederiksen-mantem-posicao-firme-frente-a-trump\/#primaryimage\",\"url\":\"https:\/\/portaltela.pt\/s.01k8rhncp4jt1\/2026\/01\/image-1843.jpg\",\"contentUrl\":\"https:\/\/portaltela.pt\/s.01k8rhncp4jt1\/2026\/01\/image-1843.jpg\",\"width\":796,\"height\":448,\"caption\":\"Imagem de contexto do artigo Mette Frederiksen: a pol\u00edtica destemida que bate o p\u00e9 a Trump\"},{\"@type\":\"BreadcrumbList\",\"@id\":\"https:\/\/portaltela.pt\/noticias\/2026\/01\/27\/mette-frederiksen-mantem-posicao-firme-frente-a-trump\/#breadcrumb\",\"itemListElement\":[{\"@type\":\"ListItem\",\"position\":1,\"name\":\"In\u00edcio\",\"item\":\"https:\/\/portaltela.pt\/\"},{\"@type\":\"ListItem\",\"position\":2,\"name\":\"Mette Frederiksen mant\u00e9m posi\u00e7\u00e3o firme frente a Trump\"}]},{\"@type\":\"WebSite\",\"@id\":\"https:\/\/portaltela.pt\/#website\",\"url\":\"https:\/\/portaltela.pt\/\",\"name\":\"Portal Tela Portugal\",\"description\":\"\",\"potentialAction\":[{\"@type\":\"SearchAction\",\"target\":{\"@type\":\"EntryPoint\",\"urlTemplate\":\"https:\/\/portaltela.pt\/?s={search_term_string}\"},\"query-input\":{\"@type\":\"PropertyValueSpecification\",\"valueRequired\":true,\"valueName\":\"search_term_string\"}}],\"inLanguage\":\"pt-PT\"},{\"@type\":\"Person\",\"@id\":\"https:\/\/portaltela.pt\/#\/schema\/person\/c4278d4a6028830caff9ee44b42d32ed\",\"name\":\"Telinha\",\"image\":{\"@type\":\"ImageObject\",\"inLanguage\":\"pt-PT\",\"@id\":\"https:\/\/portaltela.pt\/s.01k8rhncp4jt1\/2025\/11\/talking-bot-125x125.png\",\"url\":\"https:\/\/portaltela.pt\/s.01k8rhncp4jt1\/2025\/11\/talking-bot-125x125.png\",\"contentUrl\":\"https:\/\/portaltela.pt\/s.01k8rhncp4jt1\/2025\/11\/talking-bot-125x125.png\",\"caption\":\"Telinha\"},\"sameAs\":[\"https:\/\/portaltela.pt\/\"],\"url\":\"https:\/\/portaltela.pt\/por\/367410592786\/\"}]}<\/script>\n<!-- \/ Yoast SEO plugin. -->","yoast_head_json":{"title":"Mette Frederiksen mant\u00e9m posi\u00e7\u00e3o firme frente a Trump - Portal Tela Portugal","robots":{"index":"index","follow":"follow","max-snippet":"max-snippet:-1","max-image-preview":"max-image-preview:large","max-video-preview":"max-video-preview:-1"},"og_locale":"pt_PT","og_type":"article","og_title":"Mette Frederiksen mant\u00e9m posi\u00e7\u00e3o firme frente a Trump - Portal Tela Portugal","og_description":"A primeira-ministra da Dinamarca, Mette Frederiksen, \u00e9 a segunda mulher a ocupar o cargo e gere pol\u00edticas duras de imigra\u00e7\u00e3o com prote\u00e7\u00e3o do Estado social. Enfrenta a press\u00e3o dos Estados Unidos sobre a Gronel\u00e2ndia, afirmando que a regi\u00e3o n\u00e3o est\u00e1 \u00e0 venda. Afirma que as fronteiras n\u00e3o podem ser alteradas \u00e0 for\u00e7a e que a Dinamarca vai proteger a Gronel\u00e2ndia. As mensagens de Frederiksen v\u00e3o diretas ao presidente dos Estados Unidos, buscando impedir o cen\u00e1rio desejado por ele. Partilha reflex\u00f5es no Instagram e revelou ter aprendido a fazer p\u00e3o de fermenta\u00e7\u00e3o natural.","og_url":"https:\/\/portaltela.pt\/noticias\/2026\/01\/27\/mette-frederiksen-mantem-posicao-firme-frente-a-trump\/","og_site_name":"Portal Tela Portugal","article_published_time":"2026-01-27T11:16:00+00:00","author":"Telinha","twitter_card":"summary_large_image","twitter_misc":{"Escrito por":"Telinha","Tempo estimado de leitura":"1 minuto"},"schema":{"@context":"https:\/\/schema.org","@graph":[{"@type":"Article","@id":"https:\/\/portaltela.pt\/noticias\/2026\/01\/27\/mette-frederiksen-mantem-posicao-firme-frente-a-trump\/#article","isPartOf":{"@id":"https:\/\/portaltela.pt\/noticias\/2026\/01\/27\/mette-frederiksen-mantem-posicao-firme-frente-a-trump\/"},"author":{"name":"Telinha","@id":"https:\/\/portaltela.pt\/#\/schema\/person\/c4278d4a6028830caff9ee44b42d32ed"},"headline":"Mette Frederiksen mant\u00e9m posi\u00e7\u00e3o firme frente a Trump","datePublished":"2026-01-27T11:16:00+00:00","mainEntityOfPage":{"@id":"https:\/\/portaltela.pt\/noticias\/2026\/01\/27\/mette-frederiksen-mantem-posicao-firme-frente-a-trump\/"},"wordCount":158,"image":{"@id":"https:\/\/portaltela.pt\/noticias\/2026\/01\/27\/mette-frederiksen-mantem-posicao-firme-frente-a-trump\/#primaryimage"},"thumbnailUrl":"https:\/\/portaltela.pt\/s.01k8rhncp4jt1\/2026\/01\/image-1843.jpg","keywords":["Dinamarca","Estado Social","fronteiras internacionais","imigra\u00e7\u00e3o","Mulheres","pol\u00edtica"],"articleSection":["Not\u00edcias","Pol\u00edtica"],"inLanguage":"pt-PT"},{"@type":"WebPage","@id":"https:\/\/portaltela.pt\/noticias\/2026\/01\/27\/mette-frederiksen-mantem-posicao-firme-frente-a-trump\/","url":"https:\/\/portaltela.pt\/noticias\/2026\/01\/27\/mette-frederiksen-mantem-posicao-firme-frente-a-trump\/","name":"Mette Frederiksen mant\u00e9m posi\u00e7\u00e3o firme frente a Trump - Portal Tela Portugal","isPartOf":{"@id":"https:\/\/portaltela.pt\/#website"},"primaryImageOfPage":{"@id":"https:\/\/portaltela.pt\/noticias\/2026\/01\/27\/mette-frederiksen-mantem-posicao-firme-frente-a-trump\/#primaryimage"},"image":{"@id":"https:\/\/portaltela.pt\/noticias\/2026\/01\/27\/mette-frederiksen-mantem-posicao-firme-frente-a-trump\/#primaryimage"},"thumbnailUrl":"https:\/\/portaltela.pt\/s.01k8rhncp4jt1\/2026\/01\/image-1843.jpg","datePublished":"2026-01-27T11:16:00+00:00","author":{"@id":"https:\/\/portaltela.pt\/#\/schema\/person\/c4278d4a6028830caff9ee44b42d32ed"},"breadcrumb":{"@id":"https:\/\/portaltela.pt\/noticias\/2026\/01\/27\/mette-frederiksen-mantem-posicao-firme-frente-a-trump\/#breadcrumb"},"inLanguage":"pt-PT","potentialAction":[{"@type":"ReadAction","target":["https:\/\/portaltela.pt\/noticias\/2026\/01\/27\/mette-frederiksen-mantem-posicao-firme-frente-a-trump\/"]}]},{"@type":"ImageObject","inLanguage":"pt-PT","@id":"https:\/\/portaltela.pt\/noticias\/2026\/01\/27\/mette-frederiksen-mantem-posicao-firme-frente-a-trump\/#primaryimage","url":"https:\/\/portaltela.pt\/s.01k8rhncp4jt1\/2026\/01\/image-1843.jpg","contentUrl":"https:\/\/portaltela.pt\/s.01k8rhncp4jt1\/2026\/01\/image-1843.jpg","width":796,"height":448,"caption":"Imagem de contexto do artigo Mette Frederiksen: a pol\u00edtica destemida que bate o p\u00e9 a Trump"},{"@type":"BreadcrumbList","@id":"https:\/\/portaltela.pt\/noticias\/2026\/01\/27\/mette-frederiksen-mantem-posicao-firme-frente-a-trump\/#breadcrumb","itemListElement":[{"@type":"ListItem","position":1,"name":"In\u00edcio","item":"https:\/\/portaltela.pt\/"},{"@type":"ListItem","position":2,"name":"Mette Frederiksen mant\u00e9m posi\u00e7\u00e3o firme frente a Trump"}]},{"@type":"WebSite","@id":"https:\/\/portaltela.pt\/#website","url":"https:\/\/portaltela.pt\/","name":"Portal Tela Portugal","description":"","potentialAction":[{"@type":"SearchAction","target":{"@type":"EntryPoint","urlTemplate":"https:\/\/portaltela.pt\/?s={search_term_string}"},"query-input":{"@type":"PropertyValueSpecification","valueRequired":true,"valueName":"search_term_string"}}],"inLanguage":"pt-PT"},{"@type":"Person","@id":"https:\/\/portaltela.pt\/#\/schema\/person\/c4278d4a6028830caff9ee44b42d32ed","name":"Telinha","image":{"@type":"ImageObject","inLanguage":"pt-PT","@id":"https:\/\/portaltela.pt\/s.01k8rhncp4jt1\/2025\/11\/talking-bot-125x125.png","url":"https:\/\/portaltela.pt\/s.01k8rhncp4jt1\/2025\/11\/talking-bot-125x125.png","contentUrl":"https:\/\/portaltela.pt\/s.01k8rhncp4jt1\/2025\/11\/talking-bot-125x125.png","caption":"Telinha"},"sameAs":["https:\/\/portaltela.pt\/"],"url":"https:\/\/portaltela.pt\/por\/367410592786\/"}]}},"_links":{"self":[{"href":"https:\/\/portaltela.pt\/api\/wp\/v2\/posts\/176274","targetHints":{"allow":["GET"]}}],"collection":[{"href":"https:\/\/portaltela.pt\/api\/wp\/v2\/posts"}],"about":[{"href":"https:\/\/portaltela.pt\/api\/wp\/v2\/types\/post"}],"author":[{"embeddable":true,"href":"https:\/\/portaltela.pt\/api\/wp\/v2\/users\/2"}],"replies":[{"embeddable":true,"href":"https:\/\/portaltela.pt\/api\/wp\/v2\/comments?post=176274"}],"version-history":[{"count":0,"href":"https:\/\/portaltela.pt\/api\/wp\/v2\/posts\/176274\/revisions"}],"wp:featuredmedia":[{"embeddable":true,"href":"https:\/\/portaltela.pt\/api\/wp\/v2\/media\/176279"}],"wp:attachment":[{"href":"https:\/\/portaltela.pt\/api\/wp\/v2\/media?parent=176274"}],"wp:term":[{"taxonomy":"category","embeddable":true,"href":"https:\/\/portaltela.pt\/api\/wp\/v2\/categories?post=176274"},{"taxonomy":"post_tag","embeddable":true,"href":"https:\/\/portaltela.pt\/api\/wp\/v2\/tags?post=176274"}],"curies":[{"name":"wp","href":"https:\/\/api.w.org\/{rel}","templated":true}]}}