{"id":176230,"date":"2026-01-27T07:35:28","date_gmt":"2026-01-27T10:35:28","guid":{"rendered":"https:\/\/portaltela.pt\/noticias\/2026\/01\/27\/ue-e-india-fecham-maior-acordo-comercial-de-sempre-apos-18-anos-de-negociacoes\/"},"modified":"2026-01-27T07:35:28","modified_gmt":"2026-01-27T10:35:28","slug":"ue-e-india-fecham-maior-acordo-comercial-de-sempre-apos-18-anos-de-negociacoes","status":"publish","type":"post","link":"https:\/\/portaltela.pt\/noticias\/economia\/2026\/01\/27\/ue-e-india-fecham-maior-acordo-comercial-de-sempre-apos-18-anos-de-negociacoes\/","title":{"rendered":"UE e \u00cdndia fecham maior acordo comercial de sempre ap\u00f3s 18 anos de negocia\u00e7\u00f5es"},"content":{"rendered":"<p>A Uni\u00e3o Europeia e a \u00cdndia anunciaram, em Nova Deli, o fecho das negocia\u00e7\u00f5es do maior acordo comercial j\u00e1 celebrado entre as duas partes. O entendimento encerra um processo iniciado em 2007, interrompido e retomado em 2022, e cria uma zona de com\u00e9rcio livre que atinge cerca de dois mil milh\u00f5es de pessoas.<\/p>\n<p>O acordo, alcan\u00e7ado ao fim da 16.\u00aa cimeira UE-\u00cdndia, promete eliminar at\u00e9 quatro mil milh\u00f5es de euros em direitos aduaneiros por ano para exportadores europeus. A UE espera eliminar ou reduzir tarifas em 96,6% do valor das exporta\u00e7\u00f5es para a \u00cdndia.<\/p>\n<p>A rela\u00e7\u00e3o comercial entre as duas regi\u00f5es j\u00e1 \u00e9 robusta: em 2024 o com\u00e9rcio bilateral ultrapassou 180 mil milh\u00f5es de euros em bens e servi\u00e7os, sustentando cerca de 800 mil empregos na UE. Mais de 6 mil empresas europeias operam no mercado indiano.<\/p>\n<h3>Impacto econ\u00f3mico e pol\u00edtico<\/h3>\n<p>A Comiss\u00e3o Europeia destaca o potencial de crescimento das trocas e empregos, com a promessa de duplicar exporta\u00e7\u00f5es para a \u00cdndia at\u00e9 2032. O presidente do Conselho Europeu, Ant\u00f3nio Costa, descreveu o momento como hist\u00f3rico, sublinhando o papel da presid\u00eancia portuguesa na fase de relan\u00e7amento das negocia\u00e7\u00f5es.<\/p>\n<h3>Seguran\u00e7a, defesa e coopera\u00e7\u00e3o futura<\/h3>\n<p>A cimeira marcou tamb\u00e9m o lan\u00e7amento da primeira parceria UE-\u00cdndia em seguran\u00e7a e defesa, cobrindo \u00e1reas como seguran\u00e7a mar\u00edtima, ciberseguran\u00e7a, espa\u00e7o, contraterrorismo e ind\u00fastria da defesa. Foram ainda discutidas vias de coopera\u00e7\u00e3o em tecnologias emergentes, inova\u00e7\u00e3o e investiga\u00e7\u00e3o, incluindo possibilidades de associa\u00e7\u00e3o da \u00cdndia ao programa Horizonte Europa.<\/p>\n<p>Dada a conjuntura internacional de tens\u00f5es comerciais, a UE afirma que o acordo fortalece os la\u00e7os pol\u00edticos e econ\u00f3micos entre as duas maiores economias. A dupla parceria refor\u00e7a a narrativa de uma coopera\u00e7\u00e3o estrat\u00e9gica orientada para benef\u00edcios m\u00fatuos.<\/p>\n","protected":false},"excerpt":{"rendered":"<ul>\n<li>A Uni\u00e3o Europeia e a \u00cdndia fecharam o maior acordo comercial de sempre, ap\u00f3s negocia\u00e7\u00f5es iniciadas em dois mil e sete e retomadas em dois mil e vinte e dois, criando uma \u00e1rea de com\u00e9rcio livre que abrange cerca de dois mil milh\u00f5es de pessoas.<\/li>\n<li>A presidente da Comiss\u00e3o Europeia, Ursula von der Leyen, afirmou que os dois gigantes ganham com a parceria e que o acordo marca o come\u00e7o de uma rela\u00e7\u00e3o estrat\u00e9gica ainda mais fortalecida.<\/li>\n<li>O pacto pode eliminar at\u00e9 quatro mil milh\u00f5es de euros por ano em direitos aduaneiros para exportadores europeus, com tarifas reduzidas ou eliminadas em noventa e seis v\u00edrgula seis por cento do valor das exporta\u00e7\u00f5es da UE para a \u00cdndia, permitindo potencialmente duplicar as exporta\u00e7\u00f5es at\u00e9 dois mil e trinta e dois.<\/li>\n<li>Em dois mil e vinte e quatro, o com\u00e9rcio bilateral ultrapassou cento e vinte mil milh\u00f5es de euros em mercadorias e sessenta mil milh\u00f5es de euros em servi\u00e7os, sustentando cerca de oitocentos mil empregos na Uni\u00e3o Europeia; mais de seis mil empresas europeias atuam no mercado indiano, correspondendo a cerca de tr\u00eas milh\u00f5es e setecentos mil empregos.<\/li>\n<li>Al\u00e9m do com\u00e9rcio, a cimeira marcou o lan\u00e7amento da primeira parceria UE-\u00cdndia em seguran\u00e7a e defesa, cobrindo \u00e1reas como seguran\u00e7a mar\u00edtima, ciberseguran\u00e7a, espa\u00e7o, contraterrorismo e ind\u00fastria da defesa, com progressos na coopera\u00e7\u00e3o em tecnologias emergentes e investiga\u00e7\u00e3o, incluindo potenciais liga\u00e7\u00f5es ao programa Horizonte Europa.<\/li>\n<\/ul>\n","protected":false},"author":2,"featured_media":176245,"comment_status":"closed","ping_status":"closed","sticky":false,"template":"","format":"standard","meta":{"footnotes":""},"categories":[2,1],"tags":[244,256,28,4439,4222,2055],"class_list":["post-176230","post","type-post","status-publish","format-standard","has-post-thumbnail","hentry","category-economia","category-noticias","tag-comercio","tag-cooperacao-internacional","tag-economia","tag-horizonte-europe","tag-seguranca-internacional","tag-uniao-europeia"],"yoast_head":"<!-- This site is optimized with the Yoast SEO plugin v27.2 - https:\/\/yoast.com\/product\/yoast-seo-wordpress\/ -->\n<title>UE e \u00cdndia fecham maior acordo comercial de sempre ap\u00f3s 18 anos de negocia\u00e7\u00f5es - Portal Tela Portugal<\/title>\n<meta name=\"robots\" content=\"index, follow, max-snippet:-1, max-image-preview:large, max-video-preview:-1\" \/>\n<meta property=\"og:locale\" content=\"pt_PT\" \/>\n<meta property=\"og:type\" content=\"article\" \/>\n<meta property=\"og:title\" content=\"UE e \u00cdndia fecham maior acordo comercial de sempre ap\u00f3s 18 anos de negocia\u00e7\u00f5es - Portal Tela Portugal\" \/>\n<meta property=\"og:description\" content=\"A Uni\u00e3o Europeia e a \u00cdndia fecharam o maior acordo comercial de sempre, ap\u00f3s negocia\u00e7\u00f5es iniciadas em dois mil e sete e retomadas em dois mil e vinte e dois, criando uma \u00e1rea de com\u00e9rcio livre que abrange cerca de dois mil milh\u00f5es de pessoas. A presidente da Comiss\u00e3o Europeia, Ursula von der Leyen, afirmou que os dois gigantes ganham com a parceria e que o acordo marca o come\u00e7o de uma rela\u00e7\u00e3o estrat\u00e9gica ainda mais fortalecida. O pacto pode eliminar at\u00e9 quatro mil milh\u00f5es de euros por ano em direitos aduaneiros para exportadores europeus, com tarifas reduzidas ou eliminadas em noventa e seis v\u00edrgula seis por cento do valor das exporta\u00e7\u00f5es da UE para a \u00cdndia, permitindo potencialmente duplicar as exporta\u00e7\u00f5es at\u00e9 dois mil e trinta e dois. Em dois mil e vinte e quatro, o com\u00e9rcio bilateral ultrapassou cento e vinte mil milh\u00f5es de euros em mercadorias e sessenta mil milh\u00f5es de euros em servi\u00e7os, sustentando cerca de oitocentos mil empregos na Uni\u00e3o Europeia; mais de seis mil empresas europeias atuam no mercado indiano, correspondendo a cerca de tr\u00eas milh\u00f5es e setecentos mil empregos. Al\u00e9m do com\u00e9rcio, a cimeira marcou o lan\u00e7amento da primeira parceria UE-\u00cdndia em seguran\u00e7a e defesa, cobrindo \u00e1reas como seguran\u00e7a mar\u00edtima, ciberseguran\u00e7a, espa\u00e7o, contraterrorismo e ind\u00fastria da defesa, com progressos na coopera\u00e7\u00e3o em tecnologias emergentes e investiga\u00e7\u00e3o, incluindo potenciais liga\u00e7\u00f5es ao programa Horizonte Europa.\" \/>\n<meta property=\"og:url\" content=\"https:\/\/portaltela.pt\/noticias\/2026\/01\/27\/ue-e-india-fecham-maior-acordo-comercial-de-sempre-apos-18-anos-de-negociacoes\/\" \/>\n<meta property=\"og:site_name\" content=\"Portal Tela Portugal\" \/>\n<meta property=\"article:published_time\" content=\"2026-01-27T10:35:28+00:00\" \/>\n<meta name=\"author\" content=\"Telinha\" \/>\n<meta name=\"twitter:card\" content=\"summary_large_image\" \/>\n<meta name=\"twitter:label1\" content=\"Escrito por\" \/>\n\t<meta name=\"twitter:data1\" content=\"Telinha\" \/>\n\t<meta name=\"twitter:label2\" content=\"Tempo estimado de leitura\" \/>\n\t<meta name=\"twitter:data2\" content=\"2 minutos\" \/>\n<script type=\"application\/ld+json\" class=\"yoast-schema-graph\">{\"@context\":\"https:\/\/schema.org\",\"@graph\":[{\"@type\":\"Article\",\"@id\":\"https:\/\/portaltela.pt\/noticias\/2026\/01\/27\/ue-e-india-fecham-maior-acordo-comercial-de-sempre-apos-18-anos-de-negociacoes\/#article\",\"isPartOf\":{\"@id\":\"https:\/\/portaltela.pt\/noticias\/2026\/01\/27\/ue-e-india-fecham-maior-acordo-comercial-de-sempre-apos-18-anos-de-negociacoes\/\"},\"author\":{\"name\":\"Telinha\",\"@id\":\"https:\/\/portaltela.pt\/#\/schema\/person\/c4278d4a6028830caff9ee44b42d32ed\"},\"headline\":\"UE e \u00cdndia fecham maior acordo comercial de sempre ap\u00f3s 18 anos de negocia\u00e7\u00f5es\",\"datePublished\":\"2026-01-27T10:35:28+00:00\",\"mainEntityOfPage\":{\"@id\":\"https:\/\/portaltela.pt\/noticias\/2026\/01\/27\/ue-e-india-fecham-maior-acordo-comercial-de-sempre-apos-18-anos-de-negociacoes\/\"},\"wordCount\":330,\"image\":{\"@id\":\"https:\/\/portaltela.pt\/noticias\/2026\/01\/27\/ue-e-india-fecham-maior-acordo-comercial-de-sempre-apos-18-anos-de-negociacoes\/#primaryimage\"},\"thumbnailUrl\":\"https:\/\/portaltela.pt\/s.01k8rhncp4jt1\/2026\/01\/P-068826_00-55_02-HIGH-467725.jpg\",\"keywords\":[\"com\u00e9rcio\",\"coopera\u00e7\u00e3o internacional\",\"economia\",\"Horizonte Europe\",\"seguran\u00e7a internacional\",\"Uni\u00e3o Europeia\"],\"articleSection\":[\"Economia\",\"Not\u00edcias\"],\"inLanguage\":\"pt-PT\"},{\"@type\":\"WebPage\",\"@id\":\"https:\/\/portaltela.pt\/noticias\/2026\/01\/27\/ue-e-india-fecham-maior-acordo-comercial-de-sempre-apos-18-anos-de-negociacoes\/\",\"url\":\"https:\/\/portaltela.pt\/noticias\/2026\/01\/27\/ue-e-india-fecham-maior-acordo-comercial-de-sempre-apos-18-anos-de-negociacoes\/\",\"name\":\"UE e \u00cdndia fecham maior acordo comercial de sempre ap\u00f3s 18 anos de negocia\u00e7\u00f5es - Portal Tela Portugal\",\"isPartOf\":{\"@id\":\"https:\/\/portaltela.pt\/#website\"},\"primaryImageOfPage\":{\"@id\":\"https:\/\/portaltela.pt\/noticias\/2026\/01\/27\/ue-e-india-fecham-maior-acordo-comercial-de-sempre-apos-18-anos-de-negociacoes\/#primaryimage\"},\"image\":{\"@id\":\"https:\/\/portaltela.pt\/noticias\/2026\/01\/27\/ue-e-india-fecham-maior-acordo-comercial-de-sempre-apos-18-anos-de-negociacoes\/#primaryimage\"},\"thumbnailUrl\":\"https:\/\/portaltela.pt\/s.01k8rhncp4jt1\/2026\/01\/P-068826_00-55_02-HIGH-467725.jpg\",\"datePublished\":\"2026-01-27T10:35:28+00:00\",\"author\":{\"@id\":\"https:\/\/portaltela.pt\/#\/schema\/person\/c4278d4a6028830caff9ee44b42d32ed\"},\"breadcrumb\":{\"@id\":\"https:\/\/portaltela.pt\/noticias\/2026\/01\/27\/ue-e-india-fecham-maior-acordo-comercial-de-sempre-apos-18-anos-de-negociacoes\/#breadcrumb\"},\"inLanguage\":\"pt-PT\",\"potentialAction\":[{\"@type\":\"ReadAction\",\"target\":[\"https:\/\/portaltela.pt\/noticias\/2026\/01\/27\/ue-e-india-fecham-maior-acordo-comercial-de-sempre-apos-18-anos-de-negociacoes\/\"]}]},{\"@type\":\"ImageObject\",\"inLanguage\":\"pt-PT\",\"@id\":\"https:\/\/portaltela.pt\/noticias\/2026\/01\/27\/ue-e-india-fecham-maior-acordo-comercial-de-sempre-apos-18-anos-de-negociacoes\/#primaryimage\",\"url\":\"https:\/\/portaltela.pt\/s.01k8rhncp4jt1\/2026\/01\/P-068826_00-55_02-HIGH-467725.jpg\",\"contentUrl\":\"https:\/\/portaltela.pt\/s.01k8rhncp4jt1\/2026\/01\/P-068826_00-55_02-HIGH-467725.jpg\",\"width\":796,\"height\":448,\"caption\":\"UE e \u00cdndia fecham maior acordo comercial de sempre ap\u00f3s 18 anos de negocia\u00e7\u00f5es\"},{\"@type\":\"BreadcrumbList\",\"@id\":\"https:\/\/portaltela.pt\/noticias\/2026\/01\/27\/ue-e-india-fecham-maior-acordo-comercial-de-sempre-apos-18-anos-de-negociacoes\/#breadcrumb\",\"itemListElement\":[{\"@type\":\"ListItem\",\"position\":1,\"name\":\"In\u00edcio\",\"item\":\"https:\/\/portaltela.pt\/\"},{\"@type\":\"ListItem\",\"position\":2,\"name\":\"UE e \u00cdndia fecham maior acordo comercial de sempre ap\u00f3s 18 anos de negocia\u00e7\u00f5es\"}]},{\"@type\":\"WebSite\",\"@id\":\"https:\/\/portaltela.pt\/#website\",\"url\":\"https:\/\/portaltela.pt\/\",\"name\":\"Portal Tela Portugal\",\"description\":\"\",\"potentialAction\":[{\"@type\":\"SearchAction\",\"target\":{\"@type\":\"EntryPoint\",\"urlTemplate\":\"https:\/\/portaltela.pt\/?s={search_term_string}\"},\"query-input\":{\"@type\":\"PropertyValueSpecification\",\"valueRequired\":true,\"valueName\":\"search_term_string\"}}],\"inLanguage\":\"pt-PT\"},{\"@type\":\"Person\",\"@id\":\"https:\/\/portaltela.pt\/#\/schema\/person\/c4278d4a6028830caff9ee44b42d32ed\",\"name\":\"Telinha\",\"image\":{\"@type\":\"ImageObject\",\"inLanguage\":\"pt-PT\",\"@id\":\"https:\/\/portaltela.pt\/s.01k8rhncp4jt1\/2025\/11\/talking-bot-125x125.png\",\"url\":\"https:\/\/portaltela.pt\/s.01k8rhncp4jt1\/2025\/11\/talking-bot-125x125.png\",\"contentUrl\":\"https:\/\/portaltela.pt\/s.01k8rhncp4jt1\/2025\/11\/talking-bot-125x125.png\",\"caption\":\"Telinha\"},\"sameAs\":[\"https:\/\/portaltela.pt\/\"],\"url\":\"https:\/\/portaltela.pt\/por\/367410592786\/\"}]}<\/script>\n<!-- \/ Yoast SEO plugin. -->","yoast_head_json":{"title":"UE e \u00cdndia fecham maior acordo comercial de sempre ap\u00f3s 18 anos de negocia\u00e7\u00f5es - Portal Tela Portugal","robots":{"index":"index","follow":"follow","max-snippet":"max-snippet:-1","max-image-preview":"max-image-preview:large","max-video-preview":"max-video-preview:-1"},"og_locale":"pt_PT","og_type":"article","og_title":"UE e \u00cdndia fecham maior acordo comercial de sempre ap\u00f3s 18 anos de negocia\u00e7\u00f5es - Portal Tela Portugal","og_description":"A Uni\u00e3o Europeia e a \u00cdndia fecharam o maior acordo comercial de sempre, ap\u00f3s negocia\u00e7\u00f5es iniciadas em dois mil e sete e retomadas em dois mil e vinte e dois, criando uma \u00e1rea de com\u00e9rcio livre que abrange cerca de dois mil milh\u00f5es de pessoas. A presidente da Comiss\u00e3o Europeia, Ursula von der Leyen, afirmou que os dois gigantes ganham com a parceria e que o acordo marca o come\u00e7o de uma rela\u00e7\u00e3o estrat\u00e9gica ainda mais fortalecida. O pacto pode eliminar at\u00e9 quatro mil milh\u00f5es de euros por ano em direitos aduaneiros para exportadores europeus, com tarifas reduzidas ou eliminadas em noventa e seis v\u00edrgula seis por cento do valor das exporta\u00e7\u00f5es da UE para a \u00cdndia, permitindo potencialmente duplicar as exporta\u00e7\u00f5es at\u00e9 dois mil e trinta e dois. Em dois mil e vinte e quatro, o com\u00e9rcio bilateral ultrapassou cento e vinte mil milh\u00f5es de euros em mercadorias e sessenta mil milh\u00f5es de euros em servi\u00e7os, sustentando cerca de oitocentos mil empregos na Uni\u00e3o Europeia; mais de seis mil empresas europeias atuam no mercado indiano, correspondendo a cerca de tr\u00eas milh\u00f5es e setecentos mil empregos. Al\u00e9m do com\u00e9rcio, a cimeira marcou o lan\u00e7amento da primeira parceria UE-\u00cdndia em seguran\u00e7a e defesa, cobrindo \u00e1reas como seguran\u00e7a mar\u00edtima, ciberseguran\u00e7a, espa\u00e7o, contraterrorismo e ind\u00fastria da defesa, com progressos na coopera\u00e7\u00e3o em tecnologias emergentes e investiga\u00e7\u00e3o, incluindo potenciais liga\u00e7\u00f5es ao programa Horizonte Europa.","og_url":"https:\/\/portaltela.pt\/noticias\/2026\/01\/27\/ue-e-india-fecham-maior-acordo-comercial-de-sempre-apos-18-anos-de-negociacoes\/","og_site_name":"Portal Tela Portugal","article_published_time":"2026-01-27T10:35:28+00:00","author":"Telinha","twitter_card":"summary_large_image","twitter_misc":{"Escrito por":"Telinha","Tempo estimado de leitura":"2 minutos"},"schema":{"@context":"https:\/\/schema.org","@graph":[{"@type":"Article","@id":"https:\/\/portaltela.pt\/noticias\/2026\/01\/27\/ue-e-india-fecham-maior-acordo-comercial-de-sempre-apos-18-anos-de-negociacoes\/#article","isPartOf":{"@id":"https:\/\/portaltela.pt\/noticias\/2026\/01\/27\/ue-e-india-fecham-maior-acordo-comercial-de-sempre-apos-18-anos-de-negociacoes\/"},"author":{"name":"Telinha","@id":"https:\/\/portaltela.pt\/#\/schema\/person\/c4278d4a6028830caff9ee44b42d32ed"},"headline":"UE e \u00cdndia fecham maior acordo comercial de sempre ap\u00f3s 18 anos de negocia\u00e7\u00f5es","datePublished":"2026-01-27T10:35:28+00:00","mainEntityOfPage":{"@id":"https:\/\/portaltela.pt\/noticias\/2026\/01\/27\/ue-e-india-fecham-maior-acordo-comercial-de-sempre-apos-18-anos-de-negociacoes\/"},"wordCount":330,"image":{"@id":"https:\/\/portaltela.pt\/noticias\/2026\/01\/27\/ue-e-india-fecham-maior-acordo-comercial-de-sempre-apos-18-anos-de-negociacoes\/#primaryimage"},"thumbnailUrl":"https:\/\/portaltela.pt\/s.01k8rhncp4jt1\/2026\/01\/P-068826_00-55_02-HIGH-467725.jpg","keywords":["com\u00e9rcio","coopera\u00e7\u00e3o internacional","economia","Horizonte Europe","seguran\u00e7a internacional","Uni\u00e3o Europeia"],"articleSection":["Economia","Not\u00edcias"],"inLanguage":"pt-PT"},{"@type":"WebPage","@id":"https:\/\/portaltela.pt\/noticias\/2026\/01\/27\/ue-e-india-fecham-maior-acordo-comercial-de-sempre-apos-18-anos-de-negociacoes\/","url":"https:\/\/portaltela.pt\/noticias\/2026\/01\/27\/ue-e-india-fecham-maior-acordo-comercial-de-sempre-apos-18-anos-de-negociacoes\/","name":"UE e \u00cdndia fecham maior acordo comercial de sempre ap\u00f3s 18 anos de negocia\u00e7\u00f5es - Portal Tela Portugal","isPartOf":{"@id":"https:\/\/portaltela.pt\/#website"},"primaryImageOfPage":{"@id":"https:\/\/portaltela.pt\/noticias\/2026\/01\/27\/ue-e-india-fecham-maior-acordo-comercial-de-sempre-apos-18-anos-de-negociacoes\/#primaryimage"},"image":{"@id":"https:\/\/portaltela.pt\/noticias\/2026\/01\/27\/ue-e-india-fecham-maior-acordo-comercial-de-sempre-apos-18-anos-de-negociacoes\/#primaryimage"},"thumbnailUrl":"https:\/\/portaltela.pt\/s.01k8rhncp4jt1\/2026\/01\/P-068826_00-55_02-HIGH-467725.jpg","datePublished":"2026-01-27T10:35:28+00:00","author":{"@id":"https:\/\/portaltela.pt\/#\/schema\/person\/c4278d4a6028830caff9ee44b42d32ed"},"breadcrumb":{"@id":"https:\/\/portaltela.pt\/noticias\/2026\/01\/27\/ue-e-india-fecham-maior-acordo-comercial-de-sempre-apos-18-anos-de-negociacoes\/#breadcrumb"},"inLanguage":"pt-PT","potentialAction":[{"@type":"ReadAction","target":["https:\/\/portaltela.pt\/noticias\/2026\/01\/27\/ue-e-india-fecham-maior-acordo-comercial-de-sempre-apos-18-anos-de-negociacoes\/"]}]},{"@type":"ImageObject","inLanguage":"pt-PT","@id":"https:\/\/portaltela.pt\/noticias\/2026\/01\/27\/ue-e-india-fecham-maior-acordo-comercial-de-sempre-apos-18-anos-de-negociacoes\/#primaryimage","url":"https:\/\/portaltela.pt\/s.01k8rhncp4jt1\/2026\/01\/P-068826_00-55_02-HIGH-467725.jpg","contentUrl":"https:\/\/portaltela.pt\/s.01k8rhncp4jt1\/2026\/01\/P-068826_00-55_02-HIGH-467725.jpg","width":796,"height":448,"caption":"UE e \u00cdndia fecham maior acordo comercial de sempre ap\u00f3s 18 anos de negocia\u00e7\u00f5es"},{"@type":"BreadcrumbList","@id":"https:\/\/portaltela.pt\/noticias\/2026\/01\/27\/ue-e-india-fecham-maior-acordo-comercial-de-sempre-apos-18-anos-de-negociacoes\/#breadcrumb","itemListElement":[{"@type":"ListItem","position":1,"name":"In\u00edcio","item":"https:\/\/portaltela.pt\/"},{"@type":"ListItem","position":2,"name":"UE e \u00cdndia fecham maior acordo comercial de sempre ap\u00f3s 18 anos de negocia\u00e7\u00f5es"}]},{"@type":"WebSite","@id":"https:\/\/portaltela.pt\/#website","url":"https:\/\/portaltela.pt\/","name":"Portal Tela Portugal","description":"","potentialAction":[{"@type":"SearchAction","target":{"@type":"EntryPoint","urlTemplate":"https:\/\/portaltela.pt\/?s={search_term_string}"},"query-input":{"@type":"PropertyValueSpecification","valueRequired":true,"valueName":"search_term_string"}}],"inLanguage":"pt-PT"},{"@type":"Person","@id":"https:\/\/portaltela.pt\/#\/schema\/person\/c4278d4a6028830caff9ee44b42d32ed","name":"Telinha","image":{"@type":"ImageObject","inLanguage":"pt-PT","@id":"https:\/\/portaltela.pt\/s.01k8rhncp4jt1\/2025\/11\/talking-bot-125x125.png","url":"https:\/\/portaltela.pt\/s.01k8rhncp4jt1\/2025\/11\/talking-bot-125x125.png","contentUrl":"https:\/\/portaltela.pt\/s.01k8rhncp4jt1\/2025\/11\/talking-bot-125x125.png","caption":"Telinha"},"sameAs":["https:\/\/portaltela.pt\/"],"url":"https:\/\/portaltela.pt\/por\/367410592786\/"}]}},"_links":{"self":[{"href":"https:\/\/portaltela.pt\/api\/wp\/v2\/posts\/176230","targetHints":{"allow":["GET"]}}],"collection":[{"href":"https:\/\/portaltela.pt\/api\/wp\/v2\/posts"}],"about":[{"href":"https:\/\/portaltela.pt\/api\/wp\/v2\/types\/post"}],"author":[{"embeddable":true,"href":"https:\/\/portaltela.pt\/api\/wp\/v2\/users\/2"}],"replies":[{"embeddable":true,"href":"https:\/\/portaltela.pt\/api\/wp\/v2\/comments?post=176230"}],"version-history":[{"count":0,"href":"https:\/\/portaltela.pt\/api\/wp\/v2\/posts\/176230\/revisions"}],"wp:featuredmedia":[{"embeddable":true,"href":"https:\/\/portaltela.pt\/api\/wp\/v2\/media\/176245"}],"wp:attachment":[{"href":"https:\/\/portaltela.pt\/api\/wp\/v2\/media?parent=176230"}],"wp:term":[{"taxonomy":"category","embeddable":true,"href":"https:\/\/portaltela.pt\/api\/wp\/v2\/categories?post=176230"},{"taxonomy":"post_tag","embeddable":true,"href":"https:\/\/portaltela.pt\/api\/wp\/v2\/tags?post=176230"}],"curies":[{"name":"wp","href":"https:\/\/api.w.org\/{rel}","templated":true}]}}