{"id":176222,"date":"2026-01-27T07:44:00","date_gmt":"2026-01-27T10:44:00","guid":{"rendered":"https:\/\/portaltela.pt\/noticias\/2026\/01\/27\/rebocador-noruegues-vai-retirar-cargueiro-sem-leme-ao-largo-da-figueira-da-foz\/"},"modified":"2026-01-27T07:44:00","modified_gmt":"2026-01-27T10:44:00","slug":"rebocador-noruegues-vai-retirar-cargueiro-sem-leme-ao-largo-da-figueira-da-foz","status":"publish","type":"post","link":"https:\/\/portaltela.pt\/noticias\/2026\/01\/27\/rebocador-noruegues-vai-retirar-cargueiro-sem-leme-ao-largo-da-figueira-da-foz\/","title":{"rendered":"Rebocador noruegu\u00eas vai retirar cargueiro sem leme ao largo da Figueira da Foz"},"content":{"rendered":"<p>Um rebocador noruegu\u00eas ir\u00e1 retirar o cargueiro Eikborg, sem leme, ao largo da Figueira da Foz. A opera\u00e7\u00e3o ocorre na noite de hoje, devendo o rebocador chegar junto ao navio por volta das 23h00, segundo a Autoridade Mar\u00edtima Nacional (AMN).<\/p>\n<p>O armador dos Pa\u00edses Baixos, propriet\u00e1rio do navio, e o grupo Altri, dono da carga, contrataram o servi\u00e7o na noite de segunda-feira, informou Paulo Mariano, vice-presidente da comunidade portu\u00e1ria da Figueira da Foz. O cargueiro transporta 3.300 toneladas de pasta de papel.<\/p>\n<h3>Situa\u00e7\u00e3o do navio<\/h3>\n<p>Segundo dados de Marine Traffic, o Eikborg est\u00e1 a cerca de 27,1 milhas n\u00e1uticas a oeste da Figueira da Foz e \u00e9 vigiado por uma patrulha oce\u00e2nica da Marinha, que chegou ao local na madrugada de hoje. A \u00e1rea fica fora do mar territorial (12 milhas) e da zona cont\u00edgua (12-24 milhas), mas dentro da zona econ\u00f3mica exclusiva (at\u00e9 200 milhas).<\/p>\n<p>O cargueiro, com bandeira dos Pa\u00edses Baixos, tem seis tripulantes estrangeiros a bordo: o capit\u00e3o \u00e9 holand\u00eas; h\u00e1 dois indon\u00e9sios, um let\u00e3o, um russo e um filipino. A carga \u00e9 origin\u00e1ria da Celbi, do grupo Altri, com destino a um porto na Alemanha.<\/p>\n","protected":false},"excerpt":{"rendered":"<ul>\n<li>Um rebocador noruegu\u00eas vai retirar o cargueiro Eikborg, que se encontra sem leme ao largo da Figueira da Foz, com chegada prevista junto do navio \u00e0s 23h00 desta ter\u00e7a-feira.<\/li>\n<li>O rebocador foi contratualizado na noite de segunda-feira pelo armador dos Pa\u00edses Baixos, propriet\u00e1rio do navio, e pelo grupo Altri, dono da carga de 3.300 toneladas de pasta de papel.<\/li>\n<li>O Eikborg est\u00e1 a cerca de 27,1 milhas n\u00e1uticas a oeste da Figueira da Foz, acompanhado por um navio de patrulha oce\u00e2nica da Marinha.<\/li>\n<li>A \u00e1rea fica fora do mar territorial e da zona cont\u00edgua, mas dentro da zona econ\u00f3mica exclusiva e da regi\u00e3o portuguesa de busca e salvamento mar\u00edtimo.<\/li>\n<li>A bordo v\u00e3o seis tripulantes estrangeiros; a carga (origem Celbi, do grupo Altri) destina-se a um porto alem\u00e3o.<\/li>\n<\/ul>\n","protected":false},"author":2,"featured_media":176236,"comment_status":"closed","ping_status":"closed","sticky":false,"template":"","format":"standard","meta":{"footnotes":""},"categories":[1],"tags":[4423,1417,215,2269,1809,192],"class_list":["post-176222","post","type-post","status-publish","format-standard","has-post-thumbnail","hentry","category-noticias","tag-acidentes-maritimos","tag-figueira-da-foz","tag-investigacao","tag-marinha-portuguesa","tag-paises-baixos","tag-transporte"],"yoast_head":"<!-- This site is optimized with the Yoast SEO plugin v27.2 - https:\/\/yoast.com\/product\/yoast-seo-wordpress\/ -->\n<title>Rebocador noruegu\u00eas vai retirar cargueiro sem leme ao largo da Figueira da Foz - Portal Tela Portugal<\/title>\n<meta name=\"robots\" content=\"index, follow, max-snippet:-1, max-image-preview:large, max-video-preview:-1\" \/>\n<meta property=\"og:locale\" content=\"pt_PT\" \/>\n<meta property=\"og:type\" content=\"article\" \/>\n<meta property=\"og:title\" content=\"Rebocador noruegu\u00eas vai retirar cargueiro sem leme ao largo da Figueira da Foz - Portal Tela Portugal\" \/>\n<meta property=\"og:description\" content=\"Um rebocador noruegu\u00eas vai retirar o cargueiro Eikborg, que se encontra sem leme ao largo da Figueira da Foz, com chegada prevista junto do navio \u00e0s 23h00 desta ter\u00e7a-feira. O rebocador foi contratualizado na noite de segunda-feira pelo armador dos Pa\u00edses Baixos, propriet\u00e1rio do navio, e pelo grupo Altri, dono da carga de 3.300 toneladas de pasta de papel. O Eikborg est\u00e1 a cerca de 27,1 milhas n\u00e1uticas a oeste da Figueira da Foz, acompanhado por um navio de patrulha oce\u00e2nica da Marinha. A \u00e1rea fica fora do mar territorial e da zona cont\u00edgua, mas dentro da zona econ\u00f3mica exclusiva e da regi\u00e3o portuguesa de busca e salvamento mar\u00edtimo. A bordo v\u00e3o seis tripulantes estrangeiros; a carga (origem Celbi, do grupo Altri) destina-se a um porto alem\u00e3o.\" \/>\n<meta property=\"og:url\" content=\"https:\/\/portaltela.pt\/noticias\/2026\/01\/27\/rebocador-noruegues-vai-retirar-cargueiro-sem-leme-ao-largo-da-figueira-da-foz\/\" \/>\n<meta property=\"og:site_name\" content=\"Portal Tela Portugal\" \/>\n<meta property=\"article:published_time\" content=\"2026-01-27T10:44:00+00:00\" \/>\n<meta name=\"author\" content=\"Telinha\" \/>\n<meta name=\"twitter:card\" content=\"summary_large_image\" \/>\n<meta name=\"twitter:label1\" content=\"Escrito por\" \/>\n\t<meta name=\"twitter:data1\" content=\"Telinha\" \/>\n\t<meta name=\"twitter:label2\" content=\"Tempo estimado de leitura\" \/>\n\t<meta name=\"twitter:data2\" content=\"1 minuto\" \/>\n<script type=\"application\/ld+json\" class=\"yoast-schema-graph\">{\"@context\":\"https:\/\/schema.org\",\"@graph\":[{\"@type\":\"Article\",\"@id\":\"https:\/\/portaltela.pt\/noticias\/2026\/01\/27\/rebocador-noruegues-vai-retirar-cargueiro-sem-leme-ao-largo-da-figueira-da-foz\/#article\",\"isPartOf\":{\"@id\":\"https:\/\/portaltela.pt\/noticias\/2026\/01\/27\/rebocador-noruegues-vai-retirar-cargueiro-sem-leme-ao-largo-da-figueira-da-foz\/\"},\"author\":{\"name\":\"Telinha\",\"@id\":\"https:\/\/portaltela.pt\/#\/schema\/person\/c4278d4a6028830caff9ee44b42d32ed\"},\"headline\":\"Rebocador noruegu\u00eas vai retirar cargueiro sem leme ao largo da Figueira da Foz\",\"datePublished\":\"2026-01-27T10:44:00+00:00\",\"mainEntityOfPage\":{\"@id\":\"https:\/\/portaltela.pt\/noticias\/2026\/01\/27\/rebocador-noruegues-vai-retirar-cargueiro-sem-leme-ao-largo-da-figueira-da-foz\/\"},\"wordCount\":214,\"image\":{\"@id\":\"https:\/\/portaltela.pt\/noticias\/2026\/01\/27\/rebocador-noruegues-vai-retirar-cargueiro-sem-leme-ao-largo-da-figueira-da-foz\/#primaryimage\"},\"thumbnailUrl\":\"https:\/\/portaltela.pt\/s.01k8rhncp4jt1\/2026\/01\/eikborgfoto-jan-kuhlmann-1.jpg\",\"keywords\":[\"acidentes mar\u00edtimos\",\"Figueira da Foz\",\"investiga\u00e7\u00e3o\",\"Marinha Portuguesa\",\"Pa\u00edses Baixos\",\"transporte\"],\"articleSection\":[\"Not\u00edcias\"],\"inLanguage\":\"pt-PT\"},{\"@type\":\"WebPage\",\"@id\":\"https:\/\/portaltela.pt\/noticias\/2026\/01\/27\/rebocador-noruegues-vai-retirar-cargueiro-sem-leme-ao-largo-da-figueira-da-foz\/\",\"url\":\"https:\/\/portaltela.pt\/noticias\/2026\/01\/27\/rebocador-noruegues-vai-retirar-cargueiro-sem-leme-ao-largo-da-figueira-da-foz\/\",\"name\":\"Rebocador noruegu\u00eas vai retirar cargueiro sem leme ao largo da Figueira da Foz - Portal Tela Portugal\",\"isPartOf\":{\"@id\":\"https:\/\/portaltela.pt\/#website\"},\"primaryImageOfPage\":{\"@id\":\"https:\/\/portaltela.pt\/noticias\/2026\/01\/27\/rebocador-noruegues-vai-retirar-cargueiro-sem-leme-ao-largo-da-figueira-da-foz\/#primaryimage\"},\"image\":{\"@id\":\"https:\/\/portaltela.pt\/noticias\/2026\/01\/27\/rebocador-noruegues-vai-retirar-cargueiro-sem-leme-ao-largo-da-figueira-da-foz\/#primaryimage\"},\"thumbnailUrl\":\"https:\/\/portaltela.pt\/s.01k8rhncp4jt1\/2026\/01\/eikborgfoto-jan-kuhlmann-1.jpg\",\"datePublished\":\"2026-01-27T10:44:00+00:00\",\"author\":{\"@id\":\"https:\/\/portaltela.pt\/#\/schema\/person\/c4278d4a6028830caff9ee44b42d32ed\"},\"breadcrumb\":{\"@id\":\"https:\/\/portaltela.pt\/noticias\/2026\/01\/27\/rebocador-noruegues-vai-retirar-cargueiro-sem-leme-ao-largo-da-figueira-da-foz\/#breadcrumb\"},\"inLanguage\":\"pt-PT\",\"potentialAction\":[{\"@type\":\"ReadAction\",\"target\":[\"https:\/\/portaltela.pt\/noticias\/2026\/01\/27\/rebocador-noruegues-vai-retirar-cargueiro-sem-leme-ao-largo-da-figueira-da-foz\/\"]}]},{\"@type\":\"ImageObject\",\"inLanguage\":\"pt-PT\",\"@id\":\"https:\/\/portaltela.pt\/noticias\/2026\/01\/27\/rebocador-noruegues-vai-retirar-cargueiro-sem-leme-ao-largo-da-figueira-da-foz\/#primaryimage\",\"url\":\"https:\/\/portaltela.pt\/s.01k8rhncp4jt1\/2026\/01\/eikborgfoto-jan-kuhlmann-1.jpg\",\"contentUrl\":\"https:\/\/portaltela.pt\/s.01k8rhncp4jt1\/2026\/01\/eikborgfoto-jan-kuhlmann-1.jpg\",\"width\":796,\"height\":448,\"caption\":\"Photo\"},{\"@type\":\"BreadcrumbList\",\"@id\":\"https:\/\/portaltela.pt\/noticias\/2026\/01\/27\/rebocador-noruegues-vai-retirar-cargueiro-sem-leme-ao-largo-da-figueira-da-foz\/#breadcrumb\",\"itemListElement\":[{\"@type\":\"ListItem\",\"position\":1,\"name\":\"In\u00edcio\",\"item\":\"https:\/\/portaltela.pt\/\"},{\"@type\":\"ListItem\",\"position\":2,\"name\":\"Rebocador noruegu\u00eas vai retirar cargueiro sem leme ao largo da Figueira da Foz\"}]},{\"@type\":\"WebSite\",\"@id\":\"https:\/\/portaltela.pt\/#website\",\"url\":\"https:\/\/portaltela.pt\/\",\"name\":\"Portal Tela Portugal\",\"description\":\"\",\"potentialAction\":[{\"@type\":\"SearchAction\",\"target\":{\"@type\":\"EntryPoint\",\"urlTemplate\":\"https:\/\/portaltela.pt\/?s={search_term_string}\"},\"query-input\":{\"@type\":\"PropertyValueSpecification\",\"valueRequired\":true,\"valueName\":\"search_term_string\"}}],\"inLanguage\":\"pt-PT\"},{\"@type\":\"Person\",\"@id\":\"https:\/\/portaltela.pt\/#\/schema\/person\/c4278d4a6028830caff9ee44b42d32ed\",\"name\":\"Telinha\",\"image\":{\"@type\":\"ImageObject\",\"inLanguage\":\"pt-PT\",\"@id\":\"https:\/\/portaltela.pt\/s.01k8rhncp4jt1\/2025\/11\/talking-bot-125x125.png\",\"url\":\"https:\/\/portaltela.pt\/s.01k8rhncp4jt1\/2025\/11\/talking-bot-125x125.png\",\"contentUrl\":\"https:\/\/portaltela.pt\/s.01k8rhncp4jt1\/2025\/11\/talking-bot-125x125.png\",\"caption\":\"Telinha\"},\"sameAs\":[\"https:\/\/portaltela.pt\/\"],\"url\":\"https:\/\/portaltela.pt\/por\/367410592786\/\"}]}<\/script>\n<!-- \/ Yoast SEO plugin. -->","yoast_head_json":{"title":"Rebocador noruegu\u00eas vai retirar cargueiro sem leme ao largo da Figueira da Foz - Portal Tela Portugal","robots":{"index":"index","follow":"follow","max-snippet":"max-snippet:-1","max-image-preview":"max-image-preview:large","max-video-preview":"max-video-preview:-1"},"og_locale":"pt_PT","og_type":"article","og_title":"Rebocador noruegu\u00eas vai retirar cargueiro sem leme ao largo da Figueira da Foz - Portal Tela Portugal","og_description":"Um rebocador noruegu\u00eas vai retirar o cargueiro Eikborg, que se encontra sem leme ao largo da Figueira da Foz, com chegada prevista junto do navio \u00e0s 23h00 desta ter\u00e7a-feira. O rebocador foi contratualizado na noite de segunda-feira pelo armador dos Pa\u00edses Baixos, propriet\u00e1rio do navio, e pelo grupo Altri, dono da carga de 3.300 toneladas de pasta de papel. O Eikborg est\u00e1 a cerca de 27,1 milhas n\u00e1uticas a oeste da Figueira da Foz, acompanhado por um navio de patrulha oce\u00e2nica da Marinha. A \u00e1rea fica fora do mar territorial e da zona cont\u00edgua, mas dentro da zona econ\u00f3mica exclusiva e da regi\u00e3o portuguesa de busca e salvamento mar\u00edtimo. A bordo v\u00e3o seis tripulantes estrangeiros; a carga (origem Celbi, do grupo Altri) destina-se a um porto alem\u00e3o.","og_url":"https:\/\/portaltela.pt\/noticias\/2026\/01\/27\/rebocador-noruegues-vai-retirar-cargueiro-sem-leme-ao-largo-da-figueira-da-foz\/","og_site_name":"Portal Tela Portugal","article_published_time":"2026-01-27T10:44:00+00:00","author":"Telinha","twitter_card":"summary_large_image","twitter_misc":{"Escrito por":"Telinha","Tempo estimado de leitura":"1 minuto"},"schema":{"@context":"https:\/\/schema.org","@graph":[{"@type":"Article","@id":"https:\/\/portaltela.pt\/noticias\/2026\/01\/27\/rebocador-noruegues-vai-retirar-cargueiro-sem-leme-ao-largo-da-figueira-da-foz\/#article","isPartOf":{"@id":"https:\/\/portaltela.pt\/noticias\/2026\/01\/27\/rebocador-noruegues-vai-retirar-cargueiro-sem-leme-ao-largo-da-figueira-da-foz\/"},"author":{"name":"Telinha","@id":"https:\/\/portaltela.pt\/#\/schema\/person\/c4278d4a6028830caff9ee44b42d32ed"},"headline":"Rebocador noruegu\u00eas vai retirar cargueiro sem leme ao largo da Figueira da Foz","datePublished":"2026-01-27T10:44:00+00:00","mainEntityOfPage":{"@id":"https:\/\/portaltela.pt\/noticias\/2026\/01\/27\/rebocador-noruegues-vai-retirar-cargueiro-sem-leme-ao-largo-da-figueira-da-foz\/"},"wordCount":214,"image":{"@id":"https:\/\/portaltela.pt\/noticias\/2026\/01\/27\/rebocador-noruegues-vai-retirar-cargueiro-sem-leme-ao-largo-da-figueira-da-foz\/#primaryimage"},"thumbnailUrl":"https:\/\/portaltela.pt\/s.01k8rhncp4jt1\/2026\/01\/eikborgfoto-jan-kuhlmann-1.jpg","keywords":["acidentes mar\u00edtimos","Figueira da Foz","investiga\u00e7\u00e3o","Marinha Portuguesa","Pa\u00edses Baixos","transporte"],"articleSection":["Not\u00edcias"],"inLanguage":"pt-PT"},{"@type":"WebPage","@id":"https:\/\/portaltela.pt\/noticias\/2026\/01\/27\/rebocador-noruegues-vai-retirar-cargueiro-sem-leme-ao-largo-da-figueira-da-foz\/","url":"https:\/\/portaltela.pt\/noticias\/2026\/01\/27\/rebocador-noruegues-vai-retirar-cargueiro-sem-leme-ao-largo-da-figueira-da-foz\/","name":"Rebocador noruegu\u00eas vai retirar cargueiro sem leme ao largo da Figueira da Foz - Portal Tela Portugal","isPartOf":{"@id":"https:\/\/portaltela.pt\/#website"},"primaryImageOfPage":{"@id":"https:\/\/portaltela.pt\/noticias\/2026\/01\/27\/rebocador-noruegues-vai-retirar-cargueiro-sem-leme-ao-largo-da-figueira-da-foz\/#primaryimage"},"image":{"@id":"https:\/\/portaltela.pt\/noticias\/2026\/01\/27\/rebocador-noruegues-vai-retirar-cargueiro-sem-leme-ao-largo-da-figueira-da-foz\/#primaryimage"},"thumbnailUrl":"https:\/\/portaltela.pt\/s.01k8rhncp4jt1\/2026\/01\/eikborgfoto-jan-kuhlmann-1.jpg","datePublished":"2026-01-27T10:44:00+00:00","author":{"@id":"https:\/\/portaltela.pt\/#\/schema\/person\/c4278d4a6028830caff9ee44b42d32ed"},"breadcrumb":{"@id":"https:\/\/portaltela.pt\/noticias\/2026\/01\/27\/rebocador-noruegues-vai-retirar-cargueiro-sem-leme-ao-largo-da-figueira-da-foz\/#breadcrumb"},"inLanguage":"pt-PT","potentialAction":[{"@type":"ReadAction","target":["https:\/\/portaltela.pt\/noticias\/2026\/01\/27\/rebocador-noruegues-vai-retirar-cargueiro-sem-leme-ao-largo-da-figueira-da-foz\/"]}]},{"@type":"ImageObject","inLanguage":"pt-PT","@id":"https:\/\/portaltela.pt\/noticias\/2026\/01\/27\/rebocador-noruegues-vai-retirar-cargueiro-sem-leme-ao-largo-da-figueira-da-foz\/#primaryimage","url":"https:\/\/portaltela.pt\/s.01k8rhncp4jt1\/2026\/01\/eikborgfoto-jan-kuhlmann-1.jpg","contentUrl":"https:\/\/portaltela.pt\/s.01k8rhncp4jt1\/2026\/01\/eikborgfoto-jan-kuhlmann-1.jpg","width":796,"height":448,"caption":"Photo"},{"@type":"BreadcrumbList","@id":"https:\/\/portaltela.pt\/noticias\/2026\/01\/27\/rebocador-noruegues-vai-retirar-cargueiro-sem-leme-ao-largo-da-figueira-da-foz\/#breadcrumb","itemListElement":[{"@type":"ListItem","position":1,"name":"In\u00edcio","item":"https:\/\/portaltela.pt\/"},{"@type":"ListItem","position":2,"name":"Rebocador noruegu\u00eas vai retirar cargueiro sem leme ao largo da Figueira da Foz"}]},{"@type":"WebSite","@id":"https:\/\/portaltela.pt\/#website","url":"https:\/\/portaltela.pt\/","name":"Portal Tela Portugal","description":"","potentialAction":[{"@type":"SearchAction","target":{"@type":"EntryPoint","urlTemplate":"https:\/\/portaltela.pt\/?s={search_term_string}"},"query-input":{"@type":"PropertyValueSpecification","valueRequired":true,"valueName":"search_term_string"}}],"inLanguage":"pt-PT"},{"@type":"Person","@id":"https:\/\/portaltela.pt\/#\/schema\/person\/c4278d4a6028830caff9ee44b42d32ed","name":"Telinha","image":{"@type":"ImageObject","inLanguage":"pt-PT","@id":"https:\/\/portaltela.pt\/s.01k8rhncp4jt1\/2025\/11\/talking-bot-125x125.png","url":"https:\/\/portaltela.pt\/s.01k8rhncp4jt1\/2025\/11\/talking-bot-125x125.png","contentUrl":"https:\/\/portaltela.pt\/s.01k8rhncp4jt1\/2025\/11\/talking-bot-125x125.png","caption":"Telinha"},"sameAs":["https:\/\/portaltela.pt\/"],"url":"https:\/\/portaltela.pt\/por\/367410592786\/"}]}},"_links":{"self":[{"href":"https:\/\/portaltela.pt\/api\/wp\/v2\/posts\/176222","targetHints":{"allow":["GET"]}}],"collection":[{"href":"https:\/\/portaltela.pt\/api\/wp\/v2\/posts"}],"about":[{"href":"https:\/\/portaltela.pt\/api\/wp\/v2\/types\/post"}],"author":[{"embeddable":true,"href":"https:\/\/portaltela.pt\/api\/wp\/v2\/users\/2"}],"replies":[{"embeddable":true,"href":"https:\/\/portaltela.pt\/api\/wp\/v2\/comments?post=176222"}],"version-history":[{"count":0,"href":"https:\/\/portaltela.pt\/api\/wp\/v2\/posts\/176222\/revisions"}],"wp:featuredmedia":[{"embeddable":true,"href":"https:\/\/portaltela.pt\/api\/wp\/v2\/media\/176236"}],"wp:attachment":[{"href":"https:\/\/portaltela.pt\/api\/wp\/v2\/media?parent=176222"}],"wp:term":[{"taxonomy":"category","embeddable":true,"href":"https:\/\/portaltela.pt\/api\/wp\/v2\/categories?post=176222"},{"taxonomy":"post_tag","embeddable":true,"href":"https:\/\/portaltela.pt\/api\/wp\/v2\/tags?post=176222"}],"curies":[{"name":"wp","href":"https:\/\/api.w.org\/{rel}","templated":true}]}}