{"id":176190,"date":"2026-01-26T21:00:00","date_gmt":"2026-01-27T00:00:00","guid":{"rendered":"https:\/\/portaltela.pt\/noticias\/2026\/01\/26\/dor-causas-impactos-e-estrategias-de-gestao\/"},"modified":"2026-01-26T21:00:00","modified_gmt":"2026-01-27T00:00:00","slug":"dor-causas-impactos-e-estrategias-de-gestao","status":"publish","type":"post","link":"https:\/\/portaltela.pt\/noticias\/2026\/01\/26\/dor-causas-impactos-e-estrategias-de-gestao\/","title":{"rendered":"Dor: causas, impactos e estrat\u00e9gias de gest\u00e3o"},"content":{"rendered":"<p>A dor cr\u00f3nica acarreta custos humanos elevados e, a n\u00edvel econ\u00f3mico, traduz-se em perdas para doentes, fam\u00edlias e sistemas de sa\u00fade. Alguns desses custos s\u00e3o dif\u00edceis de quantificar. A atualiza\u00e7\u00e3o jornal\u00edstica revela impactos diretos e indiretos na vida de pessoas com dor prolongada.<\/p>\n<p>Especialistas destacam a dimens\u00e3o n\u00e3o apenas cl\u00ednica, mas tamb\u00e9m social e familiar, aumentando a press\u00e3o sobre servi\u00e7os de sa\u00fade e redes de apoio. A not\u00edcia procura apresentar dados e perspetivas que ajudem a entender o alcance da problem\u00e1tica.<\/p>\n<p>A dor infantil tamb\u00e9m \u00e9 alvo de aten\u00e7\u00e3o. A pediatra Clara Abadesso, com experi\u00eancia em cuidados intensivos, trabalha na preven\u00e7\u00e3o e tratamento da dor em crian\u00e7as, que valoriza como negligenciada em muitas situa\u00e7\u00f5es. A abordagem envolve avalia\u00e7\u00e3o adequada e estrat\u00e9gias apropriadas para cada caso.<\/p>\n<h3>Dor infantil: preven\u00e7\u00e3o e tratamento<\/h3>\n<p>Abadesso refor\u00e7a a import\u00e2ncia de n\u00e3o subestimar o sofrimento de crian\u00e7as e de evitar respostas que minimizem a dor. A profissional aponta m\u00e9todos de avalia\u00e7\u00e3o adaptados \u00e0 idade e op\u00e7\u00f5es de gest\u00e3o que reduzem desconforto e ansiedade durante procedimentos m\u00e9dicos.<\/p>\n<h3>Lombalgia: a dor nas costas que mais custa<\/h3>\n<p>A lombalgia \u00e9 a forma de dor cr\u00f3nica mais frequente e incapacitante a n\u00edvel global. Em Portugal, cerca de um ter\u00e7o da popula\u00e7\u00e3o sente dor lombar, afectando a vida pessoal e profissional. Existem v\u00e1rias vias de tratamento, desde terapias f\u00edsicas a abordagens m\u00e9dicas.<\/p>\n","protected":false},"excerpt":{"rendered":"<ul>\n<li>A dor cr\u00f3nica acarreia custos humanos e, a n\u00edvel econ\u00f3mico, perdas significativas para doentes, fam\u00edlias e sistemas de sa\u00fade.<\/li>\n<li>Alguns custos humanos s\u00e3o muito dif\u00edceis de quantificar.<\/li>\n<li>A pediatra Clara Abadesso, com experi\u00eancia em cuidados intensivos, dedica-se tamb\u00e9m \u00e0 preven\u00e7\u00e3o e tratamento da dor infantil.<\/li>\n<li>A lombalgia \u00e9 a dor cr\u00f3nica mais frequente e incapacitante, afetando um ter\u00e7o da popula\u00e7\u00e3o portuguesa.<\/li>\n<li>Existem v\u00e1rias formas de tratar a lombalgia, com impactos na vida pessoal e profissional.<\/li>\n<\/ul>\n","protected":false},"author":2,"featured_media":176208,"comment_status":"closed","ping_status":"closed","sticky":false,"template":"","format":"standard","meta":{"footnotes":""},"categories":[1],"tags":[2172,155,2806,1759,1403,271],"class_list":["post-176190","post","type-post","status-publish","format-standard","has-post-thumbnail","hentry","category-noticias","tag-assistencia-social","tag-despesas","tag-dor-cronica","tag-infancia","tag-pediatria","tag-saude-publica"],"yoast_head":"<!-- This site is optimized with the Yoast SEO plugin v27.2 - https:\/\/yoast.com\/product\/yoast-seo-wordpress\/ -->\n<title>Dor: causas, impactos e estrat\u00e9gias de gest\u00e3o - Portal Tela Portugal<\/title>\n<meta name=\"robots\" content=\"index, follow, max-snippet:-1, max-image-preview:large, max-video-preview:-1\" \/>\n<meta property=\"og:locale\" content=\"pt_PT\" \/>\n<meta property=\"og:type\" content=\"article\" \/>\n<meta property=\"og:title\" content=\"Dor: causas, impactos e estrat\u00e9gias de gest\u00e3o - Portal Tela Portugal\" \/>\n<meta property=\"og:description\" content=\"A dor cr\u00f3nica acarreia custos humanos e, a n\u00edvel econ\u00f3mico, perdas significativas para doentes, fam\u00edlias e sistemas de sa\u00fade. Alguns custos humanos s\u00e3o muito dif\u00edceis de quantificar. A pediatra Clara Abadesso, com experi\u00eancia em cuidados intensivos, dedica-se tamb\u00e9m \u00e0 preven\u00e7\u00e3o e tratamento da dor infantil. A lombalgia \u00e9 a dor cr\u00f3nica mais frequente e incapacitante, afetando um ter\u00e7o da popula\u00e7\u00e3o portuguesa. Existem v\u00e1rias formas de tratar a lombalgia, com impactos na vida pessoal e profissional.\" \/>\n<meta property=\"og:url\" content=\"https:\/\/portaltela.pt\/noticias\/2026\/01\/26\/dor-causas-impactos-e-estrategias-de-gestao\/\" \/>\n<meta property=\"og:site_name\" content=\"Portal Tela Portugal\" \/>\n<meta property=\"article:published_time\" content=\"2026-01-27T00:00:00+00:00\" \/>\n<meta name=\"author\" content=\"Telinha\" \/>\n<meta name=\"twitter:card\" content=\"summary_large_image\" \/>\n<meta name=\"twitter:label1\" content=\"Escrito por\" \/>\n\t<meta name=\"twitter:data1\" content=\"Telinha\" \/>\n\t<meta name=\"twitter:label2\" content=\"Tempo estimado de leitura\" \/>\n\t<meta name=\"twitter:data2\" content=\"1 minuto\" \/>\n<script type=\"application\/ld+json\" class=\"yoast-schema-graph\">{\"@context\":\"https:\/\/schema.org\",\"@graph\":[{\"@type\":\"Article\",\"@id\":\"https:\/\/portaltela.pt\/noticias\/2026\/01\/26\/dor-causas-impactos-e-estrategias-de-gestao\/#article\",\"isPartOf\":{\"@id\":\"https:\/\/portaltela.pt\/noticias\/2026\/01\/26\/dor-causas-impactos-e-estrategias-de-gestao\/\"},\"author\":{\"name\":\"Telinha\",\"@id\":\"https:\/\/portaltela.pt\/#\/schema\/person\/c4278d4a6028830caff9ee44b42d32ed\"},\"headline\":\"Dor: causas, impactos e estrat\u00e9gias de gest\u00e3o\",\"datePublished\":\"2026-01-27T00:00:00+00:00\",\"mainEntityOfPage\":{\"@id\":\"https:\/\/portaltela.pt\/noticias\/2026\/01\/26\/dor-causas-impactos-e-estrategias-de-gestao\/\"},\"wordCount\":270,\"image\":{\"@id\":\"https:\/\/portaltela.pt\/noticias\/2026\/01\/26\/dor-causas-impactos-e-estrategias-de-gestao\/#primaryimage\"},\"thumbnailUrl\":\"https:\/\/portaltela.pt\/s.01k8rhncp4jt1\/2026\/01\/icon.jpg\",\"keywords\":[\"assist\u00eancia social\",\"despesas\",\"dor cr\u00f3nica\",\"inf\u00e2ncia\",\"Pediatria\",\"sa\u00fade p\u00fablica\"],\"articleSection\":[\"Not\u00edcias\"],\"inLanguage\":\"pt-PT\"},{\"@type\":\"WebPage\",\"@id\":\"https:\/\/portaltela.pt\/noticias\/2026\/01\/26\/dor-causas-impactos-e-estrategias-de-gestao\/\",\"url\":\"https:\/\/portaltela.pt\/noticias\/2026\/01\/26\/dor-causas-impactos-e-estrategias-de-gestao\/\",\"name\":\"Dor: causas, impactos e estrat\u00e9gias de gest\u00e3o - Portal Tela Portugal\",\"isPartOf\":{\"@id\":\"https:\/\/portaltela.pt\/#website\"},\"primaryImageOfPage\":{\"@id\":\"https:\/\/portaltela.pt\/noticias\/2026\/01\/26\/dor-causas-impactos-e-estrategias-de-gestao\/#primaryimage\"},\"image\":{\"@id\":\"https:\/\/portaltela.pt\/noticias\/2026\/01\/26\/dor-causas-impactos-e-estrategias-de-gestao\/#primaryimage\"},\"thumbnailUrl\":\"https:\/\/portaltela.pt\/s.01k8rhncp4jt1\/2026\/01\/icon.jpg\",\"datePublished\":\"2026-01-27T00:00:00+00:00\",\"author\":{\"@id\":\"https:\/\/portaltela.pt\/#\/schema\/person\/c4278d4a6028830caff9ee44b42d32ed\"},\"breadcrumb\":{\"@id\":\"https:\/\/portaltela.pt\/noticias\/2026\/01\/26\/dor-causas-impactos-e-estrategias-de-gestao\/#breadcrumb\"},\"inLanguage\":\"pt-PT\",\"potentialAction\":[{\"@type\":\"ReadAction\",\"target\":[\"https:\/\/portaltela.pt\/noticias\/2026\/01\/26\/dor-causas-impactos-e-estrategias-de-gestao\/\"]}]},{\"@type\":\"ImageObject\",\"inLanguage\":\"pt-PT\",\"@id\":\"https:\/\/portaltela.pt\/noticias\/2026\/01\/26\/dor-causas-impactos-e-estrategias-de-gestao\/#primaryimage\",\"url\":\"https:\/\/portaltela.pt\/s.01k8rhncp4jt1\/2026\/01\/icon.jpg\",\"contentUrl\":\"https:\/\/portaltela.pt\/s.01k8rhncp4jt1\/2026\/01\/icon.jpg\",\"width\":796,\"height\":448,\"caption\":\"Dor\"},{\"@type\":\"BreadcrumbList\",\"@id\":\"https:\/\/portaltela.pt\/noticias\/2026\/01\/26\/dor-causas-impactos-e-estrategias-de-gestao\/#breadcrumb\",\"itemListElement\":[{\"@type\":\"ListItem\",\"position\":1,\"name\":\"In\u00edcio\",\"item\":\"https:\/\/portaltela.pt\/\"},{\"@type\":\"ListItem\",\"position\":2,\"name\":\"Dor: causas, impactos e estrat\u00e9gias de gest\u00e3o\"}]},{\"@type\":\"WebSite\",\"@id\":\"https:\/\/portaltela.pt\/#website\",\"url\":\"https:\/\/portaltela.pt\/\",\"name\":\"Portal Tela Portugal\",\"description\":\"\",\"potentialAction\":[{\"@type\":\"SearchAction\",\"target\":{\"@type\":\"EntryPoint\",\"urlTemplate\":\"https:\/\/portaltela.pt\/?s={search_term_string}\"},\"query-input\":{\"@type\":\"PropertyValueSpecification\",\"valueRequired\":true,\"valueName\":\"search_term_string\"}}],\"inLanguage\":\"pt-PT\"},{\"@type\":\"Person\",\"@id\":\"https:\/\/portaltela.pt\/#\/schema\/person\/c4278d4a6028830caff9ee44b42d32ed\",\"name\":\"Telinha\",\"image\":{\"@type\":\"ImageObject\",\"inLanguage\":\"pt-PT\",\"@id\":\"https:\/\/portaltela.pt\/s.01k8rhncp4jt1\/2025\/11\/talking-bot-125x125.png\",\"url\":\"https:\/\/portaltela.pt\/s.01k8rhncp4jt1\/2025\/11\/talking-bot-125x125.png\",\"contentUrl\":\"https:\/\/portaltela.pt\/s.01k8rhncp4jt1\/2025\/11\/talking-bot-125x125.png\",\"caption\":\"Telinha\"},\"sameAs\":[\"https:\/\/portaltela.pt\/\"],\"url\":\"https:\/\/portaltela.pt\/por\/367410592786\/\"}]}<\/script>\n<!-- \/ Yoast SEO plugin. -->","yoast_head_json":{"title":"Dor: causas, impactos e estrat\u00e9gias de gest\u00e3o - Portal Tela Portugal","robots":{"index":"index","follow":"follow","max-snippet":"max-snippet:-1","max-image-preview":"max-image-preview:large","max-video-preview":"max-video-preview:-1"},"og_locale":"pt_PT","og_type":"article","og_title":"Dor: causas, impactos e estrat\u00e9gias de gest\u00e3o - Portal Tela Portugal","og_description":"A dor cr\u00f3nica acarreia custos humanos e, a n\u00edvel econ\u00f3mico, perdas significativas para doentes, fam\u00edlias e sistemas de sa\u00fade. Alguns custos humanos s\u00e3o muito dif\u00edceis de quantificar. A pediatra Clara Abadesso, com experi\u00eancia em cuidados intensivos, dedica-se tamb\u00e9m \u00e0 preven\u00e7\u00e3o e tratamento da dor infantil. A lombalgia \u00e9 a dor cr\u00f3nica mais frequente e incapacitante, afetando um ter\u00e7o da popula\u00e7\u00e3o portuguesa. Existem v\u00e1rias formas de tratar a lombalgia, com impactos na vida pessoal e profissional.","og_url":"https:\/\/portaltela.pt\/noticias\/2026\/01\/26\/dor-causas-impactos-e-estrategias-de-gestao\/","og_site_name":"Portal Tela Portugal","article_published_time":"2026-01-27T00:00:00+00:00","author":"Telinha","twitter_card":"summary_large_image","twitter_misc":{"Escrito por":"Telinha","Tempo estimado de leitura":"1 minuto"},"schema":{"@context":"https:\/\/schema.org","@graph":[{"@type":"Article","@id":"https:\/\/portaltela.pt\/noticias\/2026\/01\/26\/dor-causas-impactos-e-estrategias-de-gestao\/#article","isPartOf":{"@id":"https:\/\/portaltela.pt\/noticias\/2026\/01\/26\/dor-causas-impactos-e-estrategias-de-gestao\/"},"author":{"name":"Telinha","@id":"https:\/\/portaltela.pt\/#\/schema\/person\/c4278d4a6028830caff9ee44b42d32ed"},"headline":"Dor: causas, impactos e estrat\u00e9gias de gest\u00e3o","datePublished":"2026-01-27T00:00:00+00:00","mainEntityOfPage":{"@id":"https:\/\/portaltela.pt\/noticias\/2026\/01\/26\/dor-causas-impactos-e-estrategias-de-gestao\/"},"wordCount":270,"image":{"@id":"https:\/\/portaltela.pt\/noticias\/2026\/01\/26\/dor-causas-impactos-e-estrategias-de-gestao\/#primaryimage"},"thumbnailUrl":"https:\/\/portaltela.pt\/s.01k8rhncp4jt1\/2026\/01\/icon.jpg","keywords":["assist\u00eancia social","despesas","dor cr\u00f3nica","inf\u00e2ncia","Pediatria","sa\u00fade p\u00fablica"],"articleSection":["Not\u00edcias"],"inLanguage":"pt-PT"},{"@type":"WebPage","@id":"https:\/\/portaltela.pt\/noticias\/2026\/01\/26\/dor-causas-impactos-e-estrategias-de-gestao\/","url":"https:\/\/portaltela.pt\/noticias\/2026\/01\/26\/dor-causas-impactos-e-estrategias-de-gestao\/","name":"Dor: causas, impactos e estrat\u00e9gias de gest\u00e3o - Portal Tela Portugal","isPartOf":{"@id":"https:\/\/portaltela.pt\/#website"},"primaryImageOfPage":{"@id":"https:\/\/portaltela.pt\/noticias\/2026\/01\/26\/dor-causas-impactos-e-estrategias-de-gestao\/#primaryimage"},"image":{"@id":"https:\/\/portaltela.pt\/noticias\/2026\/01\/26\/dor-causas-impactos-e-estrategias-de-gestao\/#primaryimage"},"thumbnailUrl":"https:\/\/portaltela.pt\/s.01k8rhncp4jt1\/2026\/01\/icon.jpg","datePublished":"2026-01-27T00:00:00+00:00","author":{"@id":"https:\/\/portaltela.pt\/#\/schema\/person\/c4278d4a6028830caff9ee44b42d32ed"},"breadcrumb":{"@id":"https:\/\/portaltela.pt\/noticias\/2026\/01\/26\/dor-causas-impactos-e-estrategias-de-gestao\/#breadcrumb"},"inLanguage":"pt-PT","potentialAction":[{"@type":"ReadAction","target":["https:\/\/portaltela.pt\/noticias\/2026\/01\/26\/dor-causas-impactos-e-estrategias-de-gestao\/"]}]},{"@type":"ImageObject","inLanguage":"pt-PT","@id":"https:\/\/portaltela.pt\/noticias\/2026\/01\/26\/dor-causas-impactos-e-estrategias-de-gestao\/#primaryimage","url":"https:\/\/portaltela.pt\/s.01k8rhncp4jt1\/2026\/01\/icon.jpg","contentUrl":"https:\/\/portaltela.pt\/s.01k8rhncp4jt1\/2026\/01\/icon.jpg","width":796,"height":448,"caption":"Dor"},{"@type":"BreadcrumbList","@id":"https:\/\/portaltela.pt\/noticias\/2026\/01\/26\/dor-causas-impactos-e-estrategias-de-gestao\/#breadcrumb","itemListElement":[{"@type":"ListItem","position":1,"name":"In\u00edcio","item":"https:\/\/portaltela.pt\/"},{"@type":"ListItem","position":2,"name":"Dor: causas, impactos e estrat\u00e9gias de gest\u00e3o"}]},{"@type":"WebSite","@id":"https:\/\/portaltela.pt\/#website","url":"https:\/\/portaltela.pt\/","name":"Portal Tela Portugal","description":"","potentialAction":[{"@type":"SearchAction","target":{"@type":"EntryPoint","urlTemplate":"https:\/\/portaltela.pt\/?s={search_term_string}"},"query-input":{"@type":"PropertyValueSpecification","valueRequired":true,"valueName":"search_term_string"}}],"inLanguage":"pt-PT"},{"@type":"Person","@id":"https:\/\/portaltela.pt\/#\/schema\/person\/c4278d4a6028830caff9ee44b42d32ed","name":"Telinha","image":{"@type":"ImageObject","inLanguage":"pt-PT","@id":"https:\/\/portaltela.pt\/s.01k8rhncp4jt1\/2025\/11\/talking-bot-125x125.png","url":"https:\/\/portaltela.pt\/s.01k8rhncp4jt1\/2025\/11\/talking-bot-125x125.png","contentUrl":"https:\/\/portaltela.pt\/s.01k8rhncp4jt1\/2025\/11\/talking-bot-125x125.png","caption":"Telinha"},"sameAs":["https:\/\/portaltela.pt\/"],"url":"https:\/\/portaltela.pt\/por\/367410592786\/"}]}},"_links":{"self":[{"href":"https:\/\/portaltela.pt\/api\/wp\/v2\/posts\/176190","targetHints":{"allow":["GET"]}}],"collection":[{"href":"https:\/\/portaltela.pt\/api\/wp\/v2\/posts"}],"about":[{"href":"https:\/\/portaltela.pt\/api\/wp\/v2\/types\/post"}],"author":[{"embeddable":true,"href":"https:\/\/portaltela.pt\/api\/wp\/v2\/users\/2"}],"replies":[{"embeddable":true,"href":"https:\/\/portaltela.pt\/api\/wp\/v2\/comments?post=176190"}],"version-history":[{"count":0,"href":"https:\/\/portaltela.pt\/api\/wp\/v2\/posts\/176190\/revisions"}],"wp:featuredmedia":[{"embeddable":true,"href":"https:\/\/portaltela.pt\/api\/wp\/v2\/media\/176208"}],"wp:attachment":[{"href":"https:\/\/portaltela.pt\/api\/wp\/v2\/media?parent=176190"}],"wp:term":[{"taxonomy":"category","embeddable":true,"href":"https:\/\/portaltela.pt\/api\/wp\/v2\/categories?post=176190"},{"taxonomy":"post_tag","embeddable":true,"href":"https:\/\/portaltela.pt\/api\/wp\/v2\/tags?post=176190"}],"curies":[{"name":"wp","href":"https:\/\/api.w.org\/{rel}","templated":true}]}}