{"id":176182,"date":"2026-01-27T07:42:16","date_gmt":"2026-01-27T10:42:16","guid":{"rendered":"https:\/\/portaltela.pt\/noticias\/2026\/01\/27\/lider-do-ps-acores-pede-reforco-de-guardas-prisionais-em-angra-do-heroismo\/"},"modified":"2026-01-27T07:42:16","modified_gmt":"2026-01-27T10:42:16","slug":"lider-do-ps-acores-pede-reforco-de-guardas-prisionais-em-angra-do-heroismo","status":"publish","type":"post","link":"https:\/\/portaltela.pt\/noticias\/2026\/01\/27\/lider-do-ps-acores-pede-reforco-de-guardas-prisionais-em-angra-do-heroismo\/","title":{"rendered":"L\u00edder do PS A\u00e7ores pede refor\u00e7o de guardas prisionais em Angra do Hero\u00edsmo"},"content":{"rendered":"<p>O l\u00edder do PS\/A\u00e7ores e deputado na Assembleia da Rep\u00fablica, Francisco C\u00e9sar, pediu refor\u00e7o de guardas prisionais na cadeia de Angra do Hero\u00edsmo, na ilha Terceira, ap\u00f3s uma visita ao estabelecimento. A reivindica\u00e7\u00e3o surge numa altura de melhorias observadas nas condi\u00e7\u00f5es do recinto.<\/p>\n<p>Segundo o dirigente, o r\u00e1cio de um guarda para tr\u00eas reclusos n\u00e3o est\u00e1 a ser cumprido, o que configura uma falha grave do Estado. A solu\u00e7\u00e3o passa pelo aumento de efectivos nos A\u00e7ores, diz ele, que ir\u00e1 interpelar o Governo de forma regimentada.<\/p>\n<p>A entrevista ao jornal interno do PS\/A\u00e7ores ocorreu na segunda-feira, ao final do dia, ap\u00f3s a visita ao Estabelecimento Prisional de Angra do Hero\u00edsmo. C\u00e9sar sublinhou que a seguran\u00e7a e a dignidade humana n\u00e3o podem continuar a ser adiadas.<\/p>\n<\/p>\n<p>Em abril de 2025, houve den\u00fancias de maus-tratos no Estabelecimento Prisional de Angra do Hero\u00edsmo, incluindo dois reclusos com patologias psiqui\u00e1tricas isolados numa cela em roupa interior. Um inqu\u00e9rito foi aberto para apurar os factos.<\/p>\n<p>O antigo diretor do estabelecimento foi demitido em julho anterior, e, em janeiro de 2026, assumiu um novo respons\u00e1vel. C\u00e9sar elogiou a nomea\u00e7\u00e3o, mas afirmou que mudan\u00e7as de lideran\u00e7a n\u00e3o resolvem problemas estruturais do Estado.<\/p>\n<p>O deputado reconheceu avan\u00e7os em \u00e1reas como alimenta\u00e7\u00e3o, condi\u00e7\u00f5es de alojamento e rela\u00e7\u00e3o com os reclusos. Contudo, destacou que tais progressos devem-se ao empenho dos profissionais em campo, n\u00e3o a a\u00e7\u00f5es governamentais.<\/p>\n<p>Ap\u00f3s a visita, C\u00e9sar reiterou que voltar\u00e1 a Angra do Hero\u00edsmo para verificar a implementa\u00e7\u00e3o de compromissos do Governo da Rep\u00fablica. O objetivo \u00e9 confirmar solu\u00e7\u00f5es concretas para os problemas estruturais.<\/p>\n<p>O l\u00edder socialista afirmou que o caminho \u00e9 o fortalecimento de recursos e a responsabiliza\u00e7\u00e3o do Governo. A prioridade \u00e9 assegurar condi\u00e7\u00f5es adequadas de seguran\u00e7a e tratamento humano no sistema prisional dos A\u00e7ores.<\/p>\n","protected":false},"excerpt":{"rendered":"<ul>\n<li>O l\u00edder do PS A\u00e7ores, Francisco C\u00e9sar, pediu refor\u00e7o de guardas prisionais na cadeia de Angra do Hero\u00edsmo, reconhecendo melhorias nas condi\u00e7\u00f5es.<\/li>\n<li>O r\u00e1cio recomendado de um guarda para cada tr\u00eas reclusos n\u00e3o \u00e9 cumprido, considerado como falha grave do Estado.<\/li>\n<li>C\u00e9sar vai interpelar o Governo da Rep\u00fablica para obter refor\u00e7o urgente de efetivos nos A\u00e7ores.<\/li>\n<li>Em abril de 2025 foram apresentadas den\u00fancias de maus-tratos, com inqu\u00e9rito aberto; o antigo diretor foi demitido e um novo respons\u00e1vel tomou posse em janeiro de 2026.<\/li>\n<li>Apesar de progressos em alimenta\u00e7\u00e3o, alojamento e rela\u00e7\u00e3o com os reclusos, as melhorias s\u00e3o atribu\u00eddas principalmente ao trabalho dos profissionais, n\u00e3o ao Governo, e o deputado promete novas visitas para acompanhar a implementa\u00e7\u00e3o de compromissos.<\/li>\n<\/ul>\n","protected":false},"author":2,"featured_media":176202,"comment_status":"closed","ping_status":"closed","sticky":false,"template":"","format":"standard","meta":{"footnotes":""},"categories":[1],"tags":[822,2919,2633,1878,215,250],"class_list":["post-176182","post","type-post","status-publish","format-standard","has-post-thumbnail","hentry","category-noticias","tag-acores","tag-angra-do-heroismo","tag-direitos-humanos","tag-inquerito-criminal","tag-investigacao","tag-seguranca-publica"],"yoast_head":"<!-- This site is optimized with the Yoast SEO plugin v27.2 - https:\/\/yoast.com\/product\/yoast-seo-wordpress\/ -->\n<title>L\u00edder do PS A\u00e7ores pede refor\u00e7o de guardas prisionais em Angra do Hero\u00edsmo - Portal Tela Portugal<\/title>\n<meta name=\"robots\" content=\"index, follow, max-snippet:-1, max-image-preview:large, max-video-preview:-1\" \/>\n<meta property=\"og:locale\" content=\"pt_PT\" \/>\n<meta property=\"og:type\" content=\"article\" \/>\n<meta property=\"og:title\" content=\"L\u00edder do PS A\u00e7ores pede refor\u00e7o de guardas prisionais em Angra do Hero\u00edsmo - Portal Tela Portugal\" \/>\n<meta property=\"og:description\" content=\"O l\u00edder do PS A\u00e7ores, Francisco C\u00e9sar, pediu refor\u00e7o de guardas prisionais na cadeia de Angra do Hero\u00edsmo, reconhecendo melhorias nas condi\u00e7\u00f5es. O r\u00e1cio recomendado de um guarda para cada tr\u00eas reclusos n\u00e3o \u00e9 cumprido, considerado como falha grave do Estado. C\u00e9sar vai interpelar o Governo da Rep\u00fablica para obter refor\u00e7o urgente de efetivos nos A\u00e7ores. Em abril de 2025 foram apresentadas den\u00fancias de maus-tratos, com inqu\u00e9rito aberto; o antigo diretor foi demitido e um novo respons\u00e1vel tomou posse em janeiro de 2026. Apesar de progressos em alimenta\u00e7\u00e3o, alojamento e rela\u00e7\u00e3o com os reclusos, as melhorias s\u00e3o atribu\u00eddas principalmente ao trabalho dos profissionais, n\u00e3o ao Governo, e o deputado promete novas visitas para acompanhar a implementa\u00e7\u00e3o de compromissos.\" \/>\n<meta property=\"og:url\" content=\"https:\/\/portaltela.pt\/noticias\/2026\/01\/27\/lider-do-ps-acores-pede-reforco-de-guardas-prisionais-em-angra-do-heroismo\/\" \/>\n<meta property=\"og:site_name\" content=\"Portal Tela Portugal\" \/>\n<meta property=\"article:published_time\" content=\"2026-01-27T10:42:16+00:00\" \/>\n<meta name=\"author\" content=\"Telinha\" \/>\n<meta name=\"twitter:card\" content=\"summary_large_image\" \/>\n<meta name=\"twitter:label1\" content=\"Escrito por\" \/>\n\t<meta name=\"twitter:data1\" content=\"Telinha\" \/>\n\t<meta name=\"twitter:label2\" content=\"Tempo estimado de leitura\" \/>\n\t<meta name=\"twitter:data2\" content=\"2 minutos\" \/>\n<script type=\"application\/ld+json\" class=\"yoast-schema-graph\">{\"@context\":\"https:\/\/schema.org\",\"@graph\":[{\"@type\":\"Article\",\"@id\":\"https:\/\/portaltela.pt\/noticias\/2026\/01\/27\/lider-do-ps-acores-pede-reforco-de-guardas-prisionais-em-angra-do-heroismo\/#article\",\"isPartOf\":{\"@id\":\"https:\/\/portaltela.pt\/noticias\/2026\/01\/27\/lider-do-ps-acores-pede-reforco-de-guardas-prisionais-em-angra-do-heroismo\/\"},\"author\":{\"name\":\"Telinha\",\"@id\":\"https:\/\/portaltela.pt\/#\/schema\/person\/c4278d4a6028830caff9ee44b42d32ed\"},\"headline\":\"L\u00edder do PS A\u00e7ores pede refor\u00e7o de guardas prisionais em Angra do Hero\u00edsmo\",\"datePublished\":\"2026-01-27T10:42:16+00:00\",\"mainEntityOfPage\":{\"@id\":\"https:\/\/portaltela.pt\/noticias\/2026\/01\/27\/lider-do-ps-acores-pede-reforco-de-guardas-prisionais-em-angra-do-heroismo\/\"},\"wordCount\":352,\"image\":{\"@id\":\"https:\/\/portaltela.pt\/noticias\/2026\/01\/27\/lider-do-ps-acores-pede-reforco-de-guardas-prisionais-em-angra-do-heroismo\/#primaryimage\"},\"thumbnailUrl\":\"https:\/\/portaltela.pt\/s.01k8rhncp4jt1\/2026\/01\/img_1280x721uu2025-12-25-17-29-19-2256295-im-639034843526341443.jpg\",\"keywords\":[\"A\u00e7ores\",\"Angra do Hero\u00edsmo\",\"direitos humanos\",\"inqu\u00e9rito criminal\",\"investiga\u00e7\u00e3o\",\"seguran\u00e7a p\u00fablica\"],\"articleSection\":[\"Not\u00edcias\"],\"inLanguage\":\"pt-PT\"},{\"@type\":\"WebPage\",\"@id\":\"https:\/\/portaltela.pt\/noticias\/2026\/01\/27\/lider-do-ps-acores-pede-reforco-de-guardas-prisionais-em-angra-do-heroismo\/\",\"url\":\"https:\/\/portaltela.pt\/noticias\/2026\/01\/27\/lider-do-ps-acores-pede-reforco-de-guardas-prisionais-em-angra-do-heroismo\/\",\"name\":\"L\u00edder do PS A\u00e7ores pede refor\u00e7o de guardas prisionais em Angra do Hero\u00edsmo - Portal Tela Portugal\",\"isPartOf\":{\"@id\":\"https:\/\/portaltela.pt\/#website\"},\"primaryImageOfPage\":{\"@id\":\"https:\/\/portaltela.pt\/noticias\/2026\/01\/27\/lider-do-ps-acores-pede-reforco-de-guardas-prisionais-em-angra-do-heroismo\/#primaryimage\"},\"image\":{\"@id\":\"https:\/\/portaltela.pt\/noticias\/2026\/01\/27\/lider-do-ps-acores-pede-reforco-de-guardas-prisionais-em-angra-do-heroismo\/#primaryimage\"},\"thumbnailUrl\":\"https:\/\/portaltela.pt\/s.01k8rhncp4jt1\/2026\/01\/img_1280x721uu2025-12-25-17-29-19-2256295-im-639034843526341443.jpg\",\"datePublished\":\"2026-01-27T10:42:16+00:00\",\"author\":{\"@id\":\"https:\/\/portaltela.pt\/#\/schema\/person\/c4278d4a6028830caff9ee44b42d32ed\"},\"breadcrumb\":{\"@id\":\"https:\/\/portaltela.pt\/noticias\/2026\/01\/27\/lider-do-ps-acores-pede-reforco-de-guardas-prisionais-em-angra-do-heroismo\/#breadcrumb\"},\"inLanguage\":\"pt-PT\",\"potentialAction\":[{\"@type\":\"ReadAction\",\"target\":[\"https:\/\/portaltela.pt\/noticias\/2026\/01\/27\/lider-do-ps-acores-pede-reforco-de-guardas-prisionais-em-angra-do-heroismo\/\"]}]},{\"@type\":\"ImageObject\",\"inLanguage\":\"pt-PT\",\"@id\":\"https:\/\/portaltela.pt\/noticias\/2026\/01\/27\/lider-do-ps-acores-pede-reforco-de-guardas-prisionais-em-angra-do-heroismo\/#primaryimage\",\"url\":\"https:\/\/portaltela.pt\/s.01k8rhncp4jt1\/2026\/01\/img_1280x721uu2025-12-25-17-29-19-2256295-im-639034843526341443.jpg\",\"contentUrl\":\"https:\/\/portaltela.pt\/s.01k8rhncp4jt1\/2026\/01\/img_1280x721uu2025-12-25-17-29-19-2256295-im-639034843526341443.jpg\",\"width\":796,\"height\":448,\"caption\":\"Photo\"},{\"@type\":\"BreadcrumbList\",\"@id\":\"https:\/\/portaltela.pt\/noticias\/2026\/01\/27\/lider-do-ps-acores-pede-reforco-de-guardas-prisionais-em-angra-do-heroismo\/#breadcrumb\",\"itemListElement\":[{\"@type\":\"ListItem\",\"position\":1,\"name\":\"In\u00edcio\",\"item\":\"https:\/\/portaltela.pt\/\"},{\"@type\":\"ListItem\",\"position\":2,\"name\":\"L\u00edder do PS A\u00e7ores pede refor\u00e7o de guardas prisionais em Angra do Hero\u00edsmo\"}]},{\"@type\":\"WebSite\",\"@id\":\"https:\/\/portaltela.pt\/#website\",\"url\":\"https:\/\/portaltela.pt\/\",\"name\":\"Portal Tela Portugal\",\"description\":\"\",\"potentialAction\":[{\"@type\":\"SearchAction\",\"target\":{\"@type\":\"EntryPoint\",\"urlTemplate\":\"https:\/\/portaltela.pt\/?s={search_term_string}\"},\"query-input\":{\"@type\":\"PropertyValueSpecification\",\"valueRequired\":true,\"valueName\":\"search_term_string\"}}],\"inLanguage\":\"pt-PT\"},{\"@type\":\"Person\",\"@id\":\"https:\/\/portaltela.pt\/#\/schema\/person\/c4278d4a6028830caff9ee44b42d32ed\",\"name\":\"Telinha\",\"image\":{\"@type\":\"ImageObject\",\"inLanguage\":\"pt-PT\",\"@id\":\"https:\/\/portaltela.pt\/s.01k8rhncp4jt1\/2025\/11\/talking-bot-125x125.png\",\"url\":\"https:\/\/portaltela.pt\/s.01k8rhncp4jt1\/2025\/11\/talking-bot-125x125.png\",\"contentUrl\":\"https:\/\/portaltela.pt\/s.01k8rhncp4jt1\/2025\/11\/talking-bot-125x125.png\",\"caption\":\"Telinha\"},\"sameAs\":[\"https:\/\/portaltela.pt\/\"],\"url\":\"https:\/\/portaltela.pt\/por\/367410592786\/\"}]}<\/script>\n<!-- \/ Yoast SEO plugin. -->","yoast_head_json":{"title":"L\u00edder do PS A\u00e7ores pede refor\u00e7o de guardas prisionais em Angra do Hero\u00edsmo - Portal Tela Portugal","robots":{"index":"index","follow":"follow","max-snippet":"max-snippet:-1","max-image-preview":"max-image-preview:large","max-video-preview":"max-video-preview:-1"},"og_locale":"pt_PT","og_type":"article","og_title":"L\u00edder do PS A\u00e7ores pede refor\u00e7o de guardas prisionais em Angra do Hero\u00edsmo - Portal Tela Portugal","og_description":"O l\u00edder do PS A\u00e7ores, Francisco C\u00e9sar, pediu refor\u00e7o de guardas prisionais na cadeia de Angra do Hero\u00edsmo, reconhecendo melhorias nas condi\u00e7\u00f5es. O r\u00e1cio recomendado de um guarda para cada tr\u00eas reclusos n\u00e3o \u00e9 cumprido, considerado como falha grave do Estado. C\u00e9sar vai interpelar o Governo da Rep\u00fablica para obter refor\u00e7o urgente de efetivos nos A\u00e7ores. Em abril de 2025 foram apresentadas den\u00fancias de maus-tratos, com inqu\u00e9rito aberto; o antigo diretor foi demitido e um novo respons\u00e1vel tomou posse em janeiro de 2026. Apesar de progressos em alimenta\u00e7\u00e3o, alojamento e rela\u00e7\u00e3o com os reclusos, as melhorias s\u00e3o atribu\u00eddas principalmente ao trabalho dos profissionais, n\u00e3o ao Governo, e o deputado promete novas visitas para acompanhar a implementa\u00e7\u00e3o de compromissos.","og_url":"https:\/\/portaltela.pt\/noticias\/2026\/01\/27\/lider-do-ps-acores-pede-reforco-de-guardas-prisionais-em-angra-do-heroismo\/","og_site_name":"Portal Tela Portugal","article_published_time":"2026-01-27T10:42:16+00:00","author":"Telinha","twitter_card":"summary_large_image","twitter_misc":{"Escrito por":"Telinha","Tempo estimado de leitura":"2 minutos"},"schema":{"@context":"https:\/\/schema.org","@graph":[{"@type":"Article","@id":"https:\/\/portaltela.pt\/noticias\/2026\/01\/27\/lider-do-ps-acores-pede-reforco-de-guardas-prisionais-em-angra-do-heroismo\/#article","isPartOf":{"@id":"https:\/\/portaltela.pt\/noticias\/2026\/01\/27\/lider-do-ps-acores-pede-reforco-de-guardas-prisionais-em-angra-do-heroismo\/"},"author":{"name":"Telinha","@id":"https:\/\/portaltela.pt\/#\/schema\/person\/c4278d4a6028830caff9ee44b42d32ed"},"headline":"L\u00edder do PS A\u00e7ores pede refor\u00e7o de guardas prisionais em Angra do Hero\u00edsmo","datePublished":"2026-01-27T10:42:16+00:00","mainEntityOfPage":{"@id":"https:\/\/portaltela.pt\/noticias\/2026\/01\/27\/lider-do-ps-acores-pede-reforco-de-guardas-prisionais-em-angra-do-heroismo\/"},"wordCount":352,"image":{"@id":"https:\/\/portaltela.pt\/noticias\/2026\/01\/27\/lider-do-ps-acores-pede-reforco-de-guardas-prisionais-em-angra-do-heroismo\/#primaryimage"},"thumbnailUrl":"https:\/\/portaltela.pt\/s.01k8rhncp4jt1\/2026\/01\/img_1280x721uu2025-12-25-17-29-19-2256295-im-639034843526341443.jpg","keywords":["A\u00e7ores","Angra do Hero\u00edsmo","direitos humanos","inqu\u00e9rito criminal","investiga\u00e7\u00e3o","seguran\u00e7a p\u00fablica"],"articleSection":["Not\u00edcias"],"inLanguage":"pt-PT"},{"@type":"WebPage","@id":"https:\/\/portaltela.pt\/noticias\/2026\/01\/27\/lider-do-ps-acores-pede-reforco-de-guardas-prisionais-em-angra-do-heroismo\/","url":"https:\/\/portaltela.pt\/noticias\/2026\/01\/27\/lider-do-ps-acores-pede-reforco-de-guardas-prisionais-em-angra-do-heroismo\/","name":"L\u00edder do PS A\u00e7ores pede refor\u00e7o de guardas prisionais em Angra do Hero\u00edsmo - Portal Tela Portugal","isPartOf":{"@id":"https:\/\/portaltela.pt\/#website"},"primaryImageOfPage":{"@id":"https:\/\/portaltela.pt\/noticias\/2026\/01\/27\/lider-do-ps-acores-pede-reforco-de-guardas-prisionais-em-angra-do-heroismo\/#primaryimage"},"image":{"@id":"https:\/\/portaltela.pt\/noticias\/2026\/01\/27\/lider-do-ps-acores-pede-reforco-de-guardas-prisionais-em-angra-do-heroismo\/#primaryimage"},"thumbnailUrl":"https:\/\/portaltela.pt\/s.01k8rhncp4jt1\/2026\/01\/img_1280x721uu2025-12-25-17-29-19-2256295-im-639034843526341443.jpg","datePublished":"2026-01-27T10:42:16+00:00","author":{"@id":"https:\/\/portaltela.pt\/#\/schema\/person\/c4278d4a6028830caff9ee44b42d32ed"},"breadcrumb":{"@id":"https:\/\/portaltela.pt\/noticias\/2026\/01\/27\/lider-do-ps-acores-pede-reforco-de-guardas-prisionais-em-angra-do-heroismo\/#breadcrumb"},"inLanguage":"pt-PT","potentialAction":[{"@type":"ReadAction","target":["https:\/\/portaltela.pt\/noticias\/2026\/01\/27\/lider-do-ps-acores-pede-reforco-de-guardas-prisionais-em-angra-do-heroismo\/"]}]},{"@type":"ImageObject","inLanguage":"pt-PT","@id":"https:\/\/portaltela.pt\/noticias\/2026\/01\/27\/lider-do-ps-acores-pede-reforco-de-guardas-prisionais-em-angra-do-heroismo\/#primaryimage","url":"https:\/\/portaltela.pt\/s.01k8rhncp4jt1\/2026\/01\/img_1280x721uu2025-12-25-17-29-19-2256295-im-639034843526341443.jpg","contentUrl":"https:\/\/portaltela.pt\/s.01k8rhncp4jt1\/2026\/01\/img_1280x721uu2025-12-25-17-29-19-2256295-im-639034843526341443.jpg","width":796,"height":448,"caption":"Photo"},{"@type":"BreadcrumbList","@id":"https:\/\/portaltela.pt\/noticias\/2026\/01\/27\/lider-do-ps-acores-pede-reforco-de-guardas-prisionais-em-angra-do-heroismo\/#breadcrumb","itemListElement":[{"@type":"ListItem","position":1,"name":"In\u00edcio","item":"https:\/\/portaltela.pt\/"},{"@type":"ListItem","position":2,"name":"L\u00edder do PS A\u00e7ores pede refor\u00e7o de guardas prisionais em Angra do Hero\u00edsmo"}]},{"@type":"WebSite","@id":"https:\/\/portaltela.pt\/#website","url":"https:\/\/portaltela.pt\/","name":"Portal Tela Portugal","description":"","potentialAction":[{"@type":"SearchAction","target":{"@type":"EntryPoint","urlTemplate":"https:\/\/portaltela.pt\/?s={search_term_string}"},"query-input":{"@type":"PropertyValueSpecification","valueRequired":true,"valueName":"search_term_string"}}],"inLanguage":"pt-PT"},{"@type":"Person","@id":"https:\/\/portaltela.pt\/#\/schema\/person\/c4278d4a6028830caff9ee44b42d32ed","name":"Telinha","image":{"@type":"ImageObject","inLanguage":"pt-PT","@id":"https:\/\/portaltela.pt\/s.01k8rhncp4jt1\/2025\/11\/talking-bot-125x125.png","url":"https:\/\/portaltela.pt\/s.01k8rhncp4jt1\/2025\/11\/talking-bot-125x125.png","contentUrl":"https:\/\/portaltela.pt\/s.01k8rhncp4jt1\/2025\/11\/talking-bot-125x125.png","caption":"Telinha"},"sameAs":["https:\/\/portaltela.pt\/"],"url":"https:\/\/portaltela.pt\/por\/367410592786\/"}]}},"_links":{"self":[{"href":"https:\/\/portaltela.pt\/api\/wp\/v2\/posts\/176182","targetHints":{"allow":["GET"]}}],"collection":[{"href":"https:\/\/portaltela.pt\/api\/wp\/v2\/posts"}],"about":[{"href":"https:\/\/portaltela.pt\/api\/wp\/v2\/types\/post"}],"author":[{"embeddable":true,"href":"https:\/\/portaltela.pt\/api\/wp\/v2\/users\/2"}],"replies":[{"embeddable":true,"href":"https:\/\/portaltela.pt\/api\/wp\/v2\/comments?post=176182"}],"version-history":[{"count":0,"href":"https:\/\/portaltela.pt\/api\/wp\/v2\/posts\/176182\/revisions"}],"wp:featuredmedia":[{"embeddable":true,"href":"https:\/\/portaltela.pt\/api\/wp\/v2\/media\/176202"}],"wp:attachment":[{"href":"https:\/\/portaltela.pt\/api\/wp\/v2\/media?parent=176182"}],"wp:term":[{"taxonomy":"category","embeddable":true,"href":"https:\/\/portaltela.pt\/api\/wp\/v2\/categories?post=176182"},{"taxonomy":"post_tag","embeddable":true,"href":"https:\/\/portaltela.pt\/api\/wp\/v2\/tags?post=176182"}],"curies":[{"name":"wp","href":"https:\/\/api.w.org\/{rel}","templated":true}]}}