{"id":176113,"date":"2026-01-27T06:45:00","date_gmt":"2026-01-27T09:45:00","guid":{"rendered":"https:\/\/portaltela.pt\/noticias\/2026\/01\/27\/militar-morre-em-curso-de-operacoes-especiais-no-rio-balsemao-lamego\/"},"modified":"2026-01-27T06:45:00","modified_gmt":"2026-01-27T09:45:00","slug":"militar-morre-em-curso-de-operacoes-especiais-no-rio-balsemao-lamego","status":"publish","type":"post","link":"https:\/\/portaltela.pt\/noticias\/2026\/01\/27\/militar-morre-em-curso-de-operacoes-especiais-no-rio-balsemao-lamego\/","title":{"rendered":"Militar morre em curso de opera\u00e7\u00f5es especiais no rio Balsem\u00e3o, Lamego"},"content":{"rendered":"<p>Um militar portugu\u00eas morreu durante um curso de opera\u00e7\u00f5es especiais no rio Balsem\u00e3o, em Lamego. O incidente ocorreu durante a forma\u00e7\u00e3o, na segunda-feira, noite de 26 de janeiro, segundo comunicado do Ex\u00e9rcito.<\/p>\n<p>O militar, alferes de infantaria Jo\u00e3o Cardoso, natural de Mafra, encontrava-se ainda por localizar desde as 23h39 de segunda-feira. O Ex\u00e9rcito representa que ser\u00e1 aberto um processo de averigua\u00e7\u00e3o em articula\u00e7\u00e3o com as autoridades competentes.<\/p>\n<p>Pelo menos 31 operacionais e 11 viaturas estiveram no local na manh\u00e3 seguinte, conforme a PJM. O Ex\u00e9rcito assegura apoio \u00e0 fam\u00edlia, incluindo acompanhamento psicol\u00f3gico, e poder\u00e1 prestar novas informa\u00e7\u00f5es assim que houver factos novos confirmados.<\/p>\n<h3>Investiga\u00e7\u00e3o<\/h3>\n<p>O Ex\u00e9rcito indicou que a PJM foi informada e que o processo de averigua\u00e7\u00e3o visa apurar todas as circunst\u00e2ncias do ocorrido. N\u00e3o foram avan\u00e7ados detalhes adicionais sobre o incidente ou o militar.<\/p>\n<h3>Contexto das for\u00e7as especiais<\/h3>\n<p>As for\u00e7as especiais portuguesas s\u00e3o unidades especialmente selecionadas e treinadas para opera\u00e7\u00f5es n\u00e3o convencionais. O curso tem dura\u00e7\u00e3o de 13 semanas para Pra\u00e7as e 15 semanas para Sargentos e Oficiais, com desempenho no Centro de Tropas de Opera\u00e7\u00f5es Especiais em Lamego ap\u00f3s a forma\u00e7\u00e3o.<\/p>\n","protected":false},"excerpt":{"rendered":"<ul>\n<li>O alferes de infantaria Jo\u00e3o Cardoso, natural de Mafra, de 23 anos, morreu ap\u00f3s um incidente durante um curso de opera\u00e7\u00f5es especiais no rio Balsem\u00e3o, em Lamego.<\/li>\n<li>O desaparecimento foi reportado na noite de segunda-feira, 26 de janeiro, com o alerta \u00e0s 23h39; na manh\u00e3 seguinte estavam no local 31 operacionais e 11 viaturas.<\/li>\n<li>O Ex\u00e9rcito abriu um processo de averigua\u00e7\u00f5es e informou a Pol\u00edcia Judici\u00e1ria Militar para apurar as circunst\u00e2ncias, assegurando apoio \u00e0 fam\u00edlia, incluindo acompanhamento psicol\u00f3gico.<\/li>\n<li>O curso tem dura\u00e7\u00e3o de treze semanas para pra\u00e7as e quinze semanas para sargentos e oficiais, e, ap\u00f3s a forma\u00e7\u00e3o, os militares cumprem m\u00ednimo dois anos no Centro de Tropas de Opera\u00e7\u00f5es Especiais, em Lamego.<\/li>\n<li>O Ex\u00e9rcito n\u00e3o detalha mais o incidente e promete prestar novas informa\u00e7\u00f5es assim que existirem factos confirmados.<\/li>\n<\/ul>\n","protected":false},"author":2,"featured_media":176118,"comment_status":"closed","ping_status":"closed","sticky":false,"template":"","format":"standard","meta":{"footnotes":""},"categories":[1],"tags":[1779,215,3419,2600,1961,1802],"class_list":["post-176113","post","type-post","status-publish","format-standard","has-post-thumbnail","hentry","category-noticias","tag-forcas-armadas","tag-investigacao","tag-lamego","tag-mafra","tag-operacionais","tag-policia-judiciaria"],"yoast_head":"<!-- This site is optimized with the Yoast SEO plugin v27.2 - https:\/\/yoast.com\/product\/yoast-seo-wordpress\/ -->\n<title>Militar morre em curso de opera\u00e7\u00f5es especiais no rio Balsem\u00e3o, Lamego - Portal Tela Portugal<\/title>\n<meta name=\"robots\" content=\"index, follow, max-snippet:-1, max-image-preview:large, max-video-preview:-1\" \/>\n<meta property=\"og:locale\" content=\"pt_PT\" \/>\n<meta property=\"og:type\" content=\"article\" \/>\n<meta property=\"og:title\" content=\"Militar morre em curso de opera\u00e7\u00f5es especiais no rio Balsem\u00e3o, Lamego - Portal Tela Portugal\" \/>\n<meta property=\"og:description\" content=\"O alferes de infantaria Jo\u00e3o Cardoso, natural de Mafra, de 23 anos, morreu ap\u00f3s um incidente durante um curso de opera\u00e7\u00f5es especiais no rio Balsem\u00e3o, em Lamego. O desaparecimento foi reportado na noite de segunda-feira, 26 de janeiro, com o alerta \u00e0s 23h39; na manh\u00e3 seguinte estavam no local 31 operacionais e 11 viaturas. O Ex\u00e9rcito abriu um processo de averigua\u00e7\u00f5es e informou a Pol\u00edcia Judici\u00e1ria Militar para apurar as circunst\u00e2ncias, assegurando apoio \u00e0 fam\u00edlia, incluindo acompanhamento psicol\u00f3gico. O curso tem dura\u00e7\u00e3o de treze semanas para pra\u00e7as e quinze semanas para sargentos e oficiais, e, ap\u00f3s a forma\u00e7\u00e3o, os militares cumprem m\u00ednimo dois anos no Centro de Tropas de Opera\u00e7\u00f5es Especiais, em Lamego. O Ex\u00e9rcito n\u00e3o detalha mais o incidente e promete prestar novas informa\u00e7\u00f5es assim que existirem factos confirmados.\" \/>\n<meta property=\"og:url\" content=\"https:\/\/portaltela.pt\/noticias\/2026\/01\/27\/militar-morre-em-curso-de-operacoes-especiais-no-rio-balsemao-lamego\/\" \/>\n<meta property=\"og:site_name\" content=\"Portal Tela Portugal\" \/>\n<meta property=\"article:published_time\" content=\"2026-01-27T09:45:00+00:00\" \/>\n<meta name=\"author\" content=\"Telinha\" \/>\n<meta name=\"twitter:card\" content=\"summary_large_image\" \/>\n<meta name=\"twitter:label1\" content=\"Escrito por\" \/>\n\t<meta name=\"twitter:data1\" content=\"Telinha\" \/>\n\t<meta name=\"twitter:label2\" content=\"Tempo estimado de leitura\" \/>\n\t<meta name=\"twitter:data2\" content=\"1 minuto\" \/>\n<script type=\"application\/ld+json\" class=\"yoast-schema-graph\">{\"@context\":\"https:\/\/schema.org\",\"@graph\":[{\"@type\":\"Article\",\"@id\":\"https:\/\/portaltela.pt\/noticias\/2026\/01\/27\/militar-morre-em-curso-de-operacoes-especiais-no-rio-balsemao-lamego\/#article\",\"isPartOf\":{\"@id\":\"https:\/\/portaltela.pt\/noticias\/2026\/01\/27\/militar-morre-em-curso-de-operacoes-especiais-no-rio-balsemao-lamego\/\"},\"author\":{\"name\":\"Telinha\",\"@id\":\"https:\/\/portaltela.pt\/#\/schema\/person\/c4278d4a6028830caff9ee44b42d32ed\"},\"headline\":\"Militar morre em curso de opera\u00e7\u00f5es especiais no rio Balsem\u00e3o, Lamego\",\"datePublished\":\"2026-01-27T09:45:00+00:00\",\"mainEntityOfPage\":{\"@id\":\"https:\/\/portaltela.pt\/noticias\/2026\/01\/27\/militar-morre-em-curso-de-operacoes-especiais-no-rio-balsemao-lamego\/\"},\"wordCount\":220,\"image\":{\"@id\":\"https:\/\/portaltela.pt\/noticias\/2026\/01\/27\/militar-morre-em-curso-de-operacoes-especiais-no-rio-balsemao-lamego\/#primaryimage\"},\"thumbnailUrl\":\"https:\/\/portaltela.pt\/s.01k8rhncp4jt1\/2026\/01\/2062124.jpg\",\"keywords\":[\"For\u00e7as Armadas\",\"investiga\u00e7\u00e3o\",\"Lamego\",\"Mafra\",\"operacionais\",\"Pol\u00edcia Judici\u00e1ria\"],\"articleSection\":[\"Not\u00edcias\"],\"inLanguage\":\"pt-PT\"},{\"@type\":\"WebPage\",\"@id\":\"https:\/\/portaltela.pt\/noticias\/2026\/01\/27\/militar-morre-em-curso-de-operacoes-especiais-no-rio-balsemao-lamego\/\",\"url\":\"https:\/\/portaltela.pt\/noticias\/2026\/01\/27\/militar-morre-em-curso-de-operacoes-especiais-no-rio-balsemao-lamego\/\",\"name\":\"Militar morre em curso de opera\u00e7\u00f5es especiais no rio Balsem\u00e3o, Lamego - Portal Tela Portugal\",\"isPartOf\":{\"@id\":\"https:\/\/portaltela.pt\/#website\"},\"primaryImageOfPage\":{\"@id\":\"https:\/\/portaltela.pt\/noticias\/2026\/01\/27\/militar-morre-em-curso-de-operacoes-especiais-no-rio-balsemao-lamego\/#primaryimage\"},\"image\":{\"@id\":\"https:\/\/portaltela.pt\/noticias\/2026\/01\/27\/militar-morre-em-curso-de-operacoes-especiais-no-rio-balsemao-lamego\/#primaryimage\"},\"thumbnailUrl\":\"https:\/\/portaltela.pt\/s.01k8rhncp4jt1\/2026\/01\/2062124.jpg\",\"datePublished\":\"2026-01-27T09:45:00+00:00\",\"author\":{\"@id\":\"https:\/\/portaltela.pt\/#\/schema\/person\/c4278d4a6028830caff9ee44b42d32ed\"},\"breadcrumb\":{\"@id\":\"https:\/\/portaltela.pt\/noticias\/2026\/01\/27\/militar-morre-em-curso-de-operacoes-especiais-no-rio-balsemao-lamego\/#breadcrumb\"},\"inLanguage\":\"pt-PT\",\"potentialAction\":[{\"@type\":\"ReadAction\",\"target\":[\"https:\/\/portaltela.pt\/noticias\/2026\/01\/27\/militar-morre-em-curso-de-operacoes-especiais-no-rio-balsemao-lamego\/\"]}]},{\"@type\":\"ImageObject\",\"inLanguage\":\"pt-PT\",\"@id\":\"https:\/\/portaltela.pt\/noticias\/2026\/01\/27\/militar-morre-em-curso-de-operacoes-especiais-no-rio-balsemao-lamego\/#primaryimage\",\"url\":\"https:\/\/portaltela.pt\/s.01k8rhncp4jt1\/2026\/01\/2062124.jpg\",\"contentUrl\":\"https:\/\/portaltela.pt\/s.01k8rhncp4jt1\/2026\/01\/2062124.jpg\",\"width\":796,\"height\":448,\"caption\":\"Photo\"},{\"@type\":\"BreadcrumbList\",\"@id\":\"https:\/\/portaltela.pt\/noticias\/2026\/01\/27\/militar-morre-em-curso-de-operacoes-especiais-no-rio-balsemao-lamego\/#breadcrumb\",\"itemListElement\":[{\"@type\":\"ListItem\",\"position\":1,\"name\":\"In\u00edcio\",\"item\":\"https:\/\/portaltela.pt\/\"},{\"@type\":\"ListItem\",\"position\":2,\"name\":\"Militar morre em curso de opera\u00e7\u00f5es especiais no rio Balsem\u00e3o, Lamego\"}]},{\"@type\":\"WebSite\",\"@id\":\"https:\/\/portaltela.pt\/#website\",\"url\":\"https:\/\/portaltela.pt\/\",\"name\":\"Portal Tela Portugal\",\"description\":\"\",\"potentialAction\":[{\"@type\":\"SearchAction\",\"target\":{\"@type\":\"EntryPoint\",\"urlTemplate\":\"https:\/\/portaltela.pt\/?s={search_term_string}\"},\"query-input\":{\"@type\":\"PropertyValueSpecification\",\"valueRequired\":true,\"valueName\":\"search_term_string\"}}],\"inLanguage\":\"pt-PT\"},{\"@type\":\"Person\",\"@id\":\"https:\/\/portaltela.pt\/#\/schema\/person\/c4278d4a6028830caff9ee44b42d32ed\",\"name\":\"Telinha\",\"image\":{\"@type\":\"ImageObject\",\"inLanguage\":\"pt-PT\",\"@id\":\"https:\/\/portaltela.pt\/s.01k8rhncp4jt1\/2025\/11\/talking-bot-125x125.png\",\"url\":\"https:\/\/portaltela.pt\/s.01k8rhncp4jt1\/2025\/11\/talking-bot-125x125.png\",\"contentUrl\":\"https:\/\/portaltela.pt\/s.01k8rhncp4jt1\/2025\/11\/talking-bot-125x125.png\",\"caption\":\"Telinha\"},\"sameAs\":[\"https:\/\/portaltela.pt\/\"],\"url\":\"https:\/\/portaltela.pt\/por\/367410592786\/\"}]}<\/script>\n<!-- \/ Yoast SEO plugin. -->","yoast_head_json":{"title":"Militar morre em curso de opera\u00e7\u00f5es especiais no rio Balsem\u00e3o, Lamego - Portal Tela Portugal","robots":{"index":"index","follow":"follow","max-snippet":"max-snippet:-1","max-image-preview":"max-image-preview:large","max-video-preview":"max-video-preview:-1"},"og_locale":"pt_PT","og_type":"article","og_title":"Militar morre em curso de opera\u00e7\u00f5es especiais no rio Balsem\u00e3o, Lamego - Portal Tela Portugal","og_description":"O alferes de infantaria Jo\u00e3o Cardoso, natural de Mafra, de 23 anos, morreu ap\u00f3s um incidente durante um curso de opera\u00e7\u00f5es especiais no rio Balsem\u00e3o, em Lamego. O desaparecimento foi reportado na noite de segunda-feira, 26 de janeiro, com o alerta \u00e0s 23h39; na manh\u00e3 seguinte estavam no local 31 operacionais e 11 viaturas. O Ex\u00e9rcito abriu um processo de averigua\u00e7\u00f5es e informou a Pol\u00edcia Judici\u00e1ria Militar para apurar as circunst\u00e2ncias, assegurando apoio \u00e0 fam\u00edlia, incluindo acompanhamento psicol\u00f3gico. O curso tem dura\u00e7\u00e3o de treze semanas para pra\u00e7as e quinze semanas para sargentos e oficiais, e, ap\u00f3s a forma\u00e7\u00e3o, os militares cumprem m\u00ednimo dois anos no Centro de Tropas de Opera\u00e7\u00f5es Especiais, em Lamego. O Ex\u00e9rcito n\u00e3o detalha mais o incidente e promete prestar novas informa\u00e7\u00f5es assim que existirem factos confirmados.","og_url":"https:\/\/portaltela.pt\/noticias\/2026\/01\/27\/militar-morre-em-curso-de-operacoes-especiais-no-rio-balsemao-lamego\/","og_site_name":"Portal Tela Portugal","article_published_time":"2026-01-27T09:45:00+00:00","author":"Telinha","twitter_card":"summary_large_image","twitter_misc":{"Escrito por":"Telinha","Tempo estimado de leitura":"1 minuto"},"schema":{"@context":"https:\/\/schema.org","@graph":[{"@type":"Article","@id":"https:\/\/portaltela.pt\/noticias\/2026\/01\/27\/militar-morre-em-curso-de-operacoes-especiais-no-rio-balsemao-lamego\/#article","isPartOf":{"@id":"https:\/\/portaltela.pt\/noticias\/2026\/01\/27\/militar-morre-em-curso-de-operacoes-especiais-no-rio-balsemao-lamego\/"},"author":{"name":"Telinha","@id":"https:\/\/portaltela.pt\/#\/schema\/person\/c4278d4a6028830caff9ee44b42d32ed"},"headline":"Militar morre em curso de opera\u00e7\u00f5es especiais no rio Balsem\u00e3o, Lamego","datePublished":"2026-01-27T09:45:00+00:00","mainEntityOfPage":{"@id":"https:\/\/portaltela.pt\/noticias\/2026\/01\/27\/militar-morre-em-curso-de-operacoes-especiais-no-rio-balsemao-lamego\/"},"wordCount":220,"image":{"@id":"https:\/\/portaltela.pt\/noticias\/2026\/01\/27\/militar-morre-em-curso-de-operacoes-especiais-no-rio-balsemao-lamego\/#primaryimage"},"thumbnailUrl":"https:\/\/portaltela.pt\/s.01k8rhncp4jt1\/2026\/01\/2062124.jpg","keywords":["For\u00e7as Armadas","investiga\u00e7\u00e3o","Lamego","Mafra","operacionais","Pol\u00edcia Judici\u00e1ria"],"articleSection":["Not\u00edcias"],"inLanguage":"pt-PT"},{"@type":"WebPage","@id":"https:\/\/portaltela.pt\/noticias\/2026\/01\/27\/militar-morre-em-curso-de-operacoes-especiais-no-rio-balsemao-lamego\/","url":"https:\/\/portaltela.pt\/noticias\/2026\/01\/27\/militar-morre-em-curso-de-operacoes-especiais-no-rio-balsemao-lamego\/","name":"Militar morre em curso de opera\u00e7\u00f5es especiais no rio Balsem\u00e3o, Lamego - Portal Tela Portugal","isPartOf":{"@id":"https:\/\/portaltela.pt\/#website"},"primaryImageOfPage":{"@id":"https:\/\/portaltela.pt\/noticias\/2026\/01\/27\/militar-morre-em-curso-de-operacoes-especiais-no-rio-balsemao-lamego\/#primaryimage"},"image":{"@id":"https:\/\/portaltela.pt\/noticias\/2026\/01\/27\/militar-morre-em-curso-de-operacoes-especiais-no-rio-balsemao-lamego\/#primaryimage"},"thumbnailUrl":"https:\/\/portaltela.pt\/s.01k8rhncp4jt1\/2026\/01\/2062124.jpg","datePublished":"2026-01-27T09:45:00+00:00","author":{"@id":"https:\/\/portaltela.pt\/#\/schema\/person\/c4278d4a6028830caff9ee44b42d32ed"},"breadcrumb":{"@id":"https:\/\/portaltela.pt\/noticias\/2026\/01\/27\/militar-morre-em-curso-de-operacoes-especiais-no-rio-balsemao-lamego\/#breadcrumb"},"inLanguage":"pt-PT","potentialAction":[{"@type":"ReadAction","target":["https:\/\/portaltela.pt\/noticias\/2026\/01\/27\/militar-morre-em-curso-de-operacoes-especiais-no-rio-balsemao-lamego\/"]}]},{"@type":"ImageObject","inLanguage":"pt-PT","@id":"https:\/\/portaltela.pt\/noticias\/2026\/01\/27\/militar-morre-em-curso-de-operacoes-especiais-no-rio-balsemao-lamego\/#primaryimage","url":"https:\/\/portaltela.pt\/s.01k8rhncp4jt1\/2026\/01\/2062124.jpg","contentUrl":"https:\/\/portaltela.pt\/s.01k8rhncp4jt1\/2026\/01\/2062124.jpg","width":796,"height":448,"caption":"Photo"},{"@type":"BreadcrumbList","@id":"https:\/\/portaltela.pt\/noticias\/2026\/01\/27\/militar-morre-em-curso-de-operacoes-especiais-no-rio-balsemao-lamego\/#breadcrumb","itemListElement":[{"@type":"ListItem","position":1,"name":"In\u00edcio","item":"https:\/\/portaltela.pt\/"},{"@type":"ListItem","position":2,"name":"Militar morre em curso de opera\u00e7\u00f5es especiais no rio Balsem\u00e3o, Lamego"}]},{"@type":"WebSite","@id":"https:\/\/portaltela.pt\/#website","url":"https:\/\/portaltela.pt\/","name":"Portal Tela Portugal","description":"","potentialAction":[{"@type":"SearchAction","target":{"@type":"EntryPoint","urlTemplate":"https:\/\/portaltela.pt\/?s={search_term_string}"},"query-input":{"@type":"PropertyValueSpecification","valueRequired":true,"valueName":"search_term_string"}}],"inLanguage":"pt-PT"},{"@type":"Person","@id":"https:\/\/portaltela.pt\/#\/schema\/person\/c4278d4a6028830caff9ee44b42d32ed","name":"Telinha","image":{"@type":"ImageObject","inLanguage":"pt-PT","@id":"https:\/\/portaltela.pt\/s.01k8rhncp4jt1\/2025\/11\/talking-bot-125x125.png","url":"https:\/\/portaltela.pt\/s.01k8rhncp4jt1\/2025\/11\/talking-bot-125x125.png","contentUrl":"https:\/\/portaltela.pt\/s.01k8rhncp4jt1\/2025\/11\/talking-bot-125x125.png","caption":"Telinha"},"sameAs":["https:\/\/portaltela.pt\/"],"url":"https:\/\/portaltela.pt\/por\/367410592786\/"}]}},"_links":{"self":[{"href":"https:\/\/portaltela.pt\/api\/wp\/v2\/posts\/176113","targetHints":{"allow":["GET"]}}],"collection":[{"href":"https:\/\/portaltela.pt\/api\/wp\/v2\/posts"}],"about":[{"href":"https:\/\/portaltela.pt\/api\/wp\/v2\/types\/post"}],"author":[{"embeddable":true,"href":"https:\/\/portaltela.pt\/api\/wp\/v2\/users\/2"}],"replies":[{"embeddable":true,"href":"https:\/\/portaltela.pt\/api\/wp\/v2\/comments?post=176113"}],"version-history":[{"count":0,"href":"https:\/\/portaltela.pt\/api\/wp\/v2\/posts\/176113\/revisions"}],"wp:featuredmedia":[{"embeddable":true,"href":"https:\/\/portaltela.pt\/api\/wp\/v2\/media\/176118"}],"wp:attachment":[{"href":"https:\/\/portaltela.pt\/api\/wp\/v2\/media?parent=176113"}],"wp:term":[{"taxonomy":"category","embeddable":true,"href":"https:\/\/portaltela.pt\/api\/wp\/v2\/categories?post=176113"},{"taxonomy":"post_tag","embeddable":true,"href":"https:\/\/portaltela.pt\/api\/wp\/v2\/tags?post=176113"}],"curies":[{"name":"wp","href":"https:\/\/api.w.org\/{rel}","templated":true}]}}