{"id":176112,"date":"2026-01-27T06:37:00","date_gmt":"2026-01-27T09:37:00","guid":{"rendered":"https:\/\/portaltela.pt\/noticias\/2026\/01\/27\/mocambique-necessita-de-26-mil-toneladas-de-sementes-apos-cheias\/"},"modified":"2026-01-27T06:37:00","modified_gmt":"2026-01-27T09:37:00","slug":"mocambique-necessita-de-26-mil-toneladas-de-sementes-apos-cheias","status":"publish","type":"post","link":"https:\/\/portaltela.pt\/noticias\/2026\/01\/27\/mocambique-necessita-de-26-mil-toneladas-de-sementes-apos-cheias\/","title":{"rendered":"Mo\u00e7ambique necessita de 26 mil toneladas de sementes ap\u00f3s cheias"},"content":{"rendered":"<p>As cheias e inunda\u00e7\u00f5es que afectaram Mo\u00e7ambique nas \u00faltimas semanas atingiram principalmente os distritos de Xai-Xai, com 290 hectares, e Ch\u00f3kw\u00e8, com 270 hectares, na prov\u00edncia de Gaza. O Minist\u00e9rio da Agricultura, Ambiente e Pescas (MAAP) indica a necessidade de refor\u00e7ar a disponibilidade de sementes para a segunda \u00e9poca da campanha agr\u00edcola 2025\/2026.<\/p>\n<p>O MAAP revela que o sector precisa de 15 000 toneladas de milho certificados, 8 000 de arroz e 3 000 de feij\u00e3o. O objetivo \u00e9 permitir a recupera\u00e7\u00e3o r\u00e1pida e a continuidade da produ\u00e7\u00e3o agr\u00edcola, ap\u00f3s as cheias.<\/p>\n<p>A reuni\u00e3o com produtores de sementes revelou 710 hectares de campos de produ\u00e7\u00e3o em prepara\u00e7\u00e3o para estas culturas. Contudo, o stock dispon\u00edvel varia: milho 2 300 t, arroz 45 t, feij\u00e3o-nhemba 650 t e feij\u00e3o vulgar 270 t. Sementes de hort\u00edcolas somam 4 t.<\/p>\n<h3>Sementes e recupera\u00e7\u00e3o da campanha 2025\/2026<\/h3>\n<p>Marcelino Bot\u00e3o, presidente da Associa\u00e7\u00e3o de Produtores de Sementes, referiu que a maioria das empresas ainda est\u00e1 na fase de planifica\u00e7\u00e3o. Os dados concentram-se sobretudo nas prov\u00edncias de Gaza, Manica, Sofala e Nampula.<\/p>\n<p>A prepara\u00e7\u00e3o para a segunda \u00e9poca \u00e9 fundamental, segundo o MAAP, para enfrentar a escassez de sementes certificadas no imediato. O objetivo \u00e9 assegurar abastecimento atempado, minimizando atrasos na planta\u00e7\u00e3o.<\/p>\n<p>Quase 105 mil pessoas permanecem em centros de abrigo, numa situa\u00e7\u00e3o que j\u00e1 envolve quase 700 mil cidad\u00e3os em 20 dias. O INGD aponta para 691 527 afetados, 12 mortos e 154 797 inundados, com 3 447 casas parcialmente e 771 totalmente destru\u00eddas.<\/p>\n<h3>Dados do INGD e impacto humano<\/h3>\n<p>Al\u00e9m disso, constam 45 feridos e 4 desaparecidos. Fam\u00edlias continuam a ser resgatadas, sobretudo no sul do pa\u00eds. Desde o in\u00edcio da \u00e9poca das chuvas, j\u00e1 ocorreram 124 mortes, 148 feridos e 812 194 pessoas afetadas.<\/p>\n<p>O registo atual aponta 105 centros de acomoda\u00e7\u00e3o ativos, com 103 535 pessoas acolhidas e 19 556 resgatadas. Foram afetadas 229 unidades sanit\u00e1rias e 366 escolas, quatro pontes e 1 336 km de estradas.<\/p>\n<p>A \u00e1rea agr\u00edcola afetada soma 287 013 hectares, envolvendo 215 949 agricultores. No total, morreram 325 578 cabe\u00e7as de gado entre bovinos, caprinos e aves, refletindo o peso humano e econ\u00f3mico da crise.<\/p>\n","protected":false},"excerpt":{"rendered":"<ul>\n<li>O Minist\u00e9rio da Agricultura, Ambiente e Pescas de Mo\u00e7ambique aponta necessidade de 15.000 toneladas de sementes certificadas de milho, 8.000 de arroz e 3.000 de feij\u00e3o, totalizando 26.000 toneladas para enfrentar as cheias e a segunda \u00e9poca da campanha agr\u00e1ria 2025\/2026.<\/li>\n<li>Ao todo, 710 hectares de campos de produ\u00e7\u00e3o de sementes foram apresentados para a recupera\u00e7\u00e3o e planeamento de stock, que atualmente soma 2.300 toneladas de milho, 45 de arroz, 650 de feij\u00e3o-nhemba, 270 de feij\u00e3o vulgar e quatro de hort\u00edcolas.<\/li>\n<li>As cheias atingem sobretudo Gaza, com Xai-Xai a 290 hectares afetados e Ch\u00f3kw\u00e8 a 270 hectares, segundo o MAAP.<\/li>\n<li>Cerca de 105 mil pessoas est\u00e3o em centros de abrigo, com quase 700 mil afetadas em 20 dias; h\u00e1 12 mortos, 3.447 casas parcialmente destru\u00eddas e 1.336 quil\u00f3metros de estrada afetados.<\/li>\n<li>Desde outubro, registam-se 124 mortes, 148 feridos e 812.194 pessoas afetadas, com  promote 287.013 hectares de \u00e1rea agr\u00edcola e 325.578 cabe\u00e7as de gado mortas.<\/li>\n<\/ul>\n","protected":false},"author":2,"featured_media":176127,"comment_status":"closed","ping_status":"closed","sticky":false,"template":"","format":"standard","meta":{"footnotes":""},"categories":[1],"tags":[179,3812,2293,2516,1948,3441],"class_list":["post-176112","post","type-post","status-publish","format-standard","has-post-thumbnail","hentry","category-noticias","tag-agricultura","tag-alagamentos","tag-inundacoes","tag-manica","tag-nampula","tag-sofala"],"yoast_head":"<!-- This site is optimized with the Yoast SEO plugin v27.2 - https:\/\/yoast.com\/product\/yoast-seo-wordpress\/ -->\n<title>Mo\u00e7ambique necessita de 26 mil toneladas de sementes ap\u00f3s cheias - Portal Tela Portugal<\/title>\n<meta name=\"robots\" content=\"index, follow, max-snippet:-1, max-image-preview:large, max-video-preview:-1\" \/>\n<meta property=\"og:locale\" content=\"pt_PT\" \/>\n<meta property=\"og:type\" content=\"article\" \/>\n<meta property=\"og:title\" content=\"Mo\u00e7ambique necessita de 26 mil toneladas de sementes ap\u00f3s cheias - Portal Tela Portugal\" \/>\n<meta property=\"og:description\" content=\"O Minist\u00e9rio da Agricultura, Ambiente e Pescas de Mo\u00e7ambique aponta necessidade de 15.000 toneladas de sementes certificadas de milho, 8.000 de arroz e 3.000 de feij\u00e3o, totalizando 26.000 toneladas para enfrentar as cheias e a segunda \u00e9poca da campanha agr\u00e1ria 2025\/2026. Ao todo, 710 hectares de campos de produ\u00e7\u00e3o de sementes foram apresentados para a recupera\u00e7\u00e3o e planeamento de stock, que atualmente soma 2.300 toneladas de milho, 45 de arroz, 650 de feij\u00e3o-nhemba, 270 de feij\u00e3o vulgar e quatro de hort\u00edcolas. As cheias atingem sobretudo Gaza, com Xai-Xai a 290 hectares afetados e Ch\u00f3kw\u00e8 a 270 hectares, segundo o MAAP. Cerca de 105 mil pessoas est\u00e3o em centros de abrigo, com quase 700 mil afetadas em 20 dias; h\u00e1 12 mortos, 3.447 casas parcialmente destru\u00eddas e 1.336 quil\u00f3metros de estrada afetados. Desde outubro, registam-se 124 mortes, 148 feridos e 812.194 pessoas afetadas, com promote 287.013 hectares de \u00e1rea agr\u00edcola e 325.578 cabe\u00e7as de gado mortas.\" \/>\n<meta property=\"og:url\" content=\"https:\/\/portaltela.pt\/noticias\/2026\/01\/27\/mocambique-necessita-de-26-mil-toneladas-de-sementes-apos-cheias\/\" \/>\n<meta property=\"og:site_name\" content=\"Portal Tela Portugal\" \/>\n<meta property=\"article:published_time\" content=\"2026-01-27T09:37:00+00:00\" \/>\n<meta name=\"author\" content=\"Telinha\" \/>\n<meta name=\"twitter:card\" content=\"summary_large_image\" \/>\n<meta name=\"twitter:label1\" content=\"Escrito por\" \/>\n\t<meta name=\"twitter:data1\" content=\"Telinha\" \/>\n\t<meta name=\"twitter:label2\" content=\"Tempo estimado de leitura\" \/>\n\t<meta name=\"twitter:data2\" content=\"2 minutos\" \/>\n<script type=\"application\/ld+json\" class=\"yoast-schema-graph\">{\"@context\":\"https:\/\/schema.org\",\"@graph\":[{\"@type\":\"Article\",\"@id\":\"https:\/\/portaltela.pt\/noticias\/2026\/01\/27\/mocambique-necessita-de-26-mil-toneladas-de-sementes-apos-cheias\/#article\",\"isPartOf\":{\"@id\":\"https:\/\/portaltela.pt\/noticias\/2026\/01\/27\/mocambique-necessita-de-26-mil-toneladas-de-sementes-apos-cheias\/\"},\"author\":{\"name\":\"Telinha\",\"@id\":\"https:\/\/portaltela.pt\/#\/schema\/person\/c4278d4a6028830caff9ee44b42d32ed\"},\"headline\":\"Mo\u00e7ambique necessita de 26 mil toneladas de sementes ap\u00f3s cheias\",\"datePublished\":\"2026-01-27T09:37:00+00:00\",\"mainEntityOfPage\":{\"@id\":\"https:\/\/portaltela.pt\/noticias\/2026\/01\/27\/mocambique-necessita-de-26-mil-toneladas-de-sementes-apos-cheias\/\"},\"wordCount\":355,\"image\":{\"@id\":\"https:\/\/portaltela.pt\/noticias\/2026\/01\/27\/mocambique-necessita-de-26-mil-toneladas-de-sementes-apos-cheias\/#primaryimage\"},\"thumbnailUrl\":\"https:\/\/portaltela.pt\/s.01k8rhncp4jt1\/2026\/01\/unnamed-file-5475.jpg\",\"keywords\":[\"agricultura\",\"alagamentos\",\"inunda\u00e7\u00f5es\",\"Manica\",\"Nampula\",\"Sofala\"],\"articleSection\":[\"Not\u00edcias\"],\"inLanguage\":\"pt-PT\"},{\"@type\":\"WebPage\",\"@id\":\"https:\/\/portaltela.pt\/noticias\/2026\/01\/27\/mocambique-necessita-de-26-mil-toneladas-de-sementes-apos-cheias\/\",\"url\":\"https:\/\/portaltela.pt\/noticias\/2026\/01\/27\/mocambique-necessita-de-26-mil-toneladas-de-sementes-apos-cheias\/\",\"name\":\"Mo\u00e7ambique necessita de 26 mil toneladas de sementes ap\u00f3s cheias - Portal Tela Portugal\",\"isPartOf\":{\"@id\":\"https:\/\/portaltela.pt\/#website\"},\"primaryImageOfPage\":{\"@id\":\"https:\/\/portaltela.pt\/noticias\/2026\/01\/27\/mocambique-necessita-de-26-mil-toneladas-de-sementes-apos-cheias\/#primaryimage\"},\"image\":{\"@id\":\"https:\/\/portaltela.pt\/noticias\/2026\/01\/27\/mocambique-necessita-de-26-mil-toneladas-de-sementes-apos-cheias\/#primaryimage\"},\"thumbnailUrl\":\"https:\/\/portaltela.pt\/s.01k8rhncp4jt1\/2026\/01\/unnamed-file-5475.jpg\",\"datePublished\":\"2026-01-27T09:37:00+00:00\",\"author\":{\"@id\":\"https:\/\/portaltela.pt\/#\/schema\/person\/c4278d4a6028830caff9ee44b42d32ed\"},\"breadcrumb\":{\"@id\":\"https:\/\/portaltela.pt\/noticias\/2026\/01\/27\/mocambique-necessita-de-26-mil-toneladas-de-sementes-apos-cheias\/#breadcrumb\"},\"inLanguage\":\"pt-PT\",\"potentialAction\":[{\"@type\":\"ReadAction\",\"target\":[\"https:\/\/portaltela.pt\/noticias\/2026\/01\/27\/mocambique-necessita-de-26-mil-toneladas-de-sementes-apos-cheias\/\"]}]},{\"@type\":\"ImageObject\",\"inLanguage\":\"pt-PT\",\"@id\":\"https:\/\/portaltela.pt\/noticias\/2026\/01\/27\/mocambique-necessita-de-26-mil-toneladas-de-sementes-apos-cheias\/#primaryimage\",\"url\":\"https:\/\/portaltela.pt\/s.01k8rhncp4jt1\/2026\/01\/unnamed-file-5475.jpg\",\"contentUrl\":\"https:\/\/portaltela.pt\/s.01k8rhncp4jt1\/2026\/01\/unnamed-file-5475.jpg\",\"width\":796,\"height\":448,\"caption\":\"Ap\u00f3s cheias, Mo\u00e7ambique precisa de 26 mil toneladas de sementes\"},{\"@type\":\"BreadcrumbList\",\"@id\":\"https:\/\/portaltela.pt\/noticias\/2026\/01\/27\/mocambique-necessita-de-26-mil-toneladas-de-sementes-apos-cheias\/#breadcrumb\",\"itemListElement\":[{\"@type\":\"ListItem\",\"position\":1,\"name\":\"In\u00edcio\",\"item\":\"https:\/\/portaltela.pt\/\"},{\"@type\":\"ListItem\",\"position\":2,\"name\":\"Mo\u00e7ambique necessita de 26 mil toneladas de sementes ap\u00f3s cheias\"}]},{\"@type\":\"WebSite\",\"@id\":\"https:\/\/portaltela.pt\/#website\",\"url\":\"https:\/\/portaltela.pt\/\",\"name\":\"Portal Tela Portugal\",\"description\":\"\",\"potentialAction\":[{\"@type\":\"SearchAction\",\"target\":{\"@type\":\"EntryPoint\",\"urlTemplate\":\"https:\/\/portaltela.pt\/?s={search_term_string}\"},\"query-input\":{\"@type\":\"PropertyValueSpecification\",\"valueRequired\":true,\"valueName\":\"search_term_string\"}}],\"inLanguage\":\"pt-PT\"},{\"@type\":\"Person\",\"@id\":\"https:\/\/portaltela.pt\/#\/schema\/person\/c4278d4a6028830caff9ee44b42d32ed\",\"name\":\"Telinha\",\"image\":{\"@type\":\"ImageObject\",\"inLanguage\":\"pt-PT\",\"@id\":\"https:\/\/portaltela.pt\/s.01k8rhncp4jt1\/2025\/11\/talking-bot-125x125.png\",\"url\":\"https:\/\/portaltela.pt\/s.01k8rhncp4jt1\/2025\/11\/talking-bot-125x125.png\",\"contentUrl\":\"https:\/\/portaltela.pt\/s.01k8rhncp4jt1\/2025\/11\/talking-bot-125x125.png\",\"caption\":\"Telinha\"},\"sameAs\":[\"https:\/\/portaltela.pt\/\"],\"url\":\"https:\/\/portaltela.pt\/por\/367410592786\/\"}]}<\/script>\n<!-- \/ Yoast SEO plugin. -->","yoast_head_json":{"title":"Mo\u00e7ambique necessita de 26 mil toneladas de sementes ap\u00f3s cheias - Portal Tela Portugal","robots":{"index":"index","follow":"follow","max-snippet":"max-snippet:-1","max-image-preview":"max-image-preview:large","max-video-preview":"max-video-preview:-1"},"og_locale":"pt_PT","og_type":"article","og_title":"Mo\u00e7ambique necessita de 26 mil toneladas de sementes ap\u00f3s cheias - Portal Tela Portugal","og_description":"O Minist\u00e9rio da Agricultura, Ambiente e Pescas de Mo\u00e7ambique aponta necessidade de 15.000 toneladas de sementes certificadas de milho, 8.000 de arroz e 3.000 de feij\u00e3o, totalizando 26.000 toneladas para enfrentar as cheias e a segunda \u00e9poca da campanha agr\u00e1ria 2025\/2026. Ao todo, 710 hectares de campos de produ\u00e7\u00e3o de sementes foram apresentados para a recupera\u00e7\u00e3o e planeamento de stock, que atualmente soma 2.300 toneladas de milho, 45 de arroz, 650 de feij\u00e3o-nhemba, 270 de feij\u00e3o vulgar e quatro de hort\u00edcolas. As cheias atingem sobretudo Gaza, com Xai-Xai a 290 hectares afetados e Ch\u00f3kw\u00e8 a 270 hectares, segundo o MAAP. Cerca de 105 mil pessoas est\u00e3o em centros de abrigo, com quase 700 mil afetadas em 20 dias; h\u00e1 12 mortos, 3.447 casas parcialmente destru\u00eddas e 1.336 quil\u00f3metros de estrada afetados. Desde outubro, registam-se 124 mortes, 148 feridos e 812.194 pessoas afetadas, com promote 287.013 hectares de \u00e1rea agr\u00edcola e 325.578 cabe\u00e7as de gado mortas.","og_url":"https:\/\/portaltela.pt\/noticias\/2026\/01\/27\/mocambique-necessita-de-26-mil-toneladas-de-sementes-apos-cheias\/","og_site_name":"Portal Tela Portugal","article_published_time":"2026-01-27T09:37:00+00:00","author":"Telinha","twitter_card":"summary_large_image","twitter_misc":{"Escrito por":"Telinha","Tempo estimado de leitura":"2 minutos"},"schema":{"@context":"https:\/\/schema.org","@graph":[{"@type":"Article","@id":"https:\/\/portaltela.pt\/noticias\/2026\/01\/27\/mocambique-necessita-de-26-mil-toneladas-de-sementes-apos-cheias\/#article","isPartOf":{"@id":"https:\/\/portaltela.pt\/noticias\/2026\/01\/27\/mocambique-necessita-de-26-mil-toneladas-de-sementes-apos-cheias\/"},"author":{"name":"Telinha","@id":"https:\/\/portaltela.pt\/#\/schema\/person\/c4278d4a6028830caff9ee44b42d32ed"},"headline":"Mo\u00e7ambique necessita de 26 mil toneladas de sementes ap\u00f3s cheias","datePublished":"2026-01-27T09:37:00+00:00","mainEntityOfPage":{"@id":"https:\/\/portaltela.pt\/noticias\/2026\/01\/27\/mocambique-necessita-de-26-mil-toneladas-de-sementes-apos-cheias\/"},"wordCount":355,"image":{"@id":"https:\/\/portaltela.pt\/noticias\/2026\/01\/27\/mocambique-necessita-de-26-mil-toneladas-de-sementes-apos-cheias\/#primaryimage"},"thumbnailUrl":"https:\/\/portaltela.pt\/s.01k8rhncp4jt1\/2026\/01\/unnamed-file-5475.jpg","keywords":["agricultura","alagamentos","inunda\u00e7\u00f5es","Manica","Nampula","Sofala"],"articleSection":["Not\u00edcias"],"inLanguage":"pt-PT"},{"@type":"WebPage","@id":"https:\/\/portaltela.pt\/noticias\/2026\/01\/27\/mocambique-necessita-de-26-mil-toneladas-de-sementes-apos-cheias\/","url":"https:\/\/portaltela.pt\/noticias\/2026\/01\/27\/mocambique-necessita-de-26-mil-toneladas-de-sementes-apos-cheias\/","name":"Mo\u00e7ambique necessita de 26 mil toneladas de sementes ap\u00f3s cheias - Portal Tela Portugal","isPartOf":{"@id":"https:\/\/portaltela.pt\/#website"},"primaryImageOfPage":{"@id":"https:\/\/portaltela.pt\/noticias\/2026\/01\/27\/mocambique-necessita-de-26-mil-toneladas-de-sementes-apos-cheias\/#primaryimage"},"image":{"@id":"https:\/\/portaltela.pt\/noticias\/2026\/01\/27\/mocambique-necessita-de-26-mil-toneladas-de-sementes-apos-cheias\/#primaryimage"},"thumbnailUrl":"https:\/\/portaltela.pt\/s.01k8rhncp4jt1\/2026\/01\/unnamed-file-5475.jpg","datePublished":"2026-01-27T09:37:00+00:00","author":{"@id":"https:\/\/portaltela.pt\/#\/schema\/person\/c4278d4a6028830caff9ee44b42d32ed"},"breadcrumb":{"@id":"https:\/\/portaltela.pt\/noticias\/2026\/01\/27\/mocambique-necessita-de-26-mil-toneladas-de-sementes-apos-cheias\/#breadcrumb"},"inLanguage":"pt-PT","potentialAction":[{"@type":"ReadAction","target":["https:\/\/portaltela.pt\/noticias\/2026\/01\/27\/mocambique-necessita-de-26-mil-toneladas-de-sementes-apos-cheias\/"]}]},{"@type":"ImageObject","inLanguage":"pt-PT","@id":"https:\/\/portaltela.pt\/noticias\/2026\/01\/27\/mocambique-necessita-de-26-mil-toneladas-de-sementes-apos-cheias\/#primaryimage","url":"https:\/\/portaltela.pt\/s.01k8rhncp4jt1\/2026\/01\/unnamed-file-5475.jpg","contentUrl":"https:\/\/portaltela.pt\/s.01k8rhncp4jt1\/2026\/01\/unnamed-file-5475.jpg","width":796,"height":448,"caption":"Ap\u00f3s cheias, Mo\u00e7ambique precisa de 26 mil toneladas de sementes"},{"@type":"BreadcrumbList","@id":"https:\/\/portaltela.pt\/noticias\/2026\/01\/27\/mocambique-necessita-de-26-mil-toneladas-de-sementes-apos-cheias\/#breadcrumb","itemListElement":[{"@type":"ListItem","position":1,"name":"In\u00edcio","item":"https:\/\/portaltela.pt\/"},{"@type":"ListItem","position":2,"name":"Mo\u00e7ambique necessita de 26 mil toneladas de sementes ap\u00f3s cheias"}]},{"@type":"WebSite","@id":"https:\/\/portaltela.pt\/#website","url":"https:\/\/portaltela.pt\/","name":"Portal Tela Portugal","description":"","potentialAction":[{"@type":"SearchAction","target":{"@type":"EntryPoint","urlTemplate":"https:\/\/portaltela.pt\/?s={search_term_string}"},"query-input":{"@type":"PropertyValueSpecification","valueRequired":true,"valueName":"search_term_string"}}],"inLanguage":"pt-PT"},{"@type":"Person","@id":"https:\/\/portaltela.pt\/#\/schema\/person\/c4278d4a6028830caff9ee44b42d32ed","name":"Telinha","image":{"@type":"ImageObject","inLanguage":"pt-PT","@id":"https:\/\/portaltela.pt\/s.01k8rhncp4jt1\/2025\/11\/talking-bot-125x125.png","url":"https:\/\/portaltela.pt\/s.01k8rhncp4jt1\/2025\/11\/talking-bot-125x125.png","contentUrl":"https:\/\/portaltela.pt\/s.01k8rhncp4jt1\/2025\/11\/talking-bot-125x125.png","caption":"Telinha"},"sameAs":["https:\/\/portaltela.pt\/"],"url":"https:\/\/portaltela.pt\/por\/367410592786\/"}]}},"_links":{"self":[{"href":"https:\/\/portaltela.pt\/api\/wp\/v2\/posts\/176112","targetHints":{"allow":["GET"]}}],"collection":[{"href":"https:\/\/portaltela.pt\/api\/wp\/v2\/posts"}],"about":[{"href":"https:\/\/portaltela.pt\/api\/wp\/v2\/types\/post"}],"author":[{"embeddable":true,"href":"https:\/\/portaltela.pt\/api\/wp\/v2\/users\/2"}],"replies":[{"embeddable":true,"href":"https:\/\/portaltela.pt\/api\/wp\/v2\/comments?post=176112"}],"version-history":[{"count":0,"href":"https:\/\/portaltela.pt\/api\/wp\/v2\/posts\/176112\/revisions"}],"wp:featuredmedia":[{"embeddable":true,"href":"https:\/\/portaltela.pt\/api\/wp\/v2\/media\/176127"}],"wp:attachment":[{"href":"https:\/\/portaltela.pt\/api\/wp\/v2\/media?parent=176112"}],"wp:term":[{"taxonomy":"category","embeddable":true,"href":"https:\/\/portaltela.pt\/api\/wp\/v2\/categories?post=176112"},{"taxonomy":"post_tag","embeddable":true,"href":"https:\/\/portaltela.pt\/api\/wp\/v2\/tags?post=176112"}],"curies":[{"name":"wp","href":"https:\/\/api.w.org\/{rel}","templated":true}]}}