{"id":176098,"date":"2026-01-27T06:40:10","date_gmt":"2026-01-27T09:40:10","guid":{"rendered":"https:\/\/portaltela.pt\/noticias\/2026\/01\/27\/inscricoes-abertas-para-a-feira-do-fumeiro-do-demo-em-touro\/"},"modified":"2026-01-27T06:40:10","modified_gmt":"2026-01-27T09:40:10","slug":"inscricoes-abertas-para-a-feira-do-fumeiro-do-demo-em-touro","status":"publish","type":"post","link":"https:\/\/portaltela.pt\/noticias\/2026\/01\/27\/inscricoes-abertas-para-a-feira-do-fumeiro-do-demo-em-touro\/","title":{"rendered":"Inscri\u00e7\u00f5es abertas para a Feira do Fumeiro do Demo em Touro"},"content":{"rendered":"<p>A freguesia de Touro, no concelho de Vila Nova de Paiva, acolhe nos dias 7 e 8 de mar\u00e7o a 14.\u00aa Feira do Fumeiro do Demo, que volta a dinamizar o Parque Urbano local. A organiza\u00e7\u00e3o mant\u00e9m o formato habitual de feira multi-setorial.<\/p>\n<p>Est\u00e3o abertas, at\u00e9 19 de fevereiro, as inscri\u00e7\u00f5es para ocupar os diversos espa\u00e7os da mostra. Estes espa\u00e7os s\u00e3o destinados a artesanato, fumeiros, gastronomia variada, restaurantes, tasquinhas, anima\u00e7\u00e3o e outras sec\u00e7\u00f5es como alfaias agr\u00edcolas.<\/p>\n<p>Os interessados podem inscrever-se presencialmente no Posto de Turismo | Loja TERRAS ou por envio de e-mail, conforme as normas definidas pela organiza\u00e7\u00e3o. O regulamento e a ficha de inscri\u00e7\u00e3o est\u00e3o dispon\u00edveis junto do portal institucional da C\u00e2mara Municipal de Vila Nova de Paiva.<\/p>\n<h3>Inscri\u00e7\u00f5es e condi\u00e7\u00f5es<\/h3>\n<p>As oportunidades incluem v\u00e1rias \u00e1reas tem\u00e1ticas, com datas e hor\u00e1rios a confirmar pela organiza\u00e7\u00e3o. Externos e residentes locais podem participar, conforme disponibilidade de espa\u00e7o. A coordena\u00e7\u00e3o da feira assegura a divulga\u00e7\u00e3o de normas adicionais aos interessados.<\/p>\n","protected":false},"excerpt":{"rendered":"<ul>\n<li>A 14.\u00aa Feira do Fumeiro do Demo realiza-se em Touro, Vila Nova de Paiva, nos dias 7 e 8 de mar\u00e7o, no Parque Urbano local.<\/li>\n<li>Est\u00e3o abertas inscre\u00e7\u00f5es at\u00e9 19 de fevereiro para os espa\u00e7os da feira, destinados a artesanato, fumeiros, gastronomia, restaurantes, tasquinhas, anima\u00e7\u00e3o e alfaias agr\u00edcolas, entre outros.<\/li>\n<li>As inscri\u00e7\u00f5es podem ser feitas presencialmente no Posto de Turismo | Loja TERRAS ou por email, conforme as regras da organiza\u00e7\u00e3o.<\/li>\n<li>A organiza\u00e7\u00e3o j\u00e1 disponibilizou o regulamento e a ficha de inscri\u00e7\u00e3o para consulta.<\/li>\n<li>A feira visa dinamizar a comunidade local e acolher criadores e produtores da regi\u00e3o.<\/li>\n<\/ul>\n","protected":false},"author":2,"featured_media":176109,"comment_status":"closed","ping_status":"closed","sticky":false,"template":"","format":"standard","meta":{"footnotes":""},"categories":[1],"tags":[3719,222,219,1931,1872,169],"class_list":["post-176098","post","type-post","status-publish","format-standard","has-post-thumbnail","hentry","category-noticias","tag-alfaias","tag-artesanato","tag-gastronomia","tag-restaurantes","tag-touro","tag-turismo"],"yoast_head":"<!-- This site is optimized with the Yoast SEO plugin v27.2 - https:\/\/yoast.com\/product\/yoast-seo-wordpress\/ -->\n<title>Inscri\u00e7\u00f5es abertas para a Feira do Fumeiro do Demo em Touro - Portal Tela Portugal<\/title>\n<meta name=\"robots\" content=\"index, follow, max-snippet:-1, max-image-preview:large, max-video-preview:-1\" \/>\n<meta property=\"og:locale\" content=\"pt_PT\" \/>\n<meta property=\"og:type\" content=\"article\" \/>\n<meta property=\"og:title\" content=\"Inscri\u00e7\u00f5es abertas para a Feira do Fumeiro do Demo em Touro - Portal Tela Portugal\" \/>\n<meta property=\"og:description\" content=\"A 14.\u00aa Feira do Fumeiro do Demo realiza-se em Touro, Vila Nova de Paiva, nos dias 7 e 8 de mar\u00e7o, no Parque Urbano local. Est\u00e3o abertas inscre\u00e7\u00f5es at\u00e9 19 de fevereiro para os espa\u00e7os da feira, destinados a artesanato, fumeiros, gastronomia, restaurantes, tasquinhas, anima\u00e7\u00e3o e alfaias agr\u00edcolas, entre outros. As inscri\u00e7\u00f5es podem ser feitas presencialmente no Posto de Turismo | Loja TERRAS ou por email, conforme as regras da organiza\u00e7\u00e3o. A organiza\u00e7\u00e3o j\u00e1 disponibilizou o regulamento e a ficha de inscri\u00e7\u00e3o para consulta. A feira visa dinamizar a comunidade local e acolher criadores e produtores da regi\u00e3o.\" \/>\n<meta property=\"og:url\" content=\"https:\/\/portaltela.pt\/noticias\/2026\/01\/27\/inscricoes-abertas-para-a-feira-do-fumeiro-do-demo-em-touro\/\" \/>\n<meta property=\"og:site_name\" content=\"Portal Tela Portugal\" \/>\n<meta property=\"article:published_time\" content=\"2026-01-27T09:40:10+00:00\" \/>\n<meta name=\"author\" content=\"Telinha\" \/>\n<meta name=\"twitter:card\" content=\"summary_large_image\" \/>\n<meta name=\"twitter:label1\" content=\"Escrito por\" \/>\n\t<meta name=\"twitter:data1\" content=\"Telinha\" \/>\n\t<meta name=\"twitter:label2\" content=\"Tempo estimado de leitura\" \/>\n\t<meta name=\"twitter:data2\" content=\"1 minuto\" \/>\n<script type=\"application\/ld+json\" class=\"yoast-schema-graph\">{\"@context\":\"https:\/\/schema.org\",\"@graph\":[{\"@type\":\"Article\",\"@id\":\"https:\/\/portaltela.pt\/noticias\/2026\/01\/27\/inscricoes-abertas-para-a-feira-do-fumeiro-do-demo-em-touro\/#article\",\"isPartOf\":{\"@id\":\"https:\/\/portaltela.pt\/noticias\/2026\/01\/27\/inscricoes-abertas-para-a-feira-do-fumeiro-do-demo-em-touro\/\"},\"author\":{\"name\":\"Telinha\",\"@id\":\"https:\/\/portaltela.pt\/#\/schema\/person\/c4278d4a6028830caff9ee44b42d32ed\"},\"headline\":\"Inscri\u00e7\u00f5es abertas para a Feira do Fumeiro do Demo em Touro\",\"datePublished\":\"2026-01-27T09:40:10+00:00\",\"mainEntityOfPage\":{\"@id\":\"https:\/\/portaltela.pt\/noticias\/2026\/01\/27\/inscricoes-abertas-para-a-feira-do-fumeiro-do-demo-em-touro\/\"},\"wordCount\":191,\"image\":{\"@id\":\"https:\/\/portaltela.pt\/noticias\/2026\/01\/27\/inscricoes-abertas-para-a-feira-do-fumeiro-do-demo-em-touro\/#primaryimage\"},\"thumbnailUrl\":\"https:\/\/portaltela.pt\/s.01k8rhncp4jt1\/2026\/01\/unnamed-file-5471.jpg\",\"keywords\":[\"alfaias\",\"artesanato\",\"gastronomia\",\"restaurantes\",\"Touro\",\"turismo\"],\"articleSection\":[\"Not\u00edcias\"],\"inLanguage\":\"pt-PT\"},{\"@type\":\"WebPage\",\"@id\":\"https:\/\/portaltela.pt\/noticias\/2026\/01\/27\/inscricoes-abertas-para-a-feira-do-fumeiro-do-demo-em-touro\/\",\"url\":\"https:\/\/portaltela.pt\/noticias\/2026\/01\/27\/inscricoes-abertas-para-a-feira-do-fumeiro-do-demo-em-touro\/\",\"name\":\"Inscri\u00e7\u00f5es abertas para a Feira do Fumeiro do Demo em Touro - Portal Tela Portugal\",\"isPartOf\":{\"@id\":\"https:\/\/portaltela.pt\/#website\"},\"primaryImageOfPage\":{\"@id\":\"https:\/\/portaltela.pt\/noticias\/2026\/01\/27\/inscricoes-abertas-para-a-feira-do-fumeiro-do-demo-em-touro\/#primaryimage\"},\"image\":{\"@id\":\"https:\/\/portaltela.pt\/noticias\/2026\/01\/27\/inscricoes-abertas-para-a-feira-do-fumeiro-do-demo-em-touro\/#primaryimage\"},\"thumbnailUrl\":\"https:\/\/portaltela.pt\/s.01k8rhncp4jt1\/2026\/01\/unnamed-file-5471.jpg\",\"datePublished\":\"2026-01-27T09:40:10+00:00\",\"author\":{\"@id\":\"https:\/\/portaltela.pt\/#\/schema\/person\/c4278d4a6028830caff9ee44b42d32ed\"},\"breadcrumb\":{\"@id\":\"https:\/\/portaltela.pt\/noticias\/2026\/01\/27\/inscricoes-abertas-para-a-feira-do-fumeiro-do-demo-em-touro\/#breadcrumb\"},\"inLanguage\":\"pt-PT\",\"potentialAction\":[{\"@type\":\"ReadAction\",\"target\":[\"https:\/\/portaltela.pt\/noticias\/2026\/01\/27\/inscricoes-abertas-para-a-feira-do-fumeiro-do-demo-em-touro\/\"]}]},{\"@type\":\"ImageObject\",\"inLanguage\":\"pt-PT\",\"@id\":\"https:\/\/portaltela.pt\/noticias\/2026\/01\/27\/inscricoes-abertas-para-a-feira-do-fumeiro-do-demo-em-touro\/#primaryimage\",\"url\":\"https:\/\/portaltela.pt\/s.01k8rhncp4jt1\/2026\/01\/unnamed-file-5471.jpg\",\"contentUrl\":\"https:\/\/portaltela.pt\/s.01k8rhncp4jt1\/2026\/01\/unnamed-file-5471.jpg\",\"width\":796,\"height\":448,\"caption\":\"Inscri\u00e7\u00f5es abertas para a Feira do Fumeiro do Demo em Touro\"},{\"@type\":\"BreadcrumbList\",\"@id\":\"https:\/\/portaltela.pt\/noticias\/2026\/01\/27\/inscricoes-abertas-para-a-feira-do-fumeiro-do-demo-em-touro\/#breadcrumb\",\"itemListElement\":[{\"@type\":\"ListItem\",\"position\":1,\"name\":\"In\u00edcio\",\"item\":\"https:\/\/portaltela.pt\/\"},{\"@type\":\"ListItem\",\"position\":2,\"name\":\"Inscri\u00e7\u00f5es abertas para a Feira do Fumeiro do Demo em Touro\"}]},{\"@type\":\"WebSite\",\"@id\":\"https:\/\/portaltela.pt\/#website\",\"url\":\"https:\/\/portaltela.pt\/\",\"name\":\"Portal Tela Portugal\",\"description\":\"\",\"potentialAction\":[{\"@type\":\"SearchAction\",\"target\":{\"@type\":\"EntryPoint\",\"urlTemplate\":\"https:\/\/portaltela.pt\/?s={search_term_string}\"},\"query-input\":{\"@type\":\"PropertyValueSpecification\",\"valueRequired\":true,\"valueName\":\"search_term_string\"}}],\"inLanguage\":\"pt-PT\"},{\"@type\":\"Person\",\"@id\":\"https:\/\/portaltela.pt\/#\/schema\/person\/c4278d4a6028830caff9ee44b42d32ed\",\"name\":\"Telinha\",\"image\":{\"@type\":\"ImageObject\",\"inLanguage\":\"pt-PT\",\"@id\":\"https:\/\/portaltela.pt\/s.01k8rhncp4jt1\/2025\/11\/talking-bot-125x125.png\",\"url\":\"https:\/\/portaltela.pt\/s.01k8rhncp4jt1\/2025\/11\/talking-bot-125x125.png\",\"contentUrl\":\"https:\/\/portaltela.pt\/s.01k8rhncp4jt1\/2025\/11\/talking-bot-125x125.png\",\"caption\":\"Telinha\"},\"sameAs\":[\"https:\/\/portaltela.pt\/\"],\"url\":\"https:\/\/portaltela.pt\/por\/367410592786\/\"}]}<\/script>\n<!-- \/ Yoast SEO plugin. -->","yoast_head_json":{"title":"Inscri\u00e7\u00f5es abertas para a Feira do Fumeiro do Demo em Touro - Portal Tela Portugal","robots":{"index":"index","follow":"follow","max-snippet":"max-snippet:-1","max-image-preview":"max-image-preview:large","max-video-preview":"max-video-preview:-1"},"og_locale":"pt_PT","og_type":"article","og_title":"Inscri\u00e7\u00f5es abertas para a Feira do Fumeiro do Demo em Touro - Portal Tela Portugal","og_description":"A 14.\u00aa Feira do Fumeiro do Demo realiza-se em Touro, Vila Nova de Paiva, nos dias 7 e 8 de mar\u00e7o, no Parque Urbano local. Est\u00e3o abertas inscre\u00e7\u00f5es at\u00e9 19 de fevereiro para os espa\u00e7os da feira, destinados a artesanato, fumeiros, gastronomia, restaurantes, tasquinhas, anima\u00e7\u00e3o e alfaias agr\u00edcolas, entre outros. As inscri\u00e7\u00f5es podem ser feitas presencialmente no Posto de Turismo | Loja TERRAS ou por email, conforme as regras da organiza\u00e7\u00e3o. A organiza\u00e7\u00e3o j\u00e1 disponibilizou o regulamento e a ficha de inscri\u00e7\u00e3o para consulta. A feira visa dinamizar a comunidade local e acolher criadores e produtores da regi\u00e3o.","og_url":"https:\/\/portaltela.pt\/noticias\/2026\/01\/27\/inscricoes-abertas-para-a-feira-do-fumeiro-do-demo-em-touro\/","og_site_name":"Portal Tela Portugal","article_published_time":"2026-01-27T09:40:10+00:00","author":"Telinha","twitter_card":"summary_large_image","twitter_misc":{"Escrito por":"Telinha","Tempo estimado de leitura":"1 minuto"},"schema":{"@context":"https:\/\/schema.org","@graph":[{"@type":"Article","@id":"https:\/\/portaltela.pt\/noticias\/2026\/01\/27\/inscricoes-abertas-para-a-feira-do-fumeiro-do-demo-em-touro\/#article","isPartOf":{"@id":"https:\/\/portaltela.pt\/noticias\/2026\/01\/27\/inscricoes-abertas-para-a-feira-do-fumeiro-do-demo-em-touro\/"},"author":{"name":"Telinha","@id":"https:\/\/portaltela.pt\/#\/schema\/person\/c4278d4a6028830caff9ee44b42d32ed"},"headline":"Inscri\u00e7\u00f5es abertas para a Feira do Fumeiro do Demo em Touro","datePublished":"2026-01-27T09:40:10+00:00","mainEntityOfPage":{"@id":"https:\/\/portaltela.pt\/noticias\/2026\/01\/27\/inscricoes-abertas-para-a-feira-do-fumeiro-do-demo-em-touro\/"},"wordCount":191,"image":{"@id":"https:\/\/portaltela.pt\/noticias\/2026\/01\/27\/inscricoes-abertas-para-a-feira-do-fumeiro-do-demo-em-touro\/#primaryimage"},"thumbnailUrl":"https:\/\/portaltela.pt\/s.01k8rhncp4jt1\/2026\/01\/unnamed-file-5471.jpg","keywords":["alfaias","artesanato","gastronomia","restaurantes","Touro","turismo"],"articleSection":["Not\u00edcias"],"inLanguage":"pt-PT"},{"@type":"WebPage","@id":"https:\/\/portaltela.pt\/noticias\/2026\/01\/27\/inscricoes-abertas-para-a-feira-do-fumeiro-do-demo-em-touro\/","url":"https:\/\/portaltela.pt\/noticias\/2026\/01\/27\/inscricoes-abertas-para-a-feira-do-fumeiro-do-demo-em-touro\/","name":"Inscri\u00e7\u00f5es abertas para a Feira do Fumeiro do Demo em Touro - Portal Tela Portugal","isPartOf":{"@id":"https:\/\/portaltela.pt\/#website"},"primaryImageOfPage":{"@id":"https:\/\/portaltela.pt\/noticias\/2026\/01\/27\/inscricoes-abertas-para-a-feira-do-fumeiro-do-demo-em-touro\/#primaryimage"},"image":{"@id":"https:\/\/portaltela.pt\/noticias\/2026\/01\/27\/inscricoes-abertas-para-a-feira-do-fumeiro-do-demo-em-touro\/#primaryimage"},"thumbnailUrl":"https:\/\/portaltela.pt\/s.01k8rhncp4jt1\/2026\/01\/unnamed-file-5471.jpg","datePublished":"2026-01-27T09:40:10+00:00","author":{"@id":"https:\/\/portaltela.pt\/#\/schema\/person\/c4278d4a6028830caff9ee44b42d32ed"},"breadcrumb":{"@id":"https:\/\/portaltela.pt\/noticias\/2026\/01\/27\/inscricoes-abertas-para-a-feira-do-fumeiro-do-demo-em-touro\/#breadcrumb"},"inLanguage":"pt-PT","potentialAction":[{"@type":"ReadAction","target":["https:\/\/portaltela.pt\/noticias\/2026\/01\/27\/inscricoes-abertas-para-a-feira-do-fumeiro-do-demo-em-touro\/"]}]},{"@type":"ImageObject","inLanguage":"pt-PT","@id":"https:\/\/portaltela.pt\/noticias\/2026\/01\/27\/inscricoes-abertas-para-a-feira-do-fumeiro-do-demo-em-touro\/#primaryimage","url":"https:\/\/portaltela.pt\/s.01k8rhncp4jt1\/2026\/01\/unnamed-file-5471.jpg","contentUrl":"https:\/\/portaltela.pt\/s.01k8rhncp4jt1\/2026\/01\/unnamed-file-5471.jpg","width":796,"height":448,"caption":"Inscri\u00e7\u00f5es abertas para a Feira do Fumeiro do Demo em Touro"},{"@type":"BreadcrumbList","@id":"https:\/\/portaltela.pt\/noticias\/2026\/01\/27\/inscricoes-abertas-para-a-feira-do-fumeiro-do-demo-em-touro\/#breadcrumb","itemListElement":[{"@type":"ListItem","position":1,"name":"In\u00edcio","item":"https:\/\/portaltela.pt\/"},{"@type":"ListItem","position":2,"name":"Inscri\u00e7\u00f5es abertas para a Feira do Fumeiro do Demo em Touro"}]},{"@type":"WebSite","@id":"https:\/\/portaltela.pt\/#website","url":"https:\/\/portaltela.pt\/","name":"Portal Tela Portugal","description":"","potentialAction":[{"@type":"SearchAction","target":{"@type":"EntryPoint","urlTemplate":"https:\/\/portaltela.pt\/?s={search_term_string}"},"query-input":{"@type":"PropertyValueSpecification","valueRequired":true,"valueName":"search_term_string"}}],"inLanguage":"pt-PT"},{"@type":"Person","@id":"https:\/\/portaltela.pt\/#\/schema\/person\/c4278d4a6028830caff9ee44b42d32ed","name":"Telinha","image":{"@type":"ImageObject","inLanguage":"pt-PT","@id":"https:\/\/portaltela.pt\/s.01k8rhncp4jt1\/2025\/11\/talking-bot-125x125.png","url":"https:\/\/portaltela.pt\/s.01k8rhncp4jt1\/2025\/11\/talking-bot-125x125.png","contentUrl":"https:\/\/portaltela.pt\/s.01k8rhncp4jt1\/2025\/11\/talking-bot-125x125.png","caption":"Telinha"},"sameAs":["https:\/\/portaltela.pt\/"],"url":"https:\/\/portaltela.pt\/por\/367410592786\/"}]}},"_links":{"self":[{"href":"https:\/\/portaltela.pt\/api\/wp\/v2\/posts\/176098","targetHints":{"allow":["GET"]}}],"collection":[{"href":"https:\/\/portaltela.pt\/api\/wp\/v2\/posts"}],"about":[{"href":"https:\/\/portaltela.pt\/api\/wp\/v2\/types\/post"}],"author":[{"embeddable":true,"href":"https:\/\/portaltela.pt\/api\/wp\/v2\/users\/2"}],"replies":[{"embeddable":true,"href":"https:\/\/portaltela.pt\/api\/wp\/v2\/comments?post=176098"}],"version-history":[{"count":0,"href":"https:\/\/portaltela.pt\/api\/wp\/v2\/posts\/176098\/revisions"}],"wp:featuredmedia":[{"embeddable":true,"href":"https:\/\/portaltela.pt\/api\/wp\/v2\/media\/176109"}],"wp:attachment":[{"href":"https:\/\/portaltela.pt\/api\/wp\/v2\/media?parent=176098"}],"wp:term":[{"taxonomy":"category","embeddable":true,"href":"https:\/\/portaltela.pt\/api\/wp\/v2\/categories?post=176098"},{"taxonomy":"post_tag","embeddable":true,"href":"https:\/\/portaltela.pt\/api\/wp\/v2\/tags?post=176098"}],"curies":[{"name":"wp","href":"https:\/\/api.w.org\/{rel}","templated":true}]}}