{"id":176077,"date":"2026-01-27T06:22:34","date_gmt":"2026-01-27T09:22:34","guid":{"rendered":"https:\/\/portaltela.pt\/noticias\/2026\/01\/27\/nuno-melo-viaja-a-turquia-e-a-polonia-para-reequipar-as-forcas-armadas\/"},"modified":"2026-01-27T06:22:34","modified_gmt":"2026-01-27T09:22:34","slug":"nuno-melo-viaja-a-turquia-e-a-polonia-para-reequipar-as-forcas-armadas","status":"publish","type":"post","link":"https:\/\/portaltela.pt\/noticias\/2026\/01\/27\/nuno-melo-viaja-a-turquia-e-a-polonia-para-reequipar-as-forcas-armadas\/","title":{"rendered":"Nuno Melo viaja \u00e0 Turquia e \u00e0 Pol\u00f3nia para reequipar as For\u00e7as Armadas"},"content":{"rendered":"<p>O ministro da Defesa Nacional, Nuno Melo, viaja esta semana a Turquia e Pol\u00f3nia para explorar oportunidades de reequipar as For\u00e7as Armadas. O objetivo \u00e9 apostar na ind\u00fastria de defesa, incluindo dois navios reabastecedores em constru\u00e7\u00e3o em estaleiros turcos.<\/p>\n<p>Em Istambul, a desloca\u00e7\u00e3o come\u00e7ou j\u00e1 esta ter\u00e7a-feira, com encontros previstos para interagir com empresas turcas. Na quinta-feira, Melo reunir\u00e1-se com o secret\u00e1rio das Ind\u00fastrias de Defesa da Turquia, Haluk G\u00f6rg\u00fcn, e, nesse mesmo dia, visitar\u00e1 a ADA, em Tuzla, para a cerim\u00f3nia de assentamento da quilha do NRP Lu\u00eds de Cam\u00f5es, o primeiro de dois reabastecedores para a Marinha.<\/p>\n<p>Contexto e objetivo<\/p>\n<p>Em dezembro de 2024, o antigo chefe do Estado-Maior da Armada destacou a necessidade de dois reabastecedores para revelar uma lacuna grave na frota, com previs\u00e3o de entrada em servi\u00e7o em 2028. O contrato com a empresa turca STM sustenta a aquisi\u00ad\u00e7\u00e3o, segundo informa\u00e7\u00f5es oficiais.<\/p>\n<p>A comitiva portuguesa acompanhar\u00e1 Nuno Melo na viagem, que inclui o Secret\u00e1rio de Estado Adjunto e da Defesa Nacional, \u00c1lvaro Castello-Branco, e os chefes de Estado-Maio da Armada e da For\u00e7a A\u00e9rea, entre outros. A miss\u00e3o em Istambul ocorre a bordo de um KC-390, adaptado pela Embraer a padr\u00f5es NATO\/UE.<\/p>\n<p>Itiner\u00e1rio da viagem<\/p>\n<p>Ap\u00f3s Istambul, Melo ruma a Vars\u00f3via, na Pol\u00f3nia, para uma reuni\u00e3o com o hom\u00f3logo Wladyslaw Kosiniak-Kamysz, com foco em sinergias entre ambos os pa\u00edses. A Pol\u00f3nia lidera gastos de defesa na NATO e beneficia escalonadamente de financia\u00e7\u00f5es da UE no \u00e2mbito do SAFE.<\/p>\n<p>Portugal participa do programa SAFE, com um plano de 5,8 mil milh\u00f5es de euros para o reequipamento das For\u00e7as Armadas, com execu\u00e7\u00e3o at\u00e9 2030. O pa\u00eds candidata-se com este montante, integrado no total de 150 mil milh\u00f5es para empr\u00e9stimos a longo prazo aos estados-membros.<\/p>\n<p>Contexto de defesa<\/p>\n<p>A Marinha Portuguesa n\u00e3o possui um navio reabastecedor desde o desmantelamento do B\u00e9rrio, em 2020. O acordo com STM e o financiamento p\u00fablico visam refor\u00e7ar a capacidade log\u00edstico-naval, complementando a renova\u00e7\u00e3o da frota at\u00e9 2030, segundo fontes oficiais.<\/p>\n<p>A comitiva inclui o presidente do Conselho de Administra\u00e7\u00e3o da IdD Portugal Defence, Ricardo Pinheiro Alves, al\u00e9m de outros membros da academia e da ind\u00fastria, destacando a relev\u00e2ncia institucional desta miss\u00e3o.<\/p>\n","protected":false},"excerpt":{"rendered":"<ul>\n<li>Nuno Melo desloca-se \u00e0 Turquia e \u00e0 Pol\u00f3nia esta semana para avaliar oportunidades de reequipar as For\u00e7as Armadas, incluindo dois navios reabastecedores em constru\u00e7\u00e3o em estaleiros turcos, com passagem por Istambul para procurar oportunidades.<\/li>\n<li>Em Istambul, o ministro encontra-se com empresas turcas na quarta-feira e, na quinta-feira, re\u00fane-se com o secret\u00e1rio das Ind\u00fastrias de Defesa da Turquia, Haluk G\u00f6rg\u00fcn, seguindo depois para os estaleiros ADA em Tuzla para a cerim\u00f3nia de assentamento da quilha do NRP Lu\u00eds de Cam\u00f5es.<\/li>\n<li>O NRP Lu\u00eds de Cam\u00f5es \u00e9 o primeiro de dois navios reabastecedores, resultante do contrato com a empresa turca STM; a chegada est\u00e1 prevista para 2028 e j\u00e1 foi autorizada a despesa at\u00e9 100 milh\u00f5es de euros, inserida na Lei de Programa\u00e7\u00e3o Militar.<\/li>\n<li>Portugal n\u00e3o disp\u00f5e de navio reabastecedor desde o abate do B\u00e9rrio, em 2020, e o programa envolve a aquisi\u00e7\u00e3o de dois navios para refor\u00e7ar a Marinha at\u00e9 2030.<\/li>\n<li>Em Vars\u00f3via, Melo re\u00fane-se com o hom\u00f3logo polaco para criar sinergias; a Pol\u00f3nia lidera as despesas de defesa na NATO e beneficia do instrumento SAFE, com Portugal a apresentar um plano de 5,8 mil milh\u00f5es de euros para o reequipamento das For\u00e7as Armadas. A comitiva inclui altos oficiais e representantes da IdD Portugal Defence, a bordo de um KC-390 da Embraer.<\/li>\n<\/ul>\n","protected":false},"author":2,"featured_media":176079,"comment_status":"closed","ping_status":"closed","sticky":false,"template":"","format":"standard","meta":{"footnotes":""},"categories":[1],"tags":[2336,1779,961,2269,1488,2126],"class_list":["post-176077","post","type-post","status-publish","format-standard","has-post-thumbnail","hentry","category-noticias","tag-defesa-nacional","tag-forcas-armadas","tag-logistica","tag-marinha-portuguesa","tag-polonia","tag-turquia"],"yoast_head":"<!-- This site is optimized with the Yoast SEO plugin v27.2 - https:\/\/yoast.com\/product\/yoast-seo-wordpress\/ -->\n<title>Nuno Melo viaja \u00e0 Turquia e \u00e0 Pol\u00f3nia para reequipar as For\u00e7as Armadas - Portal Tela Portugal<\/title>\n<meta name=\"robots\" content=\"index, follow, max-snippet:-1, max-image-preview:large, max-video-preview:-1\" \/>\n<meta property=\"og:locale\" content=\"pt_PT\" \/>\n<meta property=\"og:type\" content=\"article\" \/>\n<meta property=\"og:title\" content=\"Nuno Melo viaja \u00e0 Turquia e \u00e0 Pol\u00f3nia para reequipar as For\u00e7as Armadas - Portal Tela Portugal\" \/>\n<meta property=\"og:description\" content=\"Nuno Melo desloca-se \u00e0 Turquia e \u00e0 Pol\u00f3nia esta semana para avaliar oportunidades de reequipar as For\u00e7as Armadas, incluindo dois navios reabastecedores em constru\u00e7\u00e3o em estaleiros turcos, com passagem por Istambul para procurar oportunidades. Em Istambul, o ministro encontra-se com empresas turcas na quarta-feira e, na quinta-feira, re\u00fane-se com o secret\u00e1rio das Ind\u00fastrias de Defesa da Turquia, Haluk G\u00f6rg\u00fcn, seguindo depois para os estaleiros ADA em Tuzla para a cerim\u00f3nia de assentamento da quilha do NRP Lu\u00eds de Cam\u00f5es. O NRP Lu\u00eds de Cam\u00f5es \u00e9 o primeiro de dois navios reabastecedores, resultante do contrato com a empresa turca STM; a chegada est\u00e1 prevista para 2028 e j\u00e1 foi autorizada a despesa at\u00e9 100 milh\u00f5es de euros, inserida na Lei de Programa\u00e7\u00e3o Militar. Portugal n\u00e3o disp\u00f5e de navio reabastecedor desde o abate do B\u00e9rrio, em 2020, e o programa envolve a aquisi\u00e7\u00e3o de dois navios para refor\u00e7ar a Marinha at\u00e9 2030. Em Vars\u00f3via, Melo re\u00fane-se com o hom\u00f3logo polaco para criar sinergias; a Pol\u00f3nia lidera as despesas de defesa na NATO e beneficia do instrumento SAFE, com Portugal a apresentar um plano de 5,8 mil milh\u00f5es de euros para o reequipamento das For\u00e7as Armadas. A comitiva inclui altos oficiais e representantes da IdD Portugal Defence, a bordo de um KC-390 da Embraer.\" \/>\n<meta property=\"og:url\" content=\"https:\/\/portaltela.pt\/noticias\/2026\/01\/27\/nuno-melo-viaja-a-turquia-e-a-polonia-para-reequipar-as-forcas-armadas\/\" \/>\n<meta property=\"og:site_name\" content=\"Portal Tela Portugal\" \/>\n<meta property=\"article:published_time\" content=\"2026-01-27T09:22:34+00:00\" \/>\n<meta name=\"author\" content=\"Telinha\" \/>\n<meta name=\"twitter:card\" content=\"summary_large_image\" \/>\n<meta name=\"twitter:label1\" content=\"Escrito por\" \/>\n\t<meta name=\"twitter:data1\" content=\"Telinha\" \/>\n\t<meta name=\"twitter:label2\" content=\"Tempo estimado de leitura\" \/>\n\t<meta name=\"twitter:data2\" content=\"2 minutos\" \/>\n<script type=\"application\/ld+json\" class=\"yoast-schema-graph\">{\"@context\":\"https:\/\/schema.org\",\"@graph\":[{\"@type\":\"Article\",\"@id\":\"https:\/\/portaltela.pt\/noticias\/2026\/01\/27\/nuno-melo-viaja-a-turquia-e-a-polonia-para-reequipar-as-forcas-armadas\/#article\",\"isPartOf\":{\"@id\":\"https:\/\/portaltela.pt\/noticias\/2026\/01\/27\/nuno-melo-viaja-a-turquia-e-a-polonia-para-reequipar-as-forcas-armadas\/\"},\"author\":{\"name\":\"Telinha\",\"@id\":\"https:\/\/portaltela.pt\/#\/schema\/person\/c4278d4a6028830caff9ee44b42d32ed\"},\"headline\":\"Nuno Melo viaja \u00e0 Turquia e \u00e0 Pol\u00f3nia para reequipar as For\u00e7as Armadas\",\"datePublished\":\"2026-01-27T09:22:34+00:00\",\"mainEntityOfPage\":{\"@id\":\"https:\/\/portaltela.pt\/noticias\/2026\/01\/27\/nuno-melo-viaja-a-turquia-e-a-polonia-para-reequipar-as-forcas-armadas\/\"},\"wordCount\":415,\"image\":{\"@id\":\"https:\/\/portaltela.pt\/noticias\/2026\/01\/27\/nuno-melo-viaja-a-turquia-e-a-polonia-para-reequipar-as-forcas-armadas\/#primaryimage\"},\"thumbnailUrl\":\"https:\/\/portaltela.pt\/s.01k8rhncp4jt1\/2026\/01\/45836646.jpg\",\"keywords\":[\"Defesa Nacional\",\"For\u00e7as Armadas\",\"Log\u00edstica\",\"Marinha Portuguesa\",\"Pol\u00f3nia\",\"Turquia\"],\"articleSection\":[\"Not\u00edcias\"],\"inLanguage\":\"pt-PT\"},{\"@type\":\"WebPage\",\"@id\":\"https:\/\/portaltela.pt\/noticias\/2026\/01\/27\/nuno-melo-viaja-a-turquia-e-a-polonia-para-reequipar-as-forcas-armadas\/\",\"url\":\"https:\/\/portaltela.pt\/noticias\/2026\/01\/27\/nuno-melo-viaja-a-turquia-e-a-polonia-para-reequipar-as-forcas-armadas\/\",\"name\":\"Nuno Melo viaja \u00e0 Turquia e \u00e0 Pol\u00f3nia para reequipar as For\u00e7as Armadas - Portal Tela Portugal\",\"isPartOf\":{\"@id\":\"https:\/\/portaltela.pt\/#website\"},\"primaryImageOfPage\":{\"@id\":\"https:\/\/portaltela.pt\/noticias\/2026\/01\/27\/nuno-melo-viaja-a-turquia-e-a-polonia-para-reequipar-as-forcas-armadas\/#primaryimage\"},\"image\":{\"@id\":\"https:\/\/portaltela.pt\/noticias\/2026\/01\/27\/nuno-melo-viaja-a-turquia-e-a-polonia-para-reequipar-as-forcas-armadas\/#primaryimage\"},\"thumbnailUrl\":\"https:\/\/portaltela.pt\/s.01k8rhncp4jt1\/2026\/01\/45836646.jpg\",\"datePublished\":\"2026-01-27T09:22:34+00:00\",\"author\":{\"@id\":\"https:\/\/portaltela.pt\/#\/schema\/person\/c4278d4a6028830caff9ee44b42d32ed\"},\"breadcrumb\":{\"@id\":\"https:\/\/portaltela.pt\/noticias\/2026\/01\/27\/nuno-melo-viaja-a-turquia-e-a-polonia-para-reequipar-as-forcas-armadas\/#breadcrumb\"},\"inLanguage\":\"pt-PT\",\"potentialAction\":[{\"@type\":\"ReadAction\",\"target\":[\"https:\/\/portaltela.pt\/noticias\/2026\/01\/27\/nuno-melo-viaja-a-turquia-e-a-polonia-para-reequipar-as-forcas-armadas\/\"]}]},{\"@type\":\"ImageObject\",\"inLanguage\":\"pt-PT\",\"@id\":\"https:\/\/portaltela.pt\/noticias\/2026\/01\/27\/nuno-melo-viaja-a-turquia-e-a-polonia-para-reequipar-as-forcas-armadas\/#primaryimage\",\"url\":\"https:\/\/portaltela.pt\/s.01k8rhncp4jt1\/2026\/01\/45836646.jpg\",\"contentUrl\":\"https:\/\/portaltela.pt\/s.01k8rhncp4jt1\/2026\/01\/45836646.jpg\",\"width\":796,\"height\":448,\"caption\":\"An\u00fancio da compra dos navios foi feito em dezembro de 2024\"},{\"@type\":\"BreadcrumbList\",\"@id\":\"https:\/\/portaltela.pt\/noticias\/2026\/01\/27\/nuno-melo-viaja-a-turquia-e-a-polonia-para-reequipar-as-forcas-armadas\/#breadcrumb\",\"itemListElement\":[{\"@type\":\"ListItem\",\"position\":1,\"name\":\"In\u00edcio\",\"item\":\"https:\/\/portaltela.pt\/\"},{\"@type\":\"ListItem\",\"position\":2,\"name\":\"Nuno Melo viaja \u00e0 Turquia e \u00e0 Pol\u00f3nia para reequipar as For\u00e7as Armadas\"}]},{\"@type\":\"WebSite\",\"@id\":\"https:\/\/portaltela.pt\/#website\",\"url\":\"https:\/\/portaltela.pt\/\",\"name\":\"Portal Tela Portugal\",\"description\":\"\",\"potentialAction\":[{\"@type\":\"SearchAction\",\"target\":{\"@type\":\"EntryPoint\",\"urlTemplate\":\"https:\/\/portaltela.pt\/?s={search_term_string}\"},\"query-input\":{\"@type\":\"PropertyValueSpecification\",\"valueRequired\":true,\"valueName\":\"search_term_string\"}}],\"inLanguage\":\"pt-PT\"},{\"@type\":\"Person\",\"@id\":\"https:\/\/portaltela.pt\/#\/schema\/person\/c4278d4a6028830caff9ee44b42d32ed\",\"name\":\"Telinha\",\"image\":{\"@type\":\"ImageObject\",\"inLanguage\":\"pt-PT\",\"@id\":\"https:\/\/portaltela.pt\/s.01k8rhncp4jt1\/2025\/11\/talking-bot-125x125.png\",\"url\":\"https:\/\/portaltela.pt\/s.01k8rhncp4jt1\/2025\/11\/talking-bot-125x125.png\",\"contentUrl\":\"https:\/\/portaltela.pt\/s.01k8rhncp4jt1\/2025\/11\/talking-bot-125x125.png\",\"caption\":\"Telinha\"},\"sameAs\":[\"https:\/\/portaltela.pt\/\"],\"url\":\"https:\/\/portaltela.pt\/por\/367410592786\/\"}]}<\/script>\n<!-- \/ Yoast SEO plugin. -->","yoast_head_json":{"title":"Nuno Melo viaja \u00e0 Turquia e \u00e0 Pol\u00f3nia para reequipar as For\u00e7as Armadas - Portal Tela Portugal","robots":{"index":"index","follow":"follow","max-snippet":"max-snippet:-1","max-image-preview":"max-image-preview:large","max-video-preview":"max-video-preview:-1"},"og_locale":"pt_PT","og_type":"article","og_title":"Nuno Melo viaja \u00e0 Turquia e \u00e0 Pol\u00f3nia para reequipar as For\u00e7as Armadas - Portal Tela Portugal","og_description":"Nuno Melo desloca-se \u00e0 Turquia e \u00e0 Pol\u00f3nia esta semana para avaliar oportunidades de reequipar as For\u00e7as Armadas, incluindo dois navios reabastecedores em constru\u00e7\u00e3o em estaleiros turcos, com passagem por Istambul para procurar oportunidades. Em Istambul, o ministro encontra-se com empresas turcas na quarta-feira e, na quinta-feira, re\u00fane-se com o secret\u00e1rio das Ind\u00fastrias de Defesa da Turquia, Haluk G\u00f6rg\u00fcn, seguindo depois para os estaleiros ADA em Tuzla para a cerim\u00f3nia de assentamento da quilha do NRP Lu\u00eds de Cam\u00f5es. O NRP Lu\u00eds de Cam\u00f5es \u00e9 o primeiro de dois navios reabastecedores, resultante do contrato com a empresa turca STM; a chegada est\u00e1 prevista para 2028 e j\u00e1 foi autorizada a despesa at\u00e9 100 milh\u00f5es de euros, inserida na Lei de Programa\u00e7\u00e3o Militar. Portugal n\u00e3o disp\u00f5e de navio reabastecedor desde o abate do B\u00e9rrio, em 2020, e o programa envolve a aquisi\u00e7\u00e3o de dois navios para refor\u00e7ar a Marinha at\u00e9 2030. Em Vars\u00f3via, Melo re\u00fane-se com o hom\u00f3logo polaco para criar sinergias; a Pol\u00f3nia lidera as despesas de defesa na NATO e beneficia do instrumento SAFE, com Portugal a apresentar um plano de 5,8 mil milh\u00f5es de euros para o reequipamento das For\u00e7as Armadas. A comitiva inclui altos oficiais e representantes da IdD Portugal Defence, a bordo de um KC-390 da Embraer.","og_url":"https:\/\/portaltela.pt\/noticias\/2026\/01\/27\/nuno-melo-viaja-a-turquia-e-a-polonia-para-reequipar-as-forcas-armadas\/","og_site_name":"Portal Tela Portugal","article_published_time":"2026-01-27T09:22:34+00:00","author":"Telinha","twitter_card":"summary_large_image","twitter_misc":{"Escrito por":"Telinha","Tempo estimado de leitura":"2 minutos"},"schema":{"@context":"https:\/\/schema.org","@graph":[{"@type":"Article","@id":"https:\/\/portaltela.pt\/noticias\/2026\/01\/27\/nuno-melo-viaja-a-turquia-e-a-polonia-para-reequipar-as-forcas-armadas\/#article","isPartOf":{"@id":"https:\/\/portaltela.pt\/noticias\/2026\/01\/27\/nuno-melo-viaja-a-turquia-e-a-polonia-para-reequipar-as-forcas-armadas\/"},"author":{"name":"Telinha","@id":"https:\/\/portaltela.pt\/#\/schema\/person\/c4278d4a6028830caff9ee44b42d32ed"},"headline":"Nuno Melo viaja \u00e0 Turquia e \u00e0 Pol\u00f3nia para reequipar as For\u00e7as Armadas","datePublished":"2026-01-27T09:22:34+00:00","mainEntityOfPage":{"@id":"https:\/\/portaltela.pt\/noticias\/2026\/01\/27\/nuno-melo-viaja-a-turquia-e-a-polonia-para-reequipar-as-forcas-armadas\/"},"wordCount":415,"image":{"@id":"https:\/\/portaltela.pt\/noticias\/2026\/01\/27\/nuno-melo-viaja-a-turquia-e-a-polonia-para-reequipar-as-forcas-armadas\/#primaryimage"},"thumbnailUrl":"https:\/\/portaltela.pt\/s.01k8rhncp4jt1\/2026\/01\/45836646.jpg","keywords":["Defesa Nacional","For\u00e7as Armadas","Log\u00edstica","Marinha Portuguesa","Pol\u00f3nia","Turquia"],"articleSection":["Not\u00edcias"],"inLanguage":"pt-PT"},{"@type":"WebPage","@id":"https:\/\/portaltela.pt\/noticias\/2026\/01\/27\/nuno-melo-viaja-a-turquia-e-a-polonia-para-reequipar-as-forcas-armadas\/","url":"https:\/\/portaltela.pt\/noticias\/2026\/01\/27\/nuno-melo-viaja-a-turquia-e-a-polonia-para-reequipar-as-forcas-armadas\/","name":"Nuno Melo viaja \u00e0 Turquia e \u00e0 Pol\u00f3nia para reequipar as For\u00e7as Armadas - Portal Tela Portugal","isPartOf":{"@id":"https:\/\/portaltela.pt\/#website"},"primaryImageOfPage":{"@id":"https:\/\/portaltela.pt\/noticias\/2026\/01\/27\/nuno-melo-viaja-a-turquia-e-a-polonia-para-reequipar-as-forcas-armadas\/#primaryimage"},"image":{"@id":"https:\/\/portaltela.pt\/noticias\/2026\/01\/27\/nuno-melo-viaja-a-turquia-e-a-polonia-para-reequipar-as-forcas-armadas\/#primaryimage"},"thumbnailUrl":"https:\/\/portaltela.pt\/s.01k8rhncp4jt1\/2026\/01\/45836646.jpg","datePublished":"2026-01-27T09:22:34+00:00","author":{"@id":"https:\/\/portaltela.pt\/#\/schema\/person\/c4278d4a6028830caff9ee44b42d32ed"},"breadcrumb":{"@id":"https:\/\/portaltela.pt\/noticias\/2026\/01\/27\/nuno-melo-viaja-a-turquia-e-a-polonia-para-reequipar-as-forcas-armadas\/#breadcrumb"},"inLanguage":"pt-PT","potentialAction":[{"@type":"ReadAction","target":["https:\/\/portaltela.pt\/noticias\/2026\/01\/27\/nuno-melo-viaja-a-turquia-e-a-polonia-para-reequipar-as-forcas-armadas\/"]}]},{"@type":"ImageObject","inLanguage":"pt-PT","@id":"https:\/\/portaltela.pt\/noticias\/2026\/01\/27\/nuno-melo-viaja-a-turquia-e-a-polonia-para-reequipar-as-forcas-armadas\/#primaryimage","url":"https:\/\/portaltela.pt\/s.01k8rhncp4jt1\/2026\/01\/45836646.jpg","contentUrl":"https:\/\/portaltela.pt\/s.01k8rhncp4jt1\/2026\/01\/45836646.jpg","width":796,"height":448,"caption":"An\u00fancio da compra dos navios foi feito em dezembro de 2024"},{"@type":"BreadcrumbList","@id":"https:\/\/portaltela.pt\/noticias\/2026\/01\/27\/nuno-melo-viaja-a-turquia-e-a-polonia-para-reequipar-as-forcas-armadas\/#breadcrumb","itemListElement":[{"@type":"ListItem","position":1,"name":"In\u00edcio","item":"https:\/\/portaltela.pt\/"},{"@type":"ListItem","position":2,"name":"Nuno Melo viaja \u00e0 Turquia e \u00e0 Pol\u00f3nia para reequipar as For\u00e7as Armadas"}]},{"@type":"WebSite","@id":"https:\/\/portaltela.pt\/#website","url":"https:\/\/portaltela.pt\/","name":"Portal Tela Portugal","description":"","potentialAction":[{"@type":"SearchAction","target":{"@type":"EntryPoint","urlTemplate":"https:\/\/portaltela.pt\/?s={search_term_string}"},"query-input":{"@type":"PropertyValueSpecification","valueRequired":true,"valueName":"search_term_string"}}],"inLanguage":"pt-PT"},{"@type":"Person","@id":"https:\/\/portaltela.pt\/#\/schema\/person\/c4278d4a6028830caff9ee44b42d32ed","name":"Telinha","image":{"@type":"ImageObject","inLanguage":"pt-PT","@id":"https:\/\/portaltela.pt\/s.01k8rhncp4jt1\/2025\/11\/talking-bot-125x125.png","url":"https:\/\/portaltela.pt\/s.01k8rhncp4jt1\/2025\/11\/talking-bot-125x125.png","contentUrl":"https:\/\/portaltela.pt\/s.01k8rhncp4jt1\/2025\/11\/talking-bot-125x125.png","caption":"Telinha"},"sameAs":["https:\/\/portaltela.pt\/"],"url":"https:\/\/portaltela.pt\/por\/367410592786\/"}]}},"_links":{"self":[{"href":"https:\/\/portaltela.pt\/api\/wp\/v2\/posts\/176077","targetHints":{"allow":["GET"]}}],"collection":[{"href":"https:\/\/portaltela.pt\/api\/wp\/v2\/posts"}],"about":[{"href":"https:\/\/portaltela.pt\/api\/wp\/v2\/types\/post"}],"author":[{"embeddable":true,"href":"https:\/\/portaltela.pt\/api\/wp\/v2\/users\/2"}],"replies":[{"embeddable":true,"href":"https:\/\/portaltela.pt\/api\/wp\/v2\/comments?post=176077"}],"version-history":[{"count":0,"href":"https:\/\/portaltela.pt\/api\/wp\/v2\/posts\/176077\/revisions"}],"wp:featuredmedia":[{"embeddable":true,"href":"https:\/\/portaltela.pt\/api\/wp\/v2\/media\/176079"}],"wp:attachment":[{"href":"https:\/\/portaltela.pt\/api\/wp\/v2\/media?parent=176077"}],"wp:term":[{"taxonomy":"category","embeddable":true,"href":"https:\/\/portaltela.pt\/api\/wp\/v2\/categories?post=176077"},{"taxonomy":"post_tag","embeddable":true,"href":"https:\/\/portaltela.pt\/api\/wp\/v2\/tags?post=176077"}],"curies":[{"name":"wp","href":"https:\/\/api.w.org\/{rel}","templated":true}]}}