{"id":176075,"date":"2026-01-27T06:22:00","date_gmt":"2026-01-27T09:22:00","guid":{"rendered":"https:\/\/portaltela.pt\/noticias\/2026\/01\/27\/numero-um-do-mundo-esta-nas-meias-do-open-da-australia\/"},"modified":"2026-01-27T06:22:00","modified_gmt":"2026-01-27T09:22:00","slug":"numero-um-do-mundo-esta-nas-meias-do-open-da-australia","status":"publish","type":"post","link":"https:\/\/portaltela.pt\/desporto\/2026\/01\/27\/numero-um-do-mundo-esta-nas-meias-do-open-da-australia\/","title":{"rendered":"N\u00famero um do mundo est\u00e1 nas meias do Open da Austr\u00e1lia"},"content":{"rendered":"<p>Aryna Sabalenka, n\u00famero 1 do mundo, avan\u00e7ou \u00e0s meias-finais do Open da Austr\u00e1lia ao derrotar Iva Jovic em dois sets. O duelo terminou 6-3, 6-0, ap\u00f3s 1 hora e 29 minutos de jogo.<\/p>\n<p>A jogadora bielorrussa, duas vezes campe\u00e3 em Melbourne, abriu vantagem logo no in\u00edcio do encontro, vencendo os tr\u00eas primeiros games. Jovic, de 18 anos, estava a estrear-se nos quartos de final de um grande.<\/p>\n<p>A norte-americana, que eliminou Jasmine Paolini na terceira ronda, foi a surpresa desta edi\u00e7\u00e3o. Sabalenka espera o advers\u00e1rio das meias entre Coco Gauff e Elina Svitolina, na quinta-feira.<\/p>\n<h3>Semifinais<\/h3>\n<p>Sabalenka enfrenta a vencedora do encontro entre Coco Gauff e Elina Svitolina, que definiu o segundo lugar na meia-final deste Grand Slam. Apenar de oponentes ainda n\u00e3o estar definido, a l\u00edder do ranking mundial segue firme.<\/p>\n","protected":false},"excerpt":{"rendered":"<ul>\n<li>Aryna Sabalenka, n\u00famero um do mundo, avan\u00e7ou \u00e0s meias-finais do Open da Austr\u00e1lia ao vencer Iva Jovic por 6-3, 6-0 em uma hora e 29 minutos.<\/li>\n<li>Iva Jovic, de 18 anos e 27.\u00aa do ranking, chegou aos quartos de final de um Grand Slam pela primeira vez.<\/li>\n<li>No primeiro set, Sabalenka abriu com tr\u00eas jogos seguidos e manteve a vantagem para vencer por 6-3.<\/li>\n<li>No segundo set, Jovic n\u00e3o ganhou nenhum jogo de servi\u00e7o, permitindo \u00e0 l\u00edder do ranking vencer por 6-0.<\/li>\n<li>Sabalenka vai enfrentar na pr\u00f3xima ronda a vencedora do duelo entre Coco Gauff e Elina Svitolina, marcado para quinta-feira.<\/li>\n<\/ul>\n","protected":false},"author":2,"featured_media":176081,"comment_status":"closed","ping_status":"closed","sticky":false,"template":"","format":"standard","meta":{"footnotes":""},"categories":[21],"tags":[152,2681,3988,40,94,2713],"class_list":["post-176075","post","type-post","status-publish","format-standard","has-post-thumbnail","hentry","category-desporto","tag-desporto","tag-desporto-internacional","tag-gauff","tag-pessoas","tag-tenis","tag-tenistas"],"yoast_head":"<!-- This site is optimized with the Yoast SEO plugin v27.2 - https:\/\/yoast.com\/product\/yoast-seo-wordpress\/ -->\n<title>N\u00famero um do mundo est\u00e1 nas meias do Open da Austr\u00e1lia - Portal Tela Portugal<\/title>\n<meta name=\"robots\" content=\"index, follow, max-snippet:-1, max-image-preview:large, max-video-preview:-1\" \/>\n<meta property=\"og:locale\" content=\"pt_PT\" \/>\n<meta property=\"og:type\" content=\"article\" \/>\n<meta property=\"og:title\" content=\"N\u00famero um do mundo est\u00e1 nas meias do Open da Austr\u00e1lia - Portal Tela Portugal\" \/>\n<meta property=\"og:description\" content=\"Aryna Sabalenka, n\u00famero um do mundo, avan\u00e7ou \u00e0s meias-finais do Open da Austr\u00e1lia ao vencer Iva Jovic por 6-3, 6-0 em uma hora e 29 minutos. Iva Jovic, de 18 anos e 27.\u00aa do ranking, chegou aos quartos de final de um Grand Slam pela primeira vez. No primeiro set, Sabalenka abriu com tr\u00eas jogos seguidos e manteve a vantagem para vencer por 6-3. No segundo set, Jovic n\u00e3o ganhou nenhum jogo de servi\u00e7o, permitindo \u00e0 l\u00edder do ranking vencer por 6-0. Sabalenka vai enfrentar na pr\u00f3xima ronda a vencedora do duelo entre Coco Gauff e Elina Svitolina, marcado para quinta-feira.\" \/>\n<meta property=\"og:url\" content=\"https:\/\/portaltela.pt\/noticias\/2026\/01\/27\/numero-um-do-mundo-esta-nas-meias-do-open-da-australia\/\" \/>\n<meta property=\"og:site_name\" content=\"Portal Tela Portugal\" \/>\n<meta property=\"article:published_time\" content=\"2026-01-27T09:22:00+00:00\" \/>\n<meta name=\"author\" content=\"Telinha\" \/>\n<meta name=\"twitter:card\" content=\"summary_large_image\" \/>\n<meta name=\"twitter:label1\" content=\"Escrito por\" \/>\n\t<meta name=\"twitter:data1\" content=\"Telinha\" \/>\n\t<meta name=\"twitter:label2\" content=\"Tempo estimado de leitura\" \/>\n\t<meta name=\"twitter:data2\" content=\"1 minuto\" \/>\n<script type=\"application\/ld+json\" class=\"yoast-schema-graph\">{\"@context\":\"https:\/\/schema.org\",\"@graph\":[{\"@type\":\"Article\",\"@id\":\"https:\/\/portaltela.pt\/noticias\/2026\/01\/27\/numero-um-do-mundo-esta-nas-meias-do-open-da-australia\/#article\",\"isPartOf\":{\"@id\":\"https:\/\/portaltela.pt\/noticias\/2026\/01\/27\/numero-um-do-mundo-esta-nas-meias-do-open-da-australia\/\"},\"author\":{\"name\":\"Telinha\",\"@id\":\"https:\/\/portaltela.pt\/#\/schema\/person\/c4278d4a6028830caff9ee44b42d32ed\"},\"headline\":\"N\u00famero um do mundo est\u00e1 nas meias do Open da Austr\u00e1lia\",\"datePublished\":\"2026-01-27T09:22:00+00:00\",\"mainEntityOfPage\":{\"@id\":\"https:\/\/portaltela.pt\/noticias\/2026\/01\/27\/numero-um-do-mundo-esta-nas-meias-do-open-da-australia\/\"},\"wordCount\":151,\"image\":{\"@id\":\"https:\/\/portaltela.pt\/noticias\/2026\/01\/27\/numero-um-do-mundo-esta-nas-meias-do-open-da-australia\/#primaryimage\"},\"thumbnailUrl\":\"https:\/\/portaltela.pt\/s.01k8rhncp4jt1\/2026\/01\/46432174.jpg\",\"keywords\":[\"desporto\",\"desporto internacional\",\"Gauff\",\"pessoas\",\"t\u00eanis\",\"tenistas\"],\"articleSection\":[\"Desporto\"],\"inLanguage\":\"pt-PT\"},{\"@type\":\"WebPage\",\"@id\":\"https:\/\/portaltela.pt\/noticias\/2026\/01\/27\/numero-um-do-mundo-esta-nas-meias-do-open-da-australia\/\",\"url\":\"https:\/\/portaltela.pt\/noticias\/2026\/01\/27\/numero-um-do-mundo-esta-nas-meias-do-open-da-australia\/\",\"name\":\"N\u00famero um do mundo est\u00e1 nas meias do Open da Austr\u00e1lia - Portal Tela Portugal\",\"isPartOf\":{\"@id\":\"https:\/\/portaltela.pt\/#website\"},\"primaryImageOfPage\":{\"@id\":\"https:\/\/portaltela.pt\/noticias\/2026\/01\/27\/numero-um-do-mundo-esta-nas-meias-do-open-da-australia\/#primaryimage\"},\"image\":{\"@id\":\"https:\/\/portaltela.pt\/noticias\/2026\/01\/27\/numero-um-do-mundo-esta-nas-meias-do-open-da-australia\/#primaryimage\"},\"thumbnailUrl\":\"https:\/\/portaltela.pt\/s.01k8rhncp4jt1\/2026\/01\/46432174.jpg\",\"datePublished\":\"2026-01-27T09:22:00+00:00\",\"author\":{\"@id\":\"https:\/\/portaltela.pt\/#\/schema\/person\/c4278d4a6028830caff9ee44b42d32ed\"},\"breadcrumb\":{\"@id\":\"https:\/\/portaltela.pt\/noticias\/2026\/01\/27\/numero-um-do-mundo-esta-nas-meias-do-open-da-australia\/#breadcrumb\"},\"inLanguage\":\"pt-PT\",\"potentialAction\":[{\"@type\":\"ReadAction\",\"target\":[\"https:\/\/portaltela.pt\/noticias\/2026\/01\/27\/numero-um-do-mundo-esta-nas-meias-do-open-da-australia\/\"]}]},{\"@type\":\"ImageObject\",\"inLanguage\":\"pt-PT\",\"@id\":\"https:\/\/portaltela.pt\/noticias\/2026\/01\/27\/numero-um-do-mundo-esta-nas-meias-do-open-da-australia\/#primaryimage\",\"url\":\"https:\/\/portaltela.pt\/s.01k8rhncp4jt1\/2026\/01\/46432174.jpg\",\"contentUrl\":\"https:\/\/portaltela.pt\/s.01k8rhncp4jt1\/2026\/01\/46432174.jpg\",\"width\":796,\"height\":448,\"caption\":\"A bielorrussa ganhou o segundo set de forma \\\"limpa\\\"\"},{\"@type\":\"BreadcrumbList\",\"@id\":\"https:\/\/portaltela.pt\/noticias\/2026\/01\/27\/numero-um-do-mundo-esta-nas-meias-do-open-da-australia\/#breadcrumb\",\"itemListElement\":[{\"@type\":\"ListItem\",\"position\":1,\"name\":\"In\u00edcio\",\"item\":\"https:\/\/portaltela.pt\/\"},{\"@type\":\"ListItem\",\"position\":2,\"name\":\"N\u00famero um do mundo est\u00e1 nas meias do Open da Austr\u00e1lia\"}]},{\"@type\":\"WebSite\",\"@id\":\"https:\/\/portaltela.pt\/#website\",\"url\":\"https:\/\/portaltela.pt\/\",\"name\":\"Portal Tela Portugal\",\"description\":\"\",\"potentialAction\":[{\"@type\":\"SearchAction\",\"target\":{\"@type\":\"EntryPoint\",\"urlTemplate\":\"https:\/\/portaltela.pt\/?s={search_term_string}\"},\"query-input\":{\"@type\":\"PropertyValueSpecification\",\"valueRequired\":true,\"valueName\":\"search_term_string\"}}],\"inLanguage\":\"pt-PT\"},{\"@type\":\"Person\",\"@id\":\"https:\/\/portaltela.pt\/#\/schema\/person\/c4278d4a6028830caff9ee44b42d32ed\",\"name\":\"Telinha\",\"image\":{\"@type\":\"ImageObject\",\"inLanguage\":\"pt-PT\",\"@id\":\"https:\/\/portaltela.pt\/s.01k8rhncp4jt1\/2025\/11\/talking-bot-125x125.png\",\"url\":\"https:\/\/portaltela.pt\/s.01k8rhncp4jt1\/2025\/11\/talking-bot-125x125.png\",\"contentUrl\":\"https:\/\/portaltela.pt\/s.01k8rhncp4jt1\/2025\/11\/talking-bot-125x125.png\",\"caption\":\"Telinha\"},\"sameAs\":[\"https:\/\/portaltela.pt\/\"],\"url\":\"https:\/\/portaltela.pt\/por\/367410592786\/\"}]}<\/script>\n<!-- \/ Yoast SEO plugin. -->","yoast_head_json":{"title":"N\u00famero um do mundo est\u00e1 nas meias do Open da Austr\u00e1lia - Portal Tela Portugal","robots":{"index":"index","follow":"follow","max-snippet":"max-snippet:-1","max-image-preview":"max-image-preview:large","max-video-preview":"max-video-preview:-1"},"og_locale":"pt_PT","og_type":"article","og_title":"N\u00famero um do mundo est\u00e1 nas meias do Open da Austr\u00e1lia - Portal Tela Portugal","og_description":"Aryna Sabalenka, n\u00famero um do mundo, avan\u00e7ou \u00e0s meias-finais do Open da Austr\u00e1lia ao vencer Iva Jovic por 6-3, 6-0 em uma hora e 29 minutos. Iva Jovic, de 18 anos e 27.\u00aa do ranking, chegou aos quartos de final de um Grand Slam pela primeira vez. No primeiro set, Sabalenka abriu com tr\u00eas jogos seguidos e manteve a vantagem para vencer por 6-3. No segundo set, Jovic n\u00e3o ganhou nenhum jogo de servi\u00e7o, permitindo \u00e0 l\u00edder do ranking vencer por 6-0. Sabalenka vai enfrentar na pr\u00f3xima ronda a vencedora do duelo entre Coco Gauff e Elina Svitolina, marcado para quinta-feira.","og_url":"https:\/\/portaltela.pt\/noticias\/2026\/01\/27\/numero-um-do-mundo-esta-nas-meias-do-open-da-australia\/","og_site_name":"Portal Tela Portugal","article_published_time":"2026-01-27T09:22:00+00:00","author":"Telinha","twitter_card":"summary_large_image","twitter_misc":{"Escrito por":"Telinha","Tempo estimado de leitura":"1 minuto"},"schema":{"@context":"https:\/\/schema.org","@graph":[{"@type":"Article","@id":"https:\/\/portaltela.pt\/noticias\/2026\/01\/27\/numero-um-do-mundo-esta-nas-meias-do-open-da-australia\/#article","isPartOf":{"@id":"https:\/\/portaltela.pt\/noticias\/2026\/01\/27\/numero-um-do-mundo-esta-nas-meias-do-open-da-australia\/"},"author":{"name":"Telinha","@id":"https:\/\/portaltela.pt\/#\/schema\/person\/c4278d4a6028830caff9ee44b42d32ed"},"headline":"N\u00famero um do mundo est\u00e1 nas meias do Open da Austr\u00e1lia","datePublished":"2026-01-27T09:22:00+00:00","mainEntityOfPage":{"@id":"https:\/\/portaltela.pt\/noticias\/2026\/01\/27\/numero-um-do-mundo-esta-nas-meias-do-open-da-australia\/"},"wordCount":151,"image":{"@id":"https:\/\/portaltela.pt\/noticias\/2026\/01\/27\/numero-um-do-mundo-esta-nas-meias-do-open-da-australia\/#primaryimage"},"thumbnailUrl":"https:\/\/portaltela.pt\/s.01k8rhncp4jt1\/2026\/01\/46432174.jpg","keywords":["desporto","desporto internacional","Gauff","pessoas","t\u00eanis","tenistas"],"articleSection":["Desporto"],"inLanguage":"pt-PT"},{"@type":"WebPage","@id":"https:\/\/portaltela.pt\/noticias\/2026\/01\/27\/numero-um-do-mundo-esta-nas-meias-do-open-da-australia\/","url":"https:\/\/portaltela.pt\/noticias\/2026\/01\/27\/numero-um-do-mundo-esta-nas-meias-do-open-da-australia\/","name":"N\u00famero um do mundo est\u00e1 nas meias do Open da Austr\u00e1lia - Portal Tela Portugal","isPartOf":{"@id":"https:\/\/portaltela.pt\/#website"},"primaryImageOfPage":{"@id":"https:\/\/portaltela.pt\/noticias\/2026\/01\/27\/numero-um-do-mundo-esta-nas-meias-do-open-da-australia\/#primaryimage"},"image":{"@id":"https:\/\/portaltela.pt\/noticias\/2026\/01\/27\/numero-um-do-mundo-esta-nas-meias-do-open-da-australia\/#primaryimage"},"thumbnailUrl":"https:\/\/portaltela.pt\/s.01k8rhncp4jt1\/2026\/01\/46432174.jpg","datePublished":"2026-01-27T09:22:00+00:00","author":{"@id":"https:\/\/portaltela.pt\/#\/schema\/person\/c4278d4a6028830caff9ee44b42d32ed"},"breadcrumb":{"@id":"https:\/\/portaltela.pt\/noticias\/2026\/01\/27\/numero-um-do-mundo-esta-nas-meias-do-open-da-australia\/#breadcrumb"},"inLanguage":"pt-PT","potentialAction":[{"@type":"ReadAction","target":["https:\/\/portaltela.pt\/noticias\/2026\/01\/27\/numero-um-do-mundo-esta-nas-meias-do-open-da-australia\/"]}]},{"@type":"ImageObject","inLanguage":"pt-PT","@id":"https:\/\/portaltela.pt\/noticias\/2026\/01\/27\/numero-um-do-mundo-esta-nas-meias-do-open-da-australia\/#primaryimage","url":"https:\/\/portaltela.pt\/s.01k8rhncp4jt1\/2026\/01\/46432174.jpg","contentUrl":"https:\/\/portaltela.pt\/s.01k8rhncp4jt1\/2026\/01\/46432174.jpg","width":796,"height":448,"caption":"A bielorrussa ganhou o segundo set de forma \"limpa\""},{"@type":"BreadcrumbList","@id":"https:\/\/portaltela.pt\/noticias\/2026\/01\/27\/numero-um-do-mundo-esta-nas-meias-do-open-da-australia\/#breadcrumb","itemListElement":[{"@type":"ListItem","position":1,"name":"In\u00edcio","item":"https:\/\/portaltela.pt\/"},{"@type":"ListItem","position":2,"name":"N\u00famero um do mundo est\u00e1 nas meias do Open da Austr\u00e1lia"}]},{"@type":"WebSite","@id":"https:\/\/portaltela.pt\/#website","url":"https:\/\/portaltela.pt\/","name":"Portal Tela Portugal","description":"","potentialAction":[{"@type":"SearchAction","target":{"@type":"EntryPoint","urlTemplate":"https:\/\/portaltela.pt\/?s={search_term_string}"},"query-input":{"@type":"PropertyValueSpecification","valueRequired":true,"valueName":"search_term_string"}}],"inLanguage":"pt-PT"},{"@type":"Person","@id":"https:\/\/portaltela.pt\/#\/schema\/person\/c4278d4a6028830caff9ee44b42d32ed","name":"Telinha","image":{"@type":"ImageObject","inLanguage":"pt-PT","@id":"https:\/\/portaltela.pt\/s.01k8rhncp4jt1\/2025\/11\/talking-bot-125x125.png","url":"https:\/\/portaltela.pt\/s.01k8rhncp4jt1\/2025\/11\/talking-bot-125x125.png","contentUrl":"https:\/\/portaltela.pt\/s.01k8rhncp4jt1\/2025\/11\/talking-bot-125x125.png","caption":"Telinha"},"sameAs":["https:\/\/portaltela.pt\/"],"url":"https:\/\/portaltela.pt\/por\/367410592786\/"}]}},"_links":{"self":[{"href":"https:\/\/portaltela.pt\/api\/wp\/v2\/posts\/176075","targetHints":{"allow":["GET"]}}],"collection":[{"href":"https:\/\/portaltela.pt\/api\/wp\/v2\/posts"}],"about":[{"href":"https:\/\/portaltela.pt\/api\/wp\/v2\/types\/post"}],"author":[{"embeddable":true,"href":"https:\/\/portaltela.pt\/api\/wp\/v2\/users\/2"}],"replies":[{"embeddable":true,"href":"https:\/\/portaltela.pt\/api\/wp\/v2\/comments?post=176075"}],"version-history":[{"count":0,"href":"https:\/\/portaltela.pt\/api\/wp\/v2\/posts\/176075\/revisions"}],"wp:featuredmedia":[{"embeddable":true,"href":"https:\/\/portaltela.pt\/api\/wp\/v2\/media\/176081"}],"wp:attachment":[{"href":"https:\/\/portaltela.pt\/api\/wp\/v2\/media?parent=176075"}],"wp:term":[{"taxonomy":"category","embeddable":true,"href":"https:\/\/portaltela.pt\/api\/wp\/v2\/categories?post=176075"},{"taxonomy":"post_tag","embeddable":true,"href":"https:\/\/portaltela.pt\/api\/wp\/v2\/tags?post=176075"}],"curies":[{"name":"wp","href":"https:\/\/api.w.org\/{rel}","templated":true}]}}