{"id":176062,"date":"2026-01-27T06:24:00","date_gmt":"2026-01-27T09:24:00","guid":{"rendered":"https:\/\/portaltela.pt\/noticias\/2026\/01\/27\/albuquerque-ve-mobilidade-como-igualdade-de-direitos-e-rejeita-palermices\/"},"modified":"2026-01-27T06:24:00","modified_gmt":"2026-01-27T09:24:00","slug":"albuquerque-ve-mobilidade-como-igualdade-de-direitos-e-rejeita-palermices","status":"publish","type":"post","link":"https:\/\/portaltela.pt\/noticias\/politica\/2026\/01\/27\/albuquerque-ve-mobilidade-como-igualdade-de-direitos-e-rejeita-palermices\/","title":{"rendered":"Albuquerque v\u00ea mobilidade como igualdade de direitos e rejeita palermices"},"content":{"rendered":"<p>Miguel Albuquerque abriu o debate mensal sobre o Subs\u00eddio Social de Mobilidade, destacando a continuidade territorial como base da coes\u00e3o e da igualdade entre cidad\u00e3os. Assinalou que residentes nas ilhas enfrentam dist\u00e2ncia e descontinuidade do territ\u00f3rio continental.<\/p>\n<p>O governante manteve que a insularidade n\u00e3o pode restringir direitos c\u00edvicos nem afastar propostas de justi\u00e7a territorial. Definiu o subs\u00eddio como instrumento de equidade, n\u00e3o como privil\u00e9gio ou caridade.<\/p>\n<p>Albuquerque explicou que, desde 2015, o modelo atual permite pagar apenas o valor de refer\u00eancia da passagem, com reembolso posterior, evitando adiantamentos totalistas.<\/p>\n<p>Recordou n\u00fameros hist\u00f3ricos: em 2014 quase 120 mil residentes beneficiaram do subs\u00eddio, enquanto em 2023 j\u00e1 passavam de 232 mil, refletindo uma procura crescente.<\/p>\n<p>O Governo Regional acusou o Governo da Rep\u00fablica de manter o regime em transi\u00e7\u00e3o durante longos 8 anos e quatro meses, sem atualizar valores nem corrigir falhas.<\/p>\n<p>Foi mencionada a cria\u00e7\u00e3o do Programa do Estudante Insular, em 2018, para que estudantes viajassem com subs\u00eddio Deduzido, promovendo igualdade de oportunidades no ensino superior.<\/p>\n<p>Em 2025, o Estudante Insular contabilizou 138.900 processos v\u00e1lidos, com mais de 106 mil viagens de ida e 32 mil de ida e volta, beneficiando 11.160 estudantes, num apoio superior a 35,4 milh\u00f5es de euros.<\/p>\n<p>O texto nota mudan\u00e7as recentes do subs\u00eddio \u00e0 Madeira: o decreto-lei de janeiro de 2026 reduziu o custo eleg\u00edvel das viagens, afetando o poder de compra de fam\u00edlias locais e elevou preocupa\u00e7\u00f5es sobre o acesso \u00e0 mobilidade.<\/p>\n<p>Albuquerque criticou ainda crit\u00e9rios para atribui\u00e7\u00e3o do subs\u00eddio que condicionem por d\u00edvidas fiscais, considerando injustas as exce\u00e7\u00f5es aplicadas a outros benef\u00edcios na metade do pa\u00eds.<\/p>\n<p>O governo regional afirmou ter participado em v\u00e1rias reuni\u00f5es t\u00e9cnicas e ter apresentado pareceres formais, sem que as propostas regionais fossem atendidas pela tutela nacional.<\/p>\n<p>A Madeira acusa um retrocesso institucional e mant\u00e9m o apelo \u00e0 Assembleia da Rep\u00fablica, marcada para 18 de fevereiro, para reverter as altera\u00e7\u00f5es consideradas prejudiciais.<\/p>\n<p>Concluiu que o di\u00e1logo \u00e9 desejado, mas que n\u00e3o se pode aceitar tratamento que trate as ilhas como col\u00f3nias, defendendo uma mobilidade com direitos equivalentes para todos os cidad\u00e3os nacionais.<\/p>\n","protected":false},"excerpt":{"rendered":"<ul>\n<li>O presidente do Governo Regional, Miguel Albuquerque, afirma que a mobilidade \u00e9 uma quest\u00e3o de igualdade de direitos e critica descri\u00e7\u00f5es depreciativas sobre o Subs\u00eddio Social de Mobilidade (SSM).<\/li>\n<li>O SSM \u00e9 apresentado como instrumento de justi\u00e7a territorial, para mitigar a insularidade entre ilhas e continente, e n\u00e3o como benesse estatal.<\/li>\n<li>Entre 2014 e 2023, o n\u00famero de benefici\u00e1rios passou de 119.864 para 232.279, refletindo a necessidade crescente na regi\u00e3o.<\/li>\n<li>O programa do Estudante Insular, criado em 2018, registou 138.900 processos v\u00e1lidos em 2025, com mais de 11 mil estudantes beneficiados e apoio superior a 35,4 milh\u00f5es de euros.<\/li>\n<li>O Governo da Rep\u00fablica, em 2025\/2026, alterou o SSM, reduzindo valores e limites, o que o Governo Regional contesta como retrocesso, preparando-se para vota\u00e7\u00e3o na Assembleia da Rep\u00fablica em 18 de fevereiro.<\/li>\n<\/ul>\n","protected":false},"author":2,"featured_media":176085,"comment_status":"closed","ping_status":"closed","sticky":false,"template":"","format":"standard","meta":{"footnotes":""},"categories":[1,5],"tags":[830,1870,859,2110,2575],"class_list":["post-176062","post","type-post","status-publish","format-standard","has-post-thumbnail","hentry","category-noticias","category-politica","tag-coesao-territorial","tag-continuidade-territorial","tag-madeira","tag-mobilidade","tag-subsidio-social"],"yoast_head":"<!-- This site is optimized with the Yoast SEO plugin v27.2 - https:\/\/yoast.com\/product\/yoast-seo-wordpress\/ -->\n<title>Albuquerque v\u00ea mobilidade como igualdade de direitos e rejeita palermices - Portal Tela Portugal<\/title>\n<meta name=\"robots\" content=\"index, follow, max-snippet:-1, max-image-preview:large, max-video-preview:-1\" \/>\n<meta property=\"og:locale\" content=\"pt_PT\" \/>\n<meta property=\"og:type\" content=\"article\" \/>\n<meta property=\"og:title\" content=\"Albuquerque v\u00ea mobilidade como igualdade de direitos e rejeita palermices - Portal Tela Portugal\" \/>\n<meta property=\"og:description\" content=\"O presidente do Governo Regional, Miguel Albuquerque, afirma que a mobilidade \u00e9 uma quest\u00e3o de igualdade de direitos e critica descri\u00e7\u00f5es depreciativas sobre o Subs\u00eddio Social de Mobilidade (SSM). O SSM \u00e9 apresentado como instrumento de justi\u00e7a territorial, para mitigar a insularidade entre ilhas e continente, e n\u00e3o como benesse estatal. Entre 2014 e 2023, o n\u00famero de benefici\u00e1rios passou de 119.864 para 232.279, refletindo a necessidade crescente na regi\u00e3o. O programa do Estudante Insular, criado em 2018, registou 138.900 processos v\u00e1lidos em 2025, com mais de 11 mil estudantes beneficiados e apoio superior a 35,4 milh\u00f5es de euros. O Governo da Rep\u00fablica, em 2025\/2026, alterou o SSM, reduzindo valores e limites, o que o Governo Regional contesta como retrocesso, preparando-se para vota\u00e7\u00e3o na Assembleia da Rep\u00fablica em 18 de fevereiro.\" \/>\n<meta property=\"og:url\" content=\"https:\/\/portaltela.pt\/noticias\/2026\/01\/27\/albuquerque-ve-mobilidade-como-igualdade-de-direitos-e-rejeita-palermices\/\" \/>\n<meta property=\"og:site_name\" content=\"Portal Tela Portugal\" \/>\n<meta property=\"article:published_time\" content=\"2026-01-27T09:24:00+00:00\" \/>\n<meta name=\"author\" content=\"Telinha\" \/>\n<meta name=\"twitter:card\" content=\"summary_large_image\" \/>\n<meta name=\"twitter:label1\" content=\"Escrito por\" \/>\n\t<meta name=\"twitter:data1\" content=\"Telinha\" \/>\n\t<meta name=\"twitter:label2\" content=\"Tempo estimado de leitura\" \/>\n\t<meta name=\"twitter:data2\" content=\"2 minutos\" \/>\n<script type=\"application\/ld+json\" class=\"yoast-schema-graph\">{\"@context\":\"https:\/\/schema.org\",\"@graph\":[{\"@type\":\"Article\",\"@id\":\"https:\/\/portaltela.pt\/noticias\/2026\/01\/27\/albuquerque-ve-mobilidade-como-igualdade-de-direitos-e-rejeita-palermices\/#article\",\"isPartOf\":{\"@id\":\"https:\/\/portaltela.pt\/noticias\/2026\/01\/27\/albuquerque-ve-mobilidade-como-igualdade-de-direitos-e-rejeita-palermices\/\"},\"author\":{\"name\":\"Telinha\",\"@id\":\"https:\/\/portaltela.pt\/#\/schema\/person\/c4278d4a6028830caff9ee44b42d32ed\"},\"headline\":\"Albuquerque v\u00ea mobilidade como igualdade de direitos e rejeita palermices\",\"datePublished\":\"2026-01-27T09:24:00+00:00\",\"mainEntityOfPage\":{\"@id\":\"https:\/\/portaltela.pt\/noticias\/2026\/01\/27\/albuquerque-ve-mobilidade-como-igualdade-de-direitos-e-rejeita-palermices\/\"},\"wordCount\":376,\"image\":{\"@id\":\"https:\/\/portaltela.pt\/noticias\/2026\/01\/27\/albuquerque-ve-mobilidade-como-igualdade-de-direitos-e-rejeita-palermices\/#primaryimage\"},\"thumbnailUrl\":\"https:\/\/portaltela.pt\/s.01k8rhncp4jt1\/2026\/01\/unnamed-file-5468.jpg\",\"keywords\":[\"Coes\u00e3o Territorial\",\"Continuidade Territorial\",\"Madeira\",\"mobilidade\",\"Subs\u00eddio Social\"],\"articleSection\":[\"Not\u00edcias\",\"Pol\u00edtica\"],\"inLanguage\":\"pt-PT\"},{\"@type\":\"WebPage\",\"@id\":\"https:\/\/portaltela.pt\/noticias\/2026\/01\/27\/albuquerque-ve-mobilidade-como-igualdade-de-direitos-e-rejeita-palermices\/\",\"url\":\"https:\/\/portaltela.pt\/noticias\/2026\/01\/27\/albuquerque-ve-mobilidade-como-igualdade-de-direitos-e-rejeita-palermices\/\",\"name\":\"Albuquerque v\u00ea mobilidade como igualdade de direitos e rejeita palermices - Portal Tela Portugal\",\"isPartOf\":{\"@id\":\"https:\/\/portaltela.pt\/#website\"},\"primaryImageOfPage\":{\"@id\":\"https:\/\/portaltela.pt\/noticias\/2026\/01\/27\/albuquerque-ve-mobilidade-como-igualdade-de-direitos-e-rejeita-palermices\/#primaryimage\"},\"image\":{\"@id\":\"https:\/\/portaltela.pt\/noticias\/2026\/01\/27\/albuquerque-ve-mobilidade-como-igualdade-de-direitos-e-rejeita-palermices\/#primaryimage\"},\"thumbnailUrl\":\"https:\/\/portaltela.pt\/s.01k8rhncp4jt1\/2026\/01\/unnamed-file-5468.jpg\",\"datePublished\":\"2026-01-27T09:24:00+00:00\",\"author\":{\"@id\":\"https:\/\/portaltela.pt\/#\/schema\/person\/c4278d4a6028830caff9ee44b42d32ed\"},\"breadcrumb\":{\"@id\":\"https:\/\/portaltela.pt\/noticias\/2026\/01\/27\/albuquerque-ve-mobilidade-como-igualdade-de-direitos-e-rejeita-palermices\/#breadcrumb\"},\"inLanguage\":\"pt-PT\",\"potentialAction\":[{\"@type\":\"ReadAction\",\"target\":[\"https:\/\/portaltela.pt\/noticias\/2026\/01\/27\/albuquerque-ve-mobilidade-como-igualdade-de-direitos-e-rejeita-palermices\/\"]}]},{\"@type\":\"ImageObject\",\"inLanguage\":\"pt-PT\",\"@id\":\"https:\/\/portaltela.pt\/noticias\/2026\/01\/27\/albuquerque-ve-mobilidade-como-igualdade-de-direitos-e-rejeita-palermices\/#primaryimage\",\"url\":\"https:\/\/portaltela.pt\/s.01k8rhncp4jt1\/2026\/01\/unnamed-file-5468.jpg\",\"contentUrl\":\"https:\/\/portaltela.pt\/s.01k8rhncp4jt1\/2026\/01\/unnamed-file-5468.jpg\",\"width\":796,\"height\":448,\"caption\":\"Albuquerque considera que a mobilidade \u00e9 uma quest\u00e3o de \\\"igualdade de direitos\\\" e n\u00e3o aceita \\\"palermices\\\"\"},{\"@type\":\"BreadcrumbList\",\"@id\":\"https:\/\/portaltela.pt\/noticias\/2026\/01\/27\/albuquerque-ve-mobilidade-como-igualdade-de-direitos-e-rejeita-palermices\/#breadcrumb\",\"itemListElement\":[{\"@type\":\"ListItem\",\"position\":1,\"name\":\"In\u00edcio\",\"item\":\"https:\/\/portaltela.pt\/\"},{\"@type\":\"ListItem\",\"position\":2,\"name\":\"Albuquerque v\u00ea mobilidade como igualdade de direitos e rejeita palermices\"}]},{\"@type\":\"WebSite\",\"@id\":\"https:\/\/portaltela.pt\/#website\",\"url\":\"https:\/\/portaltela.pt\/\",\"name\":\"Portal Tela Portugal\",\"description\":\"\",\"potentialAction\":[{\"@type\":\"SearchAction\",\"target\":{\"@type\":\"EntryPoint\",\"urlTemplate\":\"https:\/\/portaltela.pt\/?s={search_term_string}\"},\"query-input\":{\"@type\":\"PropertyValueSpecification\",\"valueRequired\":true,\"valueName\":\"search_term_string\"}}],\"inLanguage\":\"pt-PT\"},{\"@type\":\"Person\",\"@id\":\"https:\/\/portaltela.pt\/#\/schema\/person\/c4278d4a6028830caff9ee44b42d32ed\",\"name\":\"Telinha\",\"image\":{\"@type\":\"ImageObject\",\"inLanguage\":\"pt-PT\",\"@id\":\"https:\/\/portaltela.pt\/s.01k8rhncp4jt1\/2025\/11\/talking-bot-125x125.png\",\"url\":\"https:\/\/portaltela.pt\/s.01k8rhncp4jt1\/2025\/11\/talking-bot-125x125.png\",\"contentUrl\":\"https:\/\/portaltela.pt\/s.01k8rhncp4jt1\/2025\/11\/talking-bot-125x125.png\",\"caption\":\"Telinha\"},\"sameAs\":[\"https:\/\/portaltela.pt\/\"],\"url\":\"https:\/\/portaltela.pt\/por\/367410592786\/\"}]}<\/script>\n<!-- \/ Yoast SEO plugin. -->","yoast_head_json":{"title":"Albuquerque v\u00ea mobilidade como igualdade de direitos e rejeita palermices - Portal Tela Portugal","robots":{"index":"index","follow":"follow","max-snippet":"max-snippet:-1","max-image-preview":"max-image-preview:large","max-video-preview":"max-video-preview:-1"},"og_locale":"pt_PT","og_type":"article","og_title":"Albuquerque v\u00ea mobilidade como igualdade de direitos e rejeita palermices - Portal Tela Portugal","og_description":"O presidente do Governo Regional, Miguel Albuquerque, afirma que a mobilidade \u00e9 uma quest\u00e3o de igualdade de direitos e critica descri\u00e7\u00f5es depreciativas sobre o Subs\u00eddio Social de Mobilidade (SSM). O SSM \u00e9 apresentado como instrumento de justi\u00e7a territorial, para mitigar a insularidade entre ilhas e continente, e n\u00e3o como benesse estatal. Entre 2014 e 2023, o n\u00famero de benefici\u00e1rios passou de 119.864 para 232.279, refletindo a necessidade crescente na regi\u00e3o. O programa do Estudante Insular, criado em 2018, registou 138.900 processos v\u00e1lidos em 2025, com mais de 11 mil estudantes beneficiados e apoio superior a 35,4 milh\u00f5es de euros. O Governo da Rep\u00fablica, em 2025\/2026, alterou o SSM, reduzindo valores e limites, o que o Governo Regional contesta como retrocesso, preparando-se para vota\u00e7\u00e3o na Assembleia da Rep\u00fablica em 18 de fevereiro.","og_url":"https:\/\/portaltela.pt\/noticias\/2026\/01\/27\/albuquerque-ve-mobilidade-como-igualdade-de-direitos-e-rejeita-palermices\/","og_site_name":"Portal Tela Portugal","article_published_time":"2026-01-27T09:24:00+00:00","author":"Telinha","twitter_card":"summary_large_image","twitter_misc":{"Escrito por":"Telinha","Tempo estimado de leitura":"2 minutos"},"schema":{"@context":"https:\/\/schema.org","@graph":[{"@type":"Article","@id":"https:\/\/portaltela.pt\/noticias\/2026\/01\/27\/albuquerque-ve-mobilidade-como-igualdade-de-direitos-e-rejeita-palermices\/#article","isPartOf":{"@id":"https:\/\/portaltela.pt\/noticias\/2026\/01\/27\/albuquerque-ve-mobilidade-como-igualdade-de-direitos-e-rejeita-palermices\/"},"author":{"name":"Telinha","@id":"https:\/\/portaltela.pt\/#\/schema\/person\/c4278d4a6028830caff9ee44b42d32ed"},"headline":"Albuquerque v\u00ea mobilidade como igualdade de direitos e rejeita palermices","datePublished":"2026-01-27T09:24:00+00:00","mainEntityOfPage":{"@id":"https:\/\/portaltela.pt\/noticias\/2026\/01\/27\/albuquerque-ve-mobilidade-como-igualdade-de-direitos-e-rejeita-palermices\/"},"wordCount":376,"image":{"@id":"https:\/\/portaltela.pt\/noticias\/2026\/01\/27\/albuquerque-ve-mobilidade-como-igualdade-de-direitos-e-rejeita-palermices\/#primaryimage"},"thumbnailUrl":"https:\/\/portaltela.pt\/s.01k8rhncp4jt1\/2026\/01\/unnamed-file-5468.jpg","keywords":["Coes\u00e3o Territorial","Continuidade Territorial","Madeira","mobilidade","Subs\u00eddio Social"],"articleSection":["Not\u00edcias","Pol\u00edtica"],"inLanguage":"pt-PT"},{"@type":"WebPage","@id":"https:\/\/portaltela.pt\/noticias\/2026\/01\/27\/albuquerque-ve-mobilidade-como-igualdade-de-direitos-e-rejeita-palermices\/","url":"https:\/\/portaltela.pt\/noticias\/2026\/01\/27\/albuquerque-ve-mobilidade-como-igualdade-de-direitos-e-rejeita-palermices\/","name":"Albuquerque v\u00ea mobilidade como igualdade de direitos e rejeita palermices - Portal Tela Portugal","isPartOf":{"@id":"https:\/\/portaltela.pt\/#website"},"primaryImageOfPage":{"@id":"https:\/\/portaltela.pt\/noticias\/2026\/01\/27\/albuquerque-ve-mobilidade-como-igualdade-de-direitos-e-rejeita-palermices\/#primaryimage"},"image":{"@id":"https:\/\/portaltela.pt\/noticias\/2026\/01\/27\/albuquerque-ve-mobilidade-como-igualdade-de-direitos-e-rejeita-palermices\/#primaryimage"},"thumbnailUrl":"https:\/\/portaltela.pt\/s.01k8rhncp4jt1\/2026\/01\/unnamed-file-5468.jpg","datePublished":"2026-01-27T09:24:00+00:00","author":{"@id":"https:\/\/portaltela.pt\/#\/schema\/person\/c4278d4a6028830caff9ee44b42d32ed"},"breadcrumb":{"@id":"https:\/\/portaltela.pt\/noticias\/2026\/01\/27\/albuquerque-ve-mobilidade-como-igualdade-de-direitos-e-rejeita-palermices\/#breadcrumb"},"inLanguage":"pt-PT","potentialAction":[{"@type":"ReadAction","target":["https:\/\/portaltela.pt\/noticias\/2026\/01\/27\/albuquerque-ve-mobilidade-como-igualdade-de-direitos-e-rejeita-palermices\/"]}]},{"@type":"ImageObject","inLanguage":"pt-PT","@id":"https:\/\/portaltela.pt\/noticias\/2026\/01\/27\/albuquerque-ve-mobilidade-como-igualdade-de-direitos-e-rejeita-palermices\/#primaryimage","url":"https:\/\/portaltela.pt\/s.01k8rhncp4jt1\/2026\/01\/unnamed-file-5468.jpg","contentUrl":"https:\/\/portaltela.pt\/s.01k8rhncp4jt1\/2026\/01\/unnamed-file-5468.jpg","width":796,"height":448,"caption":"Albuquerque considera que a mobilidade \u00e9 uma quest\u00e3o de \"igualdade de direitos\" e n\u00e3o aceita \"palermices\""},{"@type":"BreadcrumbList","@id":"https:\/\/portaltela.pt\/noticias\/2026\/01\/27\/albuquerque-ve-mobilidade-como-igualdade-de-direitos-e-rejeita-palermices\/#breadcrumb","itemListElement":[{"@type":"ListItem","position":1,"name":"In\u00edcio","item":"https:\/\/portaltela.pt\/"},{"@type":"ListItem","position":2,"name":"Albuquerque v\u00ea mobilidade como igualdade de direitos e rejeita palermices"}]},{"@type":"WebSite","@id":"https:\/\/portaltela.pt\/#website","url":"https:\/\/portaltela.pt\/","name":"Portal Tela Portugal","description":"","potentialAction":[{"@type":"SearchAction","target":{"@type":"EntryPoint","urlTemplate":"https:\/\/portaltela.pt\/?s={search_term_string}"},"query-input":{"@type":"PropertyValueSpecification","valueRequired":true,"valueName":"search_term_string"}}],"inLanguage":"pt-PT"},{"@type":"Person","@id":"https:\/\/portaltela.pt\/#\/schema\/person\/c4278d4a6028830caff9ee44b42d32ed","name":"Telinha","image":{"@type":"ImageObject","inLanguage":"pt-PT","@id":"https:\/\/portaltela.pt\/s.01k8rhncp4jt1\/2025\/11\/talking-bot-125x125.png","url":"https:\/\/portaltela.pt\/s.01k8rhncp4jt1\/2025\/11\/talking-bot-125x125.png","contentUrl":"https:\/\/portaltela.pt\/s.01k8rhncp4jt1\/2025\/11\/talking-bot-125x125.png","caption":"Telinha"},"sameAs":["https:\/\/portaltela.pt\/"],"url":"https:\/\/portaltela.pt\/por\/367410592786\/"}]}},"_links":{"self":[{"href":"https:\/\/portaltela.pt\/api\/wp\/v2\/posts\/176062","targetHints":{"allow":["GET"]}}],"collection":[{"href":"https:\/\/portaltela.pt\/api\/wp\/v2\/posts"}],"about":[{"href":"https:\/\/portaltela.pt\/api\/wp\/v2\/types\/post"}],"author":[{"embeddable":true,"href":"https:\/\/portaltela.pt\/api\/wp\/v2\/users\/2"}],"replies":[{"embeddable":true,"href":"https:\/\/portaltela.pt\/api\/wp\/v2\/comments?post=176062"}],"version-history":[{"count":0,"href":"https:\/\/portaltela.pt\/api\/wp\/v2\/posts\/176062\/revisions"}],"wp:featuredmedia":[{"embeddable":true,"href":"https:\/\/portaltela.pt\/api\/wp\/v2\/media\/176085"}],"wp:attachment":[{"href":"https:\/\/portaltela.pt\/api\/wp\/v2\/media?parent=176062"}],"wp:term":[{"taxonomy":"category","embeddable":true,"href":"https:\/\/portaltela.pt\/api\/wp\/v2\/categories?post=176062"},{"taxonomy":"post_tag","embeddable":true,"href":"https:\/\/portaltela.pt\/api\/wp\/v2\/tags?post=176062"}],"curies":[{"name":"wp","href":"https:\/\/api.w.org\/{rel}","templated":true}]}}