{"id":176060,"date":"2026-01-27T06:18:31","date_gmt":"2026-01-27T09:18:31","guid":{"rendered":"https:\/\/portaltela.pt\/noticias\/2026\/01\/27\/excentricidade-abre-open-call-para-nova-residencia-artistica\/"},"modified":"2026-01-27T06:18:31","modified_gmt":"2026-01-27T09:18:31","slug":"excentricidade-abre-open-call-para-nova-residencia-artistica","status":"publish","type":"post","link":"https:\/\/portaltela.pt\/noticias\/2026\/01\/27\/excentricidade-abre-open-call-para-nova-residencia-artistica\/","title":{"rendered":"ExcentriCidade abre Open Call para nova resid\u00eancia art\u00edstica"},"content":{"rendered":"<p>O projeto ExcentriCidade \u2013 Outros Palcos, Mais Cultura ser\u00e1 marcado por uma Resid\u00eancia Art\u00edstica em Caldelas. A iniciativa, coordenada pela ATRAMA e desenvolvida em estreita colabora\u00e7\u00e3o com a comunidade local, pretende criar um espet\u00e1culo original a partir do patrim\u00f3nio emocional dos participantes.<\/p>\n<p>A resid\u00eancia estende-se pelos pr\u00f3ximos meses e culminar\u00e1 numa apresenta\u00e7\u00e3o p\u00fablica prevista para maio. O objetivo \u00e9 refletir viv\u00eancias, mem\u00f3rias e identidade dos envolvidos, numa fus\u00e3o de experi\u00eancias art\u00edsticas e culturais.<\/p>\n<h3>Inscri\u00e7\u00f5es e encontro inicial<\/h3>\n<p>As inscri\u00e7\u00f5es est\u00e3o abertas at\u00e9 4 de mar\u00e7o. Os interessados devem preencher o formul\u00e1rio de candidatura indicado pela organiza\u00e7\u00e3o.<\/p>\n<p>Depois da inscri\u00e7\u00e3o, est\u00e1 agendado um encontro para dar in\u00edcio ao processo: 6 de mar\u00e7o de 2024, \u00e0s 21h00, no Audit\u00f3rio dos Bombeiros Volunt\u00e1rios de Caldas Taipas. A\u00ed ter\u00e3o lugar os ensaios, com hor\u00e1rios a definir posteriormente.<\/p>\n","protected":false},"excerpt":{"rendered":"<ul>\n<li>O projeto ExcentriCidade \u2013 Outros Palcos, Mais Cultura traz Caldelas a receber uma Resid\u00eancia Art\u00edstica coordenada pela ATRAMA, em parceria com a comunidade local.<\/li>\n<li>O objetivo \u00e9 criar um espet\u00e1culo original a partir do patrim\u00f3nio emocional dos participantes.<\/li>\n<li>As inscri\u00e7\u00f5es est\u00e3o abertas at\u00e9 ao dia quatro de mar\u00e7o; os interessados devem preencher o formul\u00e1rio de inscri\u00e7\u00e3o da Resid\u00eancia Art\u00edstica Caldelas.<\/li>\n<li>No dia seis de mar\u00e7o de 2024, \u00e0s 21h00, realiza\u2011se uma apresenta\u00e7\u00e3o\/encontro dos participantes no Audit\u00f3rio dos Bombeiros Volunt\u00e1rios de Caldas Taipas, onde decorrer\u00e3o os ensaios.<\/li>\n<li>A apresenta\u00e7\u00e3o p\u00fablica est\u00e1 prevista para o pr\u00f3ximo m\u00eas de maio, com ensaios a definir hor\u00e1rios.<\/li>\n<\/ul>\n","protected":false},"author":2,"featured_media":176076,"comment_status":"closed","ping_status":"closed","sticky":false,"template":"","format":"standard","meta":{"footnotes":""},"categories":[1],"tags":[70,3035,145,2116,814,1995],"class_list":["post-176060","post","type-post","status-publish","format-standard","has-post-thumbnail","hentry","category-noticias","tag-arte","tag-comunidade","tag-cultura","tag-espetaculos","tag-patrimonio","tag-residencias-artisticas"],"yoast_head":"<!-- This site is optimized with the Yoast SEO plugin v27.2 - https:\/\/yoast.com\/product\/yoast-seo-wordpress\/ -->\n<title>ExcentriCidade abre Open Call para nova resid\u00eancia art\u00edstica - Portal Tela Portugal<\/title>\n<meta name=\"robots\" content=\"index, follow, max-snippet:-1, max-image-preview:large, max-video-preview:-1\" \/>\n<meta property=\"og:locale\" content=\"pt_PT\" \/>\n<meta property=\"og:type\" content=\"article\" \/>\n<meta property=\"og:title\" content=\"ExcentriCidade abre Open Call para nova resid\u00eancia art\u00edstica - Portal Tela Portugal\" \/>\n<meta property=\"og:description\" content=\"O projeto ExcentriCidade \u2013 Outros Palcos, Mais Cultura traz Caldelas a receber uma Resid\u00eancia Art\u00edstica coordenada pela ATRAMA, em parceria com a comunidade local. O objetivo \u00e9 criar um espet\u00e1culo original a partir do patrim\u00f3nio emocional dos participantes. As inscri\u00e7\u00f5es est\u00e3o abertas at\u00e9 ao dia quatro de mar\u00e7o; os interessados devem preencher o formul\u00e1rio de inscri\u00e7\u00e3o da Resid\u00eancia Art\u00edstica Caldelas. No dia seis de mar\u00e7o de 2024, \u00e0s 21h00, realiza\u2011se uma apresenta\u00e7\u00e3o\/encontro dos participantes no Audit\u00f3rio dos Bombeiros Volunt\u00e1rios de Caldas Taipas, onde decorrer\u00e3o os ensaios. A apresenta\u00e7\u00e3o p\u00fablica est\u00e1 prevista para o pr\u00f3ximo m\u00eas de maio, com ensaios a definir hor\u00e1rios.\" \/>\n<meta property=\"og:url\" content=\"https:\/\/portaltela.pt\/noticias\/2026\/01\/27\/excentricidade-abre-open-call-para-nova-residencia-artistica\/\" \/>\n<meta property=\"og:site_name\" content=\"Portal Tela Portugal\" \/>\n<meta property=\"article:published_time\" content=\"2026-01-27T09:18:31+00:00\" \/>\n<meta name=\"author\" content=\"Telinha\" \/>\n<meta name=\"twitter:card\" content=\"summary_large_image\" \/>\n<meta name=\"twitter:label1\" content=\"Escrito por\" \/>\n\t<meta name=\"twitter:data1\" content=\"Telinha\" \/>\n\t<meta name=\"twitter:label2\" content=\"Tempo estimado de leitura\" \/>\n\t<meta name=\"twitter:data2\" content=\"1 minuto\" \/>\n<script type=\"application\/ld+json\" class=\"yoast-schema-graph\">{\"@context\":\"https:\/\/schema.org\",\"@graph\":[{\"@type\":\"Article\",\"@id\":\"https:\/\/portaltela.pt\/noticias\/2026\/01\/27\/excentricidade-abre-open-call-para-nova-residencia-artistica\/#article\",\"isPartOf\":{\"@id\":\"https:\/\/portaltela.pt\/noticias\/2026\/01\/27\/excentricidade-abre-open-call-para-nova-residencia-artistica\/\"},\"author\":{\"name\":\"Telinha\",\"@id\":\"https:\/\/portaltela.pt\/#\/schema\/person\/c4278d4a6028830caff9ee44b42d32ed\"},\"headline\":\"ExcentriCidade abre Open Call para nova resid\u00eancia art\u00edstica\",\"datePublished\":\"2026-01-27T09:18:31+00:00\",\"mainEntityOfPage\":{\"@id\":\"https:\/\/portaltela.pt\/noticias\/2026\/01\/27\/excentricidade-abre-open-call-para-nova-residencia-artistica\/\"},\"wordCount\":165,\"image\":{\"@id\":\"https:\/\/portaltela.pt\/noticias\/2026\/01\/27\/excentricidade-abre-open-call-para-nova-residencia-artistica\/#primaryimage\"},\"thumbnailUrl\":\"https:\/\/portaltela.pt\/s.01k8rhncp4jt1\/2026\/01\/open_call_atrama_caldelas.jpg\",\"keywords\":[\"arte\",\"comunidade\",\"cultura\",\"espet\u00e1culos\",\"patrim\u00f3nio\",\"resid\u00eancias art\u00edsticas\"],\"articleSection\":[\"Not\u00edcias\"],\"inLanguage\":\"pt-PT\"},{\"@type\":\"WebPage\",\"@id\":\"https:\/\/portaltela.pt\/noticias\/2026\/01\/27\/excentricidade-abre-open-call-para-nova-residencia-artistica\/\",\"url\":\"https:\/\/portaltela.pt\/noticias\/2026\/01\/27\/excentricidade-abre-open-call-para-nova-residencia-artistica\/\",\"name\":\"ExcentriCidade abre Open Call para nova resid\u00eancia art\u00edstica - Portal Tela Portugal\",\"isPartOf\":{\"@id\":\"https:\/\/portaltela.pt\/#website\"},\"primaryImageOfPage\":{\"@id\":\"https:\/\/portaltela.pt\/noticias\/2026\/01\/27\/excentricidade-abre-open-call-para-nova-residencia-artistica\/#primaryimage\"},\"image\":{\"@id\":\"https:\/\/portaltela.pt\/noticias\/2026\/01\/27\/excentricidade-abre-open-call-para-nova-residencia-artistica\/#primaryimage\"},\"thumbnailUrl\":\"https:\/\/portaltela.pt\/s.01k8rhncp4jt1\/2026\/01\/open_call_atrama_caldelas.jpg\",\"datePublished\":\"2026-01-27T09:18:31+00:00\",\"author\":{\"@id\":\"https:\/\/portaltela.pt\/#\/schema\/person\/c4278d4a6028830caff9ee44b42d32ed\"},\"breadcrumb\":{\"@id\":\"https:\/\/portaltela.pt\/noticias\/2026\/01\/27\/excentricidade-abre-open-call-para-nova-residencia-artistica\/#breadcrumb\"},\"inLanguage\":\"pt-PT\",\"potentialAction\":[{\"@type\":\"ReadAction\",\"target\":[\"https:\/\/portaltela.pt\/noticias\/2026\/01\/27\/excentricidade-abre-open-call-para-nova-residencia-artistica\/\"]}]},{\"@type\":\"ImageObject\",\"inLanguage\":\"pt-PT\",\"@id\":\"https:\/\/portaltela.pt\/noticias\/2026\/01\/27\/excentricidade-abre-open-call-para-nova-residencia-artistica\/#primaryimage\",\"url\":\"https:\/\/portaltela.pt\/s.01k8rhncp4jt1\/2026\/01\/open_call_atrama_caldelas.jpg\",\"contentUrl\":\"https:\/\/portaltela.pt\/s.01k8rhncp4jt1\/2026\/01\/open_call_atrama_caldelas.jpg\",\"width\":796,\"height\":448,\"caption\":\"ExcentriCidade com Open Call para nova resid\u00eancia art\u00edstica\"},{\"@type\":\"BreadcrumbList\",\"@id\":\"https:\/\/portaltela.pt\/noticias\/2026\/01\/27\/excentricidade-abre-open-call-para-nova-residencia-artistica\/#breadcrumb\",\"itemListElement\":[{\"@type\":\"ListItem\",\"position\":1,\"name\":\"In\u00edcio\",\"item\":\"https:\/\/portaltela.pt\/\"},{\"@type\":\"ListItem\",\"position\":2,\"name\":\"ExcentriCidade abre Open Call para nova resid\u00eancia art\u00edstica\"}]},{\"@type\":\"WebSite\",\"@id\":\"https:\/\/portaltela.pt\/#website\",\"url\":\"https:\/\/portaltela.pt\/\",\"name\":\"Portal Tela Portugal\",\"description\":\"\",\"potentialAction\":[{\"@type\":\"SearchAction\",\"target\":{\"@type\":\"EntryPoint\",\"urlTemplate\":\"https:\/\/portaltela.pt\/?s={search_term_string}\"},\"query-input\":{\"@type\":\"PropertyValueSpecification\",\"valueRequired\":true,\"valueName\":\"search_term_string\"}}],\"inLanguage\":\"pt-PT\"},{\"@type\":\"Person\",\"@id\":\"https:\/\/portaltela.pt\/#\/schema\/person\/c4278d4a6028830caff9ee44b42d32ed\",\"name\":\"Telinha\",\"image\":{\"@type\":\"ImageObject\",\"inLanguage\":\"pt-PT\",\"@id\":\"https:\/\/portaltela.pt\/s.01k8rhncp4jt1\/2025\/11\/talking-bot-125x125.png\",\"url\":\"https:\/\/portaltela.pt\/s.01k8rhncp4jt1\/2025\/11\/talking-bot-125x125.png\",\"contentUrl\":\"https:\/\/portaltela.pt\/s.01k8rhncp4jt1\/2025\/11\/talking-bot-125x125.png\",\"caption\":\"Telinha\"},\"sameAs\":[\"https:\/\/portaltela.pt\/\"],\"url\":\"https:\/\/portaltela.pt\/por\/367410592786\/\"}]}<\/script>\n<!-- \/ Yoast SEO plugin. -->","yoast_head_json":{"title":"ExcentriCidade abre Open Call para nova resid\u00eancia art\u00edstica - Portal Tela Portugal","robots":{"index":"index","follow":"follow","max-snippet":"max-snippet:-1","max-image-preview":"max-image-preview:large","max-video-preview":"max-video-preview:-1"},"og_locale":"pt_PT","og_type":"article","og_title":"ExcentriCidade abre Open Call para nova resid\u00eancia art\u00edstica - Portal Tela Portugal","og_description":"O projeto ExcentriCidade \u2013 Outros Palcos, Mais Cultura traz Caldelas a receber uma Resid\u00eancia Art\u00edstica coordenada pela ATRAMA, em parceria com a comunidade local. O objetivo \u00e9 criar um espet\u00e1culo original a partir do patrim\u00f3nio emocional dos participantes. As inscri\u00e7\u00f5es est\u00e3o abertas at\u00e9 ao dia quatro de mar\u00e7o; os interessados devem preencher o formul\u00e1rio de inscri\u00e7\u00e3o da Resid\u00eancia Art\u00edstica Caldelas. No dia seis de mar\u00e7o de 2024, \u00e0s 21h00, realiza\u2011se uma apresenta\u00e7\u00e3o\/encontro dos participantes no Audit\u00f3rio dos Bombeiros Volunt\u00e1rios de Caldas Taipas, onde decorrer\u00e3o os ensaios. A apresenta\u00e7\u00e3o p\u00fablica est\u00e1 prevista para o pr\u00f3ximo m\u00eas de maio, com ensaios a definir hor\u00e1rios.","og_url":"https:\/\/portaltela.pt\/noticias\/2026\/01\/27\/excentricidade-abre-open-call-para-nova-residencia-artistica\/","og_site_name":"Portal Tela Portugal","article_published_time":"2026-01-27T09:18:31+00:00","author":"Telinha","twitter_card":"summary_large_image","twitter_misc":{"Escrito por":"Telinha","Tempo estimado de leitura":"1 minuto"},"schema":{"@context":"https:\/\/schema.org","@graph":[{"@type":"Article","@id":"https:\/\/portaltela.pt\/noticias\/2026\/01\/27\/excentricidade-abre-open-call-para-nova-residencia-artistica\/#article","isPartOf":{"@id":"https:\/\/portaltela.pt\/noticias\/2026\/01\/27\/excentricidade-abre-open-call-para-nova-residencia-artistica\/"},"author":{"name":"Telinha","@id":"https:\/\/portaltela.pt\/#\/schema\/person\/c4278d4a6028830caff9ee44b42d32ed"},"headline":"ExcentriCidade abre Open Call para nova resid\u00eancia art\u00edstica","datePublished":"2026-01-27T09:18:31+00:00","mainEntityOfPage":{"@id":"https:\/\/portaltela.pt\/noticias\/2026\/01\/27\/excentricidade-abre-open-call-para-nova-residencia-artistica\/"},"wordCount":165,"image":{"@id":"https:\/\/portaltela.pt\/noticias\/2026\/01\/27\/excentricidade-abre-open-call-para-nova-residencia-artistica\/#primaryimage"},"thumbnailUrl":"https:\/\/portaltela.pt\/s.01k8rhncp4jt1\/2026\/01\/open_call_atrama_caldelas.jpg","keywords":["arte","comunidade","cultura","espet\u00e1culos","patrim\u00f3nio","resid\u00eancias art\u00edsticas"],"articleSection":["Not\u00edcias"],"inLanguage":"pt-PT"},{"@type":"WebPage","@id":"https:\/\/portaltela.pt\/noticias\/2026\/01\/27\/excentricidade-abre-open-call-para-nova-residencia-artistica\/","url":"https:\/\/portaltela.pt\/noticias\/2026\/01\/27\/excentricidade-abre-open-call-para-nova-residencia-artistica\/","name":"ExcentriCidade abre Open Call para nova resid\u00eancia art\u00edstica - Portal Tela Portugal","isPartOf":{"@id":"https:\/\/portaltela.pt\/#website"},"primaryImageOfPage":{"@id":"https:\/\/portaltela.pt\/noticias\/2026\/01\/27\/excentricidade-abre-open-call-para-nova-residencia-artistica\/#primaryimage"},"image":{"@id":"https:\/\/portaltela.pt\/noticias\/2026\/01\/27\/excentricidade-abre-open-call-para-nova-residencia-artistica\/#primaryimage"},"thumbnailUrl":"https:\/\/portaltela.pt\/s.01k8rhncp4jt1\/2026\/01\/open_call_atrama_caldelas.jpg","datePublished":"2026-01-27T09:18:31+00:00","author":{"@id":"https:\/\/portaltela.pt\/#\/schema\/person\/c4278d4a6028830caff9ee44b42d32ed"},"breadcrumb":{"@id":"https:\/\/portaltela.pt\/noticias\/2026\/01\/27\/excentricidade-abre-open-call-para-nova-residencia-artistica\/#breadcrumb"},"inLanguage":"pt-PT","potentialAction":[{"@type":"ReadAction","target":["https:\/\/portaltela.pt\/noticias\/2026\/01\/27\/excentricidade-abre-open-call-para-nova-residencia-artistica\/"]}]},{"@type":"ImageObject","inLanguage":"pt-PT","@id":"https:\/\/portaltela.pt\/noticias\/2026\/01\/27\/excentricidade-abre-open-call-para-nova-residencia-artistica\/#primaryimage","url":"https:\/\/portaltela.pt\/s.01k8rhncp4jt1\/2026\/01\/open_call_atrama_caldelas.jpg","contentUrl":"https:\/\/portaltela.pt\/s.01k8rhncp4jt1\/2026\/01\/open_call_atrama_caldelas.jpg","width":796,"height":448,"caption":"ExcentriCidade com Open Call para nova resid\u00eancia art\u00edstica"},{"@type":"BreadcrumbList","@id":"https:\/\/portaltela.pt\/noticias\/2026\/01\/27\/excentricidade-abre-open-call-para-nova-residencia-artistica\/#breadcrumb","itemListElement":[{"@type":"ListItem","position":1,"name":"In\u00edcio","item":"https:\/\/portaltela.pt\/"},{"@type":"ListItem","position":2,"name":"ExcentriCidade abre Open Call para nova resid\u00eancia art\u00edstica"}]},{"@type":"WebSite","@id":"https:\/\/portaltela.pt\/#website","url":"https:\/\/portaltela.pt\/","name":"Portal Tela Portugal","description":"","potentialAction":[{"@type":"SearchAction","target":{"@type":"EntryPoint","urlTemplate":"https:\/\/portaltela.pt\/?s={search_term_string}"},"query-input":{"@type":"PropertyValueSpecification","valueRequired":true,"valueName":"search_term_string"}}],"inLanguage":"pt-PT"},{"@type":"Person","@id":"https:\/\/portaltela.pt\/#\/schema\/person\/c4278d4a6028830caff9ee44b42d32ed","name":"Telinha","image":{"@type":"ImageObject","inLanguage":"pt-PT","@id":"https:\/\/portaltela.pt\/s.01k8rhncp4jt1\/2025\/11\/talking-bot-125x125.png","url":"https:\/\/portaltela.pt\/s.01k8rhncp4jt1\/2025\/11\/talking-bot-125x125.png","contentUrl":"https:\/\/portaltela.pt\/s.01k8rhncp4jt1\/2025\/11\/talking-bot-125x125.png","caption":"Telinha"},"sameAs":["https:\/\/portaltela.pt\/"],"url":"https:\/\/portaltela.pt\/por\/367410592786\/"}]}},"_links":{"self":[{"href":"https:\/\/portaltela.pt\/api\/wp\/v2\/posts\/176060","targetHints":{"allow":["GET"]}}],"collection":[{"href":"https:\/\/portaltela.pt\/api\/wp\/v2\/posts"}],"about":[{"href":"https:\/\/portaltela.pt\/api\/wp\/v2\/types\/post"}],"author":[{"embeddable":true,"href":"https:\/\/portaltela.pt\/api\/wp\/v2\/users\/2"}],"replies":[{"embeddable":true,"href":"https:\/\/portaltela.pt\/api\/wp\/v2\/comments?post=176060"}],"version-history":[{"count":0,"href":"https:\/\/portaltela.pt\/api\/wp\/v2\/posts\/176060\/revisions"}],"wp:featuredmedia":[{"embeddable":true,"href":"https:\/\/portaltela.pt\/api\/wp\/v2\/media\/176076"}],"wp:attachment":[{"href":"https:\/\/portaltela.pt\/api\/wp\/v2\/media?parent=176060"}],"wp:term":[{"taxonomy":"category","embeddable":true,"href":"https:\/\/portaltela.pt\/api\/wp\/v2\/categories?post=176060"},{"taxonomy":"post_tag","embeddable":true,"href":"https:\/\/portaltela.pt\/api\/wp\/v2\/tags?post=176060"}],"curies":[{"name":"wp","href":"https:\/\/api.w.org\/{rel}","templated":true}]}}