{"id":176044,"date":"2026-01-26T21:00:00","date_gmt":"2026-01-27T00:00:00","guid":{"rendered":"https:\/\/portaltela.pt\/noticias\/2026\/01\/26\/tempo-intenso-provoca-1-500-ocorrencias-norte-e-epicentro-da-depressao-joseph\/"},"modified":"2026-01-26T21:00:00","modified_gmt":"2026-01-27T00:00:00","slug":"tempo-intenso-provoca-1-500-ocorrencias-norte-e-epicentro-da-depressao-joseph","status":"publish","type":"post","link":"https:\/\/portaltela.pt\/noticias\/2026\/01\/26\/tempo-intenso-provoca-1-500-ocorrencias-norte-e-epicentro-da-depressao-joseph\/","title":{"rendered":"Tempo intenso provoca 1.500 ocorr\u00eancias; Norte \u00e9 epicentro da Depress\u00e3o Joseph"},"content":{"rendered":"<p>O mau tempo que se fez sentir na madrugada de hoje provocou 1.500 ocorr\u00eancias em Portugal, com o Norte a ser a zona mais afetada pela depress\u00e3o Joseph. A Prote\u00e7\u00e3o Civil, citada pelo IPMA, aponta inunda\u00e7\u00f5es, quedas de \u00e1rvores e cortes de estradas como as ocorr\u00eancias mais comuns. A situa\u00e7\u00e3o exige precau\u00e7\u00e3o e evita desloca\u00e7\u00f5es n\u00e3o essenciais.<\/p>\n<p>S\u00f3 nesta madrugada foram registadas perto de 500 ocorr\u00eancias na regi\u00e3o de Viana do Castelo, entre inunda\u00e7\u00f5es, quedas de \u00e1rvores e estradas cortadas. Ponte de Lima tamb\u00e9m registou epis\u00f3dios de inunda\u00e7\u00f5es associadas \u00e0 depress\u00e3o.<\/p>\n<p>Segundo o Instituto Portugu\u00eas do Mar e da Atmosfera, o alerta vermelho por mar agitado foi emitido devido \u00e0s condi\u00e7\u00f5es adversas provocadas pela depress\u00e3o, que se mant\u00e9m com efeitos at\u00e9 ao final do dia. A chuva intensa contribuiu para v\u00e1rios problemas na regi\u00e3o.<\/p>\n<p>A Prote\u00e7\u00e3o Civil informou que j\u00e1 foram registadas mais de mil ocorr\u00eancias relacionadas com o mau tempo, com a regi\u00e3o Norte a concentrar a maioria dos casos. A situa\u00e7\u00e3o mais grave \u00e9 na regi\u00e3o de Viana do Castelo, com quase 500 ocorr\u00eancias na madrugada.<\/p>\n<p>As autoridades recomendam precau\u00e7\u00e3o cont\u00ednua e evitar desloca\u00e7\u00f5es desnecess\u00e1rias durante o per\u00edodo de mau tempo. As previs\u00f5es indicam melhoria a partir de amanh\u00e3, mas o territ\u00f3rio deve manter-se sob vigil\u00e2ncia at\u00e9 ao final do dia.<\/p>\n","protected":false},"excerpt":{"rendered":"<ul>\n<li>O mau tempo desta madrugada provocou cerca de 1.500 ocorr\u00eancias em Portugal, com o Norte a ser a regi\u00e3o mais afetada.<\/li>\n<li>Na regi\u00e3o de Viana do Castelo registaram-se quase 500 ocorr\u00eancias na madrugada, com inunda\u00e7\u00f5es, quedas de \u00e1rvores e cortes de estradas.<\/li>\n<li>O Instituto Portugu\u00eas do Mar e da Atmosfera informou alerta vermelho por mar agitado, em consequ\u00eancia da depress\u00e3o Joseph.<\/li>\n<li>Em Ponte de Lima foram reportadas inunda\u00e7\u00f5es e casas inundadas.<\/li>\n<li>As autoridades pedem precau\u00e7\u00e3o e recomendam evitar desloca\u00e7\u00f5es desnecess\u00e1rias; a situa\u00e7\u00e3o deve manter-se at\u00e9 ao final do dia, com melhorias previstas para amanh\u00e3.<\/li>\n<\/ul>\n","protected":false},"author":2,"featured_media":176049,"comment_status":"closed","ping_status":"closed","sticky":false,"template":"","format":"standard","meta":{"footnotes":""},"categories":[1],"tags":[1331,2051,2765,4210,320,1530],"class_list":["post-176044","post","type-post","status-publish","format-standard","has-post-thumbnail","hentry","category-noticias","tag-alagamento","tag-inundacao","tag-norte","tag-ponte-de-lima","tag-protecao-civil","tag-viana-do-castelo"],"yoast_head":"<!-- This site is optimized with the Yoast SEO plugin v27.2 - https:\/\/yoast.com\/product\/yoast-seo-wordpress\/ -->\n<title>Tempo intenso provoca 1.500 ocorr\u00eancias; Norte \u00e9 epicentro da Depress\u00e3o Joseph - Portal Tela Portugal<\/title>\n<meta name=\"robots\" content=\"index, follow, max-snippet:-1, max-image-preview:large, max-video-preview:-1\" \/>\n<meta property=\"og:locale\" content=\"pt_PT\" \/>\n<meta property=\"og:type\" content=\"article\" \/>\n<meta property=\"og:title\" content=\"Tempo intenso provoca 1.500 ocorr\u00eancias; Norte \u00e9 epicentro da Depress\u00e3o Joseph - Portal Tela Portugal\" \/>\n<meta property=\"og:description\" content=\"O mau tempo desta madrugada provocou cerca de 1.500 ocorr\u00eancias em Portugal, com o Norte a ser a regi\u00e3o mais afetada. Na regi\u00e3o de Viana do Castelo registaram-se quase 500 ocorr\u00eancias na madrugada, com inunda\u00e7\u00f5es, quedas de \u00e1rvores e cortes de estradas. O Instituto Portugu\u00eas do Mar e da Atmosfera informou alerta vermelho por mar agitado, em consequ\u00eancia da depress\u00e3o Joseph. Em Ponte de Lima foram reportadas inunda\u00e7\u00f5es e casas inundadas. As autoridades pedem precau\u00e7\u00e3o e recomendam evitar desloca\u00e7\u00f5es desnecess\u00e1rias; a situa\u00e7\u00e3o deve manter-se at\u00e9 ao final do dia, com melhorias previstas para amanh\u00e3.\" \/>\n<meta property=\"og:url\" content=\"https:\/\/portaltela.pt\/noticias\/2026\/01\/26\/tempo-intenso-provoca-1-500-ocorrencias-norte-e-epicentro-da-depressao-joseph\/\" \/>\n<meta property=\"og:site_name\" content=\"Portal Tela Portugal\" \/>\n<meta property=\"article:published_time\" content=\"2026-01-27T00:00:00+00:00\" \/>\n<meta name=\"author\" content=\"Telinha\" \/>\n<meta name=\"twitter:card\" content=\"summary_large_image\" \/>\n<meta name=\"twitter:label1\" content=\"Escrito por\" \/>\n\t<meta name=\"twitter:data1\" content=\"Telinha\" \/>\n\t<meta name=\"twitter:label2\" content=\"Tempo estimado de leitura\" \/>\n\t<meta name=\"twitter:data2\" content=\"1 minuto\" \/>\n<script type=\"application\/ld+json\" class=\"yoast-schema-graph\">{\"@context\":\"https:\/\/schema.org\",\"@graph\":[{\"@type\":\"Article\",\"@id\":\"https:\/\/portaltela.pt\/noticias\/2026\/01\/26\/tempo-intenso-provoca-1-500-ocorrencias-norte-e-epicentro-da-depressao-joseph\/#article\",\"isPartOf\":{\"@id\":\"https:\/\/portaltela.pt\/noticias\/2026\/01\/26\/tempo-intenso-provoca-1-500-ocorrencias-norte-e-epicentro-da-depressao-joseph\/\"},\"author\":{\"name\":\"Telinha\",\"@id\":\"https:\/\/portaltela.pt\/#\/schema\/person\/c4278d4a6028830caff9ee44b42d32ed\"},\"headline\":\"Tempo intenso provoca 1.500 ocorr\u00eancias; Norte \u00e9 epicentro da Depress\u00e3o Joseph\",\"datePublished\":\"2026-01-27T00:00:00+00:00\",\"mainEntityOfPage\":{\"@id\":\"https:\/\/portaltela.pt\/noticias\/2026\/01\/26\/tempo-intenso-provoca-1-500-ocorrencias-norte-e-epicentro-da-depressao-joseph\/\"},\"wordCount\":255,\"image\":{\"@id\":\"https:\/\/portaltela.pt\/noticias\/2026\/01\/26\/tempo-intenso-provoca-1-500-ocorrencias-norte-e-epicentro-da-depressao-joseph\/#primaryimage\"},\"thumbnailUrl\":\"https:\/\/portaltela.pt\/s.01k8rhncp4jt1\/2026\/01\/770-podcast-noticiario-427.jpg\",\"keywords\":[\"alagamento\",\"inunda\u00e7\u00e3o\",\"Norte\",\"Ponte de Lima\",\"prote\u00e7\u00e3o civil\",\"Viana do Castelo\"],\"articleSection\":[\"Not\u00edcias\"],\"inLanguage\":\"pt-PT\"},{\"@type\":\"WebPage\",\"@id\":\"https:\/\/portaltela.pt\/noticias\/2026\/01\/26\/tempo-intenso-provoca-1-500-ocorrencias-norte-e-epicentro-da-depressao-joseph\/\",\"url\":\"https:\/\/portaltela.pt\/noticias\/2026\/01\/26\/tempo-intenso-provoca-1-500-ocorrencias-norte-e-epicentro-da-depressao-joseph\/\",\"name\":\"Tempo intenso provoca 1.500 ocorr\u00eancias; Norte \u00e9 epicentro da Depress\u00e3o Joseph - Portal Tela Portugal\",\"isPartOf\":{\"@id\":\"https:\/\/portaltela.pt\/#website\"},\"primaryImageOfPage\":{\"@id\":\"https:\/\/portaltela.pt\/noticias\/2026\/01\/26\/tempo-intenso-provoca-1-500-ocorrencias-norte-e-epicentro-da-depressao-joseph\/#primaryimage\"},\"image\":{\"@id\":\"https:\/\/portaltela.pt\/noticias\/2026\/01\/26\/tempo-intenso-provoca-1-500-ocorrencias-norte-e-epicentro-da-depressao-joseph\/#primaryimage\"},\"thumbnailUrl\":\"https:\/\/portaltela.pt\/s.01k8rhncp4jt1\/2026\/01\/770-podcast-noticiario-427.jpg\",\"datePublished\":\"2026-01-27T00:00:00+00:00\",\"author\":{\"@id\":\"https:\/\/portaltela.pt\/#\/schema\/person\/c4278d4a6028830caff9ee44b42d32ed\"},\"breadcrumb\":{\"@id\":\"https:\/\/portaltela.pt\/noticias\/2026\/01\/26\/tempo-intenso-provoca-1-500-ocorrencias-norte-e-epicentro-da-depressao-joseph\/#breadcrumb\"},\"inLanguage\":\"pt-PT\",\"potentialAction\":[{\"@type\":\"ReadAction\",\"target\":[\"https:\/\/portaltela.pt\/noticias\/2026\/01\/26\/tempo-intenso-provoca-1-500-ocorrencias-norte-e-epicentro-da-depressao-joseph\/\"]}]},{\"@type\":\"ImageObject\",\"inLanguage\":\"pt-PT\",\"@id\":\"https:\/\/portaltela.pt\/noticias\/2026\/01\/26\/tempo-intenso-provoca-1-500-ocorrencias-norte-e-epicentro-da-depressao-joseph\/#primaryimage\",\"url\":\"https:\/\/portaltela.pt\/s.01k8rhncp4jt1\/2026\/01\/770-podcast-noticiario-427.jpg\",\"contentUrl\":\"https:\/\/portaltela.pt\/s.01k8rhncp4jt1\/2026\/01\/770-podcast-noticiario-427.jpg\",\"width\":796,\"height\":448,\"caption\":\"Capa do programa\"},{\"@type\":\"BreadcrumbList\",\"@id\":\"https:\/\/portaltela.pt\/noticias\/2026\/01\/26\/tempo-intenso-provoca-1-500-ocorrencias-norte-e-epicentro-da-depressao-joseph\/#breadcrumb\",\"itemListElement\":[{\"@type\":\"ListItem\",\"position\":1,\"name\":\"In\u00edcio\",\"item\":\"https:\/\/portaltela.pt\/\"},{\"@type\":\"ListItem\",\"position\":2,\"name\":\"Tempo intenso provoca 1.500 ocorr\u00eancias; Norte \u00e9 epicentro da Depress\u00e3o Joseph\"}]},{\"@type\":\"WebSite\",\"@id\":\"https:\/\/portaltela.pt\/#website\",\"url\":\"https:\/\/portaltela.pt\/\",\"name\":\"Portal Tela Portugal\",\"description\":\"\",\"potentialAction\":[{\"@type\":\"SearchAction\",\"target\":{\"@type\":\"EntryPoint\",\"urlTemplate\":\"https:\/\/portaltela.pt\/?s={search_term_string}\"},\"query-input\":{\"@type\":\"PropertyValueSpecification\",\"valueRequired\":true,\"valueName\":\"search_term_string\"}}],\"inLanguage\":\"pt-PT\"},{\"@type\":\"Person\",\"@id\":\"https:\/\/portaltela.pt\/#\/schema\/person\/c4278d4a6028830caff9ee44b42d32ed\",\"name\":\"Telinha\",\"image\":{\"@type\":\"ImageObject\",\"inLanguage\":\"pt-PT\",\"@id\":\"https:\/\/portaltela.pt\/s.01k8rhncp4jt1\/2025\/11\/talking-bot-125x125.png\",\"url\":\"https:\/\/portaltela.pt\/s.01k8rhncp4jt1\/2025\/11\/talking-bot-125x125.png\",\"contentUrl\":\"https:\/\/portaltela.pt\/s.01k8rhncp4jt1\/2025\/11\/talking-bot-125x125.png\",\"caption\":\"Telinha\"},\"sameAs\":[\"https:\/\/portaltela.pt\/\"],\"url\":\"https:\/\/portaltela.pt\/por\/367410592786\/\"}]}<\/script>\n<!-- \/ Yoast SEO plugin. -->","yoast_head_json":{"title":"Tempo intenso provoca 1.500 ocorr\u00eancias; Norte \u00e9 epicentro da Depress\u00e3o Joseph - Portal Tela Portugal","robots":{"index":"index","follow":"follow","max-snippet":"max-snippet:-1","max-image-preview":"max-image-preview:large","max-video-preview":"max-video-preview:-1"},"og_locale":"pt_PT","og_type":"article","og_title":"Tempo intenso provoca 1.500 ocorr\u00eancias; Norte \u00e9 epicentro da Depress\u00e3o Joseph - Portal Tela Portugal","og_description":"O mau tempo desta madrugada provocou cerca de 1.500 ocorr\u00eancias em Portugal, com o Norte a ser a regi\u00e3o mais afetada. Na regi\u00e3o de Viana do Castelo registaram-se quase 500 ocorr\u00eancias na madrugada, com inunda\u00e7\u00f5es, quedas de \u00e1rvores e cortes de estradas. O Instituto Portugu\u00eas do Mar e da Atmosfera informou alerta vermelho por mar agitado, em consequ\u00eancia da depress\u00e3o Joseph. Em Ponte de Lima foram reportadas inunda\u00e7\u00f5es e casas inundadas. As autoridades pedem precau\u00e7\u00e3o e recomendam evitar desloca\u00e7\u00f5es desnecess\u00e1rias; a situa\u00e7\u00e3o deve manter-se at\u00e9 ao final do dia, com melhorias previstas para amanh\u00e3.","og_url":"https:\/\/portaltela.pt\/noticias\/2026\/01\/26\/tempo-intenso-provoca-1-500-ocorrencias-norte-e-epicentro-da-depressao-joseph\/","og_site_name":"Portal Tela Portugal","article_published_time":"2026-01-27T00:00:00+00:00","author":"Telinha","twitter_card":"summary_large_image","twitter_misc":{"Escrito por":"Telinha","Tempo estimado de leitura":"1 minuto"},"schema":{"@context":"https:\/\/schema.org","@graph":[{"@type":"Article","@id":"https:\/\/portaltela.pt\/noticias\/2026\/01\/26\/tempo-intenso-provoca-1-500-ocorrencias-norte-e-epicentro-da-depressao-joseph\/#article","isPartOf":{"@id":"https:\/\/portaltela.pt\/noticias\/2026\/01\/26\/tempo-intenso-provoca-1-500-ocorrencias-norte-e-epicentro-da-depressao-joseph\/"},"author":{"name":"Telinha","@id":"https:\/\/portaltela.pt\/#\/schema\/person\/c4278d4a6028830caff9ee44b42d32ed"},"headline":"Tempo intenso provoca 1.500 ocorr\u00eancias; Norte \u00e9 epicentro da Depress\u00e3o Joseph","datePublished":"2026-01-27T00:00:00+00:00","mainEntityOfPage":{"@id":"https:\/\/portaltela.pt\/noticias\/2026\/01\/26\/tempo-intenso-provoca-1-500-ocorrencias-norte-e-epicentro-da-depressao-joseph\/"},"wordCount":255,"image":{"@id":"https:\/\/portaltela.pt\/noticias\/2026\/01\/26\/tempo-intenso-provoca-1-500-ocorrencias-norte-e-epicentro-da-depressao-joseph\/#primaryimage"},"thumbnailUrl":"https:\/\/portaltela.pt\/s.01k8rhncp4jt1\/2026\/01\/770-podcast-noticiario-427.jpg","keywords":["alagamento","inunda\u00e7\u00e3o","Norte","Ponte de Lima","prote\u00e7\u00e3o civil","Viana do Castelo"],"articleSection":["Not\u00edcias"],"inLanguage":"pt-PT"},{"@type":"WebPage","@id":"https:\/\/portaltela.pt\/noticias\/2026\/01\/26\/tempo-intenso-provoca-1-500-ocorrencias-norte-e-epicentro-da-depressao-joseph\/","url":"https:\/\/portaltela.pt\/noticias\/2026\/01\/26\/tempo-intenso-provoca-1-500-ocorrencias-norte-e-epicentro-da-depressao-joseph\/","name":"Tempo intenso provoca 1.500 ocorr\u00eancias; Norte \u00e9 epicentro da Depress\u00e3o Joseph - Portal Tela Portugal","isPartOf":{"@id":"https:\/\/portaltela.pt\/#website"},"primaryImageOfPage":{"@id":"https:\/\/portaltela.pt\/noticias\/2026\/01\/26\/tempo-intenso-provoca-1-500-ocorrencias-norte-e-epicentro-da-depressao-joseph\/#primaryimage"},"image":{"@id":"https:\/\/portaltela.pt\/noticias\/2026\/01\/26\/tempo-intenso-provoca-1-500-ocorrencias-norte-e-epicentro-da-depressao-joseph\/#primaryimage"},"thumbnailUrl":"https:\/\/portaltela.pt\/s.01k8rhncp4jt1\/2026\/01\/770-podcast-noticiario-427.jpg","datePublished":"2026-01-27T00:00:00+00:00","author":{"@id":"https:\/\/portaltela.pt\/#\/schema\/person\/c4278d4a6028830caff9ee44b42d32ed"},"breadcrumb":{"@id":"https:\/\/portaltela.pt\/noticias\/2026\/01\/26\/tempo-intenso-provoca-1-500-ocorrencias-norte-e-epicentro-da-depressao-joseph\/#breadcrumb"},"inLanguage":"pt-PT","potentialAction":[{"@type":"ReadAction","target":["https:\/\/portaltela.pt\/noticias\/2026\/01\/26\/tempo-intenso-provoca-1-500-ocorrencias-norte-e-epicentro-da-depressao-joseph\/"]}]},{"@type":"ImageObject","inLanguage":"pt-PT","@id":"https:\/\/portaltela.pt\/noticias\/2026\/01\/26\/tempo-intenso-provoca-1-500-ocorrencias-norte-e-epicentro-da-depressao-joseph\/#primaryimage","url":"https:\/\/portaltela.pt\/s.01k8rhncp4jt1\/2026\/01\/770-podcast-noticiario-427.jpg","contentUrl":"https:\/\/portaltela.pt\/s.01k8rhncp4jt1\/2026\/01\/770-podcast-noticiario-427.jpg","width":796,"height":448,"caption":"Capa do programa"},{"@type":"BreadcrumbList","@id":"https:\/\/portaltela.pt\/noticias\/2026\/01\/26\/tempo-intenso-provoca-1-500-ocorrencias-norte-e-epicentro-da-depressao-joseph\/#breadcrumb","itemListElement":[{"@type":"ListItem","position":1,"name":"In\u00edcio","item":"https:\/\/portaltela.pt\/"},{"@type":"ListItem","position":2,"name":"Tempo intenso provoca 1.500 ocorr\u00eancias; Norte \u00e9 epicentro da Depress\u00e3o Joseph"}]},{"@type":"WebSite","@id":"https:\/\/portaltela.pt\/#website","url":"https:\/\/portaltela.pt\/","name":"Portal Tela Portugal","description":"","potentialAction":[{"@type":"SearchAction","target":{"@type":"EntryPoint","urlTemplate":"https:\/\/portaltela.pt\/?s={search_term_string}"},"query-input":{"@type":"PropertyValueSpecification","valueRequired":true,"valueName":"search_term_string"}}],"inLanguage":"pt-PT"},{"@type":"Person","@id":"https:\/\/portaltela.pt\/#\/schema\/person\/c4278d4a6028830caff9ee44b42d32ed","name":"Telinha","image":{"@type":"ImageObject","inLanguage":"pt-PT","@id":"https:\/\/portaltela.pt\/s.01k8rhncp4jt1\/2025\/11\/talking-bot-125x125.png","url":"https:\/\/portaltela.pt\/s.01k8rhncp4jt1\/2025\/11\/talking-bot-125x125.png","contentUrl":"https:\/\/portaltela.pt\/s.01k8rhncp4jt1\/2025\/11\/talking-bot-125x125.png","caption":"Telinha"},"sameAs":["https:\/\/portaltela.pt\/"],"url":"https:\/\/portaltela.pt\/por\/367410592786\/"}]}},"_links":{"self":[{"href":"https:\/\/portaltela.pt\/api\/wp\/v2\/posts\/176044","targetHints":{"allow":["GET"]}}],"collection":[{"href":"https:\/\/portaltela.pt\/api\/wp\/v2\/posts"}],"about":[{"href":"https:\/\/portaltela.pt\/api\/wp\/v2\/types\/post"}],"author":[{"embeddable":true,"href":"https:\/\/portaltela.pt\/api\/wp\/v2\/users\/2"}],"replies":[{"embeddable":true,"href":"https:\/\/portaltela.pt\/api\/wp\/v2\/comments?post=176044"}],"version-history":[{"count":0,"href":"https:\/\/portaltela.pt\/api\/wp\/v2\/posts\/176044\/revisions"}],"wp:featuredmedia":[{"embeddable":true,"href":"https:\/\/portaltela.pt\/api\/wp\/v2\/media\/176049"}],"wp:attachment":[{"href":"https:\/\/portaltela.pt\/api\/wp\/v2\/media?parent=176044"}],"wp:term":[{"taxonomy":"category","embeddable":true,"href":"https:\/\/portaltela.pt\/api\/wp\/v2\/categories?post=176044"},{"taxonomy":"post_tag","embeddable":true,"href":"https:\/\/portaltela.pt\/api\/wp\/v2\/tags?post=176044"}],"curies":[{"name":"wp","href":"https:\/\/api.w.org\/{rel}","templated":true}]}}