{"id":176030,"date":"2026-01-27T06:14:00","date_gmt":"2026-01-27T09:14:00","guid":{"rendered":"https:\/\/portaltela.pt\/noticias\/2026\/01\/27\/u-porto-aproxima-se-de-maximo-historico-na-mobilidade-internacional-2\/"},"modified":"2026-01-27T06:14:00","modified_gmt":"2026-01-27T09:14:00","slug":"u-porto-aproxima-se-de-maximo-historico-na-mobilidade-internacional-2","status":"publish","type":"post","link":"https:\/\/portaltela.pt\/noticias\/2026\/01\/27\/u-porto-aproxima-se-de-maximo-historico-na-mobilidade-internacional-2\/","title":{"rendered":"U.Porto aproxima-se de m\u00e1ximo hist\u00f3rico na mobilidade internacional"},"content":{"rendered":"<p>A Universidade do Porto (U.Porto) est\u00e1 perto de alcan\u00e7ar um m\u00e1ximo hist\u00f3rico de mobilidade internacional. Em 2025\/2026 j\u00e1 passaram ou v\u00e3o passar pela institui\u00e7\u00e3o 2.425 estudantes de 84 nacionalidades.<\/p>\n<p>Em compara\u00e7\u00e3o com 2024\/2025, o registo \u00e9 superior ao de 2.058 estudantes de 63 nacionalidades. O total de 2.741 mobilidades IN em 2024\/2025 j\u00e1 tinha sido o maior hist\u00f3rico at\u00e9 ent\u00e3o, em 95 pa\u00edses.<\/p>\n<p>Desde 2018, a U.Porto soma mais de 17.000 mobilidades acolhidas. Durante a pandemia, o pico foi abaixo das 1.000 mobilidades, com 938 em 2020\/2021, aumentando nos anos seguintes.<\/p>\n<h3>Nacionais em destaque<\/h3>\n<p>Entre as nacionalidades, o Brasil lidera com 469 estudantes, seguido por It\u00e1lia (322) e Espanha (311). Alemanha (192), Pol\u00f3nia (211) e Fran\u00e7a (140) aparecem entre as mais representadas.<\/p>\n<p>Outras nacionalidades presentes incluem Rep\u00fablica Checa (74), Su\u00e9cia (52), Pa\u00edses Baixos (47), B\u00e9lgica (46) e Turquia (42). Destacam-se ainda China, \u00cdndia, Jord\u00e2nia, M\u00e9xico, Palestina, S\u00edria, Tanz\u00e2nia, Uzbequist\u00e3o e Vietname.<\/p>\n<p>Al\u00e9m dos estudantes de mobilidade, a U.Porto conta com mais de 5.000 jovens estrangeiros em cursos completos. No total, estudantes internacionais representam cerca de 20% da comunidade estudantil.<\/p>\n","protected":false},"excerpt":{"rendered":"<ul>\n<li>Em 2025\/2026, a Universidade do Porto acolheu 2.425 estudantes de 84 nacionalidades em mobilidade acad\u00e9mica, nas 15 faculdades.<\/li>\n<li>O n\u00famero ter\u00e1 potencial para atingir um novo m\u00e1ximo hist\u00f3rico, depois de 2.058 mobilidades em 2024\/2025, quando o ano anterior teve 2.741 mobilidades IN de 95 pa\u00edses.<\/li>\n<li>A trajet\u00f3ria p\u00f3s-pandemia mostra crescimento constante: 938 mobilidades em 2020\/2021, 1.927 em 2021\/2022, 2.240 em 2022\/2023 e 2.283 em 2023\/2024.<\/li>\n<li>Desde 2018, a U.Porto j\u00e1 somou mais de 17.000 mobilidades; Brasil, Espanha e It\u00e1lia s\u00e3o as nacionalidades mais representadas.<\/li>\n<li>Al\u00e9m disso, 54 estudantes portugueses optaram por estudar na U.Porto ao abrigo do Programa Almeida Garrett.<\/li>\n<\/ul>\n","protected":false},"author":2,"featured_media":176042,"comment_status":"closed","ping_status":"closed","sticky":false,"template":"","format":"standard","meta":{"footnotes":""},"categories":[1],"tags":[100,256,163,81,4424,58],"class_list":["post-176030","post","type-post","status-publish","format-standard","has-post-thumbnail","hentry","category-noticias","tag-alunos","tag-cooperacao-internacional","tag-educacao","tag-internacionais","tag-mobilidade-internacional","tag-universidades"],"yoast_head":"<!-- This site is optimized with the Yoast SEO plugin v27.2 - https:\/\/yoast.com\/product\/yoast-seo-wordpress\/ -->\n<title>U.Porto aproxima-se de m\u00e1ximo hist\u00f3rico na mobilidade internacional - Portal Tela Portugal<\/title>\n<meta name=\"robots\" content=\"index, follow, max-snippet:-1, max-image-preview:large, max-video-preview:-1\" \/>\n<meta property=\"og:locale\" content=\"pt_PT\" \/>\n<meta property=\"og:type\" content=\"article\" \/>\n<meta property=\"og:title\" content=\"U.Porto aproxima-se de m\u00e1ximo hist\u00f3rico na mobilidade internacional - Portal Tela Portugal\" \/>\n<meta property=\"og:description\" content=\"Em 2025\/2026, a Universidade do Porto acolheu 2.425 estudantes de 84 nacionalidades em mobilidade acad\u00e9mica, nas 15 faculdades. O n\u00famero ter\u00e1 potencial para atingir um novo m\u00e1ximo hist\u00f3rico, depois de 2.058 mobilidades em 2024\/2025, quando o ano anterior teve 2.741 mobilidades IN de 95 pa\u00edses. A trajet\u00f3ria p\u00f3s-pandemia mostra crescimento constante: 938 mobilidades em 2020\/2021, 1.927 em 2021\/2022, 2.240 em 2022\/2023 e 2.283 em 2023\/2024. Desde 2018, a U.Porto j\u00e1 somou mais de 17.000 mobilidades; Brasil, Espanha e It\u00e1lia s\u00e3o as nacionalidades mais representadas. Al\u00e9m disso, 54 estudantes portugueses optaram por estudar na U.Porto ao abrigo do Programa Almeida Garrett.\" \/>\n<meta property=\"og:url\" content=\"https:\/\/portaltela.pt\/noticias\/2026\/01\/27\/u-porto-aproxima-se-de-maximo-historico-na-mobilidade-internacional-2\/\" \/>\n<meta property=\"og:site_name\" content=\"Portal Tela Portugal\" \/>\n<meta property=\"article:published_time\" content=\"2026-01-27T09:14:00+00:00\" \/>\n<meta name=\"author\" content=\"Telinha\" \/>\n<meta name=\"twitter:card\" content=\"summary_large_image\" \/>\n<meta name=\"twitter:label1\" content=\"Escrito por\" \/>\n\t<meta name=\"twitter:data1\" content=\"Telinha\" \/>\n\t<meta name=\"twitter:label2\" content=\"Tempo estimado de leitura\" \/>\n\t<meta name=\"twitter:data2\" content=\"1 minuto\" \/>\n<script type=\"application\/ld+json\" class=\"yoast-schema-graph\">{\"@context\":\"https:\/\/schema.org\",\"@graph\":[{\"@type\":\"Article\",\"@id\":\"https:\/\/portaltela.pt\/noticias\/2026\/01\/27\/u-porto-aproxima-se-de-maximo-historico-na-mobilidade-internacional-2\/#article\",\"isPartOf\":{\"@id\":\"https:\/\/portaltela.pt\/noticias\/2026\/01\/27\/u-porto-aproxima-se-de-maximo-historico-na-mobilidade-internacional-2\/\"},\"author\":{\"name\":\"Telinha\",\"@id\":\"https:\/\/portaltela.pt\/#\/schema\/person\/c4278d4a6028830caff9ee44b42d32ed\"},\"headline\":\"U.Porto aproxima-se de m\u00e1ximo hist\u00f3rico na mobilidade internacional\",\"datePublished\":\"2026-01-27T09:14:00+00:00\",\"mainEntityOfPage\":{\"@id\":\"https:\/\/portaltela.pt\/noticias\/2026\/01\/27\/u-porto-aproxima-se-de-maximo-historico-na-mobilidade-internacional-2\/\"},\"wordCount\":187,\"image\":{\"@id\":\"https:\/\/portaltela.pt\/noticias\/2026\/01\/27\/u-porto-aproxima-se-de-maximo-historico-na-mobilidade-internacional-2\/#primaryimage\"},\"thumbnailUrl\":\"https:\/\/portaltela.pt\/s.01k8rhncp4jt1\/2026\/01\/unnamed-file-5461.jpg\",\"keywords\":[\"alunos\",\"coopera\u00e7\u00e3o internacional\",\"educa\u00e7\u00e3o\",\"internacionais\",\"mobilidade internacional\",\"universidades\"],\"articleSection\":[\"Not\u00edcias\"],\"inLanguage\":\"pt-PT\"},{\"@type\":\"WebPage\",\"@id\":\"https:\/\/portaltela.pt\/noticias\/2026\/01\/27\/u-porto-aproxima-se-de-maximo-historico-na-mobilidade-internacional-2\/\",\"url\":\"https:\/\/portaltela.pt\/noticias\/2026\/01\/27\/u-porto-aproxima-se-de-maximo-historico-na-mobilidade-internacional-2\/\",\"name\":\"U.Porto aproxima-se de m\u00e1ximo hist\u00f3rico na mobilidade internacional - Portal Tela Portugal\",\"isPartOf\":{\"@id\":\"https:\/\/portaltela.pt\/#website\"},\"primaryImageOfPage\":{\"@id\":\"https:\/\/portaltela.pt\/noticias\/2026\/01\/27\/u-porto-aproxima-se-de-maximo-historico-na-mobilidade-internacional-2\/#primaryimage\"},\"image\":{\"@id\":\"https:\/\/portaltela.pt\/noticias\/2026\/01\/27\/u-porto-aproxima-se-de-maximo-historico-na-mobilidade-internacional-2\/#primaryimage\"},\"thumbnailUrl\":\"https:\/\/portaltela.pt\/s.01k8rhncp4jt1\/2026\/01\/unnamed-file-5461.jpg\",\"datePublished\":\"2026-01-27T09:14:00+00:00\",\"author\":{\"@id\":\"https:\/\/portaltela.pt\/#\/schema\/person\/c4278d4a6028830caff9ee44b42d32ed\"},\"breadcrumb\":{\"@id\":\"https:\/\/portaltela.pt\/noticias\/2026\/01\/27\/u-porto-aproxima-se-de-maximo-historico-na-mobilidade-internacional-2\/#breadcrumb\"},\"inLanguage\":\"pt-PT\",\"potentialAction\":[{\"@type\":\"ReadAction\",\"target\":[\"https:\/\/portaltela.pt\/noticias\/2026\/01\/27\/u-porto-aproxima-se-de-maximo-historico-na-mobilidade-internacional-2\/\"]}]},{\"@type\":\"ImageObject\",\"inLanguage\":\"pt-PT\",\"@id\":\"https:\/\/portaltela.pt\/noticias\/2026\/01\/27\/u-porto-aproxima-se-de-maximo-historico-na-mobilidade-internacional-2\/#primaryimage\",\"url\":\"https:\/\/portaltela.pt\/s.01k8rhncp4jt1\/2026\/01\/unnamed-file-5461.jpg\",\"contentUrl\":\"https:\/\/portaltela.pt\/s.01k8rhncp4jt1\/2026\/01\/unnamed-file-5461.jpg\",\"width\":796,\"height\":448,\"caption\":\"Photo\"},{\"@type\":\"BreadcrumbList\",\"@id\":\"https:\/\/portaltela.pt\/noticias\/2026\/01\/27\/u-porto-aproxima-se-de-maximo-historico-na-mobilidade-internacional-2\/#breadcrumb\",\"itemListElement\":[{\"@type\":\"ListItem\",\"position\":1,\"name\":\"In\u00edcio\",\"item\":\"https:\/\/portaltela.pt\/\"},{\"@type\":\"ListItem\",\"position\":2,\"name\":\"U.Porto aproxima-se de m\u00e1ximo hist\u00f3rico na mobilidade internacional\"}]},{\"@type\":\"WebSite\",\"@id\":\"https:\/\/portaltela.pt\/#website\",\"url\":\"https:\/\/portaltela.pt\/\",\"name\":\"Portal Tela Portugal\",\"description\":\"\",\"potentialAction\":[{\"@type\":\"SearchAction\",\"target\":{\"@type\":\"EntryPoint\",\"urlTemplate\":\"https:\/\/portaltela.pt\/?s={search_term_string}\"},\"query-input\":{\"@type\":\"PropertyValueSpecification\",\"valueRequired\":true,\"valueName\":\"search_term_string\"}}],\"inLanguage\":\"pt-PT\"},{\"@type\":\"Person\",\"@id\":\"https:\/\/portaltela.pt\/#\/schema\/person\/c4278d4a6028830caff9ee44b42d32ed\",\"name\":\"Telinha\",\"image\":{\"@type\":\"ImageObject\",\"inLanguage\":\"pt-PT\",\"@id\":\"https:\/\/portaltela.pt\/s.01k8rhncp4jt1\/2025\/11\/talking-bot-125x125.png\",\"url\":\"https:\/\/portaltela.pt\/s.01k8rhncp4jt1\/2025\/11\/talking-bot-125x125.png\",\"contentUrl\":\"https:\/\/portaltela.pt\/s.01k8rhncp4jt1\/2025\/11\/talking-bot-125x125.png\",\"caption\":\"Telinha\"},\"sameAs\":[\"https:\/\/portaltela.pt\/\"],\"url\":\"https:\/\/portaltela.pt\/por\/367410592786\/\"}]}<\/script>\n<!-- \/ Yoast SEO plugin. -->","yoast_head_json":{"title":"U.Porto aproxima-se de m\u00e1ximo hist\u00f3rico na mobilidade internacional - Portal Tela Portugal","robots":{"index":"index","follow":"follow","max-snippet":"max-snippet:-1","max-image-preview":"max-image-preview:large","max-video-preview":"max-video-preview:-1"},"og_locale":"pt_PT","og_type":"article","og_title":"U.Porto aproxima-se de m\u00e1ximo hist\u00f3rico na mobilidade internacional - Portal Tela Portugal","og_description":"Em 2025\/2026, a Universidade do Porto acolheu 2.425 estudantes de 84 nacionalidades em mobilidade acad\u00e9mica, nas 15 faculdades. O n\u00famero ter\u00e1 potencial para atingir um novo m\u00e1ximo hist\u00f3rico, depois de 2.058 mobilidades em 2024\/2025, quando o ano anterior teve 2.741 mobilidades IN de 95 pa\u00edses. A trajet\u00f3ria p\u00f3s-pandemia mostra crescimento constante: 938 mobilidades em 2020\/2021, 1.927 em 2021\/2022, 2.240 em 2022\/2023 e 2.283 em 2023\/2024. Desde 2018, a U.Porto j\u00e1 somou mais de 17.000 mobilidades; Brasil, Espanha e It\u00e1lia s\u00e3o as nacionalidades mais representadas. Al\u00e9m disso, 54 estudantes portugueses optaram por estudar na U.Porto ao abrigo do Programa Almeida Garrett.","og_url":"https:\/\/portaltela.pt\/noticias\/2026\/01\/27\/u-porto-aproxima-se-de-maximo-historico-na-mobilidade-internacional-2\/","og_site_name":"Portal Tela Portugal","article_published_time":"2026-01-27T09:14:00+00:00","author":"Telinha","twitter_card":"summary_large_image","twitter_misc":{"Escrito por":"Telinha","Tempo estimado de leitura":"1 minuto"},"schema":{"@context":"https:\/\/schema.org","@graph":[{"@type":"Article","@id":"https:\/\/portaltela.pt\/noticias\/2026\/01\/27\/u-porto-aproxima-se-de-maximo-historico-na-mobilidade-internacional-2\/#article","isPartOf":{"@id":"https:\/\/portaltela.pt\/noticias\/2026\/01\/27\/u-porto-aproxima-se-de-maximo-historico-na-mobilidade-internacional-2\/"},"author":{"name":"Telinha","@id":"https:\/\/portaltela.pt\/#\/schema\/person\/c4278d4a6028830caff9ee44b42d32ed"},"headline":"U.Porto aproxima-se de m\u00e1ximo hist\u00f3rico na mobilidade internacional","datePublished":"2026-01-27T09:14:00+00:00","mainEntityOfPage":{"@id":"https:\/\/portaltela.pt\/noticias\/2026\/01\/27\/u-porto-aproxima-se-de-maximo-historico-na-mobilidade-internacional-2\/"},"wordCount":187,"image":{"@id":"https:\/\/portaltela.pt\/noticias\/2026\/01\/27\/u-porto-aproxima-se-de-maximo-historico-na-mobilidade-internacional-2\/#primaryimage"},"thumbnailUrl":"https:\/\/portaltela.pt\/s.01k8rhncp4jt1\/2026\/01\/unnamed-file-5461.jpg","keywords":["alunos","coopera\u00e7\u00e3o internacional","educa\u00e7\u00e3o","internacionais","mobilidade internacional","universidades"],"articleSection":["Not\u00edcias"],"inLanguage":"pt-PT"},{"@type":"WebPage","@id":"https:\/\/portaltela.pt\/noticias\/2026\/01\/27\/u-porto-aproxima-se-de-maximo-historico-na-mobilidade-internacional-2\/","url":"https:\/\/portaltela.pt\/noticias\/2026\/01\/27\/u-porto-aproxima-se-de-maximo-historico-na-mobilidade-internacional-2\/","name":"U.Porto aproxima-se de m\u00e1ximo hist\u00f3rico na mobilidade internacional - Portal Tela Portugal","isPartOf":{"@id":"https:\/\/portaltela.pt\/#website"},"primaryImageOfPage":{"@id":"https:\/\/portaltela.pt\/noticias\/2026\/01\/27\/u-porto-aproxima-se-de-maximo-historico-na-mobilidade-internacional-2\/#primaryimage"},"image":{"@id":"https:\/\/portaltela.pt\/noticias\/2026\/01\/27\/u-porto-aproxima-se-de-maximo-historico-na-mobilidade-internacional-2\/#primaryimage"},"thumbnailUrl":"https:\/\/portaltela.pt\/s.01k8rhncp4jt1\/2026\/01\/unnamed-file-5461.jpg","datePublished":"2026-01-27T09:14:00+00:00","author":{"@id":"https:\/\/portaltela.pt\/#\/schema\/person\/c4278d4a6028830caff9ee44b42d32ed"},"breadcrumb":{"@id":"https:\/\/portaltela.pt\/noticias\/2026\/01\/27\/u-porto-aproxima-se-de-maximo-historico-na-mobilidade-internacional-2\/#breadcrumb"},"inLanguage":"pt-PT","potentialAction":[{"@type":"ReadAction","target":["https:\/\/portaltela.pt\/noticias\/2026\/01\/27\/u-porto-aproxima-se-de-maximo-historico-na-mobilidade-internacional-2\/"]}]},{"@type":"ImageObject","inLanguage":"pt-PT","@id":"https:\/\/portaltela.pt\/noticias\/2026\/01\/27\/u-porto-aproxima-se-de-maximo-historico-na-mobilidade-internacional-2\/#primaryimage","url":"https:\/\/portaltela.pt\/s.01k8rhncp4jt1\/2026\/01\/unnamed-file-5461.jpg","contentUrl":"https:\/\/portaltela.pt\/s.01k8rhncp4jt1\/2026\/01\/unnamed-file-5461.jpg","width":796,"height":448,"caption":"Photo"},{"@type":"BreadcrumbList","@id":"https:\/\/portaltela.pt\/noticias\/2026\/01\/27\/u-porto-aproxima-se-de-maximo-historico-na-mobilidade-internacional-2\/#breadcrumb","itemListElement":[{"@type":"ListItem","position":1,"name":"In\u00edcio","item":"https:\/\/portaltela.pt\/"},{"@type":"ListItem","position":2,"name":"U.Porto aproxima-se de m\u00e1ximo hist\u00f3rico na mobilidade internacional"}]},{"@type":"WebSite","@id":"https:\/\/portaltela.pt\/#website","url":"https:\/\/portaltela.pt\/","name":"Portal Tela Portugal","description":"","potentialAction":[{"@type":"SearchAction","target":{"@type":"EntryPoint","urlTemplate":"https:\/\/portaltela.pt\/?s={search_term_string}"},"query-input":{"@type":"PropertyValueSpecification","valueRequired":true,"valueName":"search_term_string"}}],"inLanguage":"pt-PT"},{"@type":"Person","@id":"https:\/\/portaltela.pt\/#\/schema\/person\/c4278d4a6028830caff9ee44b42d32ed","name":"Telinha","image":{"@type":"ImageObject","inLanguage":"pt-PT","@id":"https:\/\/portaltela.pt\/s.01k8rhncp4jt1\/2025\/11\/talking-bot-125x125.png","url":"https:\/\/portaltela.pt\/s.01k8rhncp4jt1\/2025\/11\/talking-bot-125x125.png","contentUrl":"https:\/\/portaltela.pt\/s.01k8rhncp4jt1\/2025\/11\/talking-bot-125x125.png","caption":"Telinha"},"sameAs":["https:\/\/portaltela.pt\/"],"url":"https:\/\/portaltela.pt\/por\/367410592786\/"}]}},"_links":{"self":[{"href":"https:\/\/portaltela.pt\/api\/wp\/v2\/posts\/176030","targetHints":{"allow":["GET"]}}],"collection":[{"href":"https:\/\/portaltela.pt\/api\/wp\/v2\/posts"}],"about":[{"href":"https:\/\/portaltela.pt\/api\/wp\/v2\/types\/post"}],"author":[{"embeddable":true,"href":"https:\/\/portaltela.pt\/api\/wp\/v2\/users\/2"}],"replies":[{"embeddable":true,"href":"https:\/\/portaltela.pt\/api\/wp\/v2\/comments?post=176030"}],"version-history":[{"count":0,"href":"https:\/\/portaltela.pt\/api\/wp\/v2\/posts\/176030\/revisions"}],"wp:featuredmedia":[{"embeddable":true,"href":"https:\/\/portaltela.pt\/api\/wp\/v2\/media\/176042"}],"wp:attachment":[{"href":"https:\/\/portaltela.pt\/api\/wp\/v2\/media?parent=176030"}],"wp:term":[{"taxonomy":"category","embeddable":true,"href":"https:\/\/portaltela.pt\/api\/wp\/v2\/categories?post=176030"},{"taxonomy":"post_tag","embeddable":true,"href":"https:\/\/portaltela.pt\/api\/wp\/v2\/tags?post=176030"}],"curies":[{"name":"wp","href":"https:\/\/api.w.org\/{rel}","templated":true}]}}