{"id":175959,"date":"2026-01-27T05:44:00","date_gmt":"2026-01-27T08:44:00","guid":{"rendered":"https:\/\/portaltela.pt\/noticias\/2026\/01\/27\/azambuja-apela-a-sinalizacao-de-vulnerabilidade-atraves-do-radar-social\/"},"modified":"2026-01-27T05:44:00","modified_gmt":"2026-01-27T08:44:00","slug":"azambuja-apela-a-sinalizacao-de-vulnerabilidade-atraves-do-radar-social","status":"publish","type":"post","link":"https:\/\/portaltela.pt\/noticias\/2026\/01\/27\/azambuja-apela-a-sinalizacao-de-vulnerabilidade-atraves-do-radar-social\/","title":{"rendered":"Azambuja apela \u00e0 sinaliza\u00e7\u00e3o de vulnerabilidade atrav\u00e9s do Radar Social"},"content":{"rendered":"<p>O Munic\u00edpio de Azambuja est\u00e1 a refor\u00e7ar o apelo \u00e0 popula\u00e7\u00e3o para sinalizar situa\u00e7\u00f5es de vulnerabilidade social junto do Radar Social de Azambuja, integrado no CLASAZ, o Conselho Local de A\u00e7\u00e3o Social. O objetivo \u00e9 identificar pessoas e fam\u00edlias em risco e promover respostas adequadas na comunidade.<\/p>\n<p>A iniciativa pretende detetar precocemente casos de pobreza, exclus\u00e3o social ou discrimina\u00e7\u00e3o, envolvendo pessoas, fam\u00edlias ou grupos em fragilidade. Al\u00e9m disso, procura mapear recursos existentes no concelho e incentivar a participa\u00e7\u00e3o c\u00edvica para sustentar as respostas locais.<\/p>\n<p>Ap\u00f3s a sinaliza\u00e7\u00e3o, a equipa t\u00e9cnica do Radar Social realiza uma refer\u00eancia\u00e7\u00e3o e uma avalia\u00e7\u00e3o social preliminar. S\u00e3o asseguradas informa\u00e7\u00f5es e orienta\u00e7\u00f5es, com encaminhamento para servi\u00e7os de atendimento ou para entidades da Rede Social, incluindo interven\u00e7\u00f5es urgentes quando necess\u00e1rio.<\/p>\n<p>A sinaliza\u00e7\u00e3o pode ser feita presencialmente, por telefone ou atrav\u00e9s de fichas pr\u00f3prias. O processo pode ser efetuado pelas Juntas de Freguesia, pelos cidad\u00e3os, por vizinhos ou familiares, bem como por entidades policiais, estabelecimentos de sa\u00fade e institui\u00e7\u00f5es.<\/p>\n<h3>Como funciona o Radar Social<\/h3>\n<p>A equipa analisa a situa\u00e7\u00e3o sinalizada, identifica necessidades e aciona recursos dispon\u00edveis. A interven\u00e7\u00e3o pode incluir encaminhamento para apoio social, acompanhamento da rede local e articula\u00e7\u00e3o com parceiros da Rede Social.<\/p>\n<h3>Formas de sinaliza\u00e7\u00e3o<\/h3>\n<p>Atrav\u00e9s de atendimento presencial, por telefone ou mediante fichas espec\u00edficas, dispon\u00edveis em locais do concelho. O sistema est\u00e1 desenhado para facilitar a comunica\u00e7\u00e3o por parte de comunidades, servi\u00e7os locais e institui\u00e7\u00f5es.<\/p>\n","protected":false},"excerpt":{"rendered":"<ul>\n<li>Azambuja refor\u00e7a o apelo para sinalizar situa\u00e7\u00f5es de vulnerabilidade atrav\u00e9s do Radar Social, integrado no Conselho Local de A\u00e7\u00e3o Social (CLASAZ).<\/li>\n<li>O projeto visa detetar precocemente pobreza, exclus\u00e3o social ou discrimina\u00e7\u00e3o e mapear recursos existentes no concelho, incentivando a participa\u00e7\u00e3o comunit\u00e1ria.<\/li>\n<li>Ap\u00f3s a sinaliza\u00e7\u00e3o, a equipa procede \u00e0 referencia\u00e7\u00e3o, avalia\u00e7\u00e3o social preliminar e encaminhamento para servi\u00e7os de atendimento ou entidades da Rede Social; a rede pode ser ativada em caso de necessidade urgente.<\/li>\n<li>A sinaliza\u00e7\u00e3o \u00e9 simples e pode ser feita presencialmente, por telefone ou via fichas pr\u00f3prias; pode ser efetuada por juntas de freguesia, cidad\u00e3os, vizinhos, fam\u00edlias, entidades policiais, sa\u00fade e institui\u00e7\u00f5es.<\/li>\n<li>O objetivo \u00e9 promover respostas adequadas na comunidade e garantir a sustentabilidade das respostas locais.<\/li>\n<\/ul>\n","protected":false},"author":2,"featured_media":175962,"comment_status":"closed","ping_status":"closed","sticky":false,"template":"","format":"standard","meta":{"footnotes":""},"categories":[1],"tags":[1084,1211,1133,3035,4074,2484],"class_list":["post-175959","post","type-post","status-publish","format-standard","has-post-thumbnail","hentry","category-noticias","tag-acao-social","tag-apoio-social","tag-azambuja","tag-comunidade","tag-inclusao-social","tag-radar-social"],"yoast_head":"<!-- This site is optimized with the Yoast SEO plugin v27.2 - https:\/\/yoast.com\/product\/yoast-seo-wordpress\/ -->\n<title>Azambuja apela \u00e0 sinaliza\u00e7\u00e3o de vulnerabilidade atrav\u00e9s do Radar Social - Portal Tela Portugal<\/title>\n<meta name=\"robots\" content=\"index, follow, max-snippet:-1, max-image-preview:large, max-video-preview:-1\" \/>\n<meta property=\"og:locale\" content=\"pt_PT\" \/>\n<meta property=\"og:type\" content=\"article\" \/>\n<meta property=\"og:title\" content=\"Azambuja apela \u00e0 sinaliza\u00e7\u00e3o de vulnerabilidade atrav\u00e9s do Radar Social - Portal Tela Portugal\" \/>\n<meta property=\"og:description\" content=\"Azambuja refor\u00e7a o apelo para sinalizar situa\u00e7\u00f5es de vulnerabilidade atrav\u00e9s do Radar Social, integrado no Conselho Local de A\u00e7\u00e3o Social (CLASAZ). O projeto visa detetar precocemente pobreza, exclus\u00e3o social ou discrimina\u00e7\u00e3o e mapear recursos existentes no concelho, incentivando a participa\u00e7\u00e3o comunit\u00e1ria. Ap\u00f3s a sinaliza\u00e7\u00e3o, a equipa procede \u00e0 referencia\u00e7\u00e3o, avalia\u00e7\u00e3o social preliminar e encaminhamento para servi\u00e7os de atendimento ou entidades da Rede Social; a rede pode ser ativada em caso de necessidade urgente. A sinaliza\u00e7\u00e3o \u00e9 simples e pode ser feita presencialmente, por telefone ou via fichas pr\u00f3prias; pode ser efetuada por juntas de freguesia, cidad\u00e3os, vizinhos, fam\u00edlias, entidades policiais, sa\u00fade e institui\u00e7\u00f5es. O objetivo \u00e9 promover respostas adequadas na comunidade e garantir a sustentabilidade das respostas locais.\" \/>\n<meta property=\"og:url\" content=\"https:\/\/portaltela.pt\/noticias\/2026\/01\/27\/azambuja-apela-a-sinalizacao-de-vulnerabilidade-atraves-do-radar-social\/\" \/>\n<meta property=\"og:site_name\" content=\"Portal Tela Portugal\" \/>\n<meta property=\"article:published_time\" content=\"2026-01-27T08:44:00+00:00\" \/>\n<meta name=\"author\" content=\"Telinha\" \/>\n<meta name=\"twitter:card\" content=\"summary_large_image\" \/>\n<meta name=\"twitter:label1\" content=\"Escrito por\" \/>\n\t<meta name=\"twitter:data1\" content=\"Telinha\" \/>\n\t<meta name=\"twitter:label2\" content=\"Tempo estimado de leitura\" \/>\n\t<meta name=\"twitter:data2\" content=\"1 minuto\" \/>\n<script type=\"application\/ld+json\" class=\"yoast-schema-graph\">{\"@context\":\"https:\/\/schema.org\",\"@graph\":[{\"@type\":\"Article\",\"@id\":\"https:\/\/portaltela.pt\/noticias\/2026\/01\/27\/azambuja-apela-a-sinalizacao-de-vulnerabilidade-atraves-do-radar-social\/#article\",\"isPartOf\":{\"@id\":\"https:\/\/portaltela.pt\/noticias\/2026\/01\/27\/azambuja-apela-a-sinalizacao-de-vulnerabilidade-atraves-do-radar-social\/\"},\"author\":{\"name\":\"Telinha\",\"@id\":\"https:\/\/portaltela.pt\/#\/schema\/person\/c4278d4a6028830caff9ee44b42d32ed\"},\"headline\":\"Azambuja apela \u00e0 sinaliza\u00e7\u00e3o de vulnerabilidade atrav\u00e9s do Radar Social\",\"datePublished\":\"2026-01-27T08:44:00+00:00\",\"mainEntityOfPage\":{\"@id\":\"https:\/\/portaltela.pt\/noticias\/2026\/01\/27\/azambuja-apela-a-sinalizacao-de-vulnerabilidade-atraves-do-radar-social\/\"},\"wordCount\":281,\"image\":{\"@id\":\"https:\/\/portaltela.pt\/noticias\/2026\/01\/27\/azambuja-apela-a-sinalizacao-de-vulnerabilidade-atraves-do-radar-social\/#primaryimage\"},\"thumbnailUrl\":\"https:\/\/portaltela.pt\/s.01k8rhncp4jt1\/2026\/01\/Radar_Social.jpg\",\"keywords\":[\"A\u00e7\u00e3o Social\",\"Apoio Social\",\"Azambuja\",\"comunidade\",\"inclus\u00e3o social\",\"Radar Social\"],\"articleSection\":[\"Not\u00edcias\"],\"inLanguage\":\"pt-PT\"},{\"@type\":\"WebPage\",\"@id\":\"https:\/\/portaltela.pt\/noticias\/2026\/01\/27\/azambuja-apela-a-sinalizacao-de-vulnerabilidade-atraves-do-radar-social\/\",\"url\":\"https:\/\/portaltela.pt\/noticias\/2026\/01\/27\/azambuja-apela-a-sinalizacao-de-vulnerabilidade-atraves-do-radar-social\/\",\"name\":\"Azambuja apela \u00e0 sinaliza\u00e7\u00e3o de vulnerabilidade atrav\u00e9s do Radar Social - Portal Tela Portugal\",\"isPartOf\":{\"@id\":\"https:\/\/portaltela.pt\/#website\"},\"primaryImageOfPage\":{\"@id\":\"https:\/\/portaltela.pt\/noticias\/2026\/01\/27\/azambuja-apela-a-sinalizacao-de-vulnerabilidade-atraves-do-radar-social\/#primaryimage\"},\"image\":{\"@id\":\"https:\/\/portaltela.pt\/noticias\/2026\/01\/27\/azambuja-apela-a-sinalizacao-de-vulnerabilidade-atraves-do-radar-social\/#primaryimage\"},\"thumbnailUrl\":\"https:\/\/portaltela.pt\/s.01k8rhncp4jt1\/2026\/01\/Radar_Social.jpg\",\"datePublished\":\"2026-01-27T08:44:00+00:00\",\"author\":{\"@id\":\"https:\/\/portaltela.pt\/#\/schema\/person\/c4278d4a6028830caff9ee44b42d32ed\"},\"breadcrumb\":{\"@id\":\"https:\/\/portaltela.pt\/noticias\/2026\/01\/27\/azambuja-apela-a-sinalizacao-de-vulnerabilidade-atraves-do-radar-social\/#breadcrumb\"},\"inLanguage\":\"pt-PT\",\"potentialAction\":[{\"@type\":\"ReadAction\",\"target\":[\"https:\/\/portaltela.pt\/noticias\/2026\/01\/27\/azambuja-apela-a-sinalizacao-de-vulnerabilidade-atraves-do-radar-social\/\"]}]},{\"@type\":\"ImageObject\",\"inLanguage\":\"pt-PT\",\"@id\":\"https:\/\/portaltela.pt\/noticias\/2026\/01\/27\/azambuja-apela-a-sinalizacao-de-vulnerabilidade-atraves-do-radar-social\/#primaryimage\",\"url\":\"https:\/\/portaltela.pt\/s.01k8rhncp4jt1\/2026\/01\/Radar_Social.jpg\",\"contentUrl\":\"https:\/\/portaltela.pt\/s.01k8rhncp4jt1\/2026\/01\/Radar_Social.jpg\",\"width\":796,\"height\":448,\"caption\":\"Pr\u00e9mios Caixa Social 2025 com candidaturas abertas at\u00e9 20 de junho e um milh\u00e3o de euros para projetos sociais\"},{\"@type\":\"BreadcrumbList\",\"@id\":\"https:\/\/portaltela.pt\/noticias\/2026\/01\/27\/azambuja-apela-a-sinalizacao-de-vulnerabilidade-atraves-do-radar-social\/#breadcrumb\",\"itemListElement\":[{\"@type\":\"ListItem\",\"position\":1,\"name\":\"In\u00edcio\",\"item\":\"https:\/\/portaltela.pt\/\"},{\"@type\":\"ListItem\",\"position\":2,\"name\":\"Azambuja apela \u00e0 sinaliza\u00e7\u00e3o de vulnerabilidade atrav\u00e9s do Radar Social\"}]},{\"@type\":\"WebSite\",\"@id\":\"https:\/\/portaltela.pt\/#website\",\"url\":\"https:\/\/portaltela.pt\/\",\"name\":\"Portal Tela Portugal\",\"description\":\"\",\"potentialAction\":[{\"@type\":\"SearchAction\",\"target\":{\"@type\":\"EntryPoint\",\"urlTemplate\":\"https:\/\/portaltela.pt\/?s={search_term_string}\"},\"query-input\":{\"@type\":\"PropertyValueSpecification\",\"valueRequired\":true,\"valueName\":\"search_term_string\"}}],\"inLanguage\":\"pt-PT\"},{\"@type\":\"Person\",\"@id\":\"https:\/\/portaltela.pt\/#\/schema\/person\/c4278d4a6028830caff9ee44b42d32ed\",\"name\":\"Telinha\",\"image\":{\"@type\":\"ImageObject\",\"inLanguage\":\"pt-PT\",\"@id\":\"https:\/\/portaltela.pt\/s.01k8rhncp4jt1\/2025\/11\/talking-bot-125x125.png\",\"url\":\"https:\/\/portaltela.pt\/s.01k8rhncp4jt1\/2025\/11\/talking-bot-125x125.png\",\"contentUrl\":\"https:\/\/portaltela.pt\/s.01k8rhncp4jt1\/2025\/11\/talking-bot-125x125.png\",\"caption\":\"Telinha\"},\"sameAs\":[\"https:\/\/portaltela.pt\/\"],\"url\":\"https:\/\/portaltela.pt\/por\/367410592786\/\"}]}<\/script>\n<!-- \/ Yoast SEO plugin. -->","yoast_head_json":{"title":"Azambuja apela \u00e0 sinaliza\u00e7\u00e3o de vulnerabilidade atrav\u00e9s do Radar Social - Portal Tela Portugal","robots":{"index":"index","follow":"follow","max-snippet":"max-snippet:-1","max-image-preview":"max-image-preview:large","max-video-preview":"max-video-preview:-1"},"og_locale":"pt_PT","og_type":"article","og_title":"Azambuja apela \u00e0 sinaliza\u00e7\u00e3o de vulnerabilidade atrav\u00e9s do Radar Social - Portal Tela Portugal","og_description":"Azambuja refor\u00e7a o apelo para sinalizar situa\u00e7\u00f5es de vulnerabilidade atrav\u00e9s do Radar Social, integrado no Conselho Local de A\u00e7\u00e3o Social (CLASAZ). O projeto visa detetar precocemente pobreza, exclus\u00e3o social ou discrimina\u00e7\u00e3o e mapear recursos existentes no concelho, incentivando a participa\u00e7\u00e3o comunit\u00e1ria. Ap\u00f3s a sinaliza\u00e7\u00e3o, a equipa procede \u00e0 referencia\u00e7\u00e3o, avalia\u00e7\u00e3o social preliminar e encaminhamento para servi\u00e7os de atendimento ou entidades da Rede Social; a rede pode ser ativada em caso de necessidade urgente. A sinaliza\u00e7\u00e3o \u00e9 simples e pode ser feita presencialmente, por telefone ou via fichas pr\u00f3prias; pode ser efetuada por juntas de freguesia, cidad\u00e3os, vizinhos, fam\u00edlias, entidades policiais, sa\u00fade e institui\u00e7\u00f5es. O objetivo \u00e9 promover respostas adequadas na comunidade e garantir a sustentabilidade das respostas locais.","og_url":"https:\/\/portaltela.pt\/noticias\/2026\/01\/27\/azambuja-apela-a-sinalizacao-de-vulnerabilidade-atraves-do-radar-social\/","og_site_name":"Portal Tela Portugal","article_published_time":"2026-01-27T08:44:00+00:00","author":"Telinha","twitter_card":"summary_large_image","twitter_misc":{"Escrito por":"Telinha","Tempo estimado de leitura":"1 minuto"},"schema":{"@context":"https:\/\/schema.org","@graph":[{"@type":"Article","@id":"https:\/\/portaltela.pt\/noticias\/2026\/01\/27\/azambuja-apela-a-sinalizacao-de-vulnerabilidade-atraves-do-radar-social\/#article","isPartOf":{"@id":"https:\/\/portaltela.pt\/noticias\/2026\/01\/27\/azambuja-apela-a-sinalizacao-de-vulnerabilidade-atraves-do-radar-social\/"},"author":{"name":"Telinha","@id":"https:\/\/portaltela.pt\/#\/schema\/person\/c4278d4a6028830caff9ee44b42d32ed"},"headline":"Azambuja apela \u00e0 sinaliza\u00e7\u00e3o de vulnerabilidade atrav\u00e9s do Radar Social","datePublished":"2026-01-27T08:44:00+00:00","mainEntityOfPage":{"@id":"https:\/\/portaltela.pt\/noticias\/2026\/01\/27\/azambuja-apela-a-sinalizacao-de-vulnerabilidade-atraves-do-radar-social\/"},"wordCount":281,"image":{"@id":"https:\/\/portaltela.pt\/noticias\/2026\/01\/27\/azambuja-apela-a-sinalizacao-de-vulnerabilidade-atraves-do-radar-social\/#primaryimage"},"thumbnailUrl":"https:\/\/portaltela.pt\/s.01k8rhncp4jt1\/2026\/01\/Radar_Social.jpg","keywords":["A\u00e7\u00e3o Social","Apoio Social","Azambuja","comunidade","inclus\u00e3o social","Radar Social"],"articleSection":["Not\u00edcias"],"inLanguage":"pt-PT"},{"@type":"WebPage","@id":"https:\/\/portaltela.pt\/noticias\/2026\/01\/27\/azambuja-apela-a-sinalizacao-de-vulnerabilidade-atraves-do-radar-social\/","url":"https:\/\/portaltela.pt\/noticias\/2026\/01\/27\/azambuja-apela-a-sinalizacao-de-vulnerabilidade-atraves-do-radar-social\/","name":"Azambuja apela \u00e0 sinaliza\u00e7\u00e3o de vulnerabilidade atrav\u00e9s do Radar Social - Portal Tela Portugal","isPartOf":{"@id":"https:\/\/portaltela.pt\/#website"},"primaryImageOfPage":{"@id":"https:\/\/portaltela.pt\/noticias\/2026\/01\/27\/azambuja-apela-a-sinalizacao-de-vulnerabilidade-atraves-do-radar-social\/#primaryimage"},"image":{"@id":"https:\/\/portaltela.pt\/noticias\/2026\/01\/27\/azambuja-apela-a-sinalizacao-de-vulnerabilidade-atraves-do-radar-social\/#primaryimage"},"thumbnailUrl":"https:\/\/portaltela.pt\/s.01k8rhncp4jt1\/2026\/01\/Radar_Social.jpg","datePublished":"2026-01-27T08:44:00+00:00","author":{"@id":"https:\/\/portaltela.pt\/#\/schema\/person\/c4278d4a6028830caff9ee44b42d32ed"},"breadcrumb":{"@id":"https:\/\/portaltela.pt\/noticias\/2026\/01\/27\/azambuja-apela-a-sinalizacao-de-vulnerabilidade-atraves-do-radar-social\/#breadcrumb"},"inLanguage":"pt-PT","potentialAction":[{"@type":"ReadAction","target":["https:\/\/portaltela.pt\/noticias\/2026\/01\/27\/azambuja-apela-a-sinalizacao-de-vulnerabilidade-atraves-do-radar-social\/"]}]},{"@type":"ImageObject","inLanguage":"pt-PT","@id":"https:\/\/portaltela.pt\/noticias\/2026\/01\/27\/azambuja-apela-a-sinalizacao-de-vulnerabilidade-atraves-do-radar-social\/#primaryimage","url":"https:\/\/portaltela.pt\/s.01k8rhncp4jt1\/2026\/01\/Radar_Social.jpg","contentUrl":"https:\/\/portaltela.pt\/s.01k8rhncp4jt1\/2026\/01\/Radar_Social.jpg","width":796,"height":448,"caption":"Pr\u00e9mios Caixa Social 2025 com candidaturas abertas at\u00e9 20 de junho e um milh\u00e3o de euros para projetos sociais"},{"@type":"BreadcrumbList","@id":"https:\/\/portaltela.pt\/noticias\/2026\/01\/27\/azambuja-apela-a-sinalizacao-de-vulnerabilidade-atraves-do-radar-social\/#breadcrumb","itemListElement":[{"@type":"ListItem","position":1,"name":"In\u00edcio","item":"https:\/\/portaltela.pt\/"},{"@type":"ListItem","position":2,"name":"Azambuja apela \u00e0 sinaliza\u00e7\u00e3o de vulnerabilidade atrav\u00e9s do Radar Social"}]},{"@type":"WebSite","@id":"https:\/\/portaltela.pt\/#website","url":"https:\/\/portaltela.pt\/","name":"Portal Tela Portugal","description":"","potentialAction":[{"@type":"SearchAction","target":{"@type":"EntryPoint","urlTemplate":"https:\/\/portaltela.pt\/?s={search_term_string}"},"query-input":{"@type":"PropertyValueSpecification","valueRequired":true,"valueName":"search_term_string"}}],"inLanguage":"pt-PT"},{"@type":"Person","@id":"https:\/\/portaltela.pt\/#\/schema\/person\/c4278d4a6028830caff9ee44b42d32ed","name":"Telinha","image":{"@type":"ImageObject","inLanguage":"pt-PT","@id":"https:\/\/portaltela.pt\/s.01k8rhncp4jt1\/2025\/11\/talking-bot-125x125.png","url":"https:\/\/portaltela.pt\/s.01k8rhncp4jt1\/2025\/11\/talking-bot-125x125.png","contentUrl":"https:\/\/portaltela.pt\/s.01k8rhncp4jt1\/2025\/11\/talking-bot-125x125.png","caption":"Telinha"},"sameAs":["https:\/\/portaltela.pt\/"],"url":"https:\/\/portaltela.pt\/por\/367410592786\/"}]}},"_links":{"self":[{"href":"https:\/\/portaltela.pt\/api\/wp\/v2\/posts\/175959","targetHints":{"allow":["GET"]}}],"collection":[{"href":"https:\/\/portaltela.pt\/api\/wp\/v2\/posts"}],"about":[{"href":"https:\/\/portaltela.pt\/api\/wp\/v2\/types\/post"}],"author":[{"embeddable":true,"href":"https:\/\/portaltela.pt\/api\/wp\/v2\/users\/2"}],"replies":[{"embeddable":true,"href":"https:\/\/portaltela.pt\/api\/wp\/v2\/comments?post=175959"}],"version-history":[{"count":0,"href":"https:\/\/portaltela.pt\/api\/wp\/v2\/posts\/175959\/revisions"}],"wp:featuredmedia":[{"embeddable":true,"href":"https:\/\/portaltela.pt\/api\/wp\/v2\/media\/175962"}],"wp:attachment":[{"href":"https:\/\/portaltela.pt\/api\/wp\/v2\/media?parent=175959"}],"wp:term":[{"taxonomy":"category","embeddable":true,"href":"https:\/\/portaltela.pt\/api\/wp\/v2\/categories?post=175959"},{"taxonomy":"post_tag","embeddable":true,"href":"https:\/\/portaltela.pt\/api\/wp\/v2\/tags?post=175959"}],"curies":[{"name":"wp","href":"https:\/\/api.w.org\/{rel}","templated":true}]}}