{"id":175928,"date":"2026-01-27T05:00:00","date_gmt":"2026-01-27T08:00:00","guid":{"rendered":"https:\/\/portaltela.pt\/noticias\/2026\/01\/27\/abertas-candidaturas-a-incentivos-para-ex-trabalhadores-da-cte-de-sines\/"},"modified":"2026-01-27T05:00:00","modified_gmt":"2026-01-27T08:00:00","slug":"abertas-candidaturas-a-incentivos-para-ex-trabalhadores-da-cte-de-sines","status":"publish","type":"post","link":"https:\/\/portaltela.pt\/noticias\/2026\/01\/27\/abertas-candidaturas-a-incentivos-para-ex-trabalhadores-da-cte-de-sines\/","title":{"rendered":"Abertas candidaturas a incentivos para ex-trabalhadores da CTE de Sines"},"content":{"rendered":"<p>Entre 26 de janeiro e 27 de mar\u00e7o de 2026 encontram-se abertas as candidaturas ao Mecanismo de Compensa\u00e7\u00e3o para uma Transi\u00e7\u00e3o Justa. O programa destina-se a ex-trabalhadores da Central Termoel\u00e9trica de Sines, no \u00e2mbito do Plano Territorial para a Transi\u00e7\u00e3o Justa do Alentejo Litoral.<\/p>\n<p>O apoio objetiva facilitar a reintegra\u00e7\u00e3o no mercado de trabalho, atrav\u00e9s de incentivos pecuni\u00e1rios tempor\u00e1rios n\u00e3o reembols\u00e1veis. Compensa parcialmente a perda de rendimento quando surge um novo contrato com remunera\u00e7\u00e3o l\u00edquida inferior \u00e0 remunerada \u00e0 data do despedimento.<\/p>\n<p>Podem candidatar-se trabalhadores que tenham exercido fun\u00e7\u00f5es na central, sido despedidos por encerramento do posto e celebrado depois do despedimento um contrato a tempo completo com remunera\u00e7\u00e3o l\u00edquida inferior \u00e0 anterior.<\/p>\n<p>Para submeter a candidatura, os interessados devem solicitar acesso \u00e0 plataforma digital por e-mail para ftj@ccdr-a.gov.pt. Ap\u00f3s contacto, recebem credenciais e a candidatura \u00e9 apresentada exclusivamente em formato digital.<\/p>\n<h3>Financiamento e contexto<\/h3>\n<p>O projeto \u00e9 cofinanciado pela Uni\u00e3o Europeia, atrav\u00e9s do Programa Regional Alentejo 2030. Integra-se nas medidas de apoio \u00e0 transi\u00e7\u00e3o justa em territ\u00f3rios afetados pelo encerramento de infraestruturas energ\u00e9ticas.<\/p>\n","protected":false},"excerpt":{"rendered":"<ul>\n<li>Entre 26 de janeiro e 27 de mar\u00e7o de 2026 est\u00e3o abertas as candidaturas ao Mecanismo de Compensa\u00e7\u00e3o para uma Transi\u00e7\u00e3o Justa, destinado a ex-trabalhadores da Central Termoel\u00e9trica de Sines, no \u00e2mbito do Alentejo Litoral.<\/li>\n<li>O apoio oferece incentivos pecuni\u00e1rios tempor\u00e1rios n\u00e3o reembols\u00e1veis para facilitar a reintegra\u00e7\u00e3o no mercado de trabalho ap\u00f3s o encerramento da central.<\/li>\n<li>O mecanismo pretende compensar parcialmente a perda de rendimento salarial quando \u00e9 celebrado um novo contrato com remunera\u00e7\u00e3o l\u00edquida inferior \u00e0 anterior.<\/li>\n<li>Podem candidatar-se trabalhadores que tenham atuado na central, tenham sido despedidos por extin\u00e7\u00e3o do posto e assinado, depois, um contrato a tempo completo com remunera\u00e7\u00e3o inferior.<\/li>\n<li>As candidaturas devem ser submetidas digitalmente ap\u00f3s solicitar acesso atrav\u00e9s do email ftj@ccdr-a.gov.pt; o projeto \u00e9 financiado pela Uni\u00e3o Europeia atrav\u00e9s do Alentejo 2030.<\/li>\n<\/ul>\n","protected":false},"author":2,"featured_media":175931,"comment_status":"closed","ping_status":"closed","sticky":false,"template":"","format":"standard","meta":{"footnotes":""},"categories":[1],"tags":[883,948,1006,1892,2201,4417],"class_list":["post-175928","post","type-post","status-publish","format-standard","has-post-thumbnail","hentry","category-noticias","tag-alentejo","tag-despedimento","tag-emprego","tag-sines","tag-trabalho","tag-transicao-territorial"],"yoast_head":"<!-- This site is optimized with the Yoast SEO plugin v27.2 - https:\/\/yoast.com\/product\/yoast-seo-wordpress\/ -->\n<title>Abertas candidaturas a incentivos para ex-trabalhadores da CTE de Sines - Portal Tela Portugal<\/title>\n<meta name=\"robots\" content=\"index, follow, max-snippet:-1, max-image-preview:large, max-video-preview:-1\" \/>\n<meta property=\"og:locale\" content=\"pt_PT\" \/>\n<meta property=\"og:type\" content=\"article\" \/>\n<meta property=\"og:title\" content=\"Abertas candidaturas a incentivos para ex-trabalhadores da CTE de Sines - Portal Tela Portugal\" \/>\n<meta property=\"og:description\" content=\"Entre 26 de janeiro e 27 de mar\u00e7o de 2026 est\u00e3o abertas as candidaturas ao Mecanismo de Compensa\u00e7\u00e3o para uma Transi\u00e7\u00e3o Justa, destinado a ex-trabalhadores da Central Termoel\u00e9trica de Sines, no \u00e2mbito do Alentejo Litoral. O apoio oferece incentivos pecuni\u00e1rios tempor\u00e1rios n\u00e3o reembols\u00e1veis para facilitar a reintegra\u00e7\u00e3o no mercado de trabalho ap\u00f3s o encerramento da central. O mecanismo pretende compensar parcialmente a perda de rendimento salarial quando \u00e9 celebrado um novo contrato com remunera\u00e7\u00e3o l\u00edquida inferior \u00e0 anterior. Podem candidatar-se trabalhadores que tenham atuado na central, tenham sido despedidos por extin\u00e7\u00e3o do posto e assinado, depois, um contrato a tempo completo com remunera\u00e7\u00e3o inferior. As candidaturas devem ser submetidas digitalmente ap\u00f3s solicitar acesso atrav\u00e9s do email ftj@ccdr-a.gov.pt; o projeto \u00e9 financiado pela Uni\u00e3o Europeia atrav\u00e9s do Alentejo 2030.\" \/>\n<meta property=\"og:url\" content=\"https:\/\/portaltela.pt\/noticias\/2026\/01\/27\/abertas-candidaturas-a-incentivos-para-ex-trabalhadores-da-cte-de-sines\/\" \/>\n<meta property=\"og:site_name\" content=\"Portal Tela Portugal\" \/>\n<meta property=\"article:published_time\" content=\"2026-01-27T08:00:00+00:00\" \/>\n<meta name=\"author\" content=\"Telinha\" \/>\n<meta name=\"twitter:card\" content=\"summary_large_image\" \/>\n<meta name=\"twitter:label1\" content=\"Escrito por\" \/>\n\t<meta name=\"twitter:data1\" content=\"Telinha\" \/>\n\t<meta name=\"twitter:label2\" content=\"Tempo estimado de leitura\" \/>\n\t<meta name=\"twitter:data2\" content=\"1 minuto\" \/>\n<script type=\"application\/ld+json\" class=\"yoast-schema-graph\">{\"@context\":\"https:\/\/schema.org\",\"@graph\":[{\"@type\":\"Article\",\"@id\":\"https:\/\/portaltela.pt\/noticias\/2026\/01\/27\/abertas-candidaturas-a-incentivos-para-ex-trabalhadores-da-cte-de-sines\/#article\",\"isPartOf\":{\"@id\":\"https:\/\/portaltela.pt\/noticias\/2026\/01\/27\/abertas-candidaturas-a-incentivos-para-ex-trabalhadores-da-cte-de-sines\/\"},\"author\":{\"name\":\"Telinha\",\"@id\":\"https:\/\/portaltela.pt\/#\/schema\/person\/c4278d4a6028830caff9ee44b42d32ed\"},\"headline\":\"Abertas candidaturas a incentivos para ex-trabalhadores da CTE de Sines\",\"datePublished\":\"2026-01-27T08:00:00+00:00\",\"mainEntityOfPage\":{\"@id\":\"https:\/\/portaltela.pt\/noticias\/2026\/01\/27\/abertas-candidaturas-a-incentivos-para-ex-trabalhadores-da-cte-de-sines\/\"},\"wordCount\":198,\"image\":{\"@id\":\"https:\/\/portaltela.pt\/noticias\/2026\/01\/27\/abertas-candidaturas-a-incentivos-para-ex-trabalhadores-da-cte-de-sines\/#primaryimage\"},\"thumbnailUrl\":\"https:\/\/portaltela.pt\/s.01k8rhncp4jt1\/2026\/01\/unnamed-file-5444.jpg\",\"keywords\":[\"Alentejo\",\"despedimento\",\"emprego\",\"Sines\",\"trabalho\",\"Transi\u00e7\u00e3o Territorial\"],\"articleSection\":[\"Not\u00edcias\"],\"inLanguage\":\"pt-PT\"},{\"@type\":\"WebPage\",\"@id\":\"https:\/\/portaltela.pt\/noticias\/2026\/01\/27\/abertas-candidaturas-a-incentivos-para-ex-trabalhadores-da-cte-de-sines\/\",\"url\":\"https:\/\/portaltela.pt\/noticias\/2026\/01\/27\/abertas-candidaturas-a-incentivos-para-ex-trabalhadores-da-cte-de-sines\/\",\"name\":\"Abertas candidaturas a incentivos para ex-trabalhadores da CTE de Sines - Portal Tela Portugal\",\"isPartOf\":{\"@id\":\"https:\/\/portaltela.pt\/#website\"},\"primaryImageOfPage\":{\"@id\":\"https:\/\/portaltela.pt\/noticias\/2026\/01\/27\/abertas-candidaturas-a-incentivos-para-ex-trabalhadores-da-cte-de-sines\/#primaryimage\"},\"image\":{\"@id\":\"https:\/\/portaltela.pt\/noticias\/2026\/01\/27\/abertas-candidaturas-a-incentivos-para-ex-trabalhadores-da-cte-de-sines\/#primaryimage\"},\"thumbnailUrl\":\"https:\/\/portaltela.pt\/s.01k8rhncp4jt1\/2026\/01\/unnamed-file-5444.jpg\",\"datePublished\":\"2026-01-27T08:00:00+00:00\",\"author\":{\"@id\":\"https:\/\/portaltela.pt\/#\/schema\/person\/c4278d4a6028830caff9ee44b42d32ed\"},\"breadcrumb\":{\"@id\":\"https:\/\/portaltela.pt\/noticias\/2026\/01\/27\/abertas-candidaturas-a-incentivos-para-ex-trabalhadores-da-cte-de-sines\/#breadcrumb\"},\"inLanguage\":\"pt-PT\",\"potentialAction\":[{\"@type\":\"ReadAction\",\"target\":[\"https:\/\/portaltela.pt\/noticias\/2026\/01\/27\/abertas-candidaturas-a-incentivos-para-ex-trabalhadores-da-cte-de-sines\/\"]}]},{\"@type\":\"ImageObject\",\"inLanguage\":\"pt-PT\",\"@id\":\"https:\/\/portaltela.pt\/noticias\/2026\/01\/27\/abertas-candidaturas-a-incentivos-para-ex-trabalhadores-da-cte-de-sines\/#primaryimage\",\"url\":\"https:\/\/portaltela.pt\/s.01k8rhncp4jt1\/2026\/01\/unnamed-file-5444.jpg\",\"contentUrl\":\"https:\/\/portaltela.pt\/s.01k8rhncp4jt1\/2026\/01\/unnamed-file-5444.jpg\",\"width\":796,\"height\":448,\"caption\":\"Alentejo: Dois avisos abertos para apoio \u00e0 investiga\u00e7\u00e3o e inova\u00e7\u00e3o no \u00e2mbito do SACCCT\"},{\"@type\":\"BreadcrumbList\",\"@id\":\"https:\/\/portaltela.pt\/noticias\/2026\/01\/27\/abertas-candidaturas-a-incentivos-para-ex-trabalhadores-da-cte-de-sines\/#breadcrumb\",\"itemListElement\":[{\"@type\":\"ListItem\",\"position\":1,\"name\":\"In\u00edcio\",\"item\":\"https:\/\/portaltela.pt\/\"},{\"@type\":\"ListItem\",\"position\":2,\"name\":\"Abertas candidaturas a incentivos para ex-trabalhadores da CTE de Sines\"}]},{\"@type\":\"WebSite\",\"@id\":\"https:\/\/portaltela.pt\/#website\",\"url\":\"https:\/\/portaltela.pt\/\",\"name\":\"Portal Tela Portugal\",\"description\":\"\",\"potentialAction\":[{\"@type\":\"SearchAction\",\"target\":{\"@type\":\"EntryPoint\",\"urlTemplate\":\"https:\/\/portaltela.pt\/?s={search_term_string}\"},\"query-input\":{\"@type\":\"PropertyValueSpecification\",\"valueRequired\":true,\"valueName\":\"search_term_string\"}}],\"inLanguage\":\"pt-PT\"},{\"@type\":\"Person\",\"@id\":\"https:\/\/portaltela.pt\/#\/schema\/person\/c4278d4a6028830caff9ee44b42d32ed\",\"name\":\"Telinha\",\"image\":{\"@type\":\"ImageObject\",\"inLanguage\":\"pt-PT\",\"@id\":\"https:\/\/portaltela.pt\/s.01k8rhncp4jt1\/2025\/11\/talking-bot-125x125.png\",\"url\":\"https:\/\/portaltela.pt\/s.01k8rhncp4jt1\/2025\/11\/talking-bot-125x125.png\",\"contentUrl\":\"https:\/\/portaltela.pt\/s.01k8rhncp4jt1\/2025\/11\/talking-bot-125x125.png\",\"caption\":\"Telinha\"},\"sameAs\":[\"https:\/\/portaltela.pt\/\"],\"url\":\"https:\/\/portaltela.pt\/por\/367410592786\/\"}]}<\/script>\n<!-- \/ Yoast SEO plugin. -->","yoast_head_json":{"title":"Abertas candidaturas a incentivos para ex-trabalhadores da CTE de Sines - Portal Tela Portugal","robots":{"index":"index","follow":"follow","max-snippet":"max-snippet:-1","max-image-preview":"max-image-preview:large","max-video-preview":"max-video-preview:-1"},"og_locale":"pt_PT","og_type":"article","og_title":"Abertas candidaturas a incentivos para ex-trabalhadores da CTE de Sines - Portal Tela Portugal","og_description":"Entre 26 de janeiro e 27 de mar\u00e7o de 2026 est\u00e3o abertas as candidaturas ao Mecanismo de Compensa\u00e7\u00e3o para uma Transi\u00e7\u00e3o Justa, destinado a ex-trabalhadores da Central Termoel\u00e9trica de Sines, no \u00e2mbito do Alentejo Litoral. O apoio oferece incentivos pecuni\u00e1rios tempor\u00e1rios n\u00e3o reembols\u00e1veis para facilitar a reintegra\u00e7\u00e3o no mercado de trabalho ap\u00f3s o encerramento da central. O mecanismo pretende compensar parcialmente a perda de rendimento salarial quando \u00e9 celebrado um novo contrato com remunera\u00e7\u00e3o l\u00edquida inferior \u00e0 anterior. Podem candidatar-se trabalhadores que tenham atuado na central, tenham sido despedidos por extin\u00e7\u00e3o do posto e assinado, depois, um contrato a tempo completo com remunera\u00e7\u00e3o inferior. As candidaturas devem ser submetidas digitalmente ap\u00f3s solicitar acesso atrav\u00e9s do email ftj@ccdr-a.gov.pt; o projeto \u00e9 financiado pela Uni\u00e3o Europeia atrav\u00e9s do Alentejo 2030.","og_url":"https:\/\/portaltela.pt\/noticias\/2026\/01\/27\/abertas-candidaturas-a-incentivos-para-ex-trabalhadores-da-cte-de-sines\/","og_site_name":"Portal Tela Portugal","article_published_time":"2026-01-27T08:00:00+00:00","author":"Telinha","twitter_card":"summary_large_image","twitter_misc":{"Escrito por":"Telinha","Tempo estimado de leitura":"1 minuto"},"schema":{"@context":"https:\/\/schema.org","@graph":[{"@type":"Article","@id":"https:\/\/portaltela.pt\/noticias\/2026\/01\/27\/abertas-candidaturas-a-incentivos-para-ex-trabalhadores-da-cte-de-sines\/#article","isPartOf":{"@id":"https:\/\/portaltela.pt\/noticias\/2026\/01\/27\/abertas-candidaturas-a-incentivos-para-ex-trabalhadores-da-cte-de-sines\/"},"author":{"name":"Telinha","@id":"https:\/\/portaltela.pt\/#\/schema\/person\/c4278d4a6028830caff9ee44b42d32ed"},"headline":"Abertas candidaturas a incentivos para ex-trabalhadores da CTE de Sines","datePublished":"2026-01-27T08:00:00+00:00","mainEntityOfPage":{"@id":"https:\/\/portaltela.pt\/noticias\/2026\/01\/27\/abertas-candidaturas-a-incentivos-para-ex-trabalhadores-da-cte-de-sines\/"},"wordCount":198,"image":{"@id":"https:\/\/portaltela.pt\/noticias\/2026\/01\/27\/abertas-candidaturas-a-incentivos-para-ex-trabalhadores-da-cte-de-sines\/#primaryimage"},"thumbnailUrl":"https:\/\/portaltela.pt\/s.01k8rhncp4jt1\/2026\/01\/unnamed-file-5444.jpg","keywords":["Alentejo","despedimento","emprego","Sines","trabalho","Transi\u00e7\u00e3o Territorial"],"articleSection":["Not\u00edcias"],"inLanguage":"pt-PT"},{"@type":"WebPage","@id":"https:\/\/portaltela.pt\/noticias\/2026\/01\/27\/abertas-candidaturas-a-incentivos-para-ex-trabalhadores-da-cte-de-sines\/","url":"https:\/\/portaltela.pt\/noticias\/2026\/01\/27\/abertas-candidaturas-a-incentivos-para-ex-trabalhadores-da-cte-de-sines\/","name":"Abertas candidaturas a incentivos para ex-trabalhadores da CTE de Sines - Portal Tela Portugal","isPartOf":{"@id":"https:\/\/portaltela.pt\/#website"},"primaryImageOfPage":{"@id":"https:\/\/portaltela.pt\/noticias\/2026\/01\/27\/abertas-candidaturas-a-incentivos-para-ex-trabalhadores-da-cte-de-sines\/#primaryimage"},"image":{"@id":"https:\/\/portaltela.pt\/noticias\/2026\/01\/27\/abertas-candidaturas-a-incentivos-para-ex-trabalhadores-da-cte-de-sines\/#primaryimage"},"thumbnailUrl":"https:\/\/portaltela.pt\/s.01k8rhncp4jt1\/2026\/01\/unnamed-file-5444.jpg","datePublished":"2026-01-27T08:00:00+00:00","author":{"@id":"https:\/\/portaltela.pt\/#\/schema\/person\/c4278d4a6028830caff9ee44b42d32ed"},"breadcrumb":{"@id":"https:\/\/portaltela.pt\/noticias\/2026\/01\/27\/abertas-candidaturas-a-incentivos-para-ex-trabalhadores-da-cte-de-sines\/#breadcrumb"},"inLanguage":"pt-PT","potentialAction":[{"@type":"ReadAction","target":["https:\/\/portaltela.pt\/noticias\/2026\/01\/27\/abertas-candidaturas-a-incentivos-para-ex-trabalhadores-da-cte-de-sines\/"]}]},{"@type":"ImageObject","inLanguage":"pt-PT","@id":"https:\/\/portaltela.pt\/noticias\/2026\/01\/27\/abertas-candidaturas-a-incentivos-para-ex-trabalhadores-da-cte-de-sines\/#primaryimage","url":"https:\/\/portaltela.pt\/s.01k8rhncp4jt1\/2026\/01\/unnamed-file-5444.jpg","contentUrl":"https:\/\/portaltela.pt\/s.01k8rhncp4jt1\/2026\/01\/unnamed-file-5444.jpg","width":796,"height":448,"caption":"Alentejo: Dois avisos abertos para apoio \u00e0 investiga\u00e7\u00e3o e inova\u00e7\u00e3o no \u00e2mbito do SACCCT"},{"@type":"BreadcrumbList","@id":"https:\/\/portaltela.pt\/noticias\/2026\/01\/27\/abertas-candidaturas-a-incentivos-para-ex-trabalhadores-da-cte-de-sines\/#breadcrumb","itemListElement":[{"@type":"ListItem","position":1,"name":"In\u00edcio","item":"https:\/\/portaltela.pt\/"},{"@type":"ListItem","position":2,"name":"Abertas candidaturas a incentivos para ex-trabalhadores da CTE de Sines"}]},{"@type":"WebSite","@id":"https:\/\/portaltela.pt\/#website","url":"https:\/\/portaltela.pt\/","name":"Portal Tela Portugal","description":"","potentialAction":[{"@type":"SearchAction","target":{"@type":"EntryPoint","urlTemplate":"https:\/\/portaltela.pt\/?s={search_term_string}"},"query-input":{"@type":"PropertyValueSpecification","valueRequired":true,"valueName":"search_term_string"}}],"inLanguage":"pt-PT"},{"@type":"Person","@id":"https:\/\/portaltela.pt\/#\/schema\/person\/c4278d4a6028830caff9ee44b42d32ed","name":"Telinha","image":{"@type":"ImageObject","inLanguage":"pt-PT","@id":"https:\/\/portaltela.pt\/s.01k8rhncp4jt1\/2025\/11\/talking-bot-125x125.png","url":"https:\/\/portaltela.pt\/s.01k8rhncp4jt1\/2025\/11\/talking-bot-125x125.png","contentUrl":"https:\/\/portaltela.pt\/s.01k8rhncp4jt1\/2025\/11\/talking-bot-125x125.png","caption":"Telinha"},"sameAs":["https:\/\/portaltela.pt\/"],"url":"https:\/\/portaltela.pt\/por\/367410592786\/"}]}},"_links":{"self":[{"href":"https:\/\/portaltela.pt\/api\/wp\/v2\/posts\/175928","targetHints":{"allow":["GET"]}}],"collection":[{"href":"https:\/\/portaltela.pt\/api\/wp\/v2\/posts"}],"about":[{"href":"https:\/\/portaltela.pt\/api\/wp\/v2\/types\/post"}],"author":[{"embeddable":true,"href":"https:\/\/portaltela.pt\/api\/wp\/v2\/users\/2"}],"replies":[{"embeddable":true,"href":"https:\/\/portaltela.pt\/api\/wp\/v2\/comments?post=175928"}],"version-history":[{"count":0,"href":"https:\/\/portaltela.pt\/api\/wp\/v2\/posts\/175928\/revisions"}],"wp:featuredmedia":[{"embeddable":true,"href":"https:\/\/portaltela.pt\/api\/wp\/v2\/media\/175931"}],"wp:attachment":[{"href":"https:\/\/portaltela.pt\/api\/wp\/v2\/media?parent=175928"}],"wp:term":[{"taxonomy":"category","embeddable":true,"href":"https:\/\/portaltela.pt\/api\/wp\/v2\/categories?post=175928"},{"taxonomy":"post_tag","embeddable":true,"href":"https:\/\/portaltela.pt\/api\/wp\/v2\/tags?post=175928"}],"curies":[{"name":"wp","href":"https:\/\/api.w.org\/{rel}","templated":true}]}}