{"id":175841,"date":"2026-01-27T04:30:00","date_gmt":"2026-01-27T07:30:00","guid":{"rendered":"https:\/\/portaltela.pt\/noticias\/2026\/01\/27\/mundo-afora-reune-martin-sued-orquestra-fred-martins-e-barbara-rodrix\/"},"modified":"2026-01-27T04:30:00","modified_gmt":"2026-01-27T07:30:00","slug":"mundo-afora-reune-martin-sued-orquestra-fred-martins-e-barbara-rodrix","status":"publish","type":"post","link":"https:\/\/portaltela.pt\/noticias\/2026\/01\/27\/mundo-afora-reune-martin-sued-orquestra-fred-martins-e-barbara-rodrix\/","title":{"rendered":"Mundo Afora re\u00fane Mart\u00edn Sued, Orquestra, Fred Martins e Barbara Rodrix"},"content":{"rendered":"<p>A nova produ\u00e7\u00e3o discogr\u00e1fica de Mart\u00edn Sued &amp; Orquestra Assintom\u00e1tica re\u00fane Fred Martins e Barbara Rodrix. O \u00e1lbum Mundo Afora ser\u00e1 apresentado ao vivo esta quarta-feira, no espa\u00e7o Bota, em Lisboa, a partir das 21h. O concerto marca a estreia de um conjunto de temas da dupla brasileira na linguagem da Orquestra Assintom\u00e1tica.<\/p>\n<p>Desde 2020, a Orquestra Assintom\u00e1tica tem explorado parcerias com m\u00fasicos de diversas geografias. S\u00f3 em 2022, ap\u00f3s a estreia em disco, o grupo consolidou um formato de resid\u00eancia semanal na F\u00e1brica Bra\u00e7o de Prata, com numerosos convidados a partir de uma identidade partilhada pela pandemia.<\/p>\n<p>Ao longo dos anos, a forma\u00e7\u00e3o tem vindo a lan\u00e7ar gravados e projetos ao vivo que envolvem nomes como Zambujo, Sobral, Maria Jo\u00e3o, Yamand\u00fa Costa e Selma Uamusse, entre outros. Os trabalhos t\u00eam mantido uma linha de arranjos originais e convites a artistas internacionais.<\/p>\n<h3>Mundo Afora: o que h\u00e1 neste disco<\/h3>\n<p>O tempo funciona como fio condutor no novo disco, com temas de Fred Martins e Barbara Rodrix gravados na voz de cada um, al\u00e9m de composi\u00e7\u00f5es pr\u00f3prias com letra de Donatello Brida. O projecto incluiu ainda a participa\u00e7\u00e3o de m\u00fasicos da Orquestra Assintom\u00e1tica em sess\u00f5es de est\u00fadio no interior de S\u00e3o Paulo.<\/p>\n<p>Donatello Brida entra na discografia do grupo pela primeira vez numa grava\u00e7\u00e3o fonogr\u00e1fica da Orquestra Assintom\u00e1tica. A leitura po\u00e9tica de Brida surge como complemento \u00e0s pe\u00e7as de Barbara e Fred, imprimindo uma leitura temporal aos poemas e \u00e0s m\u00fasicas.<\/p>\n<p>Segundo Mart\u00edn Sued, as sess\u00f5es de grava\u00e7\u00e3o tiveram origem numa digress\u00e3o em novembro de 2024, com a ideia de partilhar dias de resid\u00eancia entre artistas que se admiram. O encontro acabou por se transformar em registo discogr\u00e1fico, gravado em est\u00fadio de um para\u00edso brasileiro.<\/p>\n<h3>Perspectivas futuras<\/h3>\n<p>O disco Mundo Afora junta-se a outros trabalhos j\u00e1 anunciados pelo grupo, incluindo futuras grava\u00e7\u00f5es com uma s\u00e9rie de m\u00fasicos nacionais e internacionais. A Orquestra Assintom\u00e1tica continua a explorar novas parcerias, mantendo a directed musical com arranjos originais.<\/p>\n","protected":false},"excerpt":{"rendered":"<ul>\n<li>O disco Mundo Afora, assinado por Mart\u00edn Sued &amp; Orquestra Assintom\u00e1tica, com Fred Martins e Barbara Rodrix, \u00e9 apresentado ao vivo no espa\u00e7o Bota, em Lisboa, nesta quarta-feira, a partir das 21h.<\/li>\n<li>O projeto junta Mart\u00edn Sued (bandone\u00f3n), a Orquestra Assintom\u00e1tica e os cantores Fred Martins e Barbara Rodrix, com seis temas.<\/li>\n<li>O \u00e1lbum explora o tempo como tema central, desde o in\u00edcio com Acalanto at\u00e9 ao final com O tempo, incluindo dois temas de Fred Martins e dois de Barbara Rodrix, al\u00e9m de contribui\u00e7\u00f5es de Donatello Brida.<\/li>\n<li>A grava\u00e7\u00e3o ocorreu num est\u00fadio no interior de S\u00e3o Paulo, durante uma digress\u00e3o em novembro de 2024, que reuniu artistas como Barbara Rodrix e Fred Martins.<\/li>\n<li>A Orquestra Assintom\u00e1tica tem vindo a produzir novos trabalhos com v\u00e1rios m\u00fasicos nacionais e internacionais, com lan\u00e7amentos programados ao longo do ano.<\/li>\n<\/ul>\n","protected":false},"author":2,"featured_media":175855,"comment_status":"closed","ping_status":"closed","sticky":false,"template":"","format":"standard","meta":{"footnotes":""},"categories":[1],"tags":[1423,593,145,981,122,1996],"class_list":["post-175841","post","type-post","status-publish","format-standard","has-post-thumbnail","hentry","category-noticias","tag-artes-do-espectaculo","tag-concertos","tag-cultura","tag-lisboa","tag-musica","tag-parcerias-internacionais"],"yoast_head":"<!-- This site is optimized with the Yoast SEO plugin v27.2 - https:\/\/yoast.com\/product\/yoast-seo-wordpress\/ -->\n<title>Mundo Afora re\u00fane Mart\u00edn Sued, Orquestra, Fred Martins e Barbara Rodrix - Portal Tela Portugal<\/title>\n<meta name=\"robots\" content=\"index, follow, max-snippet:-1, max-image-preview:large, max-video-preview:-1\" \/>\n<meta property=\"og:locale\" content=\"pt_PT\" \/>\n<meta property=\"og:type\" content=\"article\" \/>\n<meta property=\"og:title\" content=\"Mundo Afora re\u00fane Mart\u00edn Sued, Orquestra, Fred Martins e Barbara Rodrix - Portal Tela Portugal\" \/>\n<meta property=\"og:description\" content=\"O disco Mundo Afora, assinado por Mart\u00edn Sued &amp; Orquestra Assintom\u00e1tica, com Fred Martins e Barbara Rodrix, \u00e9 apresentado ao vivo no espa\u00e7o Bota, em Lisboa, nesta quarta-feira, a partir das 21h. O projeto junta Mart\u00edn Sued (bandone\u00f3n), a Orquestra Assintom\u00e1tica e os cantores Fred Martins e Barbara Rodrix, com seis temas. O \u00e1lbum explora o tempo como tema central, desde o in\u00edcio com Acalanto at\u00e9 ao final com O tempo, incluindo dois temas de Fred Martins e dois de Barbara Rodrix, al\u00e9m de contribui\u00e7\u00f5es de Donatello Brida. A grava\u00e7\u00e3o ocorreu num est\u00fadio no interior de S\u00e3o Paulo, durante uma digress\u00e3o em novembro de 2024, que reuniu artistas como Barbara Rodrix e Fred Martins. A Orquestra Assintom\u00e1tica tem vindo a produzir novos trabalhos com v\u00e1rios m\u00fasicos nacionais e internacionais, com lan\u00e7amentos programados ao longo do ano.\" \/>\n<meta property=\"og:url\" content=\"https:\/\/portaltela.pt\/noticias\/2026\/01\/27\/mundo-afora-reune-martin-sued-orquestra-fred-martins-e-barbara-rodrix\/\" \/>\n<meta property=\"og:site_name\" content=\"Portal Tela Portugal\" \/>\n<meta property=\"article:published_time\" content=\"2026-01-27T07:30:00+00:00\" \/>\n<meta name=\"author\" content=\"Telinha\" \/>\n<meta name=\"twitter:card\" content=\"summary_large_image\" \/>\n<meta name=\"twitter:label1\" content=\"Escrito por\" \/>\n\t<meta name=\"twitter:data1\" content=\"Telinha\" \/>\n\t<meta name=\"twitter:label2\" content=\"Tempo estimado de leitura\" \/>\n\t<meta name=\"twitter:data2\" content=\"2 minutos\" \/>\n<script type=\"application\/ld+json\" class=\"yoast-schema-graph\">{\"@context\":\"https:\/\/schema.org\",\"@graph\":[{\"@type\":\"Article\",\"@id\":\"https:\/\/portaltela.pt\/noticias\/2026\/01\/27\/mundo-afora-reune-martin-sued-orquestra-fred-martins-e-barbara-rodrix\/#article\",\"isPartOf\":{\"@id\":\"https:\/\/portaltela.pt\/noticias\/2026\/01\/27\/mundo-afora-reune-martin-sued-orquestra-fred-martins-e-barbara-rodrix\/\"},\"author\":{\"name\":\"Telinha\",\"@id\":\"https:\/\/portaltela.pt\/#\/schema\/person\/c4278d4a6028830caff9ee44b42d32ed\"},\"headline\":\"Mundo Afora re\u00fane Mart\u00edn Sued, Orquestra, Fred Martins e Barbara Rodrix\",\"datePublished\":\"2026-01-27T07:30:00+00:00\",\"mainEntityOfPage\":{\"@id\":\"https:\/\/portaltela.pt\/noticias\/2026\/01\/27\/mundo-afora-reune-martin-sued-orquestra-fred-martins-e-barbara-rodrix\/\"},\"wordCount\":378,\"image\":{\"@id\":\"https:\/\/portaltela.pt\/noticias\/2026\/01\/27\/mundo-afora-reune-martin-sued-orquestra-fred-martins-e-barbara-rodrix\/#primaryimage\"},\"thumbnailUrl\":\"https:\/\/portaltela.pt\/s.01k8rhncp4jt1\/2026\/01\/2061958.jpg\",\"keywords\":[\"artes do espect\u00e1culo\",\"concertos\",\"cultura\",\"Lisboa\",\"m\u00fasica\",\"parcerias internacionais\"],\"articleSection\":[\"Not\u00edcias\"],\"inLanguage\":\"pt-PT\"},{\"@type\":\"WebPage\",\"@id\":\"https:\/\/portaltela.pt\/noticias\/2026\/01\/27\/mundo-afora-reune-martin-sued-orquestra-fred-martins-e-barbara-rodrix\/\",\"url\":\"https:\/\/portaltela.pt\/noticias\/2026\/01\/27\/mundo-afora-reune-martin-sued-orquestra-fred-martins-e-barbara-rodrix\/\",\"name\":\"Mundo Afora re\u00fane Mart\u00edn Sued, Orquestra, Fred Martins e Barbara Rodrix - Portal Tela Portugal\",\"isPartOf\":{\"@id\":\"https:\/\/portaltela.pt\/#website\"},\"primaryImageOfPage\":{\"@id\":\"https:\/\/portaltela.pt\/noticias\/2026\/01\/27\/mundo-afora-reune-martin-sued-orquestra-fred-martins-e-barbara-rodrix\/#primaryimage\"},\"image\":{\"@id\":\"https:\/\/portaltela.pt\/noticias\/2026\/01\/27\/mundo-afora-reune-martin-sued-orquestra-fred-martins-e-barbara-rodrix\/#primaryimage\"},\"thumbnailUrl\":\"https:\/\/portaltela.pt\/s.01k8rhncp4jt1\/2026\/01\/2061958.jpg\",\"datePublished\":\"2026-01-27T07:30:00+00:00\",\"author\":{\"@id\":\"https:\/\/portaltela.pt\/#\/schema\/person\/c4278d4a6028830caff9ee44b42d32ed\"},\"breadcrumb\":{\"@id\":\"https:\/\/portaltela.pt\/noticias\/2026\/01\/27\/mundo-afora-reune-martin-sued-orquestra-fred-martins-e-barbara-rodrix\/#breadcrumb\"},\"inLanguage\":\"pt-PT\",\"potentialAction\":[{\"@type\":\"ReadAction\",\"target\":[\"https:\/\/portaltela.pt\/noticias\/2026\/01\/27\/mundo-afora-reune-martin-sued-orquestra-fred-martins-e-barbara-rodrix\/\"]}]},{\"@type\":\"ImageObject\",\"inLanguage\":\"pt-PT\",\"@id\":\"https:\/\/portaltela.pt\/noticias\/2026\/01\/27\/mundo-afora-reune-martin-sued-orquestra-fred-martins-e-barbara-rodrix\/#primaryimage\",\"url\":\"https:\/\/portaltela.pt\/s.01k8rhncp4jt1\/2026\/01\/2061958.jpg\",\"contentUrl\":\"https:\/\/portaltela.pt\/s.01k8rhncp4jt1\/2026\/01\/2061958.jpg\",\"width\":796,\"height\":448,\"caption\":\"Fred Martins em palco com Mart\u00edn Sued & Orquestra Assintom\u00e1tica\"},{\"@type\":\"BreadcrumbList\",\"@id\":\"https:\/\/portaltela.pt\/noticias\/2026\/01\/27\/mundo-afora-reune-martin-sued-orquestra-fred-martins-e-barbara-rodrix\/#breadcrumb\",\"itemListElement\":[{\"@type\":\"ListItem\",\"position\":1,\"name\":\"In\u00edcio\",\"item\":\"https:\/\/portaltela.pt\/\"},{\"@type\":\"ListItem\",\"position\":2,\"name\":\"Mundo Afora re\u00fane Mart\u00edn Sued, Orquestra, Fred Martins e Barbara Rodrix\"}]},{\"@type\":\"WebSite\",\"@id\":\"https:\/\/portaltela.pt\/#website\",\"url\":\"https:\/\/portaltela.pt\/\",\"name\":\"Portal Tela Portugal\",\"description\":\"\",\"potentialAction\":[{\"@type\":\"SearchAction\",\"target\":{\"@type\":\"EntryPoint\",\"urlTemplate\":\"https:\/\/portaltela.pt\/?s={search_term_string}\"},\"query-input\":{\"@type\":\"PropertyValueSpecification\",\"valueRequired\":true,\"valueName\":\"search_term_string\"}}],\"inLanguage\":\"pt-PT\"},{\"@type\":\"Person\",\"@id\":\"https:\/\/portaltela.pt\/#\/schema\/person\/c4278d4a6028830caff9ee44b42d32ed\",\"name\":\"Telinha\",\"image\":{\"@type\":\"ImageObject\",\"inLanguage\":\"pt-PT\",\"@id\":\"https:\/\/portaltela.pt\/s.01k8rhncp4jt1\/2025\/11\/talking-bot-125x125.png\",\"url\":\"https:\/\/portaltela.pt\/s.01k8rhncp4jt1\/2025\/11\/talking-bot-125x125.png\",\"contentUrl\":\"https:\/\/portaltela.pt\/s.01k8rhncp4jt1\/2025\/11\/talking-bot-125x125.png\",\"caption\":\"Telinha\"},\"sameAs\":[\"https:\/\/portaltela.pt\/\"],\"url\":\"https:\/\/portaltela.pt\/por\/367410592786\/\"}]}<\/script>\n<!-- \/ Yoast SEO plugin. -->","yoast_head_json":{"title":"Mundo Afora re\u00fane Mart\u00edn Sued, Orquestra, Fred Martins e Barbara Rodrix - Portal Tela Portugal","robots":{"index":"index","follow":"follow","max-snippet":"max-snippet:-1","max-image-preview":"max-image-preview:large","max-video-preview":"max-video-preview:-1"},"og_locale":"pt_PT","og_type":"article","og_title":"Mundo Afora re\u00fane Mart\u00edn Sued, Orquestra, Fred Martins e Barbara Rodrix - Portal Tela Portugal","og_description":"O disco Mundo Afora, assinado por Mart\u00edn Sued &amp; Orquestra Assintom\u00e1tica, com Fred Martins e Barbara Rodrix, \u00e9 apresentado ao vivo no espa\u00e7o Bota, em Lisboa, nesta quarta-feira, a partir das 21h. O projeto junta Mart\u00edn Sued (bandone\u00f3n), a Orquestra Assintom\u00e1tica e os cantores Fred Martins e Barbara Rodrix, com seis temas. O \u00e1lbum explora o tempo como tema central, desde o in\u00edcio com Acalanto at\u00e9 ao final com O tempo, incluindo dois temas de Fred Martins e dois de Barbara Rodrix, al\u00e9m de contribui\u00e7\u00f5es de Donatello Brida. A grava\u00e7\u00e3o ocorreu num est\u00fadio no interior de S\u00e3o Paulo, durante uma digress\u00e3o em novembro de 2024, que reuniu artistas como Barbara Rodrix e Fred Martins. A Orquestra Assintom\u00e1tica tem vindo a produzir novos trabalhos com v\u00e1rios m\u00fasicos nacionais e internacionais, com lan\u00e7amentos programados ao longo do ano.","og_url":"https:\/\/portaltela.pt\/noticias\/2026\/01\/27\/mundo-afora-reune-martin-sued-orquestra-fred-martins-e-barbara-rodrix\/","og_site_name":"Portal Tela Portugal","article_published_time":"2026-01-27T07:30:00+00:00","author":"Telinha","twitter_card":"summary_large_image","twitter_misc":{"Escrito por":"Telinha","Tempo estimado de leitura":"2 minutos"},"schema":{"@context":"https:\/\/schema.org","@graph":[{"@type":"Article","@id":"https:\/\/portaltela.pt\/noticias\/2026\/01\/27\/mundo-afora-reune-martin-sued-orquestra-fred-martins-e-barbara-rodrix\/#article","isPartOf":{"@id":"https:\/\/portaltela.pt\/noticias\/2026\/01\/27\/mundo-afora-reune-martin-sued-orquestra-fred-martins-e-barbara-rodrix\/"},"author":{"name":"Telinha","@id":"https:\/\/portaltela.pt\/#\/schema\/person\/c4278d4a6028830caff9ee44b42d32ed"},"headline":"Mundo Afora re\u00fane Mart\u00edn Sued, Orquestra, Fred Martins e Barbara Rodrix","datePublished":"2026-01-27T07:30:00+00:00","mainEntityOfPage":{"@id":"https:\/\/portaltela.pt\/noticias\/2026\/01\/27\/mundo-afora-reune-martin-sued-orquestra-fred-martins-e-barbara-rodrix\/"},"wordCount":378,"image":{"@id":"https:\/\/portaltela.pt\/noticias\/2026\/01\/27\/mundo-afora-reune-martin-sued-orquestra-fred-martins-e-barbara-rodrix\/#primaryimage"},"thumbnailUrl":"https:\/\/portaltela.pt\/s.01k8rhncp4jt1\/2026\/01\/2061958.jpg","keywords":["artes do espect\u00e1culo","concertos","cultura","Lisboa","m\u00fasica","parcerias internacionais"],"articleSection":["Not\u00edcias"],"inLanguage":"pt-PT"},{"@type":"WebPage","@id":"https:\/\/portaltela.pt\/noticias\/2026\/01\/27\/mundo-afora-reune-martin-sued-orquestra-fred-martins-e-barbara-rodrix\/","url":"https:\/\/portaltela.pt\/noticias\/2026\/01\/27\/mundo-afora-reune-martin-sued-orquestra-fred-martins-e-barbara-rodrix\/","name":"Mundo Afora re\u00fane Mart\u00edn Sued, Orquestra, Fred Martins e Barbara Rodrix - Portal Tela Portugal","isPartOf":{"@id":"https:\/\/portaltela.pt\/#website"},"primaryImageOfPage":{"@id":"https:\/\/portaltela.pt\/noticias\/2026\/01\/27\/mundo-afora-reune-martin-sued-orquestra-fred-martins-e-barbara-rodrix\/#primaryimage"},"image":{"@id":"https:\/\/portaltela.pt\/noticias\/2026\/01\/27\/mundo-afora-reune-martin-sued-orquestra-fred-martins-e-barbara-rodrix\/#primaryimage"},"thumbnailUrl":"https:\/\/portaltela.pt\/s.01k8rhncp4jt1\/2026\/01\/2061958.jpg","datePublished":"2026-01-27T07:30:00+00:00","author":{"@id":"https:\/\/portaltela.pt\/#\/schema\/person\/c4278d4a6028830caff9ee44b42d32ed"},"breadcrumb":{"@id":"https:\/\/portaltela.pt\/noticias\/2026\/01\/27\/mundo-afora-reune-martin-sued-orquestra-fred-martins-e-barbara-rodrix\/#breadcrumb"},"inLanguage":"pt-PT","potentialAction":[{"@type":"ReadAction","target":["https:\/\/portaltela.pt\/noticias\/2026\/01\/27\/mundo-afora-reune-martin-sued-orquestra-fred-martins-e-barbara-rodrix\/"]}]},{"@type":"ImageObject","inLanguage":"pt-PT","@id":"https:\/\/portaltela.pt\/noticias\/2026\/01\/27\/mundo-afora-reune-martin-sued-orquestra-fred-martins-e-barbara-rodrix\/#primaryimage","url":"https:\/\/portaltela.pt\/s.01k8rhncp4jt1\/2026\/01\/2061958.jpg","contentUrl":"https:\/\/portaltela.pt\/s.01k8rhncp4jt1\/2026\/01\/2061958.jpg","width":796,"height":448,"caption":"Fred Martins em palco com Mart\u00edn Sued & Orquestra Assintom\u00e1tica"},{"@type":"BreadcrumbList","@id":"https:\/\/portaltela.pt\/noticias\/2026\/01\/27\/mundo-afora-reune-martin-sued-orquestra-fred-martins-e-barbara-rodrix\/#breadcrumb","itemListElement":[{"@type":"ListItem","position":1,"name":"In\u00edcio","item":"https:\/\/portaltela.pt\/"},{"@type":"ListItem","position":2,"name":"Mundo Afora re\u00fane Mart\u00edn Sued, Orquestra, Fred Martins e Barbara Rodrix"}]},{"@type":"WebSite","@id":"https:\/\/portaltela.pt\/#website","url":"https:\/\/portaltela.pt\/","name":"Portal Tela Portugal","description":"","potentialAction":[{"@type":"SearchAction","target":{"@type":"EntryPoint","urlTemplate":"https:\/\/portaltela.pt\/?s={search_term_string}"},"query-input":{"@type":"PropertyValueSpecification","valueRequired":true,"valueName":"search_term_string"}}],"inLanguage":"pt-PT"},{"@type":"Person","@id":"https:\/\/portaltela.pt\/#\/schema\/person\/c4278d4a6028830caff9ee44b42d32ed","name":"Telinha","image":{"@type":"ImageObject","inLanguage":"pt-PT","@id":"https:\/\/portaltela.pt\/s.01k8rhncp4jt1\/2025\/11\/talking-bot-125x125.png","url":"https:\/\/portaltela.pt\/s.01k8rhncp4jt1\/2025\/11\/talking-bot-125x125.png","contentUrl":"https:\/\/portaltela.pt\/s.01k8rhncp4jt1\/2025\/11\/talking-bot-125x125.png","caption":"Telinha"},"sameAs":["https:\/\/portaltela.pt\/"],"url":"https:\/\/portaltela.pt\/por\/367410592786\/"}]}},"_links":{"self":[{"href":"https:\/\/portaltela.pt\/api\/wp\/v2\/posts\/175841","targetHints":{"allow":["GET"]}}],"collection":[{"href":"https:\/\/portaltela.pt\/api\/wp\/v2\/posts"}],"about":[{"href":"https:\/\/portaltela.pt\/api\/wp\/v2\/types\/post"}],"author":[{"embeddable":true,"href":"https:\/\/portaltela.pt\/api\/wp\/v2\/users\/2"}],"replies":[{"embeddable":true,"href":"https:\/\/portaltela.pt\/api\/wp\/v2\/comments?post=175841"}],"version-history":[{"count":0,"href":"https:\/\/portaltela.pt\/api\/wp\/v2\/posts\/175841\/revisions"}],"wp:featuredmedia":[{"embeddable":true,"href":"https:\/\/portaltela.pt\/api\/wp\/v2\/media\/175855"}],"wp:attachment":[{"href":"https:\/\/portaltela.pt\/api\/wp\/v2\/media?parent=175841"}],"wp:term":[{"taxonomy":"category","embeddable":true,"href":"https:\/\/portaltela.pt\/api\/wp\/v2\/categories?post=175841"},{"taxonomy":"post_tag","embeddable":true,"href":"https:\/\/portaltela.pt\/api\/wp\/v2\/tags?post=175841"}],"curies":[{"name":"wp","href":"https:\/\/api.w.org\/{rel}","templated":true}]}}