{"id":175812,"date":"2026-01-27T04:19:56","date_gmt":"2026-01-27T07:19:56","guid":{"rendered":"https:\/\/portaltela.pt\/noticias\/2026\/01\/27\/ministro-da-defesa-visita-turquia-e-polonia-para-avaliar-investimentos\/"},"modified":"2026-01-27T04:19:56","modified_gmt":"2026-01-27T07:19:56","slug":"ministro-da-defesa-visita-turquia-e-polonia-para-avaliar-investimentos","status":"publish","type":"post","link":"https:\/\/portaltela.pt\/noticias\/2026\/01\/27\/ministro-da-defesa-visita-turquia-e-polonia-para-avaliar-investimentos\/","title":{"rendered":"Ministro da Defesa visita Turquia e Pol\u00f3nia para avaliar investimentos"},"content":{"rendered":"<p>O ministro da Defesa Nacional, Nuno Melo, viaja esta semana \u00e0 Turquia e \u00e0 Pol\u00f3nia para avaliar oportunidades de investimento nas ind\u00fastrias de defesa e para avan\u00e7ar com o reequipamento das For\u00e7as Armadas. Entre os projetos, contam-se dois navios reabastecedores para a Marinha, em constru\u00e7\u00e3o nos estaleiros turcos.<\/p>\n<p>Em Istambul, na Turquia, o objetivo \u00e9 identificar oportunidades de colabora\u00e7\u00e3o e aquisi\u00e7\u00e3o. Na quarta-feira, o governante portugu\u00eas re\u00fane-se com o secret\u00e1rio das Ind\u00fastrias de Defesa da Turquia, Haluk G\u00f6rg\u00fcn, para aprofundar contactos institucionais.<\/p>\n<p>Na mesma manh\u00e3, acompanhado pelo seu hom\u00f3logo turco, Nuno Melo visita os estaleiros ADA, em Tuzla, para a cerim\u00f3nia de assentamento da quilha do NRP Lu\u00eds de Cam\u00f5es, primeiro de dois navios reabastecedores que v\u00e3o refor\u00e7ar a Marinha. O acordo resulta de contrato com a empresa STM.<\/p>\n<h3>Contexto e antecedentes<\/h3>\n<p>No final de 2024, o chefe do Estado-Maior da Armada informou que a Marinha pretende preencher uma lacuna com a aquisi\u00e7\u00e3o de dois navios reabastecedores, com chegada prevista para 2028. A assinatura do contrato foi com a STM, empresa turca.<\/p>\n<p>No in\u00edcio deste ano, a ministra da Defesa autorizou a despesa para a aquisi\u00e7\u00e3o, at\u00e9 um m\u00e1ximo de 100 milh\u00f5es de euros, integrada na Lei de Programa\u00e7\u00e3o Militar. O objetivo \u00e9 refor\u00e7ar a log\u00edstica naval.<\/p>\n<p>Portugal n\u00e3o possui neste momento um navio reabastecedor desde o descomissionamento do B\u00e9rrio, que deixou de operar para a Marinha em 2020.<\/p>\n<h3>Reuni\u00f5es em Vars\u00f3via<\/h3>\n<p>Na sexta-feira, Nuno Melo desloca-se a Vars\u00f3via, onde tem reuni\u00e3o marcada com o ministro da Defesa da Pol\u00f3nia, Wladyslaw Kosiniak-Kamysz, para explorar sinergias bilaterais. A Pol\u00f3nia tem forte foco de investimento em defesa e beneficia de linhas de financiamento do programa SAFE da UE.<\/p>\n<p>A Pol\u00f3nia figura entre os principais emissores de financiamento UE para defesa na regi\u00e3o e lidera o investimento na NATO, o que insere Portugal num quadro de coopera\u00e7\u00e3o estrat\u00e9gica com parceiros de frente fronteiri\u00e7a com a Ucr\u00e2nia.<\/p>\n<h3>Comitiva portuguesa<\/h3>\n<p>Integram a comitiva o Secret\u00e1rio de Estado Adjunto e da Defesa Nacional, \u00c1lvaro Castello-Branco, os chefes do Estado-Maior da Armada, almirante Jorge Nobre de Sousa, e da For\u00e7a A\u00e9rea, general Jo\u00e3o Cartaxo Alves, al\u00e9m do presidente do Conselho de Administra\u00e7\u00e3o da IdD Portugal Defence, Ricardo Pinheiro Alves, entre outros membros.<\/p>\n","protected":false},"excerpt":{"rendered":"<ul>\n<li>O ministro da Defesa Nacional, Nuno Melo, viaja esta semana \u00e0 Turquia e \u00e0 Pol\u00f3nia para avaliar investimentos nas ind\u00fastrias de defesa e oportunidades de reequipar as For\u00e7as Armadas, incluindo dois navios reabastecedores em constru\u00e7\u00e3o na Turquia.<\/li>\n<li>Em Istambul, o objetivo \u00e9 explorar oportunidades com empresas turcas e, na quinta-feira, reunir-se com o secret\u00e1rio das Ind\u00fastrias de Defesa da Turquia, Haluk G\u00f6rg\u00fcn; seguir-se-\u00e1 a visita aos estaleiros da ADA, em Tuzla, para a quilha do NRP Lu\u00eds de Cam\u00f5es.<\/li>\n<li>O navio reabastecedor Lu\u00eds de Cam\u00f5es \u00e9 o primeiro de dois, resultando de um contrato entre a Marinha Portuguesa e a empresa turca STM; Portugal autorizou, no in\u00edcio deste ano, despesa at\u00e9 100 milh\u00f5es de euros para a aquisi\u00e7\u00e3o.<\/li>\n<li>Em dezembro de 2024, foi anunciada a inten\u00e7\u00e3o de adquirir dois navios reabastecedores para colmatar uma lacuna da Marinha, com chegada prevista para 2028; o B\u00e9rrio j\u00e1 saiu de servi\u00e7o desde 2020.<\/li>\n<li>Na sexta-feira, Melo segue para Vars\u00f3via para reuni\u00e3o com o hom\u00f3logo polaco, com vista a criar sinergias, num contexto em que a Pol\u00f3nia lidera despesas de defesa na NATO e beneficia de financiamentos do instrumento SAFE da UE, num total de cerca de 43 mil milh\u00f5es de euros para o programa europeu, ao qual Portugal candidatou um plano de 5,8 mil milh\u00f5es de euros; a comitiva inclui ainda autoridades nacionais e respons\u00e1veis da IdD Portugal Defence.<\/li>\n<\/ul>\n","protected":false},"author":2,"featured_media":175816,"comment_status":"closed","ping_status":"closed","sticky":false,"template":"","format":"standard","meta":{"footnotes":""},"categories":[1],"tags":[2336,1779,316,2269,1488,2126],"class_list":["post-175812","post","type-post","status-publish","format-standard","has-post-thumbnail","hentry","category-noticias","tag-defesa-nacional","tag-forcas-armadas","tag-investimento","tag-marinha-portuguesa","tag-polonia","tag-turquia"],"yoast_head":"<!-- This site is optimized with the Yoast SEO plugin v27.2 - https:\/\/yoast.com\/product\/yoast-seo-wordpress\/ -->\n<title>Ministro da Defesa visita Turquia e Pol\u00f3nia para avaliar investimentos - Portal Tela Portugal<\/title>\n<meta name=\"robots\" content=\"index, follow, max-snippet:-1, max-image-preview:large, max-video-preview:-1\" \/>\n<meta property=\"og:locale\" content=\"pt_PT\" \/>\n<meta property=\"og:type\" content=\"article\" \/>\n<meta property=\"og:title\" content=\"Ministro da Defesa visita Turquia e Pol\u00f3nia para avaliar investimentos - Portal Tela Portugal\" \/>\n<meta property=\"og:description\" content=\"O ministro da Defesa Nacional, Nuno Melo, viaja esta semana \u00e0 Turquia e \u00e0 Pol\u00f3nia para avaliar investimentos nas ind\u00fastrias de defesa e oportunidades de reequipar as For\u00e7as Armadas, incluindo dois navios reabastecedores em constru\u00e7\u00e3o na Turquia. Em Istambul, o objetivo \u00e9 explorar oportunidades com empresas turcas e, na quinta-feira, reunir-se com o secret\u00e1rio das Ind\u00fastrias de Defesa da Turquia, Haluk G\u00f6rg\u00fcn; seguir-se-\u00e1 a visita aos estaleiros da ADA, em Tuzla, para a quilha do NRP Lu\u00eds de Cam\u00f5es. O navio reabastecedor Lu\u00eds de Cam\u00f5es \u00e9 o primeiro de dois, resultando de um contrato entre a Marinha Portuguesa e a empresa turca STM; Portugal autorizou, no in\u00edcio deste ano, despesa at\u00e9 100 milh\u00f5es de euros para a aquisi\u00e7\u00e3o. Em dezembro de 2024, foi anunciada a inten\u00e7\u00e3o de adquirir dois navios reabastecedores para colmatar uma lacuna da Marinha, com chegada prevista para 2028; o B\u00e9rrio j\u00e1 saiu de servi\u00e7o desde 2020. Na sexta-feira, Melo segue para Vars\u00f3via para reuni\u00e3o com o hom\u00f3logo polaco, com vista a criar sinergias, num contexto em que a Pol\u00f3nia lidera despesas de defesa na NATO e beneficia de financiamentos do instrumento SAFE da UE, num total de cerca de 43 mil milh\u00f5es de euros para o programa europeu, ao qual Portugal candidatou um plano de 5,8 mil milh\u00f5es de euros; a comitiva inclui ainda autoridades nacionais e respons\u00e1veis da IdD Portugal Defence.\" \/>\n<meta property=\"og:url\" content=\"https:\/\/portaltela.pt\/noticias\/2026\/01\/27\/ministro-da-defesa-visita-turquia-e-polonia-para-avaliar-investimentos\/\" \/>\n<meta property=\"og:site_name\" content=\"Portal Tela Portugal\" \/>\n<meta property=\"article:published_time\" content=\"2026-01-27T07:19:56+00:00\" \/>\n<meta name=\"author\" content=\"Telinha\" \/>\n<meta name=\"twitter:card\" content=\"summary_large_image\" \/>\n<meta name=\"twitter:label1\" content=\"Escrito por\" \/>\n\t<meta name=\"twitter:data1\" content=\"Telinha\" \/>\n\t<meta name=\"twitter:label2\" content=\"Tempo estimado de leitura\" \/>\n\t<meta name=\"twitter:data2\" content=\"2 minutos\" \/>\n<script type=\"application\/ld+json\" class=\"yoast-schema-graph\">{\"@context\":\"https:\/\/schema.org\",\"@graph\":[{\"@type\":\"Article\",\"@id\":\"https:\/\/portaltela.pt\/noticias\/2026\/01\/27\/ministro-da-defesa-visita-turquia-e-polonia-para-avaliar-investimentos\/#article\",\"isPartOf\":{\"@id\":\"https:\/\/portaltela.pt\/noticias\/2026\/01\/27\/ministro-da-defesa-visita-turquia-e-polonia-para-avaliar-investimentos\/\"},\"author\":{\"name\":\"Telinha\",\"@id\":\"https:\/\/portaltela.pt\/#\/schema\/person\/c4278d4a6028830caff9ee44b42d32ed\"},\"headline\":\"Ministro da Defesa visita Turquia e Pol\u00f3nia para avaliar investimentos\",\"datePublished\":\"2026-01-27T07:19:56+00:00\",\"mainEntityOfPage\":{\"@id\":\"https:\/\/portaltela.pt\/noticias\/2026\/01\/27\/ministro-da-defesa-visita-turquia-e-polonia-para-avaliar-investimentos\/\"},\"wordCount\":415,\"image\":{\"@id\":\"https:\/\/portaltela.pt\/noticias\/2026\/01\/27\/ministro-da-defesa-visita-turquia-e-polonia-para-avaliar-investimentos\/#primaryimage\"},\"thumbnailUrl\":\"https:\/\/portaltela.pt\/s.01k8rhncp4jt1\/2026\/01\/img_1500x1000uu2024-07-26-13-51-12-1711760-1.jpg\",\"keywords\":[\"Defesa Nacional\",\"For\u00e7as Armadas\",\"investimento\",\"Marinha Portuguesa\",\"Pol\u00f3nia\",\"Turquia\"],\"articleSection\":[\"Not\u00edcias\"],\"inLanguage\":\"pt-PT\"},{\"@type\":\"WebPage\",\"@id\":\"https:\/\/portaltela.pt\/noticias\/2026\/01\/27\/ministro-da-defesa-visita-turquia-e-polonia-para-avaliar-investimentos\/\",\"url\":\"https:\/\/portaltela.pt\/noticias\/2026\/01\/27\/ministro-da-defesa-visita-turquia-e-polonia-para-avaliar-investimentos\/\",\"name\":\"Ministro da Defesa visita Turquia e Pol\u00f3nia para avaliar investimentos - Portal Tela Portugal\",\"isPartOf\":{\"@id\":\"https:\/\/portaltela.pt\/#website\"},\"primaryImageOfPage\":{\"@id\":\"https:\/\/portaltela.pt\/noticias\/2026\/01\/27\/ministro-da-defesa-visita-turquia-e-polonia-para-avaliar-investimentos\/#primaryimage\"},\"image\":{\"@id\":\"https:\/\/portaltela.pt\/noticias\/2026\/01\/27\/ministro-da-defesa-visita-turquia-e-polonia-para-avaliar-investimentos\/#primaryimage\"},\"thumbnailUrl\":\"https:\/\/portaltela.pt\/s.01k8rhncp4jt1\/2026\/01\/img_1500x1000uu2024-07-26-13-51-12-1711760-1.jpg\",\"datePublished\":\"2026-01-27T07:19:56+00:00\",\"author\":{\"@id\":\"https:\/\/portaltela.pt\/#\/schema\/person\/c4278d4a6028830caff9ee44b42d32ed\"},\"breadcrumb\":{\"@id\":\"https:\/\/portaltela.pt\/noticias\/2026\/01\/27\/ministro-da-defesa-visita-turquia-e-polonia-para-avaliar-investimentos\/#breadcrumb\"},\"inLanguage\":\"pt-PT\",\"potentialAction\":[{\"@type\":\"ReadAction\",\"target\":[\"https:\/\/portaltela.pt\/noticias\/2026\/01\/27\/ministro-da-defesa-visita-turquia-e-polonia-para-avaliar-investimentos\/\"]}]},{\"@type\":\"ImageObject\",\"inLanguage\":\"pt-PT\",\"@id\":\"https:\/\/portaltela.pt\/noticias\/2026\/01\/27\/ministro-da-defesa-visita-turquia-e-polonia-para-avaliar-investimentos\/#primaryimage\",\"url\":\"https:\/\/portaltela.pt\/s.01k8rhncp4jt1\/2026\/01\/img_1500x1000uu2024-07-26-13-51-12-1711760-1.jpg\",\"contentUrl\":\"https:\/\/portaltela.pt\/s.01k8rhncp4jt1\/2026\/01\/img_1500x1000uu2024-07-26-13-51-12-1711760-1.jpg\",\"width\":796,\"height\":448,\"caption\":\"Nuno Melo, ministro da Defesa Nacional\"},{\"@type\":\"BreadcrumbList\",\"@id\":\"https:\/\/portaltela.pt\/noticias\/2026\/01\/27\/ministro-da-defesa-visita-turquia-e-polonia-para-avaliar-investimentos\/#breadcrumb\",\"itemListElement\":[{\"@type\":\"ListItem\",\"position\":1,\"name\":\"In\u00edcio\",\"item\":\"https:\/\/portaltela.pt\/\"},{\"@type\":\"ListItem\",\"position\":2,\"name\":\"Ministro da Defesa visita Turquia e Pol\u00f3nia para avaliar investimentos\"}]},{\"@type\":\"WebSite\",\"@id\":\"https:\/\/portaltela.pt\/#website\",\"url\":\"https:\/\/portaltela.pt\/\",\"name\":\"Portal Tela Portugal\",\"description\":\"\",\"potentialAction\":[{\"@type\":\"SearchAction\",\"target\":{\"@type\":\"EntryPoint\",\"urlTemplate\":\"https:\/\/portaltela.pt\/?s={search_term_string}\"},\"query-input\":{\"@type\":\"PropertyValueSpecification\",\"valueRequired\":true,\"valueName\":\"search_term_string\"}}],\"inLanguage\":\"pt-PT\"},{\"@type\":\"Person\",\"@id\":\"https:\/\/portaltela.pt\/#\/schema\/person\/c4278d4a6028830caff9ee44b42d32ed\",\"name\":\"Telinha\",\"image\":{\"@type\":\"ImageObject\",\"inLanguage\":\"pt-PT\",\"@id\":\"https:\/\/portaltela.pt\/s.01k8rhncp4jt1\/2025\/11\/talking-bot-125x125.png\",\"url\":\"https:\/\/portaltela.pt\/s.01k8rhncp4jt1\/2025\/11\/talking-bot-125x125.png\",\"contentUrl\":\"https:\/\/portaltela.pt\/s.01k8rhncp4jt1\/2025\/11\/talking-bot-125x125.png\",\"caption\":\"Telinha\"},\"sameAs\":[\"https:\/\/portaltela.pt\/\"],\"url\":\"https:\/\/portaltela.pt\/por\/367410592786\/\"}]}<\/script>\n<!-- \/ Yoast SEO plugin. -->","yoast_head_json":{"title":"Ministro da Defesa visita Turquia e Pol\u00f3nia para avaliar investimentos - Portal Tela Portugal","robots":{"index":"index","follow":"follow","max-snippet":"max-snippet:-1","max-image-preview":"max-image-preview:large","max-video-preview":"max-video-preview:-1"},"og_locale":"pt_PT","og_type":"article","og_title":"Ministro da Defesa visita Turquia e Pol\u00f3nia para avaliar investimentos - Portal Tela Portugal","og_description":"O ministro da Defesa Nacional, Nuno Melo, viaja esta semana \u00e0 Turquia e \u00e0 Pol\u00f3nia para avaliar investimentos nas ind\u00fastrias de defesa e oportunidades de reequipar as For\u00e7as Armadas, incluindo dois navios reabastecedores em constru\u00e7\u00e3o na Turquia. Em Istambul, o objetivo \u00e9 explorar oportunidades com empresas turcas e, na quinta-feira, reunir-se com o secret\u00e1rio das Ind\u00fastrias de Defesa da Turquia, Haluk G\u00f6rg\u00fcn; seguir-se-\u00e1 a visita aos estaleiros da ADA, em Tuzla, para a quilha do NRP Lu\u00eds de Cam\u00f5es. O navio reabastecedor Lu\u00eds de Cam\u00f5es \u00e9 o primeiro de dois, resultando de um contrato entre a Marinha Portuguesa e a empresa turca STM; Portugal autorizou, no in\u00edcio deste ano, despesa at\u00e9 100 milh\u00f5es de euros para a aquisi\u00e7\u00e3o. Em dezembro de 2024, foi anunciada a inten\u00e7\u00e3o de adquirir dois navios reabastecedores para colmatar uma lacuna da Marinha, com chegada prevista para 2028; o B\u00e9rrio j\u00e1 saiu de servi\u00e7o desde 2020. Na sexta-feira, Melo segue para Vars\u00f3via para reuni\u00e3o com o hom\u00f3logo polaco, com vista a criar sinergias, num contexto em que a Pol\u00f3nia lidera despesas de defesa na NATO e beneficia de financiamentos do instrumento SAFE da UE, num total de cerca de 43 mil milh\u00f5es de euros para o programa europeu, ao qual Portugal candidatou um plano de 5,8 mil milh\u00f5es de euros; a comitiva inclui ainda autoridades nacionais e respons\u00e1veis da IdD Portugal Defence.","og_url":"https:\/\/portaltela.pt\/noticias\/2026\/01\/27\/ministro-da-defesa-visita-turquia-e-polonia-para-avaliar-investimentos\/","og_site_name":"Portal Tela Portugal","article_published_time":"2026-01-27T07:19:56+00:00","author":"Telinha","twitter_card":"summary_large_image","twitter_misc":{"Escrito por":"Telinha","Tempo estimado de leitura":"2 minutos"},"schema":{"@context":"https:\/\/schema.org","@graph":[{"@type":"Article","@id":"https:\/\/portaltela.pt\/noticias\/2026\/01\/27\/ministro-da-defesa-visita-turquia-e-polonia-para-avaliar-investimentos\/#article","isPartOf":{"@id":"https:\/\/portaltela.pt\/noticias\/2026\/01\/27\/ministro-da-defesa-visita-turquia-e-polonia-para-avaliar-investimentos\/"},"author":{"name":"Telinha","@id":"https:\/\/portaltela.pt\/#\/schema\/person\/c4278d4a6028830caff9ee44b42d32ed"},"headline":"Ministro da Defesa visita Turquia e Pol\u00f3nia para avaliar investimentos","datePublished":"2026-01-27T07:19:56+00:00","mainEntityOfPage":{"@id":"https:\/\/portaltela.pt\/noticias\/2026\/01\/27\/ministro-da-defesa-visita-turquia-e-polonia-para-avaliar-investimentos\/"},"wordCount":415,"image":{"@id":"https:\/\/portaltela.pt\/noticias\/2026\/01\/27\/ministro-da-defesa-visita-turquia-e-polonia-para-avaliar-investimentos\/#primaryimage"},"thumbnailUrl":"https:\/\/portaltela.pt\/s.01k8rhncp4jt1\/2026\/01\/img_1500x1000uu2024-07-26-13-51-12-1711760-1.jpg","keywords":["Defesa Nacional","For\u00e7as Armadas","investimento","Marinha Portuguesa","Pol\u00f3nia","Turquia"],"articleSection":["Not\u00edcias"],"inLanguage":"pt-PT"},{"@type":"WebPage","@id":"https:\/\/portaltela.pt\/noticias\/2026\/01\/27\/ministro-da-defesa-visita-turquia-e-polonia-para-avaliar-investimentos\/","url":"https:\/\/portaltela.pt\/noticias\/2026\/01\/27\/ministro-da-defesa-visita-turquia-e-polonia-para-avaliar-investimentos\/","name":"Ministro da Defesa visita Turquia e Pol\u00f3nia para avaliar investimentos - Portal Tela Portugal","isPartOf":{"@id":"https:\/\/portaltela.pt\/#website"},"primaryImageOfPage":{"@id":"https:\/\/portaltela.pt\/noticias\/2026\/01\/27\/ministro-da-defesa-visita-turquia-e-polonia-para-avaliar-investimentos\/#primaryimage"},"image":{"@id":"https:\/\/portaltela.pt\/noticias\/2026\/01\/27\/ministro-da-defesa-visita-turquia-e-polonia-para-avaliar-investimentos\/#primaryimage"},"thumbnailUrl":"https:\/\/portaltela.pt\/s.01k8rhncp4jt1\/2026\/01\/img_1500x1000uu2024-07-26-13-51-12-1711760-1.jpg","datePublished":"2026-01-27T07:19:56+00:00","author":{"@id":"https:\/\/portaltela.pt\/#\/schema\/person\/c4278d4a6028830caff9ee44b42d32ed"},"breadcrumb":{"@id":"https:\/\/portaltela.pt\/noticias\/2026\/01\/27\/ministro-da-defesa-visita-turquia-e-polonia-para-avaliar-investimentos\/#breadcrumb"},"inLanguage":"pt-PT","potentialAction":[{"@type":"ReadAction","target":["https:\/\/portaltela.pt\/noticias\/2026\/01\/27\/ministro-da-defesa-visita-turquia-e-polonia-para-avaliar-investimentos\/"]}]},{"@type":"ImageObject","inLanguage":"pt-PT","@id":"https:\/\/portaltela.pt\/noticias\/2026\/01\/27\/ministro-da-defesa-visita-turquia-e-polonia-para-avaliar-investimentos\/#primaryimage","url":"https:\/\/portaltela.pt\/s.01k8rhncp4jt1\/2026\/01\/img_1500x1000uu2024-07-26-13-51-12-1711760-1.jpg","contentUrl":"https:\/\/portaltela.pt\/s.01k8rhncp4jt1\/2026\/01\/img_1500x1000uu2024-07-26-13-51-12-1711760-1.jpg","width":796,"height":448,"caption":"Nuno Melo, ministro da Defesa Nacional"},{"@type":"BreadcrumbList","@id":"https:\/\/portaltela.pt\/noticias\/2026\/01\/27\/ministro-da-defesa-visita-turquia-e-polonia-para-avaliar-investimentos\/#breadcrumb","itemListElement":[{"@type":"ListItem","position":1,"name":"In\u00edcio","item":"https:\/\/portaltela.pt\/"},{"@type":"ListItem","position":2,"name":"Ministro da Defesa visita Turquia e Pol\u00f3nia para avaliar investimentos"}]},{"@type":"WebSite","@id":"https:\/\/portaltela.pt\/#website","url":"https:\/\/portaltela.pt\/","name":"Portal Tela Portugal","description":"","potentialAction":[{"@type":"SearchAction","target":{"@type":"EntryPoint","urlTemplate":"https:\/\/portaltela.pt\/?s={search_term_string}"},"query-input":{"@type":"PropertyValueSpecification","valueRequired":true,"valueName":"search_term_string"}}],"inLanguage":"pt-PT"},{"@type":"Person","@id":"https:\/\/portaltela.pt\/#\/schema\/person\/c4278d4a6028830caff9ee44b42d32ed","name":"Telinha","image":{"@type":"ImageObject","inLanguage":"pt-PT","@id":"https:\/\/portaltela.pt\/s.01k8rhncp4jt1\/2025\/11\/talking-bot-125x125.png","url":"https:\/\/portaltela.pt\/s.01k8rhncp4jt1\/2025\/11\/talking-bot-125x125.png","contentUrl":"https:\/\/portaltela.pt\/s.01k8rhncp4jt1\/2025\/11\/talking-bot-125x125.png","caption":"Telinha"},"sameAs":["https:\/\/portaltela.pt\/"],"url":"https:\/\/portaltela.pt\/por\/367410592786\/"}]}},"_links":{"self":[{"href":"https:\/\/portaltela.pt\/api\/wp\/v2\/posts\/175812","targetHints":{"allow":["GET"]}}],"collection":[{"href":"https:\/\/portaltela.pt\/api\/wp\/v2\/posts"}],"about":[{"href":"https:\/\/portaltela.pt\/api\/wp\/v2\/types\/post"}],"author":[{"embeddable":true,"href":"https:\/\/portaltela.pt\/api\/wp\/v2\/users\/2"}],"replies":[{"embeddable":true,"href":"https:\/\/portaltela.pt\/api\/wp\/v2\/comments?post=175812"}],"version-history":[{"count":0,"href":"https:\/\/portaltela.pt\/api\/wp\/v2\/posts\/175812\/revisions"}],"wp:featuredmedia":[{"embeddable":true,"href":"https:\/\/portaltela.pt\/api\/wp\/v2\/media\/175816"}],"wp:attachment":[{"href":"https:\/\/portaltela.pt\/api\/wp\/v2\/media?parent=175812"}],"wp:term":[{"taxonomy":"category","embeddable":true,"href":"https:\/\/portaltela.pt\/api\/wp\/v2\/categories?post=175812"},{"taxonomy":"post_tag","embeddable":true,"href":"https:\/\/portaltela.pt\/api\/wp\/v2\/tags?post=175812"}],"curies":[{"name":"wp","href":"https:\/\/api.w.org\/{rel}","templated":true}]}}