{"id":175801,"date":"2026-01-26T21:00:00","date_gmt":"2026-01-27T00:00:00","guid":{"rendered":"https:\/\/portaltela.pt\/noticias\/2026\/01\/26\/casas-inundadas-em-ponte-de-lima-e-vias-cortadas-em-arcos-de-valdevez-e-caminha\/"},"modified":"2026-01-26T21:00:00","modified_gmt":"2026-01-27T00:00:00","slug":"casas-inundadas-em-ponte-de-lima-e-vias-cortadas-em-arcos-de-valdevez-e-caminha","status":"publish","type":"post","link":"https:\/\/portaltela.pt\/noticias\/2026\/01\/26\/casas-inundadas-em-ponte-de-lima-e-vias-cortadas-em-arcos-de-valdevez-e-caminha\/","title":{"rendered":"Casas inundadas em Ponte de Lima e vias cortadas em Arcos de Valdevez e Caminha"},"content":{"rendered":"<p>\u00c0s 7h de hoje, casas ficaram inundadas em Ponte de Lima, enquanto em Arcos de Valdevez e Caminha vias ficaram cortadas e submersas. A situa\u00e7\u00e3o inicial foi comunicada pela Prote\u00e7\u00e3o Civil, que coordenou as a\u00e7\u00f5es de resposta.<\/p>\n<p>At\u00e9 perto da meia noite, a Prote\u00e7\u00e3o Civil registou mais de mil ocorr\u00eancias relacionadas com a situa\u00e7\u00e3o. Os registos incluem eventos de inunda\u00e7\u00e3o, estradas alagadas e outras situa\u00e7\u00f5es emergenciais associadas.<\/p>\n<p>As autoridades mant\u00eam a vigil\u00e2ncia e mobilizam meios para apoiar a popula\u00e7\u00e3o nas \u00e1reas afetadas, com informa\u00e7\u00f5es em atualiza\u00e7\u00e3o constante e instru\u00e7\u00f5es de seguran\u00e7a para os residentes.<\/p>\n<h3>Situa\u00e7\u00e3o em atualiza\u00e7\u00e3o<\/h3>\n<p>As equipas de resposta continuam a avaliar danos, identificar vias ainda intransit\u00e1veis e coordenar desloca\u00e7\u00f5es de emerg\u00eancia quando necess\u00e1rio.<\/p>\n","protected":false},"excerpt":{"rendered":"<ul>\n<li>Casas ficaram inundadas em Ponte de Lima.<\/li>\n<li>Vias ficaram submersas em Arcos de Valdevez e Caminha.<\/li>\n<li>Prote\u00e7\u00e3o Civil registou mais de mil ocorr\u00eancias at\u00e9 perto da meia-noite.<\/li>\n<li>A situa\u00e7\u00e3o manteve-se tensa, com v\u00e1rias \u00e1reas afetadas pela chuva.<\/li>\n<\/ul>\n","protected":false},"author":2,"featured_media":175809,"comment_status":"closed","ping_status":"closed","sticky":false,"template":"","format":"standard","meta":{"footnotes":""},"categories":[1],"tags":[1331,3812,1781,1525,4210,320],"class_list":["post-175801","post","type-post","status-publish","format-standard","has-post-thumbnail","hentry","category-noticias","tag-alagamento","tag-alagamentos","tag-arcos-de-valdevez","tag-caminha","tag-ponte-de-lima","tag-protecao-civil"],"yoast_head":"<!-- This site is optimized with the Yoast SEO plugin v27.2 - https:\/\/yoast.com\/product\/yoast-seo-wordpress\/ -->\n<title>Casas inundadas em Ponte de Lima e vias cortadas em Arcos de Valdevez e Caminha - Portal Tela Portugal<\/title>\n<meta name=\"robots\" content=\"index, follow, max-snippet:-1, max-image-preview:large, max-video-preview:-1\" \/>\n<meta property=\"og:locale\" content=\"pt_PT\" \/>\n<meta property=\"og:type\" content=\"article\" \/>\n<meta property=\"og:title\" content=\"Casas inundadas em Ponte de Lima e vias cortadas em Arcos de Valdevez e Caminha - Portal Tela Portugal\" \/>\n<meta property=\"og:description\" content=\"Casas ficaram inundadas em Ponte de Lima. Vias ficaram submersas em Arcos de Valdevez e Caminha. Prote\u00e7\u00e3o Civil registou mais de mil ocorr\u00eancias at\u00e9 perto da meia-noite. A situa\u00e7\u00e3o manteve-se tensa, com v\u00e1rias \u00e1reas afetadas pela chuva.\" \/>\n<meta property=\"og:url\" content=\"https:\/\/portaltela.pt\/noticias\/2026\/01\/26\/casas-inundadas-em-ponte-de-lima-e-vias-cortadas-em-arcos-de-valdevez-e-caminha\/\" \/>\n<meta property=\"og:site_name\" content=\"Portal Tela Portugal\" \/>\n<meta property=\"article:published_time\" content=\"2026-01-27T00:00:00+00:00\" \/>\n<meta name=\"author\" content=\"Telinha\" \/>\n<meta name=\"twitter:card\" content=\"summary_large_image\" \/>\n<meta name=\"twitter:label1\" content=\"Escrito por\" \/>\n\t<meta name=\"twitter:data1\" content=\"Telinha\" \/>\n\t<meta name=\"twitter:label2\" content=\"Tempo estimado de leitura\" \/>\n\t<meta name=\"twitter:data2\" content=\"1 minuto\" \/>\n<script type=\"application\/ld+json\" class=\"yoast-schema-graph\">{\"@context\":\"https:\/\/schema.org\",\"@graph\":[{\"@type\":\"Article\",\"@id\":\"https:\/\/portaltela.pt\/noticias\/2026\/01\/26\/casas-inundadas-em-ponte-de-lima-e-vias-cortadas-em-arcos-de-valdevez-e-caminha\/#article\",\"isPartOf\":{\"@id\":\"https:\/\/portaltela.pt\/noticias\/2026\/01\/26\/casas-inundadas-em-ponte-de-lima-e-vias-cortadas-em-arcos-de-valdevez-e-caminha\/\"},\"author\":{\"name\":\"Telinha\",\"@id\":\"https:\/\/portaltela.pt\/#\/schema\/person\/c4278d4a6028830caff9ee44b42d32ed\"},\"headline\":\"Casas inundadas em Ponte de Lima e vias cortadas em Arcos de Valdevez e Caminha\",\"datePublished\":\"2026-01-27T00:00:00+00:00\",\"mainEntityOfPage\":{\"@id\":\"https:\/\/portaltela.pt\/noticias\/2026\/01\/26\/casas-inundadas-em-ponte-de-lima-e-vias-cortadas-em-arcos-de-valdevez-e-caminha\/\"},\"wordCount\":152,\"image\":{\"@id\":\"https:\/\/portaltela.pt\/noticias\/2026\/01\/26\/casas-inundadas-em-ponte-de-lima-e-vias-cortadas-em-arcos-de-valdevez-e-caminha\/#primaryimage\"},\"thumbnailUrl\":\"https:\/\/portaltela.pt\/s.01k8rhncp4jt1\/2026\/01\/770-podcast-noticiario-425.jpg\",\"keywords\":[\"alagamento\",\"alagamentos\",\"Arcos de Valdevez\",\"Caminha\",\"Ponte de Lima\",\"prote\u00e7\u00e3o civil\"],\"articleSection\":[\"Not\u00edcias\"],\"inLanguage\":\"pt-PT\"},{\"@type\":\"WebPage\",\"@id\":\"https:\/\/portaltela.pt\/noticias\/2026\/01\/26\/casas-inundadas-em-ponte-de-lima-e-vias-cortadas-em-arcos-de-valdevez-e-caminha\/\",\"url\":\"https:\/\/portaltela.pt\/noticias\/2026\/01\/26\/casas-inundadas-em-ponte-de-lima-e-vias-cortadas-em-arcos-de-valdevez-e-caminha\/\",\"name\":\"Casas inundadas em Ponte de Lima e vias cortadas em Arcos de Valdevez e Caminha - Portal Tela Portugal\",\"isPartOf\":{\"@id\":\"https:\/\/portaltela.pt\/#website\"},\"primaryImageOfPage\":{\"@id\":\"https:\/\/portaltela.pt\/noticias\/2026\/01\/26\/casas-inundadas-em-ponte-de-lima-e-vias-cortadas-em-arcos-de-valdevez-e-caminha\/#primaryimage\"},\"image\":{\"@id\":\"https:\/\/portaltela.pt\/noticias\/2026\/01\/26\/casas-inundadas-em-ponte-de-lima-e-vias-cortadas-em-arcos-de-valdevez-e-caminha\/#primaryimage\"},\"thumbnailUrl\":\"https:\/\/portaltela.pt\/s.01k8rhncp4jt1\/2026\/01\/770-podcast-noticiario-425.jpg\",\"datePublished\":\"2026-01-27T00:00:00+00:00\",\"author\":{\"@id\":\"https:\/\/portaltela.pt\/#\/schema\/person\/c4278d4a6028830caff9ee44b42d32ed\"},\"breadcrumb\":{\"@id\":\"https:\/\/portaltela.pt\/noticias\/2026\/01\/26\/casas-inundadas-em-ponte-de-lima-e-vias-cortadas-em-arcos-de-valdevez-e-caminha\/#breadcrumb\"},\"inLanguage\":\"pt-PT\",\"potentialAction\":[{\"@type\":\"ReadAction\",\"target\":[\"https:\/\/portaltela.pt\/noticias\/2026\/01\/26\/casas-inundadas-em-ponte-de-lima-e-vias-cortadas-em-arcos-de-valdevez-e-caminha\/\"]}]},{\"@type\":\"ImageObject\",\"inLanguage\":\"pt-PT\",\"@id\":\"https:\/\/portaltela.pt\/noticias\/2026\/01\/26\/casas-inundadas-em-ponte-de-lima-e-vias-cortadas-em-arcos-de-valdevez-e-caminha\/#primaryimage\",\"url\":\"https:\/\/portaltela.pt\/s.01k8rhncp4jt1\/2026\/01\/770-podcast-noticiario-425.jpg\",\"contentUrl\":\"https:\/\/portaltela.pt\/s.01k8rhncp4jt1\/2026\/01\/770-podcast-noticiario-425.jpg\",\"width\":796,\"height\":448,\"caption\":\"Capa do programa\"},{\"@type\":\"BreadcrumbList\",\"@id\":\"https:\/\/portaltela.pt\/noticias\/2026\/01\/26\/casas-inundadas-em-ponte-de-lima-e-vias-cortadas-em-arcos-de-valdevez-e-caminha\/#breadcrumb\",\"itemListElement\":[{\"@type\":\"ListItem\",\"position\":1,\"name\":\"In\u00edcio\",\"item\":\"https:\/\/portaltela.pt\/\"},{\"@type\":\"ListItem\",\"position\":2,\"name\":\"Casas inundadas em Ponte de Lima e vias cortadas em Arcos de Valdevez e Caminha\"}]},{\"@type\":\"WebSite\",\"@id\":\"https:\/\/portaltela.pt\/#website\",\"url\":\"https:\/\/portaltela.pt\/\",\"name\":\"Portal Tela Portugal\",\"description\":\"\",\"potentialAction\":[{\"@type\":\"SearchAction\",\"target\":{\"@type\":\"EntryPoint\",\"urlTemplate\":\"https:\/\/portaltela.pt\/?s={search_term_string}\"},\"query-input\":{\"@type\":\"PropertyValueSpecification\",\"valueRequired\":true,\"valueName\":\"search_term_string\"}}],\"inLanguage\":\"pt-PT\"},{\"@type\":\"Person\",\"@id\":\"https:\/\/portaltela.pt\/#\/schema\/person\/c4278d4a6028830caff9ee44b42d32ed\",\"name\":\"Telinha\",\"image\":{\"@type\":\"ImageObject\",\"inLanguage\":\"pt-PT\",\"@id\":\"https:\/\/portaltela.pt\/s.01k8rhncp4jt1\/2025\/11\/talking-bot-125x125.png\",\"url\":\"https:\/\/portaltela.pt\/s.01k8rhncp4jt1\/2025\/11\/talking-bot-125x125.png\",\"contentUrl\":\"https:\/\/portaltela.pt\/s.01k8rhncp4jt1\/2025\/11\/talking-bot-125x125.png\",\"caption\":\"Telinha\"},\"sameAs\":[\"https:\/\/portaltela.pt\/\"],\"url\":\"https:\/\/portaltela.pt\/por\/367410592786\/\"}]}<\/script>\n<!-- \/ Yoast SEO plugin. -->","yoast_head_json":{"title":"Casas inundadas em Ponte de Lima e vias cortadas em Arcos de Valdevez e Caminha - Portal Tela Portugal","robots":{"index":"index","follow":"follow","max-snippet":"max-snippet:-1","max-image-preview":"max-image-preview:large","max-video-preview":"max-video-preview:-1"},"og_locale":"pt_PT","og_type":"article","og_title":"Casas inundadas em Ponte de Lima e vias cortadas em Arcos de Valdevez e Caminha - Portal Tela Portugal","og_description":"Casas ficaram inundadas em Ponte de Lima. Vias ficaram submersas em Arcos de Valdevez e Caminha. Prote\u00e7\u00e3o Civil registou mais de mil ocorr\u00eancias at\u00e9 perto da meia-noite. A situa\u00e7\u00e3o manteve-se tensa, com v\u00e1rias \u00e1reas afetadas pela chuva.","og_url":"https:\/\/portaltela.pt\/noticias\/2026\/01\/26\/casas-inundadas-em-ponte-de-lima-e-vias-cortadas-em-arcos-de-valdevez-e-caminha\/","og_site_name":"Portal Tela Portugal","article_published_time":"2026-01-27T00:00:00+00:00","author":"Telinha","twitter_card":"summary_large_image","twitter_misc":{"Escrito por":"Telinha","Tempo estimado de leitura":"1 minuto"},"schema":{"@context":"https:\/\/schema.org","@graph":[{"@type":"Article","@id":"https:\/\/portaltela.pt\/noticias\/2026\/01\/26\/casas-inundadas-em-ponte-de-lima-e-vias-cortadas-em-arcos-de-valdevez-e-caminha\/#article","isPartOf":{"@id":"https:\/\/portaltela.pt\/noticias\/2026\/01\/26\/casas-inundadas-em-ponte-de-lima-e-vias-cortadas-em-arcos-de-valdevez-e-caminha\/"},"author":{"name":"Telinha","@id":"https:\/\/portaltela.pt\/#\/schema\/person\/c4278d4a6028830caff9ee44b42d32ed"},"headline":"Casas inundadas em Ponte de Lima e vias cortadas em Arcos de Valdevez e Caminha","datePublished":"2026-01-27T00:00:00+00:00","mainEntityOfPage":{"@id":"https:\/\/portaltela.pt\/noticias\/2026\/01\/26\/casas-inundadas-em-ponte-de-lima-e-vias-cortadas-em-arcos-de-valdevez-e-caminha\/"},"wordCount":152,"image":{"@id":"https:\/\/portaltela.pt\/noticias\/2026\/01\/26\/casas-inundadas-em-ponte-de-lima-e-vias-cortadas-em-arcos-de-valdevez-e-caminha\/#primaryimage"},"thumbnailUrl":"https:\/\/portaltela.pt\/s.01k8rhncp4jt1\/2026\/01\/770-podcast-noticiario-425.jpg","keywords":["alagamento","alagamentos","Arcos de Valdevez","Caminha","Ponte de Lima","prote\u00e7\u00e3o civil"],"articleSection":["Not\u00edcias"],"inLanguage":"pt-PT"},{"@type":"WebPage","@id":"https:\/\/portaltela.pt\/noticias\/2026\/01\/26\/casas-inundadas-em-ponte-de-lima-e-vias-cortadas-em-arcos-de-valdevez-e-caminha\/","url":"https:\/\/portaltela.pt\/noticias\/2026\/01\/26\/casas-inundadas-em-ponte-de-lima-e-vias-cortadas-em-arcos-de-valdevez-e-caminha\/","name":"Casas inundadas em Ponte de Lima e vias cortadas em Arcos de Valdevez e Caminha - Portal Tela Portugal","isPartOf":{"@id":"https:\/\/portaltela.pt\/#website"},"primaryImageOfPage":{"@id":"https:\/\/portaltela.pt\/noticias\/2026\/01\/26\/casas-inundadas-em-ponte-de-lima-e-vias-cortadas-em-arcos-de-valdevez-e-caminha\/#primaryimage"},"image":{"@id":"https:\/\/portaltela.pt\/noticias\/2026\/01\/26\/casas-inundadas-em-ponte-de-lima-e-vias-cortadas-em-arcos-de-valdevez-e-caminha\/#primaryimage"},"thumbnailUrl":"https:\/\/portaltela.pt\/s.01k8rhncp4jt1\/2026\/01\/770-podcast-noticiario-425.jpg","datePublished":"2026-01-27T00:00:00+00:00","author":{"@id":"https:\/\/portaltela.pt\/#\/schema\/person\/c4278d4a6028830caff9ee44b42d32ed"},"breadcrumb":{"@id":"https:\/\/portaltela.pt\/noticias\/2026\/01\/26\/casas-inundadas-em-ponte-de-lima-e-vias-cortadas-em-arcos-de-valdevez-e-caminha\/#breadcrumb"},"inLanguage":"pt-PT","potentialAction":[{"@type":"ReadAction","target":["https:\/\/portaltela.pt\/noticias\/2026\/01\/26\/casas-inundadas-em-ponte-de-lima-e-vias-cortadas-em-arcos-de-valdevez-e-caminha\/"]}]},{"@type":"ImageObject","inLanguage":"pt-PT","@id":"https:\/\/portaltela.pt\/noticias\/2026\/01\/26\/casas-inundadas-em-ponte-de-lima-e-vias-cortadas-em-arcos-de-valdevez-e-caminha\/#primaryimage","url":"https:\/\/portaltela.pt\/s.01k8rhncp4jt1\/2026\/01\/770-podcast-noticiario-425.jpg","contentUrl":"https:\/\/portaltela.pt\/s.01k8rhncp4jt1\/2026\/01\/770-podcast-noticiario-425.jpg","width":796,"height":448,"caption":"Capa do programa"},{"@type":"BreadcrumbList","@id":"https:\/\/portaltela.pt\/noticias\/2026\/01\/26\/casas-inundadas-em-ponte-de-lima-e-vias-cortadas-em-arcos-de-valdevez-e-caminha\/#breadcrumb","itemListElement":[{"@type":"ListItem","position":1,"name":"In\u00edcio","item":"https:\/\/portaltela.pt\/"},{"@type":"ListItem","position":2,"name":"Casas inundadas em Ponte de Lima e vias cortadas em Arcos de Valdevez e Caminha"}]},{"@type":"WebSite","@id":"https:\/\/portaltela.pt\/#website","url":"https:\/\/portaltela.pt\/","name":"Portal Tela Portugal","description":"","potentialAction":[{"@type":"SearchAction","target":{"@type":"EntryPoint","urlTemplate":"https:\/\/portaltela.pt\/?s={search_term_string}"},"query-input":{"@type":"PropertyValueSpecification","valueRequired":true,"valueName":"search_term_string"}}],"inLanguage":"pt-PT"},{"@type":"Person","@id":"https:\/\/portaltela.pt\/#\/schema\/person\/c4278d4a6028830caff9ee44b42d32ed","name":"Telinha","image":{"@type":"ImageObject","inLanguage":"pt-PT","@id":"https:\/\/portaltela.pt\/s.01k8rhncp4jt1\/2025\/11\/talking-bot-125x125.png","url":"https:\/\/portaltela.pt\/s.01k8rhncp4jt1\/2025\/11\/talking-bot-125x125.png","contentUrl":"https:\/\/portaltela.pt\/s.01k8rhncp4jt1\/2025\/11\/talking-bot-125x125.png","caption":"Telinha"},"sameAs":["https:\/\/portaltela.pt\/"],"url":"https:\/\/portaltela.pt\/por\/367410592786\/"}]}},"_links":{"self":[{"href":"https:\/\/portaltela.pt\/api\/wp\/v2\/posts\/175801","targetHints":{"allow":["GET"]}}],"collection":[{"href":"https:\/\/portaltela.pt\/api\/wp\/v2\/posts"}],"about":[{"href":"https:\/\/portaltela.pt\/api\/wp\/v2\/types\/post"}],"author":[{"embeddable":true,"href":"https:\/\/portaltela.pt\/api\/wp\/v2\/users\/2"}],"replies":[{"embeddable":true,"href":"https:\/\/portaltela.pt\/api\/wp\/v2\/comments?post=175801"}],"version-history":[{"count":0,"href":"https:\/\/portaltela.pt\/api\/wp\/v2\/posts\/175801\/revisions"}],"wp:featuredmedia":[{"embeddable":true,"href":"https:\/\/portaltela.pt\/api\/wp\/v2\/media\/175809"}],"wp:attachment":[{"href":"https:\/\/portaltela.pt\/api\/wp\/v2\/media?parent=175801"}],"wp:term":[{"taxonomy":"category","embeddable":true,"href":"https:\/\/portaltela.pt\/api\/wp\/v2\/categories?post=175801"},{"taxonomy":"post_tag","embeddable":true,"href":"https:\/\/portaltela.pt\/api\/wp\/v2\/tags?post=175801"}],"curies":[{"name":"wp","href":"https:\/\/api.w.org\/{rel}","templated":true}]}}