{"id":175687,"date":"2026-01-26T21:26:04","date_gmt":"2026-01-27T00:26:04","guid":{"rendered":"https:\/\/portaltela.pt\/noticias\/2026\/01\/26\/providencia-cautelar-impede-mudancas-na-formacao\/"},"modified":"2026-01-26T21:26:04","modified_gmt":"2026-01-27T00:26:04","slug":"providencia-cautelar-impede-mudancas-na-formacao","status":"publish","type":"post","link":"https:\/\/portaltela.pt\/noticias\/2026\/01\/26\/providencia-cautelar-impede-mudancas-na-formacao\/","title":{"rendered":"Provid\u00eancia cautelar impede mudan\u00e7as na forma\u00e7\u00e3o"},"content":{"rendered":"<p>A Comiss\u00e3o de Trabalhadores do INEM avan\u00e7ar\u00e1 com uma provid\u00eancia cautelar para suspender a recente delibera\u00e7\u00e3o que mudou o modelo de forma\u00e7\u00e3o e certifica\u00e7\u00e3o do SIEM. A medida foi anunciada pela pr\u00f3pria comiss\u00e3o.<\/p>\n<p>Rui Gon\u00e7alves, coordenador do grupo, disse que a a\u00e7\u00e3o ser\u00e1 apresentada entre hoje e amanh\u00e3 de manh\u00e3 no tribunal. Alegou falta de resposta da ministra da Sa\u00fade sobre o assunto.<\/p>\n<p>A delibera\u00e7\u00e3o de 14 de janeiro, assinada pelo presidente Lu\u00eds Cabral e pelo vogal Ant\u00f3nio E\u00e7a Pinheiro, \u00e9 contestada por violar portarias e um despacho, conforme a leitura da Comiss\u00e3o. Alega-se ilicitude jur\u00eddica.<\/p>\n<h3>Contexto e implica\u00e7\u00f5es<\/h3>\n<p>Fonte do INEM explicou que a delibera\u00e7\u00e3o se insere na atual lei org\u00e2nica do instituto, que define compet\u00eancias em forma\u00e7\u00e3o do SIEM. Ana Paula Martins confirmou alinhamento com recomenda\u00e7\u00f5es da Comiss\u00e3o T\u00e9cnica Independente.<\/p>\n<p>Martins afirmou que parte da forma\u00e7\u00e3o j\u00e1 n\u00e3o fazia sentido manter no INEM e que o instituto passaria a focar forma\u00e7\u00e3o institucional obrigat\u00f3ria e cursos por n\u00edvel de resposta. A mudan\u00e7a poder\u00e1 afetar certifica\u00e7\u00e3o de profissionais.<\/p>\n<p>A delibera\u00e7\u00e3o prev\u00ea a cessa\u00e7\u00e3o da certifica\u00e7\u00e3o de TAT, TAS e outras forma\u00e7\u00f5es espec\u00edficas, mantendo o foco em introdu\u00e7\u00e3o ao SIEM e protocolos por n\u00edvel de resposta. A recertifica\u00e7\u00e3o manter-se-\u00e1, por via de forma\u00e7\u00e3o, exame ou reconhecimento de percurso.<\/p>\n","protected":false},"excerpt":{"rendered":"<ul>\n<li>A Comiss\u00e3o de Trabalhadores do INEM vai apresentar uma provid\u00eancia cautelar para suspender a delibera\u00e7\u00e3o de 14 de janeiro que mudou o modelo de forma\u00e7\u00e3o e certifica\u00e7\u00e3o do SIEM.<\/li>\n<li>A decis\u00e3o foi tomada entre hoje e amanh\u00e3 de manh\u00e3, segundo o coordenador Rui Gon\u00e7alves, ap\u00f3s aus\u00eancia de resposta da ministra da Sa\u00fade.<\/li>\n<li>A delibera\u00e7\u00e3o elimina a forma\u00e7\u00e3o certificada em Tripulante de Ambul\u00e2ncia de Transporte, Tripulante de Ambul\u00e2ncia de Socorro, e outras forma\u00e7\u00f5es de suporte de vida, passando a privilegiar forma\u00e7\u00e3o institucional e protocolos por n\u00edvel de resposta.<\/li>\n<li>A ministra Ana Paula Martins defende que a decis\u00e3o est\u00e1 alinhada com a nova lei org\u00e2nica que o Governo prepara, e que algumas forma\u00e7\u00f5es j\u00e1 n\u00e3o s\u00e3o consideradas fun\u00e7\u00f5es core do INEM.<\/li>\n<li>A certifica\u00e7\u00e3o dos formadores passa a ser suspensa at\u00e9 ao final do processo de revis\u00e3o org\u00e2nica, com recertifica\u00e7\u00e3o a ocorrer de tr\u00eas formas: forma\u00e7\u00e3o de recertifica\u00e7\u00e3o, exame de avalia\u00e7\u00e3o ou reconhecimento do percurso profissional, a cada cinco anos.<\/li>\n<\/ul>\n","protected":false},"author":2,"featured_media":175714,"comment_status":"closed","ping_status":"closed","sticky":false,"template":"","format":"standard","meta":{"footnotes":""},"categories":[1],"tags":[2209,1290,1922,4377,271,52],"class_list":["post-175687","post","type-post","status-publish","format-standard","has-post-thumbnail","hentry","category-noticias","tag-ana-paula-martins","tag-formacao","tag-inem","tag-recertificacao","tag-saude-publica","tag-tribunal"],"yoast_head":"<!-- This site is optimized with the Yoast SEO plugin v27.2 - https:\/\/yoast.com\/product\/yoast-seo-wordpress\/ -->\n<title>Provid\u00eancia cautelar impede mudan\u00e7as na forma\u00e7\u00e3o - Portal Tela Portugal<\/title>\n<meta name=\"robots\" content=\"index, follow, max-snippet:-1, max-image-preview:large, max-video-preview:-1\" \/>\n<meta property=\"og:locale\" content=\"pt_PT\" \/>\n<meta property=\"og:type\" content=\"article\" \/>\n<meta property=\"og:title\" content=\"Provid\u00eancia cautelar impede mudan\u00e7as na forma\u00e7\u00e3o - Portal Tela Portugal\" \/>\n<meta property=\"og:description\" content=\"A Comiss\u00e3o de Trabalhadores do INEM vai apresentar uma provid\u00eancia cautelar para suspender a delibera\u00e7\u00e3o de 14 de janeiro que mudou o modelo de forma\u00e7\u00e3o e certifica\u00e7\u00e3o do SIEM. A decis\u00e3o foi tomada entre hoje e amanh\u00e3 de manh\u00e3, segundo o coordenador Rui Gon\u00e7alves, ap\u00f3s aus\u00eancia de resposta da ministra da Sa\u00fade. A delibera\u00e7\u00e3o elimina a forma\u00e7\u00e3o certificada em Tripulante de Ambul\u00e2ncia de Transporte, Tripulante de Ambul\u00e2ncia de Socorro, e outras forma\u00e7\u00f5es de suporte de vida, passando a privilegiar forma\u00e7\u00e3o institucional e protocolos por n\u00edvel de resposta. A ministra Ana Paula Martins defende que a decis\u00e3o est\u00e1 alinhada com a nova lei org\u00e2nica que o Governo prepara, e que algumas forma\u00e7\u00f5es j\u00e1 n\u00e3o s\u00e3o consideradas fun\u00e7\u00f5es core do INEM. A certifica\u00e7\u00e3o dos formadores passa a ser suspensa at\u00e9 ao final do processo de revis\u00e3o org\u00e2nica, com recertifica\u00e7\u00e3o a ocorrer de tr\u00eas formas: forma\u00e7\u00e3o de recertifica\u00e7\u00e3o, exame de avalia\u00e7\u00e3o ou reconhecimento do percurso profissional, a cada cinco anos.\" \/>\n<meta property=\"og:url\" content=\"https:\/\/portaltela.pt\/noticias\/2026\/01\/26\/providencia-cautelar-impede-mudancas-na-formacao\/\" \/>\n<meta property=\"og:site_name\" content=\"Portal Tela Portugal\" \/>\n<meta property=\"article:published_time\" content=\"2026-01-27T00:26:04+00:00\" \/>\n<meta name=\"author\" content=\"Telinha\" \/>\n<meta name=\"twitter:card\" content=\"summary_large_image\" \/>\n<meta name=\"twitter:label1\" content=\"Escrito por\" \/>\n\t<meta name=\"twitter:data1\" content=\"Telinha\" \/>\n\t<meta name=\"twitter:label2\" content=\"Tempo estimado de leitura\" \/>\n\t<meta name=\"twitter:data2\" content=\"1 minuto\" \/>\n<script type=\"application\/ld+json\" class=\"yoast-schema-graph\">{\"@context\":\"https:\/\/schema.org\",\"@graph\":[{\"@type\":\"Article\",\"@id\":\"https:\/\/portaltela.pt\/noticias\/2026\/01\/26\/providencia-cautelar-impede-mudancas-na-formacao\/#article\",\"isPartOf\":{\"@id\":\"https:\/\/portaltela.pt\/noticias\/2026\/01\/26\/providencia-cautelar-impede-mudancas-na-formacao\/\"},\"author\":{\"name\":\"Telinha\",\"@id\":\"https:\/\/portaltela.pt\/#\/schema\/person\/c4278d4a6028830caff9ee44b42d32ed\"},\"headline\":\"Provid\u00eancia cautelar impede mudan\u00e7as na forma\u00e7\u00e3o\",\"datePublished\":\"2026-01-27T00:26:04+00:00\",\"mainEntityOfPage\":{\"@id\":\"https:\/\/portaltela.pt\/noticias\/2026\/01\/26\/providencia-cautelar-impede-mudancas-na-formacao\/\"},\"wordCount\":255,\"image\":{\"@id\":\"https:\/\/portaltela.pt\/noticias\/2026\/01\/26\/providencia-cautelar-impede-mudancas-na-formacao\/#primaryimage\"},\"thumbnailUrl\":\"https:\/\/portaltela.pt\/s.01k8rhncp4jt1\/2026\/01\/unnamed-file-5420.jpg\",\"keywords\":[\"Ana Paula Martins\",\"forma\u00e7\u00e3o\",\"INEM\",\"recertifica\u00e7\u00e3o\",\"sa\u00fade p\u00fablica\",\"tribunal\"],\"articleSection\":[\"Not\u00edcias\"],\"inLanguage\":\"pt-PT\"},{\"@type\":\"WebPage\",\"@id\":\"https:\/\/portaltela.pt\/noticias\/2026\/01\/26\/providencia-cautelar-impede-mudancas-na-formacao\/\",\"url\":\"https:\/\/portaltela.pt\/noticias\/2026\/01\/26\/providencia-cautelar-impede-mudancas-na-formacao\/\",\"name\":\"Provid\u00eancia cautelar impede mudan\u00e7as na forma\u00e7\u00e3o - Portal Tela Portugal\",\"isPartOf\":{\"@id\":\"https:\/\/portaltela.pt\/#website\"},\"primaryImageOfPage\":{\"@id\":\"https:\/\/portaltela.pt\/noticias\/2026\/01\/26\/providencia-cautelar-impede-mudancas-na-formacao\/#primaryimage\"},\"image\":{\"@id\":\"https:\/\/portaltela.pt\/noticias\/2026\/01\/26\/providencia-cautelar-impede-mudancas-na-formacao\/#primaryimage\"},\"thumbnailUrl\":\"https:\/\/portaltela.pt\/s.01k8rhncp4jt1\/2026\/01\/unnamed-file-5420.jpg\",\"datePublished\":\"2026-01-27T00:26:04+00:00\",\"author\":{\"@id\":\"https:\/\/portaltela.pt\/#\/schema\/person\/c4278d4a6028830caff9ee44b42d32ed\"},\"breadcrumb\":{\"@id\":\"https:\/\/portaltela.pt\/noticias\/2026\/01\/26\/providencia-cautelar-impede-mudancas-na-formacao\/#breadcrumb\"},\"inLanguage\":\"pt-PT\",\"potentialAction\":[{\"@type\":\"ReadAction\",\"target\":[\"https:\/\/portaltela.pt\/noticias\/2026\/01\/26\/providencia-cautelar-impede-mudancas-na-formacao\/\"]}]},{\"@type\":\"ImageObject\",\"inLanguage\":\"pt-PT\",\"@id\":\"https:\/\/portaltela.pt\/noticias\/2026\/01\/26\/providencia-cautelar-impede-mudancas-na-formacao\/#primaryimage\",\"url\":\"https:\/\/portaltela.pt\/s.01k8rhncp4jt1\/2026\/01\/unnamed-file-5420.jpg\",\"contentUrl\":\"https:\/\/portaltela.pt\/s.01k8rhncp4jt1\/2026\/01\/unnamed-file-5420.jpg\",\"width\":796,\"height\":448,\"caption\":\"De acordo com o documento, o INEM passar\u00e1 a centrar-se na forma\u00e7\u00e3o institucional obrigat\u00f3ria de introdu\u00e7\u00e3o ao Sistema Integrado de Emerg\u00eancia M\u00e9dica (SIEM) e nos cursos de protocolos por n\u00edvel de resposta\"},{\"@type\":\"BreadcrumbList\",\"@id\":\"https:\/\/portaltela.pt\/noticias\/2026\/01\/26\/providencia-cautelar-impede-mudancas-na-formacao\/#breadcrumb\",\"itemListElement\":[{\"@type\":\"ListItem\",\"position\":1,\"name\":\"In\u00edcio\",\"item\":\"https:\/\/portaltela.pt\/\"},{\"@type\":\"ListItem\",\"position\":2,\"name\":\"Provid\u00eancia cautelar impede mudan\u00e7as na forma\u00e7\u00e3o\"}]},{\"@type\":\"WebSite\",\"@id\":\"https:\/\/portaltela.pt\/#website\",\"url\":\"https:\/\/portaltela.pt\/\",\"name\":\"Portal Tela Portugal\",\"description\":\"\",\"potentialAction\":[{\"@type\":\"SearchAction\",\"target\":{\"@type\":\"EntryPoint\",\"urlTemplate\":\"https:\/\/portaltela.pt\/?s={search_term_string}\"},\"query-input\":{\"@type\":\"PropertyValueSpecification\",\"valueRequired\":true,\"valueName\":\"search_term_string\"}}],\"inLanguage\":\"pt-PT\"},{\"@type\":\"Person\",\"@id\":\"https:\/\/portaltela.pt\/#\/schema\/person\/c4278d4a6028830caff9ee44b42d32ed\",\"name\":\"Telinha\",\"image\":{\"@type\":\"ImageObject\",\"inLanguage\":\"pt-PT\",\"@id\":\"https:\/\/portaltela.pt\/s.01k8rhncp4jt1\/2025\/11\/talking-bot-125x125.png\",\"url\":\"https:\/\/portaltela.pt\/s.01k8rhncp4jt1\/2025\/11\/talking-bot-125x125.png\",\"contentUrl\":\"https:\/\/portaltela.pt\/s.01k8rhncp4jt1\/2025\/11\/talking-bot-125x125.png\",\"caption\":\"Telinha\"},\"sameAs\":[\"https:\/\/portaltela.pt\/\"],\"url\":\"https:\/\/portaltela.pt\/por\/367410592786\/\"}]}<\/script>\n<!-- \/ Yoast SEO plugin. -->","yoast_head_json":{"title":"Provid\u00eancia cautelar impede mudan\u00e7as na forma\u00e7\u00e3o - Portal Tela Portugal","robots":{"index":"index","follow":"follow","max-snippet":"max-snippet:-1","max-image-preview":"max-image-preview:large","max-video-preview":"max-video-preview:-1"},"og_locale":"pt_PT","og_type":"article","og_title":"Provid\u00eancia cautelar impede mudan\u00e7as na forma\u00e7\u00e3o - Portal Tela Portugal","og_description":"A Comiss\u00e3o de Trabalhadores do INEM vai apresentar uma provid\u00eancia cautelar para suspender a delibera\u00e7\u00e3o de 14 de janeiro que mudou o modelo de forma\u00e7\u00e3o e certifica\u00e7\u00e3o do SIEM. A decis\u00e3o foi tomada entre hoje e amanh\u00e3 de manh\u00e3, segundo o coordenador Rui Gon\u00e7alves, ap\u00f3s aus\u00eancia de resposta da ministra da Sa\u00fade. A delibera\u00e7\u00e3o elimina a forma\u00e7\u00e3o certificada em Tripulante de Ambul\u00e2ncia de Transporte, Tripulante de Ambul\u00e2ncia de Socorro, e outras forma\u00e7\u00f5es de suporte de vida, passando a privilegiar forma\u00e7\u00e3o institucional e protocolos por n\u00edvel de resposta. A ministra Ana Paula Martins defende que a decis\u00e3o est\u00e1 alinhada com a nova lei org\u00e2nica que o Governo prepara, e que algumas forma\u00e7\u00f5es j\u00e1 n\u00e3o s\u00e3o consideradas fun\u00e7\u00f5es core do INEM. A certifica\u00e7\u00e3o dos formadores passa a ser suspensa at\u00e9 ao final do processo de revis\u00e3o org\u00e2nica, com recertifica\u00e7\u00e3o a ocorrer de tr\u00eas formas: forma\u00e7\u00e3o de recertifica\u00e7\u00e3o, exame de avalia\u00e7\u00e3o ou reconhecimento do percurso profissional, a cada cinco anos.","og_url":"https:\/\/portaltela.pt\/noticias\/2026\/01\/26\/providencia-cautelar-impede-mudancas-na-formacao\/","og_site_name":"Portal Tela Portugal","article_published_time":"2026-01-27T00:26:04+00:00","author":"Telinha","twitter_card":"summary_large_image","twitter_misc":{"Escrito por":"Telinha","Tempo estimado de leitura":"1 minuto"},"schema":{"@context":"https:\/\/schema.org","@graph":[{"@type":"Article","@id":"https:\/\/portaltela.pt\/noticias\/2026\/01\/26\/providencia-cautelar-impede-mudancas-na-formacao\/#article","isPartOf":{"@id":"https:\/\/portaltela.pt\/noticias\/2026\/01\/26\/providencia-cautelar-impede-mudancas-na-formacao\/"},"author":{"name":"Telinha","@id":"https:\/\/portaltela.pt\/#\/schema\/person\/c4278d4a6028830caff9ee44b42d32ed"},"headline":"Provid\u00eancia cautelar impede mudan\u00e7as na forma\u00e7\u00e3o","datePublished":"2026-01-27T00:26:04+00:00","mainEntityOfPage":{"@id":"https:\/\/portaltela.pt\/noticias\/2026\/01\/26\/providencia-cautelar-impede-mudancas-na-formacao\/"},"wordCount":255,"image":{"@id":"https:\/\/portaltela.pt\/noticias\/2026\/01\/26\/providencia-cautelar-impede-mudancas-na-formacao\/#primaryimage"},"thumbnailUrl":"https:\/\/portaltela.pt\/s.01k8rhncp4jt1\/2026\/01\/unnamed-file-5420.jpg","keywords":["Ana Paula Martins","forma\u00e7\u00e3o","INEM","recertifica\u00e7\u00e3o","sa\u00fade p\u00fablica","tribunal"],"articleSection":["Not\u00edcias"],"inLanguage":"pt-PT"},{"@type":"WebPage","@id":"https:\/\/portaltela.pt\/noticias\/2026\/01\/26\/providencia-cautelar-impede-mudancas-na-formacao\/","url":"https:\/\/portaltela.pt\/noticias\/2026\/01\/26\/providencia-cautelar-impede-mudancas-na-formacao\/","name":"Provid\u00eancia cautelar impede mudan\u00e7as na forma\u00e7\u00e3o - Portal Tela Portugal","isPartOf":{"@id":"https:\/\/portaltela.pt\/#website"},"primaryImageOfPage":{"@id":"https:\/\/portaltela.pt\/noticias\/2026\/01\/26\/providencia-cautelar-impede-mudancas-na-formacao\/#primaryimage"},"image":{"@id":"https:\/\/portaltela.pt\/noticias\/2026\/01\/26\/providencia-cautelar-impede-mudancas-na-formacao\/#primaryimage"},"thumbnailUrl":"https:\/\/portaltela.pt\/s.01k8rhncp4jt1\/2026\/01\/unnamed-file-5420.jpg","datePublished":"2026-01-27T00:26:04+00:00","author":{"@id":"https:\/\/portaltela.pt\/#\/schema\/person\/c4278d4a6028830caff9ee44b42d32ed"},"breadcrumb":{"@id":"https:\/\/portaltela.pt\/noticias\/2026\/01\/26\/providencia-cautelar-impede-mudancas-na-formacao\/#breadcrumb"},"inLanguage":"pt-PT","potentialAction":[{"@type":"ReadAction","target":["https:\/\/portaltela.pt\/noticias\/2026\/01\/26\/providencia-cautelar-impede-mudancas-na-formacao\/"]}]},{"@type":"ImageObject","inLanguage":"pt-PT","@id":"https:\/\/portaltela.pt\/noticias\/2026\/01\/26\/providencia-cautelar-impede-mudancas-na-formacao\/#primaryimage","url":"https:\/\/portaltela.pt\/s.01k8rhncp4jt1\/2026\/01\/unnamed-file-5420.jpg","contentUrl":"https:\/\/portaltela.pt\/s.01k8rhncp4jt1\/2026\/01\/unnamed-file-5420.jpg","width":796,"height":448,"caption":"De acordo com o documento, o INEM passar\u00e1 a centrar-se na forma\u00e7\u00e3o institucional obrigat\u00f3ria de introdu\u00e7\u00e3o ao Sistema Integrado de Emerg\u00eancia M\u00e9dica (SIEM) e nos cursos de protocolos por n\u00edvel de resposta"},{"@type":"BreadcrumbList","@id":"https:\/\/portaltela.pt\/noticias\/2026\/01\/26\/providencia-cautelar-impede-mudancas-na-formacao\/#breadcrumb","itemListElement":[{"@type":"ListItem","position":1,"name":"In\u00edcio","item":"https:\/\/portaltela.pt\/"},{"@type":"ListItem","position":2,"name":"Provid\u00eancia cautelar impede mudan\u00e7as na forma\u00e7\u00e3o"}]},{"@type":"WebSite","@id":"https:\/\/portaltela.pt\/#website","url":"https:\/\/portaltela.pt\/","name":"Portal Tela Portugal","description":"","potentialAction":[{"@type":"SearchAction","target":{"@type":"EntryPoint","urlTemplate":"https:\/\/portaltela.pt\/?s={search_term_string}"},"query-input":{"@type":"PropertyValueSpecification","valueRequired":true,"valueName":"search_term_string"}}],"inLanguage":"pt-PT"},{"@type":"Person","@id":"https:\/\/portaltela.pt\/#\/schema\/person\/c4278d4a6028830caff9ee44b42d32ed","name":"Telinha","image":{"@type":"ImageObject","inLanguage":"pt-PT","@id":"https:\/\/portaltela.pt\/s.01k8rhncp4jt1\/2025\/11\/talking-bot-125x125.png","url":"https:\/\/portaltela.pt\/s.01k8rhncp4jt1\/2025\/11\/talking-bot-125x125.png","contentUrl":"https:\/\/portaltela.pt\/s.01k8rhncp4jt1\/2025\/11\/talking-bot-125x125.png","caption":"Telinha"},"sameAs":["https:\/\/portaltela.pt\/"],"url":"https:\/\/portaltela.pt\/por\/367410592786\/"}]}},"_links":{"self":[{"href":"https:\/\/portaltela.pt\/api\/wp\/v2\/posts\/175687","targetHints":{"allow":["GET"]}}],"collection":[{"href":"https:\/\/portaltela.pt\/api\/wp\/v2\/posts"}],"about":[{"href":"https:\/\/portaltela.pt\/api\/wp\/v2\/types\/post"}],"author":[{"embeddable":true,"href":"https:\/\/portaltela.pt\/api\/wp\/v2\/users\/2"}],"replies":[{"embeddable":true,"href":"https:\/\/portaltela.pt\/api\/wp\/v2\/comments?post=175687"}],"version-history":[{"count":0,"href":"https:\/\/portaltela.pt\/api\/wp\/v2\/posts\/175687\/revisions"}],"wp:featuredmedia":[{"embeddable":true,"href":"https:\/\/portaltela.pt\/api\/wp\/v2\/media\/175714"}],"wp:attachment":[{"href":"https:\/\/portaltela.pt\/api\/wp\/v2\/media?parent=175687"}],"wp:term":[{"taxonomy":"category","embeddable":true,"href":"https:\/\/portaltela.pt\/api\/wp\/v2\/categories?post=175687"},{"taxonomy":"post_tag","embeddable":true,"href":"https:\/\/portaltela.pt\/api\/wp\/v2\/tags?post=175687"}],"curies":[{"name":"wp","href":"https:\/\/api.w.org\/{rel}","templated":true}]}}