{"id":175677,"date":"2026-01-26T21:43:39","date_gmt":"2026-01-27T00:43:39","guid":{"rendered":"https:\/\/portaltela.pt\/noticias\/2026\/01\/26\/alto-ave-instituicoes-criam-ecossistema-de-saude-colaborativo-e-multimodal\/"},"modified":"2026-01-26T21:43:39","modified_gmt":"2026-01-27T00:43:39","slug":"alto-ave-instituicoes-criam-ecossistema-de-saude-colaborativo-e-multimodal","status":"publish","type":"post","link":"https:\/\/portaltela.pt\/noticias\/2026\/01\/26\/alto-ave-instituicoes-criam-ecossistema-de-saude-colaborativo-e-multimodal\/","title":{"rendered":"Alto Ave: institui\u00e7\u00f5es criam ecossistema de sa\u00fade colaborativo e multimodal"},"content":{"rendered":"<p>O Ecossistema Colaborativo e Multimodal em Sa\u00fade est\u00e1 a ser criado pelas institui\u00e7\u00f5es do Alto Ave, com o objetivo de melhorar diversas \u00e1reas da sa\u00fade na regi\u00e3o. A iniciativa visa consolidar a\u00e7\u00f5es coordenadas entre entidades de sa\u00fade, educa\u00e7\u00e3o e tecnologia.<\/p>\n<p>A C\u00e2mara Municipal de Guimar\u00e3es participa ativamente, promovendo a integra\u00e7\u00e3o entre diferentes entidades regionais. O foco \u00e9 criar sinergias que permitam uma resposta mais eficaz \u00e0s necessidades locais.<\/p>\n<p>O projeto pretende ainda otimizar recursos e servi\u00e7os de sa\u00fade, recorrendo a inova\u00e7\u00f5es e tecnologias que potenciem a efici\u00eancia, o acesso e a qualidade dos cuidados \u00e0 popula\u00e7\u00e3o.<\/p>\n<h3>Participa\u00e7\u00e3o e Objetivos<\/h3>\n<p>O ecossistema envolve organiza\u00e7\u00f5es p\u00fablicas e privadas da regi\u00e3o do Alto Ave, com \u00eanfase na colabora\u00e7\u00e3o entre servi\u00e7os de sa\u00fade, tecnologia e investiga\u00e7\u00e3o. O objetivo \u00e9 estruturar solu\u00e7\u00f5es partilhadas.<\/p>\n<p>Pretende-se, assim, facilitar a gest\u00e3o integrada da sa\u00fade, com abordagens multimodais que melhorem a presta\u00e7\u00e3o de cuidados, a monitoriza\u00e7\u00e3o de dados e a gest\u00e3o de recursos.<\/p>\n","protected":false},"excerpt":{"rendered":"<ul>\n<li>Institui\u00e7\u00f5es do Alto Ave est\u00e3o a criar o Ecossistema Colaborativo e Multimodal em Sa\u00fade.<\/li>\n<li>O objetivo \u00e9 melhorar v\u00e1rias \u00e1reas da sa\u00fade na regi\u00e3o.<\/li>\n<li>A C\u00e2mara Municipal de Guimar\u00e3es participa ativamente no projeto.<\/li>\n<li>O ecossistema pretende promover a integra\u00e7\u00e3o e a colabora\u00e7\u00e3o entre entidades regionais.<\/li>\n<li>Visa otimizar recursos e servi\u00e7os de sa\u00fade, introduzindo inova\u00e7\u00f5es e tecnologias eficazes para a popula\u00e7\u00e3o local.<\/li>\n<\/ul>\n","protected":false},"author":2,"featured_media":175699,"comment_status":"closed","ping_status":"closed","sticky":false,"template":"","format":"standard","meta":{"footnotes":""},"categories":[1],"tags":[1773,163,1145,33,172,153],"class_list":["post-175677","post","type-post","status-publish","format-standard","has-post-thumbnail","hentry","category-noticias","tag-alto-ave","tag-educacao","tag-guimaraes","tag-inovacao","tag-saude","tag-tecnologia"],"yoast_head":"<!-- This site is optimized with the Yoast SEO plugin v27.2 - https:\/\/yoast.com\/product\/yoast-seo-wordpress\/ -->\n<title>Alto Ave: institui\u00e7\u00f5es criam ecossistema de sa\u00fade colaborativo e multimodal - Portal Tela Portugal<\/title>\n<meta name=\"robots\" content=\"index, follow, max-snippet:-1, max-image-preview:large, max-video-preview:-1\" \/>\n<meta property=\"og:locale\" content=\"pt_PT\" \/>\n<meta property=\"og:type\" content=\"article\" \/>\n<meta property=\"og:title\" content=\"Alto Ave: institui\u00e7\u00f5es criam ecossistema de sa\u00fade colaborativo e multimodal - Portal Tela Portugal\" \/>\n<meta property=\"og:description\" content=\"Institui\u00e7\u00f5es do Alto Ave est\u00e3o a criar o Ecossistema Colaborativo e Multimodal em Sa\u00fade. O objetivo \u00e9 melhorar v\u00e1rias \u00e1reas da sa\u00fade na regi\u00e3o. A C\u00e2mara Municipal de Guimar\u00e3es participa ativamente no projeto. O ecossistema pretende promover a integra\u00e7\u00e3o e a colabora\u00e7\u00e3o entre entidades regionais. Visa otimizar recursos e servi\u00e7os de sa\u00fade, introduzindo inova\u00e7\u00f5es e tecnologias eficazes para a popula\u00e7\u00e3o local.\" \/>\n<meta property=\"og:url\" content=\"https:\/\/portaltela.pt\/noticias\/2026\/01\/26\/alto-ave-instituicoes-criam-ecossistema-de-saude-colaborativo-e-multimodal\/\" \/>\n<meta property=\"og:site_name\" content=\"Portal Tela Portugal\" \/>\n<meta property=\"article:published_time\" content=\"2026-01-27T00:43:39+00:00\" \/>\n<meta name=\"author\" content=\"Telinha\" \/>\n<meta name=\"twitter:card\" content=\"summary_large_image\" \/>\n<meta name=\"twitter:label1\" content=\"Escrito por\" \/>\n\t<meta name=\"twitter:data1\" content=\"Telinha\" \/>\n\t<meta name=\"twitter:label2\" content=\"Tempo estimado de leitura\" \/>\n\t<meta name=\"twitter:data2\" content=\"1 minuto\" \/>\n<script type=\"application\/ld+json\" class=\"yoast-schema-graph\">{\"@context\":\"https:\/\/schema.org\",\"@graph\":[{\"@type\":\"Article\",\"@id\":\"https:\/\/portaltela.pt\/noticias\/2026\/01\/26\/alto-ave-instituicoes-criam-ecossistema-de-saude-colaborativo-e-multimodal\/#article\",\"isPartOf\":{\"@id\":\"https:\/\/portaltela.pt\/noticias\/2026\/01\/26\/alto-ave-instituicoes-criam-ecossistema-de-saude-colaborativo-e-multimodal\/\"},\"author\":{\"name\":\"Telinha\",\"@id\":\"https:\/\/portaltela.pt\/#\/schema\/person\/c4278d4a6028830caff9ee44b42d32ed\"},\"headline\":\"Alto Ave: institui\u00e7\u00f5es criam ecossistema de sa\u00fade colaborativo e multimodal\",\"datePublished\":\"2026-01-27T00:43:39+00:00\",\"mainEntityOfPage\":{\"@id\":\"https:\/\/portaltela.pt\/noticias\/2026\/01\/26\/alto-ave-instituicoes-criam-ecossistema-de-saude-colaborativo-e-multimodal\/\"},\"wordCount\":192,\"image\":{\"@id\":\"https:\/\/portaltela.pt\/noticias\/2026\/01\/26\/alto-ave-instituicoes-criam-ecossistema-de-saude-colaborativo-e-multimodal\/#primaryimage\"},\"thumbnailUrl\":\"https:\/\/portaltela.pt\/s.01k8rhncp4jt1\/2026\/01\/unnamed-file-5418.jpg\",\"keywords\":[\"Alto Ave\",\"educa\u00e7\u00e3o\",\"Guimar\u00e3es\",\"inova\u00e7\u00e3o\",\"sa\u00fade\",\"tecnologia\"],\"articleSection\":[\"Not\u00edcias\"],\"inLanguage\":\"pt-PT\"},{\"@type\":\"WebPage\",\"@id\":\"https:\/\/portaltela.pt\/noticias\/2026\/01\/26\/alto-ave-instituicoes-criam-ecossistema-de-saude-colaborativo-e-multimodal\/\",\"url\":\"https:\/\/portaltela.pt\/noticias\/2026\/01\/26\/alto-ave-instituicoes-criam-ecossistema-de-saude-colaborativo-e-multimodal\/\",\"name\":\"Alto Ave: institui\u00e7\u00f5es criam ecossistema de sa\u00fade colaborativo e multimodal - Portal Tela Portugal\",\"isPartOf\":{\"@id\":\"https:\/\/portaltela.pt\/#website\"},\"primaryImageOfPage\":{\"@id\":\"https:\/\/portaltela.pt\/noticias\/2026\/01\/26\/alto-ave-instituicoes-criam-ecossistema-de-saude-colaborativo-e-multimodal\/#primaryimage\"},\"image\":{\"@id\":\"https:\/\/portaltela.pt\/noticias\/2026\/01\/26\/alto-ave-instituicoes-criam-ecossistema-de-saude-colaborativo-e-multimodal\/#primaryimage\"},\"thumbnailUrl\":\"https:\/\/portaltela.pt\/s.01k8rhncp4jt1\/2026\/01\/unnamed-file-5418.jpg\",\"datePublished\":\"2026-01-27T00:43:39+00:00\",\"author\":{\"@id\":\"https:\/\/portaltela.pt\/#\/schema\/person\/c4278d4a6028830caff9ee44b42d32ed\"},\"breadcrumb\":{\"@id\":\"https:\/\/portaltela.pt\/noticias\/2026\/01\/26\/alto-ave-instituicoes-criam-ecossistema-de-saude-colaborativo-e-multimodal\/#breadcrumb\"},\"inLanguage\":\"pt-PT\",\"potentialAction\":[{\"@type\":\"ReadAction\",\"target\":[\"https:\/\/portaltela.pt\/noticias\/2026\/01\/26\/alto-ave-instituicoes-criam-ecossistema-de-saude-colaborativo-e-multimodal\/\"]}]},{\"@type\":\"ImageObject\",\"inLanguage\":\"pt-PT\",\"@id\":\"https:\/\/portaltela.pt\/noticias\/2026\/01\/26\/alto-ave-instituicoes-criam-ecossistema-de-saude-colaborativo-e-multimodal\/#primaryimage\",\"url\":\"https:\/\/portaltela.pt\/s.01k8rhncp4jt1\/2026\/01\/unnamed-file-5418.jpg\",\"contentUrl\":\"https:\/\/portaltela.pt\/s.01k8rhncp4jt1\/2026\/01\/unnamed-file-5418.jpg\",\"width\":796,\"height\":448,\"caption\":\"Cria\u00e7\u00e3o do Ecossistema Colaborativo e Multimodal em Sa\u00fade assumida por institui\u00e7\u00f5es do Alto Ave\"},{\"@type\":\"BreadcrumbList\",\"@id\":\"https:\/\/portaltela.pt\/noticias\/2026\/01\/26\/alto-ave-instituicoes-criam-ecossistema-de-saude-colaborativo-e-multimodal\/#breadcrumb\",\"itemListElement\":[{\"@type\":\"ListItem\",\"position\":1,\"name\":\"In\u00edcio\",\"item\":\"https:\/\/portaltela.pt\/\"},{\"@type\":\"ListItem\",\"position\":2,\"name\":\"Alto Ave: institui\u00e7\u00f5es criam ecossistema de sa\u00fade colaborativo e multimodal\"}]},{\"@type\":\"WebSite\",\"@id\":\"https:\/\/portaltela.pt\/#website\",\"url\":\"https:\/\/portaltela.pt\/\",\"name\":\"Portal Tela Portugal\",\"description\":\"\",\"potentialAction\":[{\"@type\":\"SearchAction\",\"target\":{\"@type\":\"EntryPoint\",\"urlTemplate\":\"https:\/\/portaltela.pt\/?s={search_term_string}\"},\"query-input\":{\"@type\":\"PropertyValueSpecification\",\"valueRequired\":true,\"valueName\":\"search_term_string\"}}],\"inLanguage\":\"pt-PT\"},{\"@type\":\"Person\",\"@id\":\"https:\/\/portaltela.pt\/#\/schema\/person\/c4278d4a6028830caff9ee44b42d32ed\",\"name\":\"Telinha\",\"image\":{\"@type\":\"ImageObject\",\"inLanguage\":\"pt-PT\",\"@id\":\"https:\/\/portaltela.pt\/s.01k8rhncp4jt1\/2025\/11\/talking-bot-125x125.png\",\"url\":\"https:\/\/portaltela.pt\/s.01k8rhncp4jt1\/2025\/11\/talking-bot-125x125.png\",\"contentUrl\":\"https:\/\/portaltela.pt\/s.01k8rhncp4jt1\/2025\/11\/talking-bot-125x125.png\",\"caption\":\"Telinha\"},\"sameAs\":[\"https:\/\/portaltela.pt\/\"],\"url\":\"https:\/\/portaltela.pt\/por\/367410592786\/\"}]}<\/script>\n<!-- \/ Yoast SEO plugin. -->","yoast_head_json":{"title":"Alto Ave: institui\u00e7\u00f5es criam ecossistema de sa\u00fade colaborativo e multimodal - Portal Tela Portugal","robots":{"index":"index","follow":"follow","max-snippet":"max-snippet:-1","max-image-preview":"max-image-preview:large","max-video-preview":"max-video-preview:-1"},"og_locale":"pt_PT","og_type":"article","og_title":"Alto Ave: institui\u00e7\u00f5es criam ecossistema de sa\u00fade colaborativo e multimodal - Portal Tela Portugal","og_description":"Institui\u00e7\u00f5es do Alto Ave est\u00e3o a criar o Ecossistema Colaborativo e Multimodal em Sa\u00fade. O objetivo \u00e9 melhorar v\u00e1rias \u00e1reas da sa\u00fade na regi\u00e3o. A C\u00e2mara Municipal de Guimar\u00e3es participa ativamente no projeto. O ecossistema pretende promover a integra\u00e7\u00e3o e a colabora\u00e7\u00e3o entre entidades regionais. Visa otimizar recursos e servi\u00e7os de sa\u00fade, introduzindo inova\u00e7\u00f5es e tecnologias eficazes para a popula\u00e7\u00e3o local.","og_url":"https:\/\/portaltela.pt\/noticias\/2026\/01\/26\/alto-ave-instituicoes-criam-ecossistema-de-saude-colaborativo-e-multimodal\/","og_site_name":"Portal Tela Portugal","article_published_time":"2026-01-27T00:43:39+00:00","author":"Telinha","twitter_card":"summary_large_image","twitter_misc":{"Escrito por":"Telinha","Tempo estimado de leitura":"1 minuto"},"schema":{"@context":"https:\/\/schema.org","@graph":[{"@type":"Article","@id":"https:\/\/portaltela.pt\/noticias\/2026\/01\/26\/alto-ave-instituicoes-criam-ecossistema-de-saude-colaborativo-e-multimodal\/#article","isPartOf":{"@id":"https:\/\/portaltela.pt\/noticias\/2026\/01\/26\/alto-ave-instituicoes-criam-ecossistema-de-saude-colaborativo-e-multimodal\/"},"author":{"name":"Telinha","@id":"https:\/\/portaltela.pt\/#\/schema\/person\/c4278d4a6028830caff9ee44b42d32ed"},"headline":"Alto Ave: institui\u00e7\u00f5es criam ecossistema de sa\u00fade colaborativo e multimodal","datePublished":"2026-01-27T00:43:39+00:00","mainEntityOfPage":{"@id":"https:\/\/portaltela.pt\/noticias\/2026\/01\/26\/alto-ave-instituicoes-criam-ecossistema-de-saude-colaborativo-e-multimodal\/"},"wordCount":192,"image":{"@id":"https:\/\/portaltela.pt\/noticias\/2026\/01\/26\/alto-ave-instituicoes-criam-ecossistema-de-saude-colaborativo-e-multimodal\/#primaryimage"},"thumbnailUrl":"https:\/\/portaltela.pt\/s.01k8rhncp4jt1\/2026\/01\/unnamed-file-5418.jpg","keywords":["Alto Ave","educa\u00e7\u00e3o","Guimar\u00e3es","inova\u00e7\u00e3o","sa\u00fade","tecnologia"],"articleSection":["Not\u00edcias"],"inLanguage":"pt-PT"},{"@type":"WebPage","@id":"https:\/\/portaltela.pt\/noticias\/2026\/01\/26\/alto-ave-instituicoes-criam-ecossistema-de-saude-colaborativo-e-multimodal\/","url":"https:\/\/portaltela.pt\/noticias\/2026\/01\/26\/alto-ave-instituicoes-criam-ecossistema-de-saude-colaborativo-e-multimodal\/","name":"Alto Ave: institui\u00e7\u00f5es criam ecossistema de sa\u00fade colaborativo e multimodal - Portal Tela Portugal","isPartOf":{"@id":"https:\/\/portaltela.pt\/#website"},"primaryImageOfPage":{"@id":"https:\/\/portaltela.pt\/noticias\/2026\/01\/26\/alto-ave-instituicoes-criam-ecossistema-de-saude-colaborativo-e-multimodal\/#primaryimage"},"image":{"@id":"https:\/\/portaltela.pt\/noticias\/2026\/01\/26\/alto-ave-instituicoes-criam-ecossistema-de-saude-colaborativo-e-multimodal\/#primaryimage"},"thumbnailUrl":"https:\/\/portaltela.pt\/s.01k8rhncp4jt1\/2026\/01\/unnamed-file-5418.jpg","datePublished":"2026-01-27T00:43:39+00:00","author":{"@id":"https:\/\/portaltela.pt\/#\/schema\/person\/c4278d4a6028830caff9ee44b42d32ed"},"breadcrumb":{"@id":"https:\/\/portaltela.pt\/noticias\/2026\/01\/26\/alto-ave-instituicoes-criam-ecossistema-de-saude-colaborativo-e-multimodal\/#breadcrumb"},"inLanguage":"pt-PT","potentialAction":[{"@type":"ReadAction","target":["https:\/\/portaltela.pt\/noticias\/2026\/01\/26\/alto-ave-instituicoes-criam-ecossistema-de-saude-colaborativo-e-multimodal\/"]}]},{"@type":"ImageObject","inLanguage":"pt-PT","@id":"https:\/\/portaltela.pt\/noticias\/2026\/01\/26\/alto-ave-instituicoes-criam-ecossistema-de-saude-colaborativo-e-multimodal\/#primaryimage","url":"https:\/\/portaltela.pt\/s.01k8rhncp4jt1\/2026\/01\/unnamed-file-5418.jpg","contentUrl":"https:\/\/portaltela.pt\/s.01k8rhncp4jt1\/2026\/01\/unnamed-file-5418.jpg","width":796,"height":448,"caption":"Cria\u00e7\u00e3o do Ecossistema Colaborativo e Multimodal em Sa\u00fade assumida por institui\u00e7\u00f5es do Alto Ave"},{"@type":"BreadcrumbList","@id":"https:\/\/portaltela.pt\/noticias\/2026\/01\/26\/alto-ave-instituicoes-criam-ecossistema-de-saude-colaborativo-e-multimodal\/#breadcrumb","itemListElement":[{"@type":"ListItem","position":1,"name":"In\u00edcio","item":"https:\/\/portaltela.pt\/"},{"@type":"ListItem","position":2,"name":"Alto Ave: institui\u00e7\u00f5es criam ecossistema de sa\u00fade colaborativo e multimodal"}]},{"@type":"WebSite","@id":"https:\/\/portaltela.pt\/#website","url":"https:\/\/portaltela.pt\/","name":"Portal Tela Portugal","description":"","potentialAction":[{"@type":"SearchAction","target":{"@type":"EntryPoint","urlTemplate":"https:\/\/portaltela.pt\/?s={search_term_string}"},"query-input":{"@type":"PropertyValueSpecification","valueRequired":true,"valueName":"search_term_string"}}],"inLanguage":"pt-PT"},{"@type":"Person","@id":"https:\/\/portaltela.pt\/#\/schema\/person\/c4278d4a6028830caff9ee44b42d32ed","name":"Telinha","image":{"@type":"ImageObject","inLanguage":"pt-PT","@id":"https:\/\/portaltela.pt\/s.01k8rhncp4jt1\/2025\/11\/talking-bot-125x125.png","url":"https:\/\/portaltela.pt\/s.01k8rhncp4jt1\/2025\/11\/talking-bot-125x125.png","contentUrl":"https:\/\/portaltela.pt\/s.01k8rhncp4jt1\/2025\/11\/talking-bot-125x125.png","caption":"Telinha"},"sameAs":["https:\/\/portaltela.pt\/"],"url":"https:\/\/portaltela.pt\/por\/367410592786\/"}]}},"_links":{"self":[{"href":"https:\/\/portaltela.pt\/api\/wp\/v2\/posts\/175677","targetHints":{"allow":["GET"]}}],"collection":[{"href":"https:\/\/portaltela.pt\/api\/wp\/v2\/posts"}],"about":[{"href":"https:\/\/portaltela.pt\/api\/wp\/v2\/types\/post"}],"author":[{"embeddable":true,"href":"https:\/\/portaltela.pt\/api\/wp\/v2\/users\/2"}],"replies":[{"embeddable":true,"href":"https:\/\/portaltela.pt\/api\/wp\/v2\/comments?post=175677"}],"version-history":[{"count":0,"href":"https:\/\/portaltela.pt\/api\/wp\/v2\/posts\/175677\/revisions"}],"wp:featuredmedia":[{"embeddable":true,"href":"https:\/\/portaltela.pt\/api\/wp\/v2\/media\/175699"}],"wp:attachment":[{"href":"https:\/\/portaltela.pt\/api\/wp\/v2\/media?parent=175677"}],"wp:term":[{"taxonomy":"category","embeddable":true,"href":"https:\/\/portaltela.pt\/api\/wp\/v2\/categories?post=175677"},{"taxonomy":"post_tag","embeddable":true,"href":"https:\/\/portaltela.pt\/api\/wp\/v2\/tags?post=175677"}],"curies":[{"name":"wp","href":"https:\/\/api.w.org\/{rel}","templated":true}]}}