{"id":175661,"date":"2026-01-26T22:30:00","date_gmt":"2026-01-27T01:30:00","guid":{"rendered":"https:\/\/portaltela.pt\/noticias\/2026\/01\/26\/homicida-de-manu-permanece-em-silencio-durante-julgamento\/"},"modified":"2026-01-26T22:30:00","modified_gmt":"2026-01-27T01:30:00","slug":"homicida-de-manu-permanece-em-silencio-durante-julgamento","status":"publish","type":"post","link":"https:\/\/portaltela.pt\/noticias\/2026\/01\/26\/homicida-de-manu-permanece-em-silencio-durante-julgamento\/","title":{"rendered":"Homicida de &#8216;Manu&#8217; permanece em sil\u00eancio durante julgamento"},"content":{"rendered":"<p>O julgamento pelo homic\u00eddio de Manuel Gon\u00e7alves, conhecido por Manu, come\u00e7ou no Tribunal de Braga. O arguido, Mateus Marley Machado, de 28 anos, permaneceu em sil\u00eancio diante do coletivo de ju\u00edzas, ap\u00f3s a entrada em sala.<\/p>\n<p>Os pais e a irm\u00e3 de Manuel, ausentes na sess\u00e3o inicial, enfrentam um luto profundo. A advogada da fam\u00edlia, Raquel Dantas, indicou que j\u00e1 passaram nove meses desde o sucedido e que as dificuldades emocionais persistem, com apoio psicol\u00f3gico a cargo.<\/p>\n<p>O Tribunal ouviu o arguido manter o sil\u00eancio ao longo da audi\u00eancia, com o acompanhamento pr\u00f3ximo do advogado Fal\u00e9 de Carvalho. Este criticou a atua\u00e7\u00e3o de uma inspetora-chefe da brigada de homic\u00eddios da PJ de Braga, referindo que h\u00e1 provas ainda por recolher e contestando a conclus\u00e3o de que Machado \u00e9 o autor com base em investiga\u00e7\u00e3o nas redes sociais.<\/p>\n<h3>Contexto da investiga\u00e7\u00e3o e antecedentes do arguido<\/h3>\n<p>A PJ confirmou que identificou Mateus Marley Machado a partir da sua p\u00e1gina de Instagram, com base em depoimentos de testemunhas. Machado j\u00e1 tem condena\u00e7\u00e3o nos Estados Unidos por crimes violentos e mant\u00e9m liga\u00e7\u00f5es ao Primeiro Comando da Capital (PCC). O Minist\u00e9rio P\u00fablico alega que foi o arguido quem desferiu tr\u00eas golpes que ceifaram a vida de Manuel Gon\u00e7alves. Existe, no entanto, controlo sobre a totalidade das provas e o processo encontra-se em curso.<\/p>\n","protected":false},"excerpt":{"rendered":"<ul>\n<li>Mateus Marley Machado, de 28 anos, ficou em sil\u00eancio no in\u00edcio do julgamento em Braga sobre o homic\u00eddio de Manuel Gon\u00e7alves, conhecido por Manu.<\/li>\n<li>Os pais de Manu e a irm\u00e3 est\u00e3o de luto profundo; a advogada da fam\u00edlia afirma que n\u00e3o conseguem retomar as suas vidas, apesar do apoio m\u00e9dico e psicol\u00f3gico.<\/li>\n<li>A defesa critica a utiliza\u00e7\u00e3o de redes sociais como prova, dizendo que muita evid\u00eancia ainda est\u00e1 por recolher e que algumas declara\u00e7\u00f5es foram baseadas apenas no Instagram.<\/li>\n<li>A investiga\u00e7\u00e3o da Pol\u00edcia Judici\u00e1ria foi discutida em Tribunal, com a inspec\u00e7\u00e3o-chefe a afirmar que o arguido foi identificado pela p\u00e1gina de Instagram, com base em depoimentos de testemunhas.<\/li>\n<li>O brasileiro, j\u00e1 com condena\u00e7\u00e3o nos Estados Unidos por crimes violentos e com liga\u00e7\u00f5es ao Primeiro Comando da Capital (PCC), pode ser expulso do pa\u00eds se for condenado pelo homic\u00eddio; o Minist\u00e9rio P\u00fablico sustenta que ele desferiu as tr\u00eas facadas que tiraram a vida a Manu.<\/li>\n<\/ul>\n","protected":false},"author":2,"featured_media":175667,"comment_status":"closed","ping_status":"closed","sticky":false,"template":"","format":"standard","meta":{"footnotes":""},"categories":[1],"tags":[1207,1345,217,803,2622,52],"class_list":["post-175661","post","type-post","status-publish","format-standard","has-post-thumbnail","hentry","category-noticias","tag-braga","tag-homicidio","tag-investigacao-criminal","tag-justica","tag-pcc","tag-tribunal"],"yoast_head":"<!-- This site is optimized with the Yoast SEO plugin v27.2 - https:\/\/yoast.com\/product\/yoast-seo-wordpress\/ -->\n<title>Homicida de &#039;Manu&#039; permanece em sil\u00eancio durante julgamento - Portal Tela Portugal<\/title>\n<meta name=\"robots\" content=\"index, follow, max-snippet:-1, max-image-preview:large, max-video-preview:-1\" \/>\n<meta property=\"og:locale\" content=\"pt_PT\" \/>\n<meta property=\"og:type\" content=\"article\" \/>\n<meta property=\"og:title\" content=\"Homicida de &#039;Manu&#039; permanece em sil\u00eancio durante julgamento - Portal Tela Portugal\" \/>\n<meta property=\"og:description\" content=\"Mateus Marley Machado, de 28 anos, ficou em sil\u00eancio no in\u00edcio do julgamento em Braga sobre o homic\u00eddio de Manuel Gon\u00e7alves, conhecido por Manu. Os pais de Manu e a irm\u00e3 est\u00e3o de luto profundo; a advogada da fam\u00edlia afirma que n\u00e3o conseguem retomar as suas vidas, apesar do apoio m\u00e9dico e psicol\u00f3gico. A defesa critica a utiliza\u00e7\u00e3o de redes sociais como prova, dizendo que muita evid\u00eancia ainda est\u00e1 por recolher e que algumas declara\u00e7\u00f5es foram baseadas apenas no Instagram. A investiga\u00e7\u00e3o da Pol\u00edcia Judici\u00e1ria foi discutida em Tribunal, com a inspec\u00e7\u00e3o-chefe a afirmar que o arguido foi identificado pela p\u00e1gina de Instagram, com base em depoimentos de testemunhas. O brasileiro, j\u00e1 com condena\u00e7\u00e3o nos Estados Unidos por crimes violentos e com liga\u00e7\u00f5es ao Primeiro Comando da Capital (PCC), pode ser expulso do pa\u00eds se for condenado pelo homic\u00eddio; o Minist\u00e9rio P\u00fablico sustenta que ele desferiu as tr\u00eas facadas que tiraram a vida a Manu.\" \/>\n<meta property=\"og:url\" content=\"https:\/\/portaltela.pt\/noticias\/2026\/01\/26\/homicida-de-manu-permanece-em-silencio-durante-julgamento\/\" \/>\n<meta property=\"og:site_name\" content=\"Portal Tela Portugal\" \/>\n<meta property=\"article:published_time\" content=\"2026-01-27T01:30:00+00:00\" \/>\n<meta name=\"author\" content=\"Telinha\" \/>\n<meta name=\"twitter:card\" content=\"summary_large_image\" \/>\n<meta name=\"twitter:label1\" content=\"Escrito por\" \/>\n\t<meta name=\"twitter:data1\" content=\"Telinha\" \/>\n\t<meta name=\"twitter:label2\" content=\"Tempo estimado de leitura\" \/>\n\t<meta name=\"twitter:data2\" content=\"1 minuto\" \/>\n<script type=\"application\/ld+json\" class=\"yoast-schema-graph\">{\"@context\":\"https:\/\/schema.org\",\"@graph\":[{\"@type\":\"Article\",\"@id\":\"https:\/\/portaltela.pt\/noticias\/2026\/01\/26\/homicida-de-manu-permanece-em-silencio-durante-julgamento\/#article\",\"isPartOf\":{\"@id\":\"https:\/\/portaltela.pt\/noticias\/2026\/01\/26\/homicida-de-manu-permanece-em-silencio-durante-julgamento\/\"},\"author\":{\"name\":\"Telinha\",\"@id\":\"https:\/\/portaltela.pt\/#\/schema\/person\/c4278d4a6028830caff9ee44b42d32ed\"},\"headline\":\"Homicida de &#8216;Manu&#8217; permanece em sil\u00eancio durante julgamento\",\"datePublished\":\"2026-01-27T01:30:00+00:00\",\"mainEntityOfPage\":{\"@id\":\"https:\/\/portaltela.pt\/noticias\/2026\/01\/26\/homicida-de-manu-permanece-em-silencio-durante-julgamento\/\"},\"wordCount\":250,\"image\":{\"@id\":\"https:\/\/portaltela.pt\/noticias\/2026\/01\/26\/homicida-de-manu-permanece-em-silencio-durante-julgamento\/#primaryimage\"},\"thumbnailUrl\":\"https:\/\/portaltela.pt\/s.01k8rhncp4jt1\/2026\/01\/img_1280x721uu2025-04-19-22-16-28-2204060.jpg\",\"keywords\":[\"Braga\",\"homic\u00eddio\",\"investiga\u00e7\u00e3o criminal\",\"justi\u00e7a\",\"PCC\",\"tribunal\"],\"articleSection\":[\"Not\u00edcias\"],\"inLanguage\":\"pt-PT\"},{\"@type\":\"WebPage\",\"@id\":\"https:\/\/portaltela.pt\/noticias\/2026\/01\/26\/homicida-de-manu-permanece-em-silencio-durante-julgamento\/\",\"url\":\"https:\/\/portaltela.pt\/noticias\/2026\/01\/26\/homicida-de-manu-permanece-em-silencio-durante-julgamento\/\",\"name\":\"Homicida de 'Manu' permanece em sil\u00eancio durante julgamento - Portal Tela Portugal\",\"isPartOf\":{\"@id\":\"https:\/\/portaltela.pt\/#website\"},\"primaryImageOfPage\":{\"@id\":\"https:\/\/portaltela.pt\/noticias\/2026\/01\/26\/homicida-de-manu-permanece-em-silencio-durante-julgamento\/#primaryimage\"},\"image\":{\"@id\":\"https:\/\/portaltela.pt\/noticias\/2026\/01\/26\/homicida-de-manu-permanece-em-silencio-durante-julgamento\/#primaryimage\"},\"thumbnailUrl\":\"https:\/\/portaltela.pt\/s.01k8rhncp4jt1\/2026\/01\/img_1280x721uu2025-04-19-22-16-28-2204060.jpg\",\"datePublished\":\"2026-01-27T01:30:00+00:00\",\"author\":{\"@id\":\"https:\/\/portaltela.pt\/#\/schema\/person\/c4278d4a6028830caff9ee44b42d32ed\"},\"breadcrumb\":{\"@id\":\"https:\/\/portaltela.pt\/noticias\/2026\/01\/26\/homicida-de-manu-permanece-em-silencio-durante-julgamento\/#breadcrumb\"},\"inLanguage\":\"pt-PT\",\"potentialAction\":[{\"@type\":\"ReadAction\",\"target\":[\"https:\/\/portaltela.pt\/noticias\/2026\/01\/26\/homicida-de-manu-permanece-em-silencio-durante-julgamento\/\"]}]},{\"@type\":\"ImageObject\",\"inLanguage\":\"pt-PT\",\"@id\":\"https:\/\/portaltela.pt\/noticias\/2026\/01\/26\/homicida-de-manu-permanece-em-silencio-durante-julgamento\/#primaryimage\",\"url\":\"https:\/\/portaltela.pt\/s.01k8rhncp4jt1\/2026\/01\/img_1280x721uu2025-04-19-22-16-28-2204060.jpg\",\"contentUrl\":\"https:\/\/portaltela.pt\/s.01k8rhncp4jt1\/2026\/01\/img_1280x721uu2025-04-19-22-16-28-2204060.jpg\",\"width\":796,\"height\":448,\"caption\":\"Mateus Marley Machado, de 28 anos, come\u00e7ou esta segunda-feira a ser julgado\"},{\"@type\":\"BreadcrumbList\",\"@id\":\"https:\/\/portaltela.pt\/noticias\/2026\/01\/26\/homicida-de-manu-permanece-em-silencio-durante-julgamento\/#breadcrumb\",\"itemListElement\":[{\"@type\":\"ListItem\",\"position\":1,\"name\":\"In\u00edcio\",\"item\":\"https:\/\/portaltela.pt\/\"},{\"@type\":\"ListItem\",\"position\":2,\"name\":\"Homicida de &#8216;Manu&#8217; permanece em sil\u00eancio durante julgamento\"}]},{\"@type\":\"WebSite\",\"@id\":\"https:\/\/portaltela.pt\/#website\",\"url\":\"https:\/\/portaltela.pt\/\",\"name\":\"Portal Tela Portugal\",\"description\":\"\",\"potentialAction\":[{\"@type\":\"SearchAction\",\"target\":{\"@type\":\"EntryPoint\",\"urlTemplate\":\"https:\/\/portaltela.pt\/?s={search_term_string}\"},\"query-input\":{\"@type\":\"PropertyValueSpecification\",\"valueRequired\":true,\"valueName\":\"search_term_string\"}}],\"inLanguage\":\"pt-PT\"},{\"@type\":\"Person\",\"@id\":\"https:\/\/portaltela.pt\/#\/schema\/person\/c4278d4a6028830caff9ee44b42d32ed\",\"name\":\"Telinha\",\"image\":{\"@type\":\"ImageObject\",\"inLanguage\":\"pt-PT\",\"@id\":\"https:\/\/portaltela.pt\/s.01k8rhncp4jt1\/2025\/11\/talking-bot-125x125.png\",\"url\":\"https:\/\/portaltela.pt\/s.01k8rhncp4jt1\/2025\/11\/talking-bot-125x125.png\",\"contentUrl\":\"https:\/\/portaltela.pt\/s.01k8rhncp4jt1\/2025\/11\/talking-bot-125x125.png\",\"caption\":\"Telinha\"},\"sameAs\":[\"https:\/\/portaltela.pt\/\"],\"url\":\"https:\/\/portaltela.pt\/por\/367410592786\/\"}]}<\/script>\n<!-- \/ Yoast SEO plugin. -->","yoast_head_json":{"title":"Homicida de 'Manu' permanece em sil\u00eancio durante julgamento - Portal Tela Portugal","robots":{"index":"index","follow":"follow","max-snippet":"max-snippet:-1","max-image-preview":"max-image-preview:large","max-video-preview":"max-video-preview:-1"},"og_locale":"pt_PT","og_type":"article","og_title":"Homicida de 'Manu' permanece em sil\u00eancio durante julgamento - Portal Tela Portugal","og_description":"Mateus Marley Machado, de 28 anos, ficou em sil\u00eancio no in\u00edcio do julgamento em Braga sobre o homic\u00eddio de Manuel Gon\u00e7alves, conhecido por Manu. Os pais de Manu e a irm\u00e3 est\u00e3o de luto profundo; a advogada da fam\u00edlia afirma que n\u00e3o conseguem retomar as suas vidas, apesar do apoio m\u00e9dico e psicol\u00f3gico. A defesa critica a utiliza\u00e7\u00e3o de redes sociais como prova, dizendo que muita evid\u00eancia ainda est\u00e1 por recolher e que algumas declara\u00e7\u00f5es foram baseadas apenas no Instagram. A investiga\u00e7\u00e3o da Pol\u00edcia Judici\u00e1ria foi discutida em Tribunal, com a inspec\u00e7\u00e3o-chefe a afirmar que o arguido foi identificado pela p\u00e1gina de Instagram, com base em depoimentos de testemunhas. O brasileiro, j\u00e1 com condena\u00e7\u00e3o nos Estados Unidos por crimes violentos e com liga\u00e7\u00f5es ao Primeiro Comando da Capital (PCC), pode ser expulso do pa\u00eds se for condenado pelo homic\u00eddio; o Minist\u00e9rio P\u00fablico sustenta que ele desferiu as tr\u00eas facadas que tiraram a vida a Manu.","og_url":"https:\/\/portaltela.pt\/noticias\/2026\/01\/26\/homicida-de-manu-permanece-em-silencio-durante-julgamento\/","og_site_name":"Portal Tela Portugal","article_published_time":"2026-01-27T01:30:00+00:00","author":"Telinha","twitter_card":"summary_large_image","twitter_misc":{"Escrito por":"Telinha","Tempo estimado de leitura":"1 minuto"},"schema":{"@context":"https:\/\/schema.org","@graph":[{"@type":"Article","@id":"https:\/\/portaltela.pt\/noticias\/2026\/01\/26\/homicida-de-manu-permanece-em-silencio-durante-julgamento\/#article","isPartOf":{"@id":"https:\/\/portaltela.pt\/noticias\/2026\/01\/26\/homicida-de-manu-permanece-em-silencio-durante-julgamento\/"},"author":{"name":"Telinha","@id":"https:\/\/portaltela.pt\/#\/schema\/person\/c4278d4a6028830caff9ee44b42d32ed"},"headline":"Homicida de &#8216;Manu&#8217; permanece em sil\u00eancio durante julgamento","datePublished":"2026-01-27T01:30:00+00:00","mainEntityOfPage":{"@id":"https:\/\/portaltela.pt\/noticias\/2026\/01\/26\/homicida-de-manu-permanece-em-silencio-durante-julgamento\/"},"wordCount":250,"image":{"@id":"https:\/\/portaltela.pt\/noticias\/2026\/01\/26\/homicida-de-manu-permanece-em-silencio-durante-julgamento\/#primaryimage"},"thumbnailUrl":"https:\/\/portaltela.pt\/s.01k8rhncp4jt1\/2026\/01\/img_1280x721uu2025-04-19-22-16-28-2204060.jpg","keywords":["Braga","homic\u00eddio","investiga\u00e7\u00e3o criminal","justi\u00e7a","PCC","tribunal"],"articleSection":["Not\u00edcias"],"inLanguage":"pt-PT"},{"@type":"WebPage","@id":"https:\/\/portaltela.pt\/noticias\/2026\/01\/26\/homicida-de-manu-permanece-em-silencio-durante-julgamento\/","url":"https:\/\/portaltela.pt\/noticias\/2026\/01\/26\/homicida-de-manu-permanece-em-silencio-durante-julgamento\/","name":"Homicida de 'Manu' permanece em sil\u00eancio durante julgamento - Portal Tela Portugal","isPartOf":{"@id":"https:\/\/portaltela.pt\/#website"},"primaryImageOfPage":{"@id":"https:\/\/portaltela.pt\/noticias\/2026\/01\/26\/homicida-de-manu-permanece-em-silencio-durante-julgamento\/#primaryimage"},"image":{"@id":"https:\/\/portaltela.pt\/noticias\/2026\/01\/26\/homicida-de-manu-permanece-em-silencio-durante-julgamento\/#primaryimage"},"thumbnailUrl":"https:\/\/portaltela.pt\/s.01k8rhncp4jt1\/2026\/01\/img_1280x721uu2025-04-19-22-16-28-2204060.jpg","datePublished":"2026-01-27T01:30:00+00:00","author":{"@id":"https:\/\/portaltela.pt\/#\/schema\/person\/c4278d4a6028830caff9ee44b42d32ed"},"breadcrumb":{"@id":"https:\/\/portaltela.pt\/noticias\/2026\/01\/26\/homicida-de-manu-permanece-em-silencio-durante-julgamento\/#breadcrumb"},"inLanguage":"pt-PT","potentialAction":[{"@type":"ReadAction","target":["https:\/\/portaltela.pt\/noticias\/2026\/01\/26\/homicida-de-manu-permanece-em-silencio-durante-julgamento\/"]}]},{"@type":"ImageObject","inLanguage":"pt-PT","@id":"https:\/\/portaltela.pt\/noticias\/2026\/01\/26\/homicida-de-manu-permanece-em-silencio-durante-julgamento\/#primaryimage","url":"https:\/\/portaltela.pt\/s.01k8rhncp4jt1\/2026\/01\/img_1280x721uu2025-04-19-22-16-28-2204060.jpg","contentUrl":"https:\/\/portaltela.pt\/s.01k8rhncp4jt1\/2026\/01\/img_1280x721uu2025-04-19-22-16-28-2204060.jpg","width":796,"height":448,"caption":"Mateus Marley Machado, de 28 anos, come\u00e7ou esta segunda-feira a ser julgado"},{"@type":"BreadcrumbList","@id":"https:\/\/portaltela.pt\/noticias\/2026\/01\/26\/homicida-de-manu-permanece-em-silencio-durante-julgamento\/#breadcrumb","itemListElement":[{"@type":"ListItem","position":1,"name":"In\u00edcio","item":"https:\/\/portaltela.pt\/"},{"@type":"ListItem","position":2,"name":"Homicida de &#8216;Manu&#8217; permanece em sil\u00eancio durante julgamento"}]},{"@type":"WebSite","@id":"https:\/\/portaltela.pt\/#website","url":"https:\/\/portaltela.pt\/","name":"Portal Tela Portugal","description":"","potentialAction":[{"@type":"SearchAction","target":{"@type":"EntryPoint","urlTemplate":"https:\/\/portaltela.pt\/?s={search_term_string}"},"query-input":{"@type":"PropertyValueSpecification","valueRequired":true,"valueName":"search_term_string"}}],"inLanguage":"pt-PT"},{"@type":"Person","@id":"https:\/\/portaltela.pt\/#\/schema\/person\/c4278d4a6028830caff9ee44b42d32ed","name":"Telinha","image":{"@type":"ImageObject","inLanguage":"pt-PT","@id":"https:\/\/portaltela.pt\/s.01k8rhncp4jt1\/2025\/11\/talking-bot-125x125.png","url":"https:\/\/portaltela.pt\/s.01k8rhncp4jt1\/2025\/11\/talking-bot-125x125.png","contentUrl":"https:\/\/portaltela.pt\/s.01k8rhncp4jt1\/2025\/11\/talking-bot-125x125.png","caption":"Telinha"},"sameAs":["https:\/\/portaltela.pt\/"],"url":"https:\/\/portaltela.pt\/por\/367410592786\/"}]}},"_links":{"self":[{"href":"https:\/\/portaltela.pt\/api\/wp\/v2\/posts\/175661","targetHints":{"allow":["GET"]}}],"collection":[{"href":"https:\/\/portaltela.pt\/api\/wp\/v2\/posts"}],"about":[{"href":"https:\/\/portaltela.pt\/api\/wp\/v2\/types\/post"}],"author":[{"embeddable":true,"href":"https:\/\/portaltela.pt\/api\/wp\/v2\/users\/2"}],"replies":[{"embeddable":true,"href":"https:\/\/portaltela.pt\/api\/wp\/v2\/comments?post=175661"}],"version-history":[{"count":0,"href":"https:\/\/portaltela.pt\/api\/wp\/v2\/posts\/175661\/revisions"}],"wp:featuredmedia":[{"embeddable":true,"href":"https:\/\/portaltela.pt\/api\/wp\/v2\/media\/175667"}],"wp:attachment":[{"href":"https:\/\/portaltela.pt\/api\/wp\/v2\/media?parent=175661"}],"wp:term":[{"taxonomy":"category","embeddable":true,"href":"https:\/\/portaltela.pt\/api\/wp\/v2\/categories?post=175661"},{"taxonomy":"post_tag","embeddable":true,"href":"https:\/\/portaltela.pt\/api\/wp\/v2\/tags?post=175661"}],"curies":[{"name":"wp","href":"https:\/\/api.w.org\/{rel}","templated":true}]}}