{"id":175658,"date":"2026-01-26T22:30:00","date_gmt":"2026-01-27T01:30:00","guid":{"rendered":"https:\/\/portaltela.pt\/noticias\/2026\/01\/26\/dirigente-do-chega-nao-comparece-a-julgamento-por-prostituicao-de-menores\/"},"modified":"2026-01-26T22:30:00","modified_gmt":"2026-01-27T01:30:00","slug":"dirigente-do-chega-nao-comparece-a-julgamento-por-prostituicao-de-menores","status":"publish","type":"post","link":"https:\/\/portaltela.pt\/noticias\/2026\/01\/26\/dirigente-do-chega-nao-comparece-a-julgamento-por-prostituicao-de-menores\/","title":{"rendered":"Dirigente do Chega n\u00e3o comparece a julgamento por prostitui\u00e7\u00e3o de menores"},"content":{"rendered":"<p>Nuno Pardal Ribeiro, antigo dirigente do Chega, e Carlos Conde de Almeida, piloto de avi\u00f5es conhecido pela aterragem em praia da Costa da Caparica que resultou em duas mortes, come\u00e7aram esta segunda-feira a ser julgados no tribunal de Cascais por suposto recurso a prostitui\u00e7\u00e3o de menores.<\/p>\n<p>O julgamento decorre a portas fechadas. N\u00e3o houve declara\u00e7\u00f5es de advogados presentes, e Pardal Ribeiro ausentou-se da primeira sess\u00e3o alegando doen\u00e7a, enquanto Conde de Almeida n\u00e3o falou com a comunica\u00e7\u00e3o social.<\/p>\n<p>Segundo a acusa\u00e7\u00e3o do Minist\u00e9rio P\u00fablico, em 2023 o ex-dirigente do Chega ter\u00e1 mantido encontro com um jovem de 15 anos, junto a um pinhal, envolvendo actos sexuais pagos. O MP alega que Pardal Ribeiro pagou 20 euros e que deveria ter havido um segundo encontro que n\u00e3o se realizou.<\/p>\n<p>Na fase de inqu\u00e9rito, Pardal Ribeiro disse n\u00e3o saber a idade do menor, argumento que o MP contesta com base em fotos e na perce\u00e7\u00e3o de idade no momento do encontro. Pardal Ribeiro era, \u00e0 \u00e9poca, vice-presidente da distrital de Lisboa do Chega e deputado municipal, corpora\u00e7\u00e3o a que renunciou em fevereiro de 2025, ap\u00f3s a acusa\u00e7\u00e3o tomar conhecimento.<\/p>\n","protected":false},"excerpt":{"rendered":"<ul>\n<li>Dois arguidos, Nuno Pardal Ribeiro (ex-dirigente do Chega e vereador municipal) e Carlos Conde de Almeida, come\u00e7aram hoje a ser julgados no tribunal de Cascais por prostitui\u00e7\u00e3o de menores.<\/li>\n<li>A acusa\u00e7\u00e3o sustenta que Pardal Ribeiro teve um encontro em 2023 com um jovem de 15 anos, com quem praticou atos sexuais mediante pagamento de 20 euros; estava prevista a realiza\u00e7\u00e3o de um segundo encontro que n\u00e3o chegou a acontecer.<\/li>\n<li>O jovem conheceu os arguidos numa aplica\u00e7\u00e3o de encontros gay.<\/li>\n<li>O julgamento decorre \u00e0 porta fechada; Pardal Ribeiro faltou \u00e0 primeira sess\u00e3o alegando doen\u00e7a e Conde de Almeida n\u00e3o prestou declara\u00e7\u00f5es.<\/li>\n<li>Pardal Ribeiro era vice-presidente da distrital de Lisboa do Chega e deputado municipal, tendo renunciado aos cargos em fevereiro de 2025.<\/li>\n<\/ul>\n","protected":false},"author":2,"featured_media":175662,"comment_status":"closed","ping_status":"closed","sticky":false,"template":"","format":"standard","meta":{"footnotes":""},"categories":[1],"tags":[2142,147,2832,4285,52],"class_list":["post-175658","post","type-post","status-publish","format-standard","has-post-thumbnail","hentry","category-noticias","tag-chega","tag-crime","tag-politica","tag-prostituicao-de-menor-dependente-ou-em-situacao-vulneravel","tag-tribunal"],"yoast_head":"<!-- This site is optimized with the Yoast SEO plugin v27.2 - https:\/\/yoast.com\/product\/yoast-seo-wordpress\/ -->\n<title>Dirigente do Chega n\u00e3o comparece a julgamento por prostitui\u00e7\u00e3o de menores - Portal Tela Portugal<\/title>\n<meta name=\"robots\" content=\"index, follow, max-snippet:-1, max-image-preview:large, max-video-preview:-1\" \/>\n<meta property=\"og:locale\" content=\"pt_PT\" \/>\n<meta property=\"og:type\" content=\"article\" \/>\n<meta property=\"og:title\" content=\"Dirigente do Chega n\u00e3o comparece a julgamento por prostitui\u00e7\u00e3o de menores - Portal Tela Portugal\" \/>\n<meta property=\"og:description\" content=\"Dois arguidos, Nuno Pardal Ribeiro (ex-dirigente do Chega e vereador municipal) e Carlos Conde de Almeida, come\u00e7aram hoje a ser julgados no tribunal de Cascais por prostitui\u00e7\u00e3o de menores. A acusa\u00e7\u00e3o sustenta que Pardal Ribeiro teve um encontro em 2023 com um jovem de 15 anos, com quem praticou atos sexuais mediante pagamento de 20 euros; estava prevista a realiza\u00e7\u00e3o de um segundo encontro que n\u00e3o chegou a acontecer. O jovem conheceu os arguidos numa aplica\u00e7\u00e3o de encontros gay. O julgamento decorre \u00e0 porta fechada; Pardal Ribeiro faltou \u00e0 primeira sess\u00e3o alegando doen\u00e7a e Conde de Almeida n\u00e3o prestou declara\u00e7\u00f5es. Pardal Ribeiro era vice-presidente da distrital de Lisboa do Chega e deputado municipal, tendo renunciado aos cargos em fevereiro de 2025.\" \/>\n<meta property=\"og:url\" content=\"https:\/\/portaltela.pt\/noticias\/2026\/01\/26\/dirigente-do-chega-nao-comparece-a-julgamento-por-prostituicao-de-menores\/\" \/>\n<meta property=\"og:site_name\" content=\"Portal Tela Portugal\" \/>\n<meta property=\"article:published_time\" content=\"2026-01-27T01:30:00+00:00\" \/>\n<meta name=\"author\" content=\"Telinha\" \/>\n<meta name=\"twitter:card\" content=\"summary_large_image\" \/>\n<meta name=\"twitter:label1\" content=\"Escrito por\" \/>\n\t<meta name=\"twitter:data1\" content=\"Telinha\" \/>\n\t<meta name=\"twitter:label2\" content=\"Tempo estimado de leitura\" \/>\n\t<meta name=\"twitter:data2\" content=\"1 minuto\" \/>\n<script type=\"application\/ld+json\" class=\"yoast-schema-graph\">{\"@context\":\"https:\/\/schema.org\",\"@graph\":[{\"@type\":\"Article\",\"@id\":\"https:\/\/portaltela.pt\/noticias\/2026\/01\/26\/dirigente-do-chega-nao-comparece-a-julgamento-por-prostituicao-de-menores\/#article\",\"isPartOf\":{\"@id\":\"https:\/\/portaltela.pt\/noticias\/2026\/01\/26\/dirigente-do-chega-nao-comparece-a-julgamento-por-prostituicao-de-menores\/\"},\"author\":{\"name\":\"Telinha\",\"@id\":\"https:\/\/portaltela.pt\/#\/schema\/person\/c4278d4a6028830caff9ee44b42d32ed\"},\"headline\":\"Dirigente do Chega n\u00e3o comparece a julgamento por prostitui\u00e7\u00e3o de menores\",\"datePublished\":\"2026-01-27T01:30:00+00:00\",\"mainEntityOfPage\":{\"@id\":\"https:\/\/portaltela.pt\/noticias\/2026\/01\/26\/dirigente-do-chega-nao-comparece-a-julgamento-por-prostituicao-de-menores\/\"},\"wordCount\":213,\"image\":{\"@id\":\"https:\/\/portaltela.pt\/noticias\/2026\/01\/26\/dirigente-do-chega-nao-comparece-a-julgamento-por-prostituicao-de-menores\/#primaryimage\"},\"thumbnailUrl\":\"https:\/\/portaltela.pt\/s.01k8rhncp4jt1\/2026\/01\/img_1500x1000uu2025-02-06-23-45-39-2192104-2.jpg\",\"keywords\":[\"CHEGA\",\"crime\",\"pol\u00edtica\",\"prostitui\u00e7\u00e3o de menor dependente ou em situa\u00e7\u00e3o vulner\u00e1vel\",\"tribunal\"],\"articleSection\":[\"Not\u00edcias\"],\"inLanguage\":\"pt-PT\"},{\"@type\":\"WebPage\",\"@id\":\"https:\/\/portaltela.pt\/noticias\/2026\/01\/26\/dirigente-do-chega-nao-comparece-a-julgamento-por-prostituicao-de-menores\/\",\"url\":\"https:\/\/portaltela.pt\/noticias\/2026\/01\/26\/dirigente-do-chega-nao-comparece-a-julgamento-por-prostituicao-de-menores\/\",\"name\":\"Dirigente do Chega n\u00e3o comparece a julgamento por prostitui\u00e7\u00e3o de menores - Portal Tela Portugal\",\"isPartOf\":{\"@id\":\"https:\/\/portaltela.pt\/#website\"},\"primaryImageOfPage\":{\"@id\":\"https:\/\/portaltela.pt\/noticias\/2026\/01\/26\/dirigente-do-chega-nao-comparece-a-julgamento-por-prostituicao-de-menores\/#primaryimage\"},\"image\":{\"@id\":\"https:\/\/portaltela.pt\/noticias\/2026\/01\/26\/dirigente-do-chega-nao-comparece-a-julgamento-por-prostituicao-de-menores\/#primaryimage\"},\"thumbnailUrl\":\"https:\/\/portaltela.pt\/s.01k8rhncp4jt1\/2026\/01\/img_1500x1000uu2025-02-06-23-45-39-2192104-2.jpg\",\"datePublished\":\"2026-01-27T01:30:00+00:00\",\"author\":{\"@id\":\"https:\/\/portaltela.pt\/#\/schema\/person\/c4278d4a6028830caff9ee44b42d32ed\"},\"breadcrumb\":{\"@id\":\"https:\/\/portaltela.pt\/noticias\/2026\/01\/26\/dirigente-do-chega-nao-comparece-a-julgamento-por-prostituicao-de-menores\/#breadcrumb\"},\"inLanguage\":\"pt-PT\",\"potentialAction\":[{\"@type\":\"ReadAction\",\"target\":[\"https:\/\/portaltela.pt\/noticias\/2026\/01\/26\/dirigente-do-chega-nao-comparece-a-julgamento-por-prostituicao-de-menores\/\"]}]},{\"@type\":\"ImageObject\",\"inLanguage\":\"pt-PT\",\"@id\":\"https:\/\/portaltela.pt\/noticias\/2026\/01\/26\/dirigente-do-chega-nao-comparece-a-julgamento-por-prostituicao-de-menores\/#primaryimage\",\"url\":\"https:\/\/portaltela.pt\/s.01k8rhncp4jt1\/2026\/01\/img_1500x1000uu2025-02-06-23-45-39-2192104-2.jpg\",\"contentUrl\":\"https:\/\/portaltela.pt\/s.01k8rhncp4jt1\/2026\/01\/img_1500x1000uu2025-02-06-23-45-39-2192104-2.jpg\",\"width\":796,\"height\":448,\"caption\":\"Nuno Pardal Ribeiro est\u00e1 a ser julgado em Cascais\"},{\"@type\":\"BreadcrumbList\",\"@id\":\"https:\/\/portaltela.pt\/noticias\/2026\/01\/26\/dirigente-do-chega-nao-comparece-a-julgamento-por-prostituicao-de-menores\/#breadcrumb\",\"itemListElement\":[{\"@type\":\"ListItem\",\"position\":1,\"name\":\"In\u00edcio\",\"item\":\"https:\/\/portaltela.pt\/\"},{\"@type\":\"ListItem\",\"position\":2,\"name\":\"Dirigente do Chega n\u00e3o comparece a julgamento por prostitui\u00e7\u00e3o de menores\"}]},{\"@type\":\"WebSite\",\"@id\":\"https:\/\/portaltela.pt\/#website\",\"url\":\"https:\/\/portaltela.pt\/\",\"name\":\"Portal Tela Portugal\",\"description\":\"\",\"potentialAction\":[{\"@type\":\"SearchAction\",\"target\":{\"@type\":\"EntryPoint\",\"urlTemplate\":\"https:\/\/portaltela.pt\/?s={search_term_string}\"},\"query-input\":{\"@type\":\"PropertyValueSpecification\",\"valueRequired\":true,\"valueName\":\"search_term_string\"}}],\"inLanguage\":\"pt-PT\"},{\"@type\":\"Person\",\"@id\":\"https:\/\/portaltela.pt\/#\/schema\/person\/c4278d4a6028830caff9ee44b42d32ed\",\"name\":\"Telinha\",\"image\":{\"@type\":\"ImageObject\",\"inLanguage\":\"pt-PT\",\"@id\":\"https:\/\/portaltela.pt\/s.01k8rhncp4jt1\/2025\/11\/talking-bot-125x125.png\",\"url\":\"https:\/\/portaltela.pt\/s.01k8rhncp4jt1\/2025\/11\/talking-bot-125x125.png\",\"contentUrl\":\"https:\/\/portaltela.pt\/s.01k8rhncp4jt1\/2025\/11\/talking-bot-125x125.png\",\"caption\":\"Telinha\"},\"sameAs\":[\"https:\/\/portaltela.pt\/\"],\"url\":\"https:\/\/portaltela.pt\/por\/367410592786\/\"}]}<\/script>\n<!-- \/ Yoast SEO plugin. -->","yoast_head_json":{"title":"Dirigente do Chega n\u00e3o comparece a julgamento por prostitui\u00e7\u00e3o de menores - Portal Tela Portugal","robots":{"index":"index","follow":"follow","max-snippet":"max-snippet:-1","max-image-preview":"max-image-preview:large","max-video-preview":"max-video-preview:-1"},"og_locale":"pt_PT","og_type":"article","og_title":"Dirigente do Chega n\u00e3o comparece a julgamento por prostitui\u00e7\u00e3o de menores - Portal Tela Portugal","og_description":"Dois arguidos, Nuno Pardal Ribeiro (ex-dirigente do Chega e vereador municipal) e Carlos Conde de Almeida, come\u00e7aram hoje a ser julgados no tribunal de Cascais por prostitui\u00e7\u00e3o de menores. A acusa\u00e7\u00e3o sustenta que Pardal Ribeiro teve um encontro em 2023 com um jovem de 15 anos, com quem praticou atos sexuais mediante pagamento de 20 euros; estava prevista a realiza\u00e7\u00e3o de um segundo encontro que n\u00e3o chegou a acontecer. O jovem conheceu os arguidos numa aplica\u00e7\u00e3o de encontros gay. O julgamento decorre \u00e0 porta fechada; Pardal Ribeiro faltou \u00e0 primeira sess\u00e3o alegando doen\u00e7a e Conde de Almeida n\u00e3o prestou declara\u00e7\u00f5es. Pardal Ribeiro era vice-presidente da distrital de Lisboa do Chega e deputado municipal, tendo renunciado aos cargos em fevereiro de 2025.","og_url":"https:\/\/portaltela.pt\/noticias\/2026\/01\/26\/dirigente-do-chega-nao-comparece-a-julgamento-por-prostituicao-de-menores\/","og_site_name":"Portal Tela Portugal","article_published_time":"2026-01-27T01:30:00+00:00","author":"Telinha","twitter_card":"summary_large_image","twitter_misc":{"Escrito por":"Telinha","Tempo estimado de leitura":"1 minuto"},"schema":{"@context":"https:\/\/schema.org","@graph":[{"@type":"Article","@id":"https:\/\/portaltela.pt\/noticias\/2026\/01\/26\/dirigente-do-chega-nao-comparece-a-julgamento-por-prostituicao-de-menores\/#article","isPartOf":{"@id":"https:\/\/portaltela.pt\/noticias\/2026\/01\/26\/dirigente-do-chega-nao-comparece-a-julgamento-por-prostituicao-de-menores\/"},"author":{"name":"Telinha","@id":"https:\/\/portaltela.pt\/#\/schema\/person\/c4278d4a6028830caff9ee44b42d32ed"},"headline":"Dirigente do Chega n\u00e3o comparece a julgamento por prostitui\u00e7\u00e3o de menores","datePublished":"2026-01-27T01:30:00+00:00","mainEntityOfPage":{"@id":"https:\/\/portaltela.pt\/noticias\/2026\/01\/26\/dirigente-do-chega-nao-comparece-a-julgamento-por-prostituicao-de-menores\/"},"wordCount":213,"image":{"@id":"https:\/\/portaltela.pt\/noticias\/2026\/01\/26\/dirigente-do-chega-nao-comparece-a-julgamento-por-prostituicao-de-menores\/#primaryimage"},"thumbnailUrl":"https:\/\/portaltela.pt\/s.01k8rhncp4jt1\/2026\/01\/img_1500x1000uu2025-02-06-23-45-39-2192104-2.jpg","keywords":["CHEGA","crime","pol\u00edtica","prostitui\u00e7\u00e3o de menor dependente ou em situa\u00e7\u00e3o vulner\u00e1vel","tribunal"],"articleSection":["Not\u00edcias"],"inLanguage":"pt-PT"},{"@type":"WebPage","@id":"https:\/\/portaltela.pt\/noticias\/2026\/01\/26\/dirigente-do-chega-nao-comparece-a-julgamento-por-prostituicao-de-menores\/","url":"https:\/\/portaltela.pt\/noticias\/2026\/01\/26\/dirigente-do-chega-nao-comparece-a-julgamento-por-prostituicao-de-menores\/","name":"Dirigente do Chega n\u00e3o comparece a julgamento por prostitui\u00e7\u00e3o de menores - Portal Tela Portugal","isPartOf":{"@id":"https:\/\/portaltela.pt\/#website"},"primaryImageOfPage":{"@id":"https:\/\/portaltela.pt\/noticias\/2026\/01\/26\/dirigente-do-chega-nao-comparece-a-julgamento-por-prostituicao-de-menores\/#primaryimage"},"image":{"@id":"https:\/\/portaltela.pt\/noticias\/2026\/01\/26\/dirigente-do-chega-nao-comparece-a-julgamento-por-prostituicao-de-menores\/#primaryimage"},"thumbnailUrl":"https:\/\/portaltela.pt\/s.01k8rhncp4jt1\/2026\/01\/img_1500x1000uu2025-02-06-23-45-39-2192104-2.jpg","datePublished":"2026-01-27T01:30:00+00:00","author":{"@id":"https:\/\/portaltela.pt\/#\/schema\/person\/c4278d4a6028830caff9ee44b42d32ed"},"breadcrumb":{"@id":"https:\/\/portaltela.pt\/noticias\/2026\/01\/26\/dirigente-do-chega-nao-comparece-a-julgamento-por-prostituicao-de-menores\/#breadcrumb"},"inLanguage":"pt-PT","potentialAction":[{"@type":"ReadAction","target":["https:\/\/portaltela.pt\/noticias\/2026\/01\/26\/dirigente-do-chega-nao-comparece-a-julgamento-por-prostituicao-de-menores\/"]}]},{"@type":"ImageObject","inLanguage":"pt-PT","@id":"https:\/\/portaltela.pt\/noticias\/2026\/01\/26\/dirigente-do-chega-nao-comparece-a-julgamento-por-prostituicao-de-menores\/#primaryimage","url":"https:\/\/portaltela.pt\/s.01k8rhncp4jt1\/2026\/01\/img_1500x1000uu2025-02-06-23-45-39-2192104-2.jpg","contentUrl":"https:\/\/portaltela.pt\/s.01k8rhncp4jt1\/2026\/01\/img_1500x1000uu2025-02-06-23-45-39-2192104-2.jpg","width":796,"height":448,"caption":"Nuno Pardal Ribeiro est\u00e1 a ser julgado em Cascais"},{"@type":"BreadcrumbList","@id":"https:\/\/portaltela.pt\/noticias\/2026\/01\/26\/dirigente-do-chega-nao-comparece-a-julgamento-por-prostituicao-de-menores\/#breadcrumb","itemListElement":[{"@type":"ListItem","position":1,"name":"In\u00edcio","item":"https:\/\/portaltela.pt\/"},{"@type":"ListItem","position":2,"name":"Dirigente do Chega n\u00e3o comparece a julgamento por prostitui\u00e7\u00e3o de menores"}]},{"@type":"WebSite","@id":"https:\/\/portaltela.pt\/#website","url":"https:\/\/portaltela.pt\/","name":"Portal Tela Portugal","description":"","potentialAction":[{"@type":"SearchAction","target":{"@type":"EntryPoint","urlTemplate":"https:\/\/portaltela.pt\/?s={search_term_string}"},"query-input":{"@type":"PropertyValueSpecification","valueRequired":true,"valueName":"search_term_string"}}],"inLanguage":"pt-PT"},{"@type":"Person","@id":"https:\/\/portaltela.pt\/#\/schema\/person\/c4278d4a6028830caff9ee44b42d32ed","name":"Telinha","image":{"@type":"ImageObject","inLanguage":"pt-PT","@id":"https:\/\/portaltela.pt\/s.01k8rhncp4jt1\/2025\/11\/talking-bot-125x125.png","url":"https:\/\/portaltela.pt\/s.01k8rhncp4jt1\/2025\/11\/talking-bot-125x125.png","contentUrl":"https:\/\/portaltela.pt\/s.01k8rhncp4jt1\/2025\/11\/talking-bot-125x125.png","caption":"Telinha"},"sameAs":["https:\/\/portaltela.pt\/"],"url":"https:\/\/portaltela.pt\/por\/367410592786\/"}]}},"_links":{"self":[{"href":"https:\/\/portaltela.pt\/api\/wp\/v2\/posts\/175658","targetHints":{"allow":["GET"]}}],"collection":[{"href":"https:\/\/portaltela.pt\/api\/wp\/v2\/posts"}],"about":[{"href":"https:\/\/portaltela.pt\/api\/wp\/v2\/types\/post"}],"author":[{"embeddable":true,"href":"https:\/\/portaltela.pt\/api\/wp\/v2\/users\/2"}],"replies":[{"embeddable":true,"href":"https:\/\/portaltela.pt\/api\/wp\/v2\/comments?post=175658"}],"version-history":[{"count":0,"href":"https:\/\/portaltela.pt\/api\/wp\/v2\/posts\/175658\/revisions"}],"wp:featuredmedia":[{"embeddable":true,"href":"https:\/\/portaltela.pt\/api\/wp\/v2\/media\/175662"}],"wp:attachment":[{"href":"https:\/\/portaltela.pt\/api\/wp\/v2\/media?parent=175658"}],"wp:term":[{"taxonomy":"category","embeddable":true,"href":"https:\/\/portaltela.pt\/api\/wp\/v2\/categories?post=175658"},{"taxonomy":"post_tag","embeddable":true,"href":"https:\/\/portaltela.pt\/api\/wp\/v2\/tags?post=175658"}],"curies":[{"name":"wp","href":"https:\/\/api.w.org\/{rel}","templated":true}]}}